{"id":326972,"date":"2024-02-15T12:46:41","date_gmt":"2024-02-15T11:46:41","guid":{"rendered":"https:\/\/www.intoscana.it\/it\/?p=326972"},"modified":"2024-02-15T12:55:11","modified_gmt":"2024-02-15T11:55:11","slug":"cantautori-e-cantautrici-interpretano-i-grandi-autori-della-musica-italiana-nel-festival-mostri-sacri","status":"publish","type":"post","link":"https:\/\/www.intoscana.it\/it\/cantautori-e-cantautrici-interpretano-i-grandi-autori-della-musica-italiana-nel-festival-mostri-sacri\/","title":{"rendered":"Cantautori e cantautrici interpretano i grandi autori della musica italiana nel festival &#8220;Mostri Sacri&#8221;"},"content":{"rendered":"<p><strong>Dal 18 febbraio al 3 marzo<\/strong> tra il <strong>The Cage di Livorno e l&#8217;Ex-Wide di Pisa<\/strong> si tiene la quarta edizione del festival &#8220;<strong><em>Mostri Sacri&#8221;<\/em> <\/strong>che poporr\u00e0 un ritorno alle origini della musica italiana.<\/p>\n<p>La kermesse <strong>ideata dal cantautore <a href=\"https:\/\/www.intoscana.it\/it\/podcast\/giorgio-mannucci-il-cantautore-con-il-mare-negli-occhi-e-livorno-nel-cuore\/\" target=\"_blank\" rel=\"noopener\">Giorgio Mannucci<\/a><\/strong>\u00a0insieme all&#8217;associazione <strong>Mangiadischi,<\/strong> \u00e8 nata con l&#8217;obiettivo di omaggiare i <strong>mostri sacri della musica italiana<\/strong> e si svolger\u00e0 <strong>tra Livorno e Pisa<\/strong> coinvolgendo pi\u00f9 di <strong>40 musicisti, artisti, cantanti, cantautori e cantautrici da tutta la Toscana.<\/strong><\/p>\n<p><em>&#8220;L&#8217;idea del festival nasce nel 2018-2029<\/em> &#8211; <strong>ci ha raccontato Giorgio Mannucci<\/strong> &#8211; <em>quando avevamo fissato una data di &#8220;<strong>Com&#8217;\u00e8 profondo il mare&#8221;,<\/strong> l&#8217;omaggio a<strong> Lucio Dalla<\/strong> che porto avanti insieme a <strong>Tommaso Novi, Luca Guidi e Giulia Pratelli.<\/strong> Visto che il progetto mi stava e mi sta entusiasmando tantissimo e iniziavo a capire la profondit\u00e0 e la bellezza nel dedicarsi alla reinterpretazione di un autore del passato, iniziai a chiedermi se questa vibrazione cos\u00ec positiva e cos\u00ec forte la potesse vivere anche qualche altro musicista, cantautore o cantautrice. Cos\u00ec \u00e8 nata la prima edizione del festival Mostri Sacri, in cui invitai <strong>Eugenio Sournia che interpret\u00f2 Luigi Tenco, il maestro Pellegrini che fece Bennato<\/strong> e molti altri. Da allora ci sono state tre edizioni, tutte molto intense e fortunate, in cui la gente di Livorno ha accolto con entusiasmo la proposta. Adesso mi piacerebbe allargare il festival anche ad altre citt\u00e0.&#8221;<br \/>\n<\/em><\/p>\n<div class=\"titleimg\">\n<div class=\"titleimg\">\n<div class=\"titleimg\">\n<figure id=\"post-142310 media-142310\" class=\"align-none\"><img decoding=\"async\" src=\"https:\/\/www.intoscana.it\/wp-content\/uploads\/87884595_10219472265310306_5234291345308254208_n-e1680600060836.jpeg\" alt=\"\" \/><\/figure>\n<div class=\"titleimg\">Giorgio Mannucci<\/div>\n<\/div>\n<\/div>\n<\/div>\n<h3>Tutti i concerti del Mostri Sacri Festival<\/h3>\n<p><strong>Domenica 18 febbraio<\/strong> il primo appuntamento del festival al <strong>The Cage<\/strong> sar\u00e0 dedicato a <strong>Franco Battiato<\/strong>, con<strong> Ciulla e T\u00f2ru<\/strong> che lo omaggeranno con un concerto di circa un\u2019ora, che avr\u00e0 inizio alle 19:00. Nel pomeriggio, a partire dalle 16:00, si esibiranno invece l\u2019elbana\/romana<strong> Gaia Volpe<\/strong> che canter\u00e0 canzoni di <strong>Califano e Celentano<\/strong>, il livornese <strong>Gabriele Puccetti<\/strong> con l\u2019omaggio a <strong>Lucio Battisti<\/strong>, la coppia labronica <strong>Giacomo Vaccai-Lorenzo Cominelli<\/strong> che porter\u00e0 sul palco i migliori pezzi di<strong> Zucchero<\/strong> e, infine, la pratese <a href=\"https:\/\/www.intoscana.it\/it\/dettaglio-video\/una-stanza-piena-di-canzoni-lesordio-solista-della-cantautrice-sara-parigi\/\" target=\"_blank\" rel=\"noopener\"><strong>Sara Parigi<\/strong> <\/a>con brani di <strong>Lucio Dalla.<\/strong><p><span class=\"citazione\">chiediamo ai cantautori di prendere il loro Mostro Sacro preferito e di reinterpretarlo alla loro maniera, \u00e8 l\u00ec che nasce la forza del festival. \u00e8 interessante come portiamo dentro di noi un altro artista e come lo interpretiamo per mantenere la sua luce<\/span><\/p><\/p>\n<p><strong>Domenica 25 febbraio<\/strong> sempre al <strong>The Cage<\/strong> giornata dedicata a <strong>Paolo Conte<\/strong> cantato e rivisitato dalla pratese <strong>Valeria Caliandro<\/strong> e dal livornese <strong>Nico Sambo<\/strong>. Prima di loro <strong>Claudia Campolongo<\/strong> omagger\u00e0 <strong>Battiato e Nada<\/strong>, il livornese <strong>Di Giovanni canter\u00e0 Pino Daniele,<\/strong> il pianista <strong>Giulio Fagiolini<\/strong> suoner\u00e0 <strong>Mia Martini,<\/strong> mentre<strong> Calliope canter\u00e0 Ciampi, Bindi e Vasco Rossi<\/strong>. Inizio concerti ore 16:00.<\/p>\n<p><strong>Domenica 3 marzo,<\/strong> gran finale del festival al <strong>The Cage<\/strong> con una grande festa di chiusura. Le corali <strong>Springtime e Monday Girls<\/strong> dirette da <strong>Cristiano Grasso<\/strong> si cimenteranno in una sfida a colpi di canzoni sanremesi. Prima di loro <strong>gli aretini <a href=\"https:\/\/www.intoscana.it\/it\/dettaglio-video\/i-sogni-dei-flame-parade-mordono-e-uscito-il-disco-cannibal-dreams\/\" target=\"_blank\" rel=\"noopener\">Flame Parade<\/a><\/strong> canteranno <strong>Gino Paoli<\/strong>, la livornese <strong>Lucia Fiorentini canter\u00e0 Fabio Concato,<\/strong> accompagnata al piano da Francesco Carone, mentre<strong> Andrea Mignone<\/strong> omagger\u00e0 <strong>Pino Daniele<\/strong> e Ilaria il cantautore <strong>Enzo Carella.<\/strong><\/p>\n<div class=\"titleimg\">\n<figure id=\"post-316393 media-316393\" class=\"align-none\"><img decoding=\"async\" src=\"https:\/\/www.intoscana.it\/wp-content\/uploads\/359773414_288462373691517_4698969032755072458_n.jpeg\" alt=\"\" \/><\/figure>\n<div class=\"titleimg\">Sara Parigi<\/div>\n<\/div>\n<p><strong>Sabato 24 febbraio e sabato 2 marzo,<\/strong> il secondo e il quarto appuntamento del festival si terranno all\u2019<strong>Ex Wide di Pisa<\/strong>. I concerti inizieranno nel dopo cena, alle 21:30.<\/p>\n<p><strong>Il 24 febbraio<\/strong> la cantautrice pisana <strong>Giulia Pratelli<\/strong> omagger\u00e0 <strong>Mina,<\/strong> mentre <strong>il duo Luarte Project (Andrea Musio e Chiara Pellegrini)<\/strong> canteranno <strong>Ornella Vanoni.<\/strong> Prima di loro lo spezzino <strong>Lai canter\u00e0 Alan Sorrenti e Pino Daniele<\/strong> mentre gli <strong>Unadasola canteranno Fabrizio De Andr\u00e9<\/strong>.<\/p>\n<p><strong>Il 2 marzo<\/strong> l\u2019ex dei Gatti Mezzi<strong> Francesco Bottai<\/strong> omagger\u00e0 il suo beniamino <strong>Francesco De Gregori.<\/strong> Prima di lui <strong>Giuliomaria&amp;Vanessa V.<\/strong> canteranno <strong>Enzo Carella<\/strong>, la livornese <strong>Violet Franco<\/strong> porter\u00e0 sul palco brani di<strong> Califano e Loredana Bert\u00e8<\/strong> e, infine, il pisano <strong>Dario Miceli degli Stranamore<\/strong> canter\u00e0 <strong>Fabrizio De Andr\u00e8.<\/strong><\/p>\n<p><em>&#8220;La volont\u00e0 \u00e8 quella di non essere un concentrato di cover band, assolutamente no, ma anzi qualcosa di nuovo.<\/em> &#8211; <strong>ha dichiarato il direttore artistico Giorgio Mannucci<\/strong> &#8211;<em> Io sono dell&#8217;idea che le canzoni sono gi\u00e0 state incise e registrate, tentare di rifarla uguali non ha alcun senso, \u00e8 veramente ridicolo. Quindi quello che chiediamo ai cantautori \u00e8 di prendere il loro Mostro Sacro preferito e di reinterpretarlo alla loro maniera, \u00e8 l\u00ec che nasce la forza del festival. La cosa interessante \u00e8 come portiamo dentro di noi un altro artista e come lo interpretiamo per mantenere la sua luce in una forma per\u00f2 diversa. Con questo festival vogliamo mantenere viva la tradizione italiana, anche perch\u00e9 veniamo da una storia musicale importante, densa, profonda, con tante cose da dire e dal quale tutti noi cantautori e cantautrici andiamo a rubare o meglio veniamo inconsciamente influenzati da quello che \u00e8 venuto prima di noi.&#8221;<\/em><\/p>\n<figure id=\"post-220691 media-220691\" class=\"align-none\"><img decoding=\"async\" src=\"https:\/\/www.intoscana.it\/wp-content\/uploads\/valeria-caliandro.jpg\" alt=\"\" \/><\/figure>\n<div class=\"titleimg\"><em>Valeria Caliandro<\/em><\/div>\n<h3>Mostri Sacri Festival: viaggio nel vintage<\/h3>\n<p><strong>Mostri Sacri Festival<\/strong> sar\u00e0 un vero e proprio salto indietro nel tempo in cui si potranno trascorrere pomeriggi e serate unici, riascoltando le canzoni a cui siamo tutti legati da un ricordo familiare, un vecchio amore, o una travolgente e autentica passione, passeggiando tra <strong>gli stand di oggettistica vintage<\/strong> selezionati da <a href=\"https:\/\/www.facebook.com\/mangiadischi.eventi\" target=\"_blank\" rel=\"noopener\"><strong>Mangiadischi<\/strong><\/a> e concedendosi un\u2019ottima birra sulle note di una playlist studiata ad hoc tra un concerto e l\u2019altro.<\/p>\n<p>Non mancheranno, poi, le<strong> proiezioni video dei live di alcuni di questi veri e propri \u201cmostri sacri\u201d della musica italiana.<\/strong><\/p>\n<p>Ogni domenica, infine, sar\u00e0 possibile assistere alla <strong>Mostra dei Mostri<\/strong> con le opere di due artiste care al festival:<strong> Margherita Tramutoli, in arte La Tram, e Valentina Restivo.<\/strong><\/p>\n<p><strong>Saranno presenti gli stand di:<\/strong> Magic Rainbow (abbigliamento vintage \u201880 e \u201890), Officine Vinile (dischi, vinili, musica), Barbara Stampe (stampe vintage), Sergio Corti (dischi, vinili, musica), Simona Gala Baronti (illustrazioni, textile design), Evol Vintage (abbigliamento vintage), Heka Macrame (gioielli artigianali), Cacciucco Records (dischi, vinili, musica), Old School Vintage (abbigliamento e accessori vintage), Fabio Acetone (dischi, vinili, musica), Emporium 1947 (abbigliamento vintage, oggetti d\u2019epoca), Tittaioli Vintage (abbigliamento e accessori vintage).<\/p>\n<figure id=\"post-326976 media-326976\" class=\"align-none\"><img decoding=\"async\" src=\"https:\/\/www.intoscana.it\/wp-content\/uploads\/410099243_845933227532490_732443983584151305_n.png\" alt=\"\" \/><\/figure>\n<div class=\"titleimg\">Mostri Sacri<\/div>\n","protected":false},"excerpt":{"rendered":"<p>Dal 18 febbraio al 3 marzo tra il The Cage di Livorno e l&#8217;Ex-Wide di Pisa si tiene la quarta edizione del festival che vuole omaggiare i &#8220;mostri sacri&#8221; della canzone d&#8217;autore italiana e che ospiter\u00e0 oltre 40 musicisti e artisti<\/p>\n","protected":false},"author":518,"featured_media":326973,"comment_status":"open","ping_status":"open","sticky":false,"template":"","format":"standard","meta":{"_acf_changed":false,"footnotes":""},"categories":[14],"tags":[216,4474,228,273,203],"class_list":["post-326972","post","type-post","status-publish","format-standard","has-post-thumbnail","hentry","category-musica","tag-concerti","tag-eventi","tag-festival","tag-livorno","tag-pisa"],"acf":[],"yoast_head":"<!-- This site is optimized with the Yoast SEO Premium plugin v24.2 (Yoast SEO v25.6) - https:\/\/yoast.com\/wordpress\/plugins\/seo\/ -->\n<title>Cantautori e cantautrici interpretano i grandi autori della musica italiana nel festival &quot;Mostri Sacri&quot; - intoscana<\/title>\n<meta name=\"description\" content=\"Dal 18 febbraio al 3 marzo tra il The Cage di Livorno e l&#039;Ex-Wide di Pisa si tiene la quarta edizione del festival Mostri Sacri\" \/>\n<meta name=\"robots\" content=\"index, follow, max-snippet:-1, max-image-preview:large, max-video-preview:-1\" \/>\n<link rel=\"canonical\" href=\"https:\/\/www.intoscana.it\/it\/cantautori-e-cantautrici-interpretano-i-grandi-autori-della-musica-italiana-nel-festival-mostri-sacri\/\" \/>\n<meta property=\"og:locale\" content=\"it_IT\" \/>\n<meta property=\"og:type\" content=\"article\" \/>\n<meta property=\"og:title\" content=\"Cantautori e cantautrici interpretano i grandi autori della musica italiana nel festival &quot;Mostri Sacri&quot;\" \/>\n<meta property=\"og:description\" content=\"Dal 18 febbraio al 3 marzo tra il The Cage di Livorno e l&#039;Ex-Wide di Pisa si tiene la quarta edizione del festival Mostri Sacri\" \/>\n<meta property=\"og:url\" content=\"https:\/\/www.intoscana.it\/it\/cantautori-e-cantautrici-interpretano-i-grandi-autori-della-musica-italiana-nel-festival-mostri-sacri\/\" \/>\n<meta property=\"og:site_name\" content=\"intoscana\" \/>\n<meta property=\"article:publisher\" content=\"https:\/\/www.facebook.com\/intoscana.it\" \/>\n<meta property=\"article:published_time\" content=\"2024-02-15T11:46:41+00:00\" \/>\n<meta property=\"article:modified_time\" content=\"2024-02-15T11:55:11+00:00\" \/>\n<meta property=\"og:image\" content=\"https:\/\/www.intoscana.it\/wp-content\/uploads\/398923618_822937323165414_9168166956100163588_n-2-e1707997746230.jpeg\" \/>\n\t<meta property=\"og:image:width\" content=\"874\" \/>\n\t<meta property=\"og:image:height\" content=\"626\" \/>\n\t<meta property=\"og:image:type\" content=\"image\/jpeg\" \/>\n<meta name=\"author\" content=\"Costanza Baldini\" \/>\n<meta name=\"twitter:card\" content=\"summary_large_image\" \/>\n<meta name=\"twitter:creator\" content=\"@intoscana\" \/>\n<meta name=\"twitter:site\" content=\"@intoscana\" \/>\n<meta name=\"twitter:label1\" content=\"Written by\" \/>\n\t<meta name=\"twitter:data1\" content=\"Costanza Baldini\" \/>\n\t<meta name=\"twitter:label2\" content=\"Est. reading time\" \/>\n\t<meta name=\"twitter:data2\" content=\"7 minuti\" \/>\n<script type=\"application\/ld+json\" class=\"yoast-schema-graph\">{\"@context\":\"https:\/\/schema.org\",\"@graph\":[{\"@type\":\"WebPage\",\"@id\":\"https:\/\/www.intoscana.it\/it\/cantautori-e-cantautrici-interpretano-i-grandi-autori-della-musica-italiana-nel-festival-mostri-sacri\/\",\"url\":\"https:\/\/www.intoscana.it\/it\/cantautori-e-cantautrici-interpretano-i-grandi-autori-della-musica-italiana-nel-festival-mostri-sacri\/\",\"name\":\"Cantautori e cantautrici interpretano i grandi autori della musica italiana nel festival \\\"Mostri Sacri\\\" - intoscana\",\"isPartOf\":{\"@id\":\"https:\/\/www.intoscana.it\/it\/#website\"},\"primaryImageOfPage\":{\"@id\":\"https:\/\/www.intoscana.it\/it\/cantautori-e-cantautrici-interpretano-i-grandi-autori-della-musica-italiana-nel-festival-mostri-sacri\/#primaryimage\"},\"image\":{\"@id\":\"https:\/\/www.intoscana.it\/it\/cantautori-e-cantautrici-interpretano-i-grandi-autori-della-musica-italiana-nel-festival-mostri-sacri\/#primaryimage\"},\"thumbnailUrl\":\"https:\/\/www.intoscana.it\/wp-content\/uploads\/398923618_822937323165414_9168166956100163588_n-2-e1707997746230.jpeg\",\"datePublished\":\"2024-02-15T11:46:41+00:00\",\"dateModified\":\"2024-02-15T11:55:11+00:00\",\"author\":{\"@id\":\"https:\/\/www.intoscana.it\/it\/#\/schema\/person\/d469f35f09739bdf00bf5dd3f0647a82\"},\"description\":\"Dal 18 febbraio al 3 marzo tra il The Cage di Livorno e l'Ex-Wide di Pisa si tiene la quarta edizione del festival Mostri Sacri\",\"breadcrumb\":{\"@id\":\"https:\/\/www.intoscana.it\/it\/cantautori-e-cantautrici-interpretano-i-grandi-autori-della-musica-italiana-nel-festival-mostri-sacri\/#breadcrumb\"},\"inLanguage\":\"it-IT\",\"potentialAction\":[{\"@type\":\"ReadAction\",\"target\":[\"https:\/\/www.intoscana.it\/it\/cantautori-e-cantautrici-interpretano-i-grandi-autori-della-musica-italiana-nel-festival-mostri-sacri\/\"]}]},{\"@type\":\"ImageObject\",\"inLanguage\":\"it-IT\",\"@id\":\"https:\/\/www.intoscana.it\/it\/cantautori-e-cantautrici-interpretano-i-grandi-autori-della-musica-italiana-nel-festival-mostri-sacri\/#primaryimage\",\"url\":\"https:\/\/www.intoscana.it\/wp-content\/uploads\/398923618_822937323165414_9168166956100163588_n-2-e1707997746230.jpeg\",\"contentUrl\":\"https:\/\/www.intoscana.it\/wp-content\/uploads\/398923618_822937323165414_9168166956100163588_n-2-e1707997746230.jpeg\",\"width\":874,\"height\":626,\"caption\":\"Mostri Sacri\"},{\"@type\":\"BreadcrumbList\",\"@id\":\"https:\/\/www.intoscana.it\/it\/cantautori-e-cantautrici-interpretano-i-grandi-autori-della-musica-italiana-nel-festival-mostri-sacri\/#breadcrumb\",\"itemListElement\":[{\"@type\":\"ListItem\",\"position\":1,\"name\":\"Home\",\"item\":\"https:\/\/www.intoscana.it\/it\/\"},{\"@type\":\"ListItem\",\"position\":2,\"name\":\"Cantautori e cantautrici interpretano i grandi autori della musica italiana nel festival &#8220;Mostri Sacri&#8221;\"}]},{\"@type\":\"WebSite\",\"@id\":\"https:\/\/www.intoscana.it\/it\/#website\",\"url\":\"https:\/\/www.intoscana.it\/it\/\",\"name\":\"intoscana\",\"description\":\"\",\"potentialAction\":[{\"@type\":\"SearchAction\",\"target\":{\"@type\":\"EntryPoint\",\"urlTemplate\":\"https:\/\/www.intoscana.it\/it\/?s={search_term_string}\"},\"query-input\":{\"@type\":\"PropertyValueSpecification\",\"valueRequired\":true,\"valueName\":\"search_term_string\"}}],\"inLanguage\":\"it-IT\"},{\"@type\":\"Person\",\"@id\":\"https:\/\/www.intoscana.it\/it\/#\/schema\/person\/d469f35f09739bdf00bf5dd3f0647a82\",\"name\":\"Costanza Baldini\",\"url\":\"https:\/\/www.intoscana.it\/it\/author\/costanza-baldini\/\"}]}<\/script>\n<!-- \/ Yoast SEO Premium plugin. -->","yoast_head_json":{"title":"Cantautori e cantautrici interpretano i grandi autori della musica italiana nel festival \"Mostri Sacri\" - intoscana","description":"Dal 18 febbraio al 3 marzo tra il The Cage di Livorno e l'Ex-Wide di Pisa si tiene la quarta edizione del festival Mostri Sacri","robots":{"index":"index","follow":"follow","max-snippet":"max-snippet:-1","max-image-preview":"max-image-preview:large","max-video-preview":"max-video-preview:-1"},"canonical":"https:\/\/www.intoscana.it\/it\/cantautori-e-cantautrici-interpretano-i-grandi-autori-della-musica-italiana-nel-festival-mostri-sacri\/","og_locale":"it_IT","og_type":"article","og_title":"Cantautori e cantautrici interpretano i grandi autori della musica italiana nel festival \"Mostri Sacri\"","og_description":"Dal 18 febbraio al 3 marzo tra il The Cage di Livorno e l'Ex-Wide di Pisa si tiene la quarta edizione del festival Mostri Sacri","og_url":"https:\/\/www.intoscana.it\/it\/cantautori-e-cantautrici-interpretano-i-grandi-autori-della-musica-italiana-nel-festival-mostri-sacri\/","og_site_name":"intoscana","article_publisher":"https:\/\/www.facebook.com\/intoscana.it","article_published_time":"2024-02-15T11:46:41+00:00","article_modified_time":"2024-02-15T11:55:11+00:00","og_image":[{"width":874,"height":626,"url":"https:\/\/www.intoscana.it\/wp-content\/uploads\/398923618_822937323165414_9168166956100163588_n-2-e1707997746230.jpeg","type":"image\/jpeg"}],"author":"Costanza Baldini","twitter_card":"summary_large_image","twitter_creator":"@intoscana","twitter_site":"@intoscana","twitter_misc":{"Written by":"Costanza Baldini","Est. reading time":"7 minuti"},"schema":{"@context":"https:\/\/schema.org","@graph":[{"@type":"WebPage","@id":"https:\/\/www.intoscana.it\/it\/cantautori-e-cantautrici-interpretano-i-grandi-autori-della-musica-italiana-nel-festival-mostri-sacri\/","url":"https:\/\/www.intoscana.it\/it\/cantautori-e-cantautrici-interpretano-i-grandi-autori-della-musica-italiana-nel-festival-mostri-sacri\/","name":"Cantautori e cantautrici interpretano i grandi autori della musica italiana nel festival \"Mostri Sacri\" - intoscana","isPartOf":{"@id":"https:\/\/www.intoscana.it\/it\/#website"},"primaryImageOfPage":{"@id":"https:\/\/www.intoscana.it\/it\/cantautori-e-cantautrici-interpretano-i-grandi-autori-della-musica-italiana-nel-festival-mostri-sacri\/#primaryimage"},"image":{"@id":"https:\/\/www.intoscana.it\/it\/cantautori-e-cantautrici-interpretano-i-grandi-autori-della-musica-italiana-nel-festival-mostri-sacri\/#primaryimage"},"thumbnailUrl":"https:\/\/www.intoscana.it\/wp-content\/uploads\/398923618_822937323165414_9168166956100163588_n-2-e1707997746230.jpeg","datePublished":"2024-02-15T11:46:41+00:00","dateModified":"2024-02-15T11:55:11+00:00","author":{"@id":"https:\/\/www.intoscana.it\/it\/#\/schema\/person\/d469f35f09739bdf00bf5dd3f0647a82"},"description":"Dal 18 febbraio al 3 marzo tra il The Cage di Livorno e l'Ex-Wide di Pisa si tiene la quarta edizione del festival Mostri Sacri","breadcrumb":{"@id":"https:\/\/www.intoscana.it\/it\/cantautori-e-cantautrici-interpretano-i-grandi-autori-della-musica-italiana-nel-festival-mostri-sacri\/#breadcrumb"},"inLanguage":"it-IT","potentialAction":[{"@type":"ReadAction","target":["https:\/\/www.intoscana.it\/it\/cantautori-e-cantautrici-interpretano-i-grandi-autori-della-musica-italiana-nel-festival-mostri-sacri\/"]}]},{"@type":"ImageObject","inLanguage":"it-IT","@id":"https:\/\/www.intoscana.it\/it\/cantautori-e-cantautrici-interpretano-i-grandi-autori-della-musica-italiana-nel-festival-mostri-sacri\/#primaryimage","url":"https:\/\/www.intoscana.it\/wp-content\/uploads\/398923618_822937323165414_9168166956100163588_n-2-e1707997746230.jpeg","contentUrl":"https:\/\/www.intoscana.it\/wp-content\/uploads\/398923618_822937323165414_9168166956100163588_n-2-e1707997746230.jpeg","width":874,"height":626,"caption":"Mostri Sacri"},{"@type":"BreadcrumbList","@id":"https:\/\/www.intoscana.it\/it\/cantautori-e-cantautrici-interpretano-i-grandi-autori-della-musica-italiana-nel-festival-mostri-sacri\/#breadcrumb","itemListElement":[{"@type":"ListItem","position":1,"name":"Home","item":"https:\/\/www.intoscana.it\/it\/"},{"@type":"ListItem","position":2,"name":"Cantautori e cantautrici interpretano i grandi autori della musica italiana nel festival &#8220;Mostri Sacri&#8221;"}]},{"@type":"WebSite","@id":"https:\/\/www.intoscana.it\/it\/#website","url":"https:\/\/www.intoscana.it\/it\/","name":"intoscana","description":"","potentialAction":[{"@type":"SearchAction","target":{"@type":"EntryPoint","urlTemplate":"https:\/\/www.intoscana.it\/it\/?s={search_term_string}"},"query-input":{"@type":"PropertyValueSpecification","valueRequired":true,"valueName":"search_term_string"}}],"inLanguage":"it-IT"},{"@type":"Person","@id":"https:\/\/www.intoscana.it\/it\/#\/schema\/person\/d469f35f09739bdf00bf5dd3f0647a82","name":"Costanza Baldini","url":"https:\/\/www.intoscana.it\/it\/author\/costanza-baldini\/"}]}},"_links":{"self":[{"href":"https:\/\/www.intoscana.it\/it\/wp-json\/wp\/v2\/posts\/326972","targetHints":{"allow":["GET"]}}],"collection":[{"href":"https:\/\/www.intoscana.it\/it\/wp-json\/wp\/v2\/posts"}],"about":[{"href":"https:\/\/www.intoscana.it\/it\/wp-json\/wp\/v2\/types\/post"}],"author":[{"embeddable":true,"href":"https:\/\/www.intoscana.it\/it\/wp-json\/wp\/v2\/users\/518"}],"replies":[{"embeddable":true,"href":"https:\/\/www.intoscana.it\/it\/wp-json\/wp\/v2\/comments?post=326972"}],"version-history":[{"count":10,"href":"https:\/\/www.intoscana.it\/it\/wp-json\/wp\/v2\/posts\/326972\/revisions"}],"predecessor-version":[{"id":327026,"href":"https:\/\/www.intoscana.it\/it\/wp-json\/wp\/v2\/posts\/326972\/revisions\/327026"}],"wp:featuredmedia":[{"embeddable":true,"href":"https:\/\/www.intoscana.it\/it\/wp-json\/wp\/v2\/media\/326973"}],"wp:attachment":[{"href":"https:\/\/www.intoscana.it\/it\/wp-json\/wp\/v2\/media?parent=326972"}],"wp:term":[{"taxonomy":"category","embeddable":true,"href":"https:\/\/www.intoscana.it\/it\/wp-json\/wp\/v2\/categories?post=326972"},{"taxonomy":"post_tag","embeddable":true,"href":"https:\/\/www.intoscana.it\/it\/wp-json\/wp\/v2\/tags?post=326972"}],"curies":[{"name":"wp","href":"https:\/\/api.w.org\/{rel}","templated":true}]}}