{"id":326999,"date":"2024-02-15T10:19:11","date_gmt":"2024-02-15T09:19:11","guid":{"rendered":"https:\/\/www.intoscana.it\/it\/?p=326999"},"modified":"2024-02-16T16:02:11","modified_gmt":"2024-02-16T15:02:11","slug":"dal-patron-prada-patrizio-bertelli-1-milione-per-il-restauro-della-pieve-santa-maria-ad-arezzo","status":"publish","type":"post","link":"https:\/\/www.intoscana.it\/it\/dal-patron-prada-patrizio-bertelli-1-milione-per-il-restauro-della-pieve-santa-maria-ad-arezzo\/","title":{"rendered":"Dal patron Prada Patrizio Bertelli 1 milione per il restauro della pieve Santa Maria ad Arezzo"},"content":{"rendered":"<p><strong>Patrizio Bertelli, patron del gruppo Prada,<\/strong> ha messo a disposizione<strong> un milione di euro<\/strong> per il recupero della facciata della millenaria pieve di <strong>Santa Maria ad Arezzo.<\/strong><\/p>\n<p>Ad annunciarlo il <strong>vescovo Andrea Migliavacca<\/strong> durante una conferenza stampa in curia, convocata per<strong> ringraziare l&#8217;industriale aretino,<\/strong> la soprintendenza e tutti coloro che hanno contribuito prima alla messa in sicurezza della pieve e poi alla partenza del cantiere di restauro che dovrebbe essere imminente.<\/p>\n<p><em>&#8220;Si tratta di una porta aperta &#8211;<\/em><strong> ha detto Migliavacca <\/strong><em>-, con il contributo di Patrizio Bertelli possiamo far partire i lavori, ma siamo aperti a tutti coloro che vorranno donare per salvare questo monumento molto amato dagli aretini&#8221;.<\/em><\/p>\n<p>La pieve presenta <strong>gravi lesioni alle colonne della facciata,<\/strong> circa 100, <strong>non a caso \u00e8 definita &#8216;chiesa dalle cento buche&#8217;,<\/strong> ed \u00e8 rappresentata anche nella maglia della squadra di calcio cittadina.<\/p>\n<p><strong>La pieve di Santa Maria<\/strong> \u00e8 uno degli edifici di culto pi\u00f9 importanti di Arezzo e spicca all&#8217;interno del panorama architettonico italiano per <strong>bellezza e complessit\u00e0,<\/strong> poich\u00e9 la si pu\u00f2 collocare in un periodo di transizione tra il romanico e il gotico. Al suo interno conserva il<strong> polittico di Pietro Lorenzetti<\/strong> appena restaurato.<\/p>\n<p><em>&#8220;Bertelli \u00e8 cresciuto a in piazza Grande, qui dietro, ed \u00e8 molto affezionato a questa chiesa &#8211; <\/em><strong>ha commentato il parroco don Alvaro Bardelli <\/strong><em>&#8211; una notte si \u00e8 spezzata una colonna ed \u00e8 stato come un segno del Signore. Dall&#8217;episodio \u00e8 rimasto colpito anche il ministro Sangiuliano, grazie al cui interessamento abbiamo potuto mettere in sicurezza la facciata. Ora, con il contributo di Bertelli, possiamo far partire i lavori&#8221;.<\/em><\/p>\n<p><strong>Patrizio Bertelli non \u00e8 nuovo a gesti generosi per la propria citt\u00e0.<\/strong> In precedenza ha acquisito anche gli storici <strong>caff\u00e8 dei Costanti, il ristorante la Buca di San Francesco, l&#8217;edicola di piazza San Jacopo e il ristorante la Capannaccia<\/strong> alle porte di Arezzo.<\/p>\n","protected":false},"excerpt":{"rendered":"<p>La pieve presenta gravi lesioni alle colonne della facciata, circa 100, non a caso \u00e8 definita &#8216;chiesa dalle cento buche&#8217;, ed \u00e8 rappresentata anche nella maglia della squadra di calcio cittadina<\/p>\n","protected":false},"author":525,"featured_media":327000,"comment_status":"open","ping_status":"open","sticky":false,"template":"","format":"standard","meta":{"_acf_changed":false,"footnotes":""},"categories":[493],"tags":[196],"class_list":["post-326999","post","type-post","status-publish","format-standard","has-post-thumbnail","hentry","category-cultura","tag-arezzo"],"acf":[],"yoast_head":"<!-- This site is optimized with the Yoast SEO Premium plugin v24.2 (Yoast SEO v25.6) - https:\/\/yoast.com\/wordpress\/plugins\/seo\/ -->\n<title>Dal patron Prada Patrizio Bertelli 1 milione per il restauro della pieve Santa Maria ad Arezzo - intoscana<\/title>\n<meta name=\"description\" content=\"La pieve presenta gravi lesioni alle colonne della facciata, circa 100, non a caso \u00e8 definita &#039;chiesa dalle cento buche&#039;\" \/>\n<meta name=\"robots\" content=\"index, follow, max-snippet:-1, max-image-preview:large, max-video-preview:-1\" \/>\n<link rel=\"canonical\" href=\"https:\/\/www.intoscana.it\/it\/dal-patron-prada-patrizio-bertelli-1-milione-per-il-restauro-della-pieve-santa-maria-ad-arezzo\/\" \/>\n<meta property=\"og:locale\" content=\"it_IT\" \/>\n<meta property=\"og:type\" content=\"article\" \/>\n<meta property=\"og:title\" content=\"Dal patron Prada Patrizio Bertelli 1 milione per il restauro della pieve Santa Maria ad Arezzo\" \/>\n<meta property=\"og:description\" content=\"La pieve presenta gravi lesioni alle colonne della facciata, circa 100, non a caso \u00e8 definita &#039;chiesa dalle cento buche&#039;\" \/>\n<meta property=\"og:url\" content=\"https:\/\/www.intoscana.it\/it\/dal-patron-prada-patrizio-bertelli-1-milione-per-il-restauro-della-pieve-santa-maria-ad-arezzo\/\" \/>\n<meta property=\"og:site_name\" content=\"intoscana\" \/>\n<meta property=\"article:publisher\" content=\"https:\/\/www.facebook.com\/intoscana.it\" \/>\n<meta property=\"article:published_time\" content=\"2024-02-15T09:19:11+00:00\" \/>\n<meta property=\"article:modified_time\" content=\"2024-02-16T15:02:11+00:00\" \/>\n<meta property=\"og:image\" content=\"https:\/\/www.intoscana.it\/wp-content\/uploads\/49866155567_ff40dd3d5b_o.jpeg\" \/>\n\t<meta property=\"og:image:width\" content=\"2000\" \/>\n\t<meta property=\"og:image:height\" content=\"1459\" \/>\n\t<meta property=\"og:image:type\" content=\"image\/jpeg\" \/>\n<meta name=\"author\" content=\"Redazione\" \/>\n<meta name=\"twitter:card\" content=\"summary_large_image\" \/>\n<meta name=\"twitter:creator\" content=\"@intoscana\" \/>\n<meta name=\"twitter:site\" content=\"@intoscana\" \/>\n<meta name=\"twitter:label1\" content=\"Written by\" \/>\n\t<meta name=\"twitter:data1\" content=\"Redazione\" \/>\n\t<meta name=\"twitter:label2\" content=\"Est. reading time\" \/>\n\t<meta name=\"twitter:data2\" content=\"2 minuti\" \/>\n<script type=\"application\/ld+json\" class=\"yoast-schema-graph\">{\"@context\":\"https:\/\/schema.org\",\"@graph\":[{\"@type\":\"WebPage\",\"@id\":\"https:\/\/www.intoscana.it\/it\/dal-patron-prada-patrizio-bertelli-1-milione-per-il-restauro-della-pieve-santa-maria-ad-arezzo\/\",\"url\":\"https:\/\/www.intoscana.it\/it\/dal-patron-prada-patrizio-bertelli-1-milione-per-il-restauro-della-pieve-santa-maria-ad-arezzo\/\",\"name\":\"Dal patron Prada Patrizio Bertelli 1 milione per il restauro della pieve Santa Maria ad Arezzo - intoscana\",\"isPartOf\":{\"@id\":\"https:\/\/www.intoscana.it\/it\/#website\"},\"primaryImageOfPage\":{\"@id\":\"https:\/\/www.intoscana.it\/it\/dal-patron-prada-patrizio-bertelli-1-milione-per-il-restauro-della-pieve-santa-maria-ad-arezzo\/#primaryimage\"},\"image\":{\"@id\":\"https:\/\/www.intoscana.it\/it\/dal-patron-prada-patrizio-bertelli-1-milione-per-il-restauro-della-pieve-santa-maria-ad-arezzo\/#primaryimage\"},\"thumbnailUrl\":\"https:\/\/www.intoscana.it\/wp-content\/uploads\/49866155567_ff40dd3d5b_o.jpeg\",\"datePublished\":\"2024-02-15T09:19:11+00:00\",\"dateModified\":\"2024-02-16T15:02:11+00:00\",\"author\":{\"@id\":\"https:\/\/www.intoscana.it\/it\/#\/schema\/person\/9223810753230f20bd670fdd322661f8\"},\"description\":\"La pieve presenta gravi lesioni alle colonne della facciata, circa 100, non a caso \u00e8 definita 'chiesa dalle cento buche'\",\"breadcrumb\":{\"@id\":\"https:\/\/www.intoscana.it\/it\/dal-patron-prada-patrizio-bertelli-1-milione-per-il-restauro-della-pieve-santa-maria-ad-arezzo\/#breadcrumb\"},\"inLanguage\":\"it-IT\",\"potentialAction\":[{\"@type\":\"ReadAction\",\"target\":[\"https:\/\/www.intoscana.it\/it\/dal-patron-prada-patrizio-bertelli-1-milione-per-il-restauro-della-pieve-santa-maria-ad-arezzo\/\"]}]},{\"@type\":\"ImageObject\",\"inLanguage\":\"it-IT\",\"@id\":\"https:\/\/www.intoscana.it\/it\/dal-patron-prada-patrizio-bertelli-1-milione-per-il-restauro-della-pieve-santa-maria-ad-arezzo\/#primaryimage\",\"url\":\"https:\/\/www.intoscana.it\/wp-content\/uploads\/49866155567_ff40dd3d5b_o.jpeg\",\"contentUrl\":\"https:\/\/www.intoscana.it\/wp-content\/uploads\/49866155567_ff40dd3d5b_o.jpeg\",\"width\":2000,\"height\":1459,\"caption\":\"pieve Santa Maria ad Arezzo\"},{\"@type\":\"BreadcrumbList\",\"@id\":\"https:\/\/www.intoscana.it\/it\/dal-patron-prada-patrizio-bertelli-1-milione-per-il-restauro-della-pieve-santa-maria-ad-arezzo\/#breadcrumb\",\"itemListElement\":[{\"@type\":\"ListItem\",\"position\":1,\"name\":\"Home\",\"item\":\"https:\/\/www.intoscana.it\/it\/\"},{\"@type\":\"ListItem\",\"position\":2,\"name\":\"Dal patron Prada Patrizio Bertelli 1 milione per il restauro della pieve Santa Maria ad Arezzo\"}]},{\"@type\":\"WebSite\",\"@id\":\"https:\/\/www.intoscana.it\/it\/#website\",\"url\":\"https:\/\/www.intoscana.it\/it\/\",\"name\":\"intoscana\",\"description\":\"\",\"potentialAction\":[{\"@type\":\"SearchAction\",\"target\":{\"@type\":\"EntryPoint\",\"urlTemplate\":\"https:\/\/www.intoscana.it\/it\/?s={search_term_string}\"},\"query-input\":{\"@type\":\"PropertyValueSpecification\",\"valueRequired\":true,\"valueName\":\"search_term_string\"}}],\"inLanguage\":\"it-IT\"},{\"@type\":\"Person\",\"@id\":\"https:\/\/www.intoscana.it\/it\/#\/schema\/person\/9223810753230f20bd670fdd322661f8\",\"name\":\"Redazione\",\"url\":\"https:\/\/www.intoscana.it\/it\/author\/redazione\/\"}]}<\/script>\n<!-- \/ Yoast SEO Premium plugin. -->","yoast_head_json":{"title":"Dal patron Prada Patrizio Bertelli 1 milione per il restauro della pieve Santa Maria ad Arezzo - intoscana","description":"La pieve presenta gravi lesioni alle colonne della facciata, circa 100, non a caso \u00e8 definita 'chiesa dalle cento buche'","robots":{"index":"index","follow":"follow","max-snippet":"max-snippet:-1","max-image-preview":"max-image-preview:large","max-video-preview":"max-video-preview:-1"},"canonical":"https:\/\/www.intoscana.it\/it\/dal-patron-prada-patrizio-bertelli-1-milione-per-il-restauro-della-pieve-santa-maria-ad-arezzo\/","og_locale":"it_IT","og_type":"article","og_title":"Dal patron Prada Patrizio Bertelli 1 milione per il restauro della pieve Santa Maria ad Arezzo","og_description":"La pieve presenta gravi lesioni alle colonne della facciata, circa 100, non a caso \u00e8 definita 'chiesa dalle cento buche'","og_url":"https:\/\/www.intoscana.it\/it\/dal-patron-prada-patrizio-bertelli-1-milione-per-il-restauro-della-pieve-santa-maria-ad-arezzo\/","og_site_name":"intoscana","article_publisher":"https:\/\/www.facebook.com\/intoscana.it","article_published_time":"2024-02-15T09:19:11+00:00","article_modified_time":"2024-02-16T15:02:11+00:00","og_image":[{"width":2000,"height":1459,"url":"https:\/\/www.intoscana.it\/wp-content\/uploads\/49866155567_ff40dd3d5b_o.jpeg","type":"image\/jpeg"}],"author":"Redazione","twitter_card":"summary_large_image","twitter_creator":"@intoscana","twitter_site":"@intoscana","twitter_misc":{"Written by":"Redazione","Est. reading time":"2 minuti"},"schema":{"@context":"https:\/\/schema.org","@graph":[{"@type":"WebPage","@id":"https:\/\/www.intoscana.it\/it\/dal-patron-prada-patrizio-bertelli-1-milione-per-il-restauro-della-pieve-santa-maria-ad-arezzo\/","url":"https:\/\/www.intoscana.it\/it\/dal-patron-prada-patrizio-bertelli-1-milione-per-il-restauro-della-pieve-santa-maria-ad-arezzo\/","name":"Dal patron Prada Patrizio Bertelli 1 milione per il restauro della pieve Santa Maria ad Arezzo - intoscana","isPartOf":{"@id":"https:\/\/www.intoscana.it\/it\/#website"},"primaryImageOfPage":{"@id":"https:\/\/www.intoscana.it\/it\/dal-patron-prada-patrizio-bertelli-1-milione-per-il-restauro-della-pieve-santa-maria-ad-arezzo\/#primaryimage"},"image":{"@id":"https:\/\/www.intoscana.it\/it\/dal-patron-prada-patrizio-bertelli-1-milione-per-il-restauro-della-pieve-santa-maria-ad-arezzo\/#primaryimage"},"thumbnailUrl":"https:\/\/www.intoscana.it\/wp-content\/uploads\/49866155567_ff40dd3d5b_o.jpeg","datePublished":"2024-02-15T09:19:11+00:00","dateModified":"2024-02-16T15:02:11+00:00","author":{"@id":"https:\/\/www.intoscana.it\/it\/#\/schema\/person\/9223810753230f20bd670fdd322661f8"},"description":"La pieve presenta gravi lesioni alle colonne della facciata, circa 100, non a caso \u00e8 definita 'chiesa dalle cento buche'","breadcrumb":{"@id":"https:\/\/www.intoscana.it\/it\/dal-patron-prada-patrizio-bertelli-1-milione-per-il-restauro-della-pieve-santa-maria-ad-arezzo\/#breadcrumb"},"inLanguage":"it-IT","potentialAction":[{"@type":"ReadAction","target":["https:\/\/www.intoscana.it\/it\/dal-patron-prada-patrizio-bertelli-1-milione-per-il-restauro-della-pieve-santa-maria-ad-arezzo\/"]}]},{"@type":"ImageObject","inLanguage":"it-IT","@id":"https:\/\/www.intoscana.it\/it\/dal-patron-prada-patrizio-bertelli-1-milione-per-il-restauro-della-pieve-santa-maria-ad-arezzo\/#primaryimage","url":"https:\/\/www.intoscana.it\/wp-content\/uploads\/49866155567_ff40dd3d5b_o.jpeg","contentUrl":"https:\/\/www.intoscana.it\/wp-content\/uploads\/49866155567_ff40dd3d5b_o.jpeg","width":2000,"height":1459,"caption":"pieve Santa Maria ad Arezzo"},{"@type":"BreadcrumbList","@id":"https:\/\/www.intoscana.it\/it\/dal-patron-prada-patrizio-bertelli-1-milione-per-il-restauro-della-pieve-santa-maria-ad-arezzo\/#breadcrumb","itemListElement":[{"@type":"ListItem","position":1,"name":"Home","item":"https:\/\/www.intoscana.it\/it\/"},{"@type":"ListItem","position":2,"name":"Dal patron Prada Patrizio Bertelli 1 milione per il restauro della pieve Santa Maria ad Arezzo"}]},{"@type":"WebSite","@id":"https:\/\/www.intoscana.it\/it\/#website","url":"https:\/\/www.intoscana.it\/it\/","name":"intoscana","description":"","potentialAction":[{"@type":"SearchAction","target":{"@type":"EntryPoint","urlTemplate":"https:\/\/www.intoscana.it\/it\/?s={search_term_string}"},"query-input":{"@type":"PropertyValueSpecification","valueRequired":true,"valueName":"search_term_string"}}],"inLanguage":"it-IT"},{"@type":"Person","@id":"https:\/\/www.intoscana.it\/it\/#\/schema\/person\/9223810753230f20bd670fdd322661f8","name":"Redazione","url":"https:\/\/www.intoscana.it\/it\/author\/redazione\/"}]}},"_links":{"self":[{"href":"https:\/\/www.intoscana.it\/it\/wp-json\/wp\/v2\/posts\/326999","targetHints":{"allow":["GET"]}}],"collection":[{"href":"https:\/\/www.intoscana.it\/it\/wp-json\/wp\/v2\/posts"}],"about":[{"href":"https:\/\/www.intoscana.it\/it\/wp-json\/wp\/v2\/types\/post"}],"author":[{"embeddable":true,"href":"https:\/\/www.intoscana.it\/it\/wp-json\/wp\/v2\/users\/525"}],"replies":[{"embeddable":true,"href":"https:\/\/www.intoscana.it\/it\/wp-json\/wp\/v2\/comments?post=326999"}],"version-history":[{"count":5,"href":"https:\/\/www.intoscana.it\/it\/wp-json\/wp\/v2\/posts\/326999\/revisions"}],"predecessor-version":[{"id":327090,"href":"https:\/\/www.intoscana.it\/it\/wp-json\/wp\/v2\/posts\/326999\/revisions\/327090"}],"wp:featuredmedia":[{"embeddable":true,"href":"https:\/\/www.intoscana.it\/it\/wp-json\/wp\/v2\/media\/327000"}],"wp:attachment":[{"href":"https:\/\/www.intoscana.it\/it\/wp-json\/wp\/v2\/media?parent=326999"}],"wp:term":[{"taxonomy":"category","embeddable":true,"href":"https:\/\/www.intoscana.it\/it\/wp-json\/wp\/v2\/categories?post=326999"},{"taxonomy":"post_tag","embeddable":true,"href":"https:\/\/www.intoscana.it\/it\/wp-json\/wp\/v2\/tags?post=326999"}],"curies":[{"name":"wp","href":"https:\/\/api.w.org\/{rel}","templated":true}]}}