{"id":327072,"date":"2024-02-23T10:01:06","date_gmt":"2024-02-23T09:01:06","guid":{"rendered":"https:\/\/www.intoscana.it\/it\/?p=327072"},"modified":"2024-02-23T15:41:06","modified_gmt":"2024-02-23T14:41:06","slug":"danzainfiera-2024-un-weekend-a-firenze-con-le-grandi-etoile-italiane-e-internazionali","status":"publish","type":"post","link":"https:\/\/www.intoscana.it\/it\/danzainfiera-2024-un-weekend-a-firenze-con-le-grandi-etoile-italiane-e-internazionali\/","title":{"rendered":"Danzainfiera 2024: un weekend a Firenze con le grandi \u00e9toile"},"content":{"rendered":"<p>Classica, jazz, moderna, contemporanea: <strong>la danza \u00e8 protagonista<\/strong> in tutte le sue forme<strong> in Fortezza da Basso<\/strong> a Firenze, <strong>dal 23 al 25 febbraio<\/strong>. L&#8217;appuntamento con\u00a0<strong>Danzainfiera<\/strong> ha per tema, nell&#8217;edizione 2024, <strong><em>\u201cAll Beats to Dance\u201d.<\/em><\/strong><\/p>\n<p>Protagonisti in Fortezza da Basso <mark>adulti e giovanissimi, principianti e professionisti, ballerini e corpi di ballo, scuole e organizzazioni sportive<\/mark>, aziende e operatori del settore, tutti alla ricerca del proprio palcoscenico.<\/p>\n<h3>Tutti i numeri di Danzainfiera<\/h3>\n<p>I numeri della 18 esima edizione sono imponenti: <strong>circa 9.000 <\/strong><strong>ballerini<\/strong> sui palchi e nelle aule,<strong> 270 eventi <\/strong>tra <strong>lezioni, audizioni e stage, 24 talk<\/strong> alla UniCredit\u00a0Area Meeting,<strong> 26 eventi <\/strong>sui palchi tra<strong> rassegne, contest, concorsi e gare<\/strong>, 14.500 posti in aula per seguire lezioni, stage, workshop, master, audizioni, <strong>130 brand, 77 aziende<\/strong> in area Commerciale con 80 marchi,<strong> 50 scuole in area formazione &amp; spettacolo<\/strong> con 50 marchi per un totale di 127 espositori di cui 46 dall\u2019estero.<\/p>\n<h3>Pitti Immagine, dalla moda alla danza<\/h3>\n<p><em>\u201dContiamo molto su questa manifestazione \u2013 <\/em><strong>ha dichiarato l\u2019amministratore delegato di Pitti Immagine Raffaello Napoleone <\/strong><em>\u2013 Il nostro primo obiettivo \u00e8 essere uno strumento di crescita della danza, in numeri e qualit\u00e0. Venticinque anni fa collaborammo con Gianni Versace e Maurice Bejart alla coreografia \u2018Barocco bel canto\u2019. Allora abbiamo piantato un seme che oggi germoglia\u201d.<\/em><\/p>\n<figure id=\"post-327115 media-327115\" class=\"align-none\"><img decoding=\"async\" src=\"https:\/\/www.intoscana.it\/wp-content\/uploads\/Danzainfiera_2023___104.jpg\" alt=\"\" \/><\/figure>\n<h3>Tutte le stelle del Gala sabato 24 febbraio<\/h3>\n<p>Tra gli eventi pi\u00f9 attesi c&#8217;\u00e8 <strong>All Beats to Dance \u2013 The Gala,<\/strong> curato nella parte artistica e organizzativa da Francesco Volpe, che<strong> sabato 24 febbraio<\/strong> (ore 18) ospiter\u00e0 sul palco della <strong>Sala della Ronda<\/strong> grandi stelle italiane e straniere.<\/p>\n<p>Saranno presenti: <strong>l\u2019\u00e9toile della Scala Nicoletta Manni<\/strong> e il primo ballerino scaligero <strong>Timofej Adrijashenko<\/strong> che danzeranno <strong>\u201cLuminous\u201d,<\/strong> su musiche di Max Richter; la scaletta offre anche le esibizioni di <strong>Luisa Ieluzzi e Danilo Notaro<\/strong> entrambi \u00e9toile del <strong>Teatro San Carlo di Napoli <\/strong>con<strong> \u201dDon Quixotte\u201d<\/strong>; sedici ballerini dell\u2019Aterballetto saranno impegnati nella <strong>\u201cRapsodia in Blue\u201d<\/strong> di Gershwin.<\/p>\n<p>E ancora <strong>Ana Sophia Scheller <\/strong>principal dancer prima a San Francisco e poi a Kiev e <strong>Alejandro Virelles Gonzalez<\/strong> principal dello Staatsoper di Berlino; infine <strong>Daniil Simkin<\/strong>, stella dell&#8217;American Ballet Theatre di New York e dello Staatsballet di Berlino, i <strong>Fresh\u2019N\u2019 Clean <\/strong>ballerini di Popping, che il grande pubblico ha conosciuto e amato quando hanno partecipato alla trasmissione T\u00fa S\u00ed Que Vales.<\/p>\n<p><strong>Erika Zuka e Yari Paolone<\/strong> danzeranno \u201c<strong>Get Over It\u201d<\/strong>, su coreografia di Stefano Santarelli e musiche degli Eagles. La coppia di danza sportiva \u00e8 tra le prime 25 coppie al mondo ed \u00e8 campione d\u2019Italia.<\/p>\n<figure id=\"post-327120 media-327120\" class=\"align-none\"><img decoding=\"async\" src=\"https:\/\/www.intoscana.it\/wp-content\/uploads\/Danzainfiera_Rossella-Brescia-durante-la-Lezione.jpg\" alt=\"\" \/><\/figure>\n<div class=\"titleimg\">Danzainfiera, Rossella Brescia durante la Lezione<\/div>\n<h3>Le lezioni con i grandi della danza<\/h3>\n<p>Tante le lezioni con i grandi maestri della danza. Per gli amanti della danza classica imperdibili appuntamenti alle 9:30 col ma\u00eetre de ballet francese <strong>Fr\u00e9d\u00e9ric Olivieri<\/strong>, direttore della Scuola di Ballo dell\u2019Accademia Teatro alla Scala, alle 13 con <strong>Giuseppe Picone<\/strong>, gi\u00e0 direttore del corpo di Ballo del San Carlo di Napoli, e alle 14:45, con lo stage di <strong>Anna Prina<\/strong>, gi\u00e0 direttrice della Scuola di Ballo del Teatro alla Scala.<\/p>\n<p>Dall\u2019America, per la Fini Dance New York, la lezione di tecnica Horton con <strong>Juan Michael Porter II<\/strong>, danzatore internazionale, attivista impegnato da anni nella lotta all\u2019AIDS e primo afroamericano della storia a ricoprire il ruolo di giurato nel prestigioso Drama Desk Award.<\/p>\n<p>Grande attesa per lo <strong>stage di Popping<\/strong>, alle ore 12, con <strong>Simone Stella<\/strong> dei <strong>Fresh \u2018N\u2019 Clean<\/strong>, crew di ballerini originari di Imperia nata nel 2016 che con la loro <strong>danza funk e hip-hop<\/strong> in questi anni ha saputo conquistare il pubblico di tutta Italia.<\/p>\n<p>L\u2019hip-hop protagonista anche nello stage di <strong>Ayoub Haraka<\/strong>, ballerino professionista sbocciato nel talent show ad Amici e oggi coreografo dei pi\u00f9 noti show televisivi, e nell\u2019incontro Dancer on Set di <strong>Lala Blhite<\/strong>, un workshop dedicato a tutti i danzatori e tutte le danzatrici che sognano di lavorare nel mondo del cinema.<\/p>\n<p>Da segnalare le lezioni di <strong>Giocodanza<\/strong> (ore 12:45), una metodologia creata da <strong>Marinella Santini<\/strong> che permette di insegnare la Propedeutica alla Danza in modo diverso, e di Danzatricit\u00e0 (ore 12:45), un nuovo approccio dedicato alla stimolazione psicomotoria nella prima infanzia.<\/p>\n<figure id=\"post-328344 media-328344\" class=\"align-none\"><img decoding=\"async\" src=\"https:\/\/www.intoscana.it\/wp-content\/uploads\/Nicoletta-Manni-5-e1708699144658.jpg\" alt=\"\" \/><\/figure>\n<div class=\"titleimg\">L\u2019etoile Nicoletta Manni durante la sua lezione a Danzainfiera<\/div>\n<h3>Gli incontri con i grandi interpreti<\/h3>\n<p>Nell\u2019area Meeting si terranno due eccezionali incontri: alle 9:45 <mark> dialogheranno sul tema \u201cDanza e disabilit\u00e0\u201d; a seguire, alle 11, <strong>Nicoletta Manni<\/strong>, \u00e9toile del Corpo di Ballo del Teatro alla Scala, incontrer\u00e0 il pubblico per raccontare la propria straordinaria carriera artistica.<\/p>\n<p>Alle 17, sempre in Area Meeting, sar\u00e0 presentato il libro \u201c<strong>Jia Ruskaja\u201d<\/strong> a cura di <strong>Flavia Pappacena<\/strong>. Durante l\u2019incontro, moderato da <strong>Sara Zuccari<\/strong>, interverr\u00e0, oltre all\u2019autrice, Roberta Albano. Da segnalare che dalle 17 alle 20, in Arena Cavaniglia, andr\u00e0 in scena Danzando con il cuore, rassegna coreografica inclusiva, promossa dal settore danza di OPES Comitato Regione Toscana guidato da <strong>Stefano Rossi<\/strong>, in cui troveranno ampio spazio le <strong>danza paralimpiche integrate<\/strong>.<\/p>\n<h3>Tante audizioni, per l\u2019Italia e all\u2019estero<\/h3>\n<p>Non mancheranno audizioni per <strong>Joffrey Ballet School<\/strong> con Diego Salterini, Angela Rebelo e TRIX, per <strong>ABT Jacqueline Kennedy Onassis School<\/strong> con Franco De Vita e Raymond Lukens, due colossi del mondo danza di New York, con la<strong> Oniin Dance Company per il Peridance Capezio Center<\/strong> e con il<strong> City Ballet San Francisco,<\/strong> diretto da Galina Alexandrova.<\/p>\n<p>Dal versante europeo saranno presenti l\u2019<strong>European School of Ballet <\/strong>di Amsterdam diretta da Jean-Yves Esquerre, il <strong>Conservat\u00f3rio Internacional de Ballet e Dan\u00e7a Annarella S\u00e1nchez<\/strong>, Leiria, Portogallo e l\u2019<strong>European Dance Center Paris<\/strong> diretto da Jennifer Goub\u00e9.<\/p>\n<p>Ci saranno anche <strong>Ilenia Montagnoli e Tommaso Renda<\/strong>, ex ballerini solisti dello<strong> Staatsballet Berlin<\/strong> e ambasciatori italiani del concorso YAGP a selezionare talenti per masterclass internazionali a <strong>Praga, Berlino<\/strong> e <strong>in Italia<\/strong> e a parlare di come costruirsi una carriera nel mondo del balletto.<\/p>\n<figure id=\"post-327119 media-327119\" class=\"align-none\"><img decoding=\"async\" src=\"https:\/\/www.intoscana.it\/wp-content\/uploads\/Danzainfiera_2023_73.jpg\" alt=\"\" \/><\/figure>\n<div class=\"titleimg\"><\/div>\n<p>Per l\u2019Italia, tante attivit\u00e0 in collaborazione con l&#8217;[mark]Accademia del Teatro alla Scala, la Fondazione Nazionale della Danza \/ Aterballetto, unico Centro Coreografico Nazionale, la Federazione Italiana Danza Sportiva<\/mark> oltre agli Enti di promozione del Coni &#8211; ACSI, ACS, CSEN, ENDAS, OPES &#8211; esponenti di tutte le pi\u00f9 importanti accademie.<\/p>\n<p>Audizioni aperte anche per il cast e l\u2019accademia <strong>Katakl\u00f2 Dance Athletic Theatre di Milano,<\/strong> la prima teatrale ad aver introdotto l\u2019athletic theatre nel panorama della danza italiana, nata dal genio artistico di <strong>Giulia Staccioli.<\/strong><\/p>\n<h3>Il concorso 600 Beats<\/h3>\n<p>Tra le novit\u00e0 della nuova edizione si segnala <strong>600 Beats<\/strong>, la flash open call lanciata da Pitti Immagine ed EurAsia Dance Project International Network diretta da Stefano Fardelli, rivolta a<strong> giovani coreografi under 35<\/strong>. Il \u00a0bando ha l\u2019obiettivo di dare visibilit\u00e0 e attenzione concreta a chi della <strong>creazione coreutica<\/strong> vuole fare il suo lavoro.<\/p>\n<p>Il vincitore otterr\u00e0 un contributo in denaro per sviluppare<strong> un nuovo progetto artistico <\/strong>tramite residenze in organizzazioni di danza artistiche in Italia ed all\u2019estero, dove il coreografo scelto lavorer\u00e0 alla nuova progettualit\u00e0 con uno degli EurAsia Dancers.<\/p>\n<figure id=\"post-327113 media-327113\" class=\"align-none\"><img decoding=\"async\" src=\"https:\/\/www.intoscana.it\/wp-content\/uploads\/Danzainfiera-2024-All-Beats-to-Dance-scaled.jpg\" alt=\"\" \/><\/figure>\n<div class=\"titleimg\">Danzainfiera 2024, All Beats to Dance<\/div>\n","protected":false},"excerpt":{"rendered":"<p>\u201cAll Beats to Dance\u201d \u00e8 il tema scelto per la kermesse in programma alla Fortezza da Basso dal 23 al 25 febbraio<\/p>\n","protected":false},"author":525,"featured_media":328331,"comment_status":"open","ping_status":"open","sticky":false,"template":"","format":"standard","meta":{"_acf_changed":false,"footnotes":""},"categories":[493],"tags":[5564,4474,202,221],"class_list":["post-327072","post","type-post","status-publish","format-standard","has-post-thumbnail","hentry","category-cultura","tag-danza","tag-eventi","tag-firenze","tag-giovani"],"acf":[],"yoast_head":"<!-- This site is optimized with the Yoast SEO Premium plugin v24.2 (Yoast SEO v25.6) - https:\/\/yoast.com\/wordpress\/plugins\/seo\/ -->\n<title>Danzainfiera 2024: un weekend a Firenze con le grandi \u00e9toile - intoscana<\/title>\n<meta name=\"description\" content=\"\u201cAll Beats to Dance\u201d \u00e8 il tema scelto per la kermesse in programma alla Fortezza da Basso dal 23 al 25 febbraio\" \/>\n<meta name=\"robots\" content=\"index, follow, max-snippet:-1, max-image-preview:large, max-video-preview:-1\" \/>\n<link rel=\"canonical\" href=\"https:\/\/www.intoscana.it\/it\/danzainfiera-2024-un-weekend-a-firenze-con-le-grandi-etoile-italiane-e-internazionali\/\" \/>\n<meta property=\"og:locale\" content=\"it_IT\" \/>\n<meta property=\"og:type\" content=\"article\" \/>\n<meta property=\"og:title\" content=\"Danzainfiera 2024: un weekend a Firenze con le grandi \u00e9toile\" \/>\n<meta property=\"og:description\" content=\"\u201cAll Beats to Dance\u201d \u00e8 il tema scelto per la kermesse in programma alla Fortezza da Basso dal 23 al 25 febbraio\" \/>\n<meta property=\"og:url\" content=\"https:\/\/www.intoscana.it\/it\/danzainfiera-2024-un-weekend-a-firenze-con-le-grandi-etoile-italiane-e-internazionali\/\" \/>\n<meta property=\"og:site_name\" content=\"intoscana\" \/>\n<meta property=\"article:publisher\" content=\"https:\/\/www.facebook.com\/intoscana.it\" \/>\n<meta property=\"article:published_time\" content=\"2024-02-23T09:01:06+00:00\" \/>\n<meta property=\"article:modified_time\" content=\"2024-02-23T14:41:06+00:00\" \/>\n<meta property=\"og:image\" content=\"https:\/\/www.intoscana.it\/wp-content\/uploads\/2NIK7976-scaled.jpeg\" \/>\n\t<meta property=\"og:image:width\" content=\"2048\" \/>\n\t<meta property=\"og:image:height\" content=\"1365\" \/>\n\t<meta property=\"og:image:type\" content=\"image\/jpeg\" \/>\n<meta name=\"author\" content=\"Redazione\" \/>\n<meta name=\"twitter:card\" content=\"summary_large_image\" \/>\n<meta name=\"twitter:creator\" content=\"@intoscana\" \/>\n<meta name=\"twitter:site\" content=\"@intoscana\" \/>\n<meta name=\"twitter:label1\" content=\"Written by\" \/>\n\t<meta name=\"twitter:data1\" content=\"Redazione\" \/>\n\t<meta name=\"twitter:label2\" content=\"Est. reading time\" \/>\n\t<meta name=\"twitter:data2\" content=\"8 minuti\" \/>\n<script type=\"application\/ld+json\" class=\"yoast-schema-graph\">{\"@context\":\"https:\/\/schema.org\",\"@graph\":[{\"@type\":\"WebPage\",\"@id\":\"https:\/\/www.intoscana.it\/it\/danzainfiera-2024-un-weekend-a-firenze-con-le-grandi-etoile-italiane-e-internazionali\/\",\"url\":\"https:\/\/www.intoscana.it\/it\/danzainfiera-2024-un-weekend-a-firenze-con-le-grandi-etoile-italiane-e-internazionali\/\",\"name\":\"Danzainfiera 2024: un weekend a Firenze con le grandi \u00e9toile - intoscana\",\"isPartOf\":{\"@id\":\"https:\/\/www.intoscana.it\/it\/#website\"},\"primaryImageOfPage\":{\"@id\":\"https:\/\/www.intoscana.it\/it\/danzainfiera-2024-un-weekend-a-firenze-con-le-grandi-etoile-italiane-e-internazionali\/#primaryimage\"},\"image\":{\"@id\":\"https:\/\/www.intoscana.it\/it\/danzainfiera-2024-un-weekend-a-firenze-con-le-grandi-etoile-italiane-e-internazionali\/#primaryimage\"},\"thumbnailUrl\":\"https:\/\/www.intoscana.it\/wp-content\/uploads\/2NIK7976-scaled.jpeg\",\"datePublished\":\"2024-02-23T09:01:06+00:00\",\"dateModified\":\"2024-02-23T14:41:06+00:00\",\"author\":{\"@id\":\"https:\/\/www.intoscana.it\/it\/#\/schema\/person\/9223810753230f20bd670fdd322661f8\"},\"description\":\"\u201cAll Beats to Dance\u201d \u00e8 il tema scelto per la kermesse in programma alla Fortezza da Basso dal 23 al 25 febbraio\",\"breadcrumb\":{\"@id\":\"https:\/\/www.intoscana.it\/it\/danzainfiera-2024-un-weekend-a-firenze-con-le-grandi-etoile-italiane-e-internazionali\/#breadcrumb\"},\"inLanguage\":\"it-IT\",\"potentialAction\":[{\"@type\":\"ReadAction\",\"target\":[\"https:\/\/www.intoscana.it\/it\/danzainfiera-2024-un-weekend-a-firenze-con-le-grandi-etoile-italiane-e-internazionali\/\"]}]},{\"@type\":\"ImageObject\",\"inLanguage\":\"it-IT\",\"@id\":\"https:\/\/www.intoscana.it\/it\/danzainfiera-2024-un-weekend-a-firenze-con-le-grandi-etoile-italiane-e-internazionali\/#primaryimage\",\"url\":\"https:\/\/www.intoscana.it\/wp-content\/uploads\/2NIK7976-scaled.jpeg\",\"contentUrl\":\"https:\/\/www.intoscana.it\/wp-content\/uploads\/2NIK7976-scaled.jpeg\",\"width\":2048,\"height\":1365},{\"@type\":\"BreadcrumbList\",\"@id\":\"https:\/\/www.intoscana.it\/it\/danzainfiera-2024-un-weekend-a-firenze-con-le-grandi-etoile-italiane-e-internazionali\/#breadcrumb\",\"itemListElement\":[{\"@type\":\"ListItem\",\"position\":1,\"name\":\"Home\",\"item\":\"https:\/\/www.intoscana.it\/it\/\"},{\"@type\":\"ListItem\",\"position\":2,\"name\":\"Danzainfiera 2024: un weekend a Firenze con le grandi \u00e9toile\"}]},{\"@type\":\"WebSite\",\"@id\":\"https:\/\/www.intoscana.it\/it\/#website\",\"url\":\"https:\/\/www.intoscana.it\/it\/\",\"name\":\"intoscana\",\"description\":\"\",\"potentialAction\":[{\"@type\":\"SearchAction\",\"target\":{\"@type\":\"EntryPoint\",\"urlTemplate\":\"https:\/\/www.intoscana.it\/it\/?s={search_term_string}\"},\"query-input\":{\"@type\":\"PropertyValueSpecification\",\"valueRequired\":true,\"valueName\":\"search_term_string\"}}],\"inLanguage\":\"it-IT\"},{\"@type\":\"Person\",\"@id\":\"https:\/\/www.intoscana.it\/it\/#\/schema\/person\/9223810753230f20bd670fdd322661f8\",\"name\":\"Redazione\",\"url\":\"https:\/\/www.intoscana.it\/it\/author\/redazione\/\"}]}<\/script>\n<!-- \/ Yoast SEO Premium plugin. -->","yoast_head_json":{"title":"Danzainfiera 2024: un weekend a Firenze con le grandi \u00e9toile - intoscana","description":"\u201cAll Beats to Dance\u201d \u00e8 il tema scelto per la kermesse in programma alla Fortezza da Basso dal 23 al 25 febbraio","robots":{"index":"index","follow":"follow","max-snippet":"max-snippet:-1","max-image-preview":"max-image-preview:large","max-video-preview":"max-video-preview:-1"},"canonical":"https:\/\/www.intoscana.it\/it\/danzainfiera-2024-un-weekend-a-firenze-con-le-grandi-etoile-italiane-e-internazionali\/","og_locale":"it_IT","og_type":"article","og_title":"Danzainfiera 2024: un weekend a Firenze con le grandi \u00e9toile","og_description":"\u201cAll Beats to Dance\u201d \u00e8 il tema scelto per la kermesse in programma alla Fortezza da Basso dal 23 al 25 febbraio","og_url":"https:\/\/www.intoscana.it\/it\/danzainfiera-2024-un-weekend-a-firenze-con-le-grandi-etoile-italiane-e-internazionali\/","og_site_name":"intoscana","article_publisher":"https:\/\/www.facebook.com\/intoscana.it","article_published_time":"2024-02-23T09:01:06+00:00","article_modified_time":"2024-02-23T14:41:06+00:00","og_image":[{"width":2048,"height":1365,"url":"https:\/\/www.intoscana.it\/wp-content\/uploads\/2NIK7976-scaled.jpeg","type":"image\/jpeg"}],"author":"Redazione","twitter_card":"summary_large_image","twitter_creator":"@intoscana","twitter_site":"@intoscana","twitter_misc":{"Written by":"Redazione","Est. reading time":"8 minuti"},"schema":{"@context":"https:\/\/schema.org","@graph":[{"@type":"WebPage","@id":"https:\/\/www.intoscana.it\/it\/danzainfiera-2024-un-weekend-a-firenze-con-le-grandi-etoile-italiane-e-internazionali\/","url":"https:\/\/www.intoscana.it\/it\/danzainfiera-2024-un-weekend-a-firenze-con-le-grandi-etoile-italiane-e-internazionali\/","name":"Danzainfiera 2024: un weekend a Firenze con le grandi \u00e9toile - intoscana","isPartOf":{"@id":"https:\/\/www.intoscana.it\/it\/#website"},"primaryImageOfPage":{"@id":"https:\/\/www.intoscana.it\/it\/danzainfiera-2024-un-weekend-a-firenze-con-le-grandi-etoile-italiane-e-internazionali\/#primaryimage"},"image":{"@id":"https:\/\/www.intoscana.it\/it\/danzainfiera-2024-un-weekend-a-firenze-con-le-grandi-etoile-italiane-e-internazionali\/#primaryimage"},"thumbnailUrl":"https:\/\/www.intoscana.it\/wp-content\/uploads\/2NIK7976-scaled.jpeg","datePublished":"2024-02-23T09:01:06+00:00","dateModified":"2024-02-23T14:41:06+00:00","author":{"@id":"https:\/\/www.intoscana.it\/it\/#\/schema\/person\/9223810753230f20bd670fdd322661f8"},"description":"\u201cAll Beats to Dance\u201d \u00e8 il tema scelto per la kermesse in programma alla Fortezza da Basso dal 23 al 25 febbraio","breadcrumb":{"@id":"https:\/\/www.intoscana.it\/it\/danzainfiera-2024-un-weekend-a-firenze-con-le-grandi-etoile-italiane-e-internazionali\/#breadcrumb"},"inLanguage":"it-IT","potentialAction":[{"@type":"ReadAction","target":["https:\/\/www.intoscana.it\/it\/danzainfiera-2024-un-weekend-a-firenze-con-le-grandi-etoile-italiane-e-internazionali\/"]}]},{"@type":"ImageObject","inLanguage":"it-IT","@id":"https:\/\/www.intoscana.it\/it\/danzainfiera-2024-un-weekend-a-firenze-con-le-grandi-etoile-italiane-e-internazionali\/#primaryimage","url":"https:\/\/www.intoscana.it\/wp-content\/uploads\/2NIK7976-scaled.jpeg","contentUrl":"https:\/\/www.intoscana.it\/wp-content\/uploads\/2NIK7976-scaled.jpeg","width":2048,"height":1365},{"@type":"BreadcrumbList","@id":"https:\/\/www.intoscana.it\/it\/danzainfiera-2024-un-weekend-a-firenze-con-le-grandi-etoile-italiane-e-internazionali\/#breadcrumb","itemListElement":[{"@type":"ListItem","position":1,"name":"Home","item":"https:\/\/www.intoscana.it\/it\/"},{"@type":"ListItem","position":2,"name":"Danzainfiera 2024: un weekend a Firenze con le grandi \u00e9toile"}]},{"@type":"WebSite","@id":"https:\/\/www.intoscana.it\/it\/#website","url":"https:\/\/www.intoscana.it\/it\/","name":"intoscana","description":"","potentialAction":[{"@type":"SearchAction","target":{"@type":"EntryPoint","urlTemplate":"https:\/\/www.intoscana.it\/it\/?s={search_term_string}"},"query-input":{"@type":"PropertyValueSpecification","valueRequired":true,"valueName":"search_term_string"}}],"inLanguage":"it-IT"},{"@type":"Person","@id":"https:\/\/www.intoscana.it\/it\/#\/schema\/person\/9223810753230f20bd670fdd322661f8","name":"Redazione","url":"https:\/\/www.intoscana.it\/it\/author\/redazione\/"}]}},"_links":{"self":[{"href":"https:\/\/www.intoscana.it\/it\/wp-json\/wp\/v2\/posts\/327072","targetHints":{"allow":["GET"]}}],"collection":[{"href":"https:\/\/www.intoscana.it\/it\/wp-json\/wp\/v2\/posts"}],"about":[{"href":"https:\/\/www.intoscana.it\/it\/wp-json\/wp\/v2\/types\/post"}],"author":[{"embeddable":true,"href":"https:\/\/www.intoscana.it\/it\/wp-json\/wp\/v2\/users\/525"}],"replies":[{"embeddable":true,"href":"https:\/\/www.intoscana.it\/it\/wp-json\/wp\/v2\/comments?post=327072"}],"version-history":[{"count":22,"href":"https:\/\/www.intoscana.it\/it\/wp-json\/wp\/v2\/posts\/327072\/revisions"}],"predecessor-version":[{"id":328347,"href":"https:\/\/www.intoscana.it\/it\/wp-json\/wp\/v2\/posts\/327072\/revisions\/328347"}],"wp:featuredmedia":[{"embeddable":true,"href":"https:\/\/www.intoscana.it\/it\/wp-json\/wp\/v2\/media\/328331"}],"wp:attachment":[{"href":"https:\/\/www.intoscana.it\/it\/wp-json\/wp\/v2\/media?parent=327072"}],"wp:term":[{"taxonomy":"category","embeddable":true,"href":"https:\/\/www.intoscana.it\/it\/wp-json\/wp\/v2\/categories?post=327072"},{"taxonomy":"post_tag","embeddable":true,"href":"https:\/\/www.intoscana.it\/it\/wp-json\/wp\/v2\/tags?post=327072"}],"curies":[{"name":"wp","href":"https:\/\/api.w.org\/{rel}","templated":true}]}}