{"id":327764,"date":"2024-02-20T17:06:42","date_gmt":"2024-02-20T16:06:42","guid":{"rendered":"https:\/\/www.intoscana.it\/it\/?p=327764"},"modified":"2024-02-21T10:12:45","modified_gmt":"2024-02-21T09:12:45","slug":"certaldoarte24-una-rassegna-di-talenti-nel-paese-di-boccaccio","status":"publish","type":"post","link":"https:\/\/www.intoscana.it\/it\/certaldoarte24-una-rassegna-di-talenti-nel-paese-di-boccaccio\/","title":{"rendered":"CertaldoArte24, una rassegna di talenti nel paese di Boccaccio"},"content":{"rendered":"<p>Il borgo di\u00a0<strong>Certaldo alto <\/strong>si prepara ad accogliere una <strong>rassegna artistica<\/strong> pronta a incantare i visitatori durante tutto l&#8217;anno. &#8220;<em>CertaldoArte24<\/em>&#8221; vedr\u00e0 come protagonisti gli artisti: <strong>Vincenzo Marsiglia, Caterina Tosoni e Carla Bedini<\/strong>.<\/p>\n<p>La prima tappa di quest&#8217;<strong>avventura artistica<\/strong> sar\u00e0 inaugurata il 2 marzo con <em>&#8220;Vincenzo Marsiglia, Stars and Stones&#8221;.<\/em> Marsiglia, nato a Belvedere Marittimo nel 1972, porter\u00e0 il suo universo creativo nel cuore di Certaldo.<\/p>\n<h3>L&#8217;arte digitale di Marsiglia<\/h3>\n<p>Le opere di <strong>arte digitale<\/strong> di Marsiglia dialogheranno con il borgo e la <strong>figura di Giovanni Boccaccio<\/strong>, fondendo tradizione e innovazione in <strong>installazioni luminose<\/strong> che si staglieranno sia sulla torre di <strong>Casa Boccaccio<\/strong> che nella loggia esterna di <strong>Palazzo Pretorio<\/strong>. Le sale del primo piano di quest&#8217;ultimo ospiteranno non solo le opere digitali dell&#8217;artista, ma anche una preziosa <strong>esposizione di alabastri<\/strong>.<\/p>\n<h3>La doppia visione di Tosoni<\/h3>\n<p>La mostra successiva, dal titolo &#8220;<em>Double Vision<\/em>&#8220;, sar\u00e0 firmata da<strong> Caterina Tosoni<\/strong> e aprir\u00e0 le sue porte dal 18 maggio al 15 settembre. Tosoni, milanese del &#8217;61, esplorer\u00e0 il tema dell&#8217;ecologia attraverso <strong>sculture e installazioni<\/strong> realizzate con <strong>materiali di riciclo<\/strong>.<\/p>\n<h3>Lo sguardo di Carla Bedini<\/h3>\n<p>Infine, <strong>dal 21 settembre al 12 gennaio 2025<\/strong>, sar\u00e0 la volta di &#8220;<em>Spostare lo sguardo<\/em>&#8221; di <strong>Carla Bedini<\/strong>. La sua pittura, caratterizzata da una tecnica mista su garza, avvolta su legno trattato con stucco, si distingue per l&#8217;uso di pigmenti naturali e toni cupi. Le opere di Bedini, con le loro<strong> figure misteriose e uniche<\/strong>, invitano lo spettatore a immergersi in un universo di suggestioni e riflessioni.<\/p>\n<p>&#8220;<em>CertaldoArte24<\/em>&#8221; si configura dunque come un&#8217;occasione imperdibile per immergersi nell&#8217;arte contemporanea, tra <strong>tradizione e innovazione<\/strong>, al cospetto di tre grandi maestri dell&#8217;arte contemporanea italiana.<\/p>\n<h3>Una rassegna che guarda al futuro<\/h3>\n<p>La rassegna \u00e8 stata presentata in Consiglio regionale al Media Center Sassoli da <strong>Antonio Mazzeo<\/strong>, presidente dell\u2019Assemblea toscana, <strong>Enrico Sostegni<\/strong>, presidente Commissione Sanit\u00e0 e Sociale, dall\u2019assessora alla cultura del comune di Certaldo <strong>Clara Conforti<\/strong> e dalla curatrice del progetto <strong>Francesca Parri<\/strong>.<\/p>\n<figure id=\"post-327797 media-327797\" class=\"align-none\"><img decoding=\"async\" src=\"https:\/\/www.intoscana.it\/wp-content\/uploads\/Certaldo-una-vetrina-per-larte-contemporanea.jpeg\" alt=\"\" \/><\/figure>\n<div class=\"titleimg\">Certaldo una vetrina per l\u2019arte contemporanea<\/div>\n<p><em>\u201cSi tratta di una rassegna che guarda al futuro e che si colloca in uno dei borghi pi\u00f9 belli della nostra regione<\/em> \u2013 ha detto <strong>Antonio Mazzeo<\/strong> presidente del Consiglio regionale \u2013<em> e cerca di raccontare come la Toscana sia terra di cultura, arte, bellezza. Grazie a questa rassegna e ad un\u2019altra serie di iniziative, Certaldo propone un programma di eventi che stanno cambiando il volto della citt\u00e0, attraverso un lavoro portato avanti con passione e dedizione&#8221;.<\/em><\/p>\n<h3>Un appuntamento di alto livello artistico<\/h3>\n<p>\u201c<em>Torna una manifestazione che ci ha abituato ad un grande livello artistico, in grado di unire l\u2019innovazione con la tradizione di questa stupenda location<\/em> \u2013 ha detto il consigliere regionale <strong>Enrico Sostegni<\/strong> \u2013 <em>e dove l\u2019arte trova un luogo ideale per potersi esprimere. Un luogo dove la cultura diventa elemento trainante anche per il turismo. Nel 2025 ci sar\u00e0 una ricorrenza importante per Boccaccio che verr\u00e0 celebrata come merita. Certaldo, con altre iniziative significative, come Boccacesca e Mercantia, diventa sempre di pi\u00f9 un punto di attrazione a livello regionale&#8221;.<\/em><\/p>\n<h3>Un 2024 nel segno dell&#8217;arte contemporanea<\/h3>\n<p>Per l\u2019assessore alla cultura <strong>Clara Conforti<\/strong>: &#8220;<em>Siamo entusiasti di presentare il cartellone delle mostre di &#8216;CertaldoArte24&#8217;. \u00c8 particolarmente significativo per noi avere ben due artiste donne in mostra quest&#8217;anno, un importante passo avanti nella promozione dell&#8217;arte femminile nel nostro contesto culturale. Le opere di Marsiglia, Tosoni e Bedini si intrecceranno con la storia e l&#8217;atmosfera unica di Certaldo, offrendo ai visitatori un&#8217;esperienza artistica coinvolgente e stimolante in un connubio affascinante di tradizione e innovazione,<\/em> <em>affrontando temi cruciali come l&#8217;ecologia e l&#8217;interazione essere umano-natura&#8221;.<\/em><\/p>\n<h3>Palazzo Pretorio al centro delle iniziative<\/h3>\n<p>Per la curatrice <strong>Francesca Parri<\/strong>: \u201c<em>Per il quarto anno consecutivo ho il piacere di aver organizzato la rassegna Certaldo Arte. Le opere di tanti artisti importanti, in prevalenza toscani, sono state allestite nelle sale di Palazzo Pretorio, location, importante e suggestiva per ospitare mostre ed installazioni artistiche. \u2018CertaldoArte24\u2019 si apre con Vincenzo Marsiglia con una mostra di arte digitale quasi totalmente site specific, seguir\u00e0 Caterina Tosoni con opere e installazioni artistiche legate al tema dell\u2019ecologia, per concludere, Carla Bedini. con opere figurative dove sono immancabilmente presenti fanciulle dai grandi occhi, immerse in scenari fantastici\u201d.<\/em><\/p>\n","protected":false},"excerpt":{"rendered":"<p>Una serie di mostre e installazioni realizzate da Vincenzo Marsiglia, Caterina Tosoni e Carla Bedini per animare il borgo durante tutto il 2024<\/p>\n","protected":false},"author":525,"featured_media":143946,"comment_status":"open","ping_status":"open","sticky":false,"template":"","format":"standard","meta":{"_acf_changed":false,"footnotes":""},"categories":[493],"tags":[4760,227,4639],"class_list":["post-327764","post","type-post","status-publish","format-standard","has-post-thumbnail","hentry","category-cultura","tag-antonio-mazzeo","tag-arte-contemporanea","tag-certaldo"],"acf":[],"yoast_head":"<!-- This site is optimized with the Yoast SEO Premium plugin v24.2 (Yoast SEO v25.6) - https:\/\/yoast.com\/wordpress\/plugins\/seo\/ -->\n<title>CertaldoArte24, una rassegna di talenti nel paese di Boccaccio - intoscana<\/title>\n<meta name=\"description\" content=\"Una serie di mostre realizzate da Vincenzo Marsiglia, Caterina Tosoni e Carla Bedini per animare il borgo durante tutto il 2024\" \/>\n<meta name=\"robots\" content=\"index, follow, max-snippet:-1, max-image-preview:large, max-video-preview:-1\" \/>\n<link rel=\"canonical\" href=\"https:\/\/www.intoscana.it\/it\/certaldoarte24-una-rassegna-di-talenti-nel-paese-di-boccaccio\/\" \/>\n<meta property=\"og:locale\" content=\"it_IT\" \/>\n<meta property=\"og:type\" content=\"article\" \/>\n<meta property=\"og:title\" content=\"CertaldoArte24, una rassegna di talenti nel paese di Boccaccio\" \/>\n<meta property=\"og:description\" content=\"Una serie di mostre realizzate da Vincenzo Marsiglia, Caterina Tosoni e Carla Bedini per animare il borgo durante tutto il 2024\" \/>\n<meta property=\"og:url\" content=\"https:\/\/www.intoscana.it\/it\/certaldoarte24-una-rassegna-di-talenti-nel-paese-di-boccaccio\/\" \/>\n<meta property=\"og:site_name\" content=\"intoscana\" \/>\n<meta property=\"article:publisher\" content=\"https:\/\/www.facebook.com\/intoscana.it\" \/>\n<meta property=\"article:published_time\" content=\"2024-02-20T16:06:42+00:00\" \/>\n<meta property=\"article:modified_time\" content=\"2024-02-21T09:12:45+00:00\" \/>\n<meta property=\"og:image\" content=\"https:\/\/www.intoscana.it\/wp-content\/uploads\/img_2563.jpg\" \/>\n\t<meta property=\"og:image:width\" content=\"2000\" \/>\n\t<meta property=\"og:image:height\" content=\"1500\" \/>\n\t<meta property=\"og:image:type\" content=\"image\/jpeg\" \/>\n<meta name=\"author\" content=\"Redazione\" \/>\n<meta name=\"twitter:card\" content=\"summary_large_image\" \/>\n<meta name=\"twitter:creator\" content=\"@intoscana\" \/>\n<meta name=\"twitter:site\" content=\"@intoscana\" \/>\n<meta name=\"twitter:label1\" content=\"Written by\" \/>\n\t<meta name=\"twitter:data1\" content=\"Redazione\" \/>\n\t<meta name=\"twitter:label2\" content=\"Est. reading time\" \/>\n\t<meta name=\"twitter:data2\" content=\"5 minuti\" \/>\n<script type=\"application\/ld+json\" class=\"yoast-schema-graph\">{\"@context\":\"https:\/\/schema.org\",\"@graph\":[{\"@type\":\"WebPage\",\"@id\":\"https:\/\/www.intoscana.it\/it\/certaldoarte24-una-rassegna-di-talenti-nel-paese-di-boccaccio\/\",\"url\":\"https:\/\/www.intoscana.it\/it\/certaldoarte24-una-rassegna-di-talenti-nel-paese-di-boccaccio\/\",\"name\":\"CertaldoArte24, una rassegna di talenti nel paese di Boccaccio - intoscana\",\"isPartOf\":{\"@id\":\"https:\/\/www.intoscana.it\/it\/#website\"},\"primaryImageOfPage\":{\"@id\":\"https:\/\/www.intoscana.it\/it\/certaldoarte24-una-rassegna-di-talenti-nel-paese-di-boccaccio\/#primaryimage\"},\"image\":{\"@id\":\"https:\/\/www.intoscana.it\/it\/certaldoarte24-una-rassegna-di-talenti-nel-paese-di-boccaccio\/#primaryimage\"},\"thumbnailUrl\":\"https:\/\/www.intoscana.it\/wp-content\/uploads\/img_2563.jpg\",\"datePublished\":\"2024-02-20T16:06:42+00:00\",\"dateModified\":\"2024-02-21T09:12:45+00:00\",\"author\":{\"@id\":\"https:\/\/www.intoscana.it\/it\/#\/schema\/person\/9223810753230f20bd670fdd322661f8\"},\"description\":\"Una serie di mostre realizzate da Vincenzo Marsiglia, Caterina Tosoni e Carla Bedini per animare il borgo durante tutto il 2024\",\"breadcrumb\":{\"@id\":\"https:\/\/www.intoscana.it\/it\/certaldoarte24-una-rassegna-di-talenti-nel-paese-di-boccaccio\/#breadcrumb\"},\"inLanguage\":\"it-IT\",\"potentialAction\":[{\"@type\":\"ReadAction\",\"target\":[\"https:\/\/www.intoscana.it\/it\/certaldoarte24-una-rassegna-di-talenti-nel-paese-di-boccaccio\/\"]}]},{\"@type\":\"ImageObject\",\"inLanguage\":\"it-IT\",\"@id\":\"https:\/\/www.intoscana.it\/it\/certaldoarte24-una-rassegna-di-talenti-nel-paese-di-boccaccio\/#primaryimage\",\"url\":\"https:\/\/www.intoscana.it\/wp-content\/uploads\/img_2563.jpg\",\"contentUrl\":\"https:\/\/www.intoscana.it\/wp-content\/uploads\/img_2563.jpg\",\"width\":2000,\"height\":1500,\"caption\":\"Certaldo\"},{\"@type\":\"BreadcrumbList\",\"@id\":\"https:\/\/www.intoscana.it\/it\/certaldoarte24-una-rassegna-di-talenti-nel-paese-di-boccaccio\/#breadcrumb\",\"itemListElement\":[{\"@type\":\"ListItem\",\"position\":1,\"name\":\"Home\",\"item\":\"https:\/\/www.intoscana.it\/it\/\"},{\"@type\":\"ListItem\",\"position\":2,\"name\":\"CertaldoArte24, una rassegna di talenti nel paese di Boccaccio\"}]},{\"@type\":\"WebSite\",\"@id\":\"https:\/\/www.intoscana.it\/it\/#website\",\"url\":\"https:\/\/www.intoscana.it\/it\/\",\"name\":\"intoscana\",\"description\":\"\",\"potentialAction\":[{\"@type\":\"SearchAction\",\"target\":{\"@type\":\"EntryPoint\",\"urlTemplate\":\"https:\/\/www.intoscana.it\/it\/?s={search_term_string}\"},\"query-input\":{\"@type\":\"PropertyValueSpecification\",\"valueRequired\":true,\"valueName\":\"search_term_string\"}}],\"inLanguage\":\"it-IT\"},{\"@type\":\"Person\",\"@id\":\"https:\/\/www.intoscana.it\/it\/#\/schema\/person\/9223810753230f20bd670fdd322661f8\",\"name\":\"Redazione\",\"url\":\"https:\/\/www.intoscana.it\/it\/author\/redazione\/\"}]}<\/script>\n<!-- \/ Yoast SEO Premium plugin. -->","yoast_head_json":{"title":"CertaldoArte24, una rassegna di talenti nel paese di Boccaccio - intoscana","description":"Una serie di mostre realizzate da Vincenzo Marsiglia, Caterina Tosoni e Carla Bedini per animare il borgo durante tutto il 2024","robots":{"index":"index","follow":"follow","max-snippet":"max-snippet:-1","max-image-preview":"max-image-preview:large","max-video-preview":"max-video-preview:-1"},"canonical":"https:\/\/www.intoscana.it\/it\/certaldoarte24-una-rassegna-di-talenti-nel-paese-di-boccaccio\/","og_locale":"it_IT","og_type":"article","og_title":"CertaldoArte24, una rassegna di talenti nel paese di Boccaccio","og_description":"Una serie di mostre realizzate da Vincenzo Marsiglia, Caterina Tosoni e Carla Bedini per animare il borgo durante tutto il 2024","og_url":"https:\/\/www.intoscana.it\/it\/certaldoarte24-una-rassegna-di-talenti-nel-paese-di-boccaccio\/","og_site_name":"intoscana","article_publisher":"https:\/\/www.facebook.com\/intoscana.it","article_published_time":"2024-02-20T16:06:42+00:00","article_modified_time":"2024-02-21T09:12:45+00:00","og_image":[{"width":2000,"height":1500,"url":"https:\/\/www.intoscana.it\/wp-content\/uploads\/img_2563.jpg","type":"image\/jpeg"}],"author":"Redazione","twitter_card":"summary_large_image","twitter_creator":"@intoscana","twitter_site":"@intoscana","twitter_misc":{"Written by":"Redazione","Est. reading time":"5 minuti"},"schema":{"@context":"https:\/\/schema.org","@graph":[{"@type":"WebPage","@id":"https:\/\/www.intoscana.it\/it\/certaldoarte24-una-rassegna-di-talenti-nel-paese-di-boccaccio\/","url":"https:\/\/www.intoscana.it\/it\/certaldoarte24-una-rassegna-di-talenti-nel-paese-di-boccaccio\/","name":"CertaldoArte24, una rassegna di talenti nel paese di Boccaccio - intoscana","isPartOf":{"@id":"https:\/\/www.intoscana.it\/it\/#website"},"primaryImageOfPage":{"@id":"https:\/\/www.intoscana.it\/it\/certaldoarte24-una-rassegna-di-talenti-nel-paese-di-boccaccio\/#primaryimage"},"image":{"@id":"https:\/\/www.intoscana.it\/it\/certaldoarte24-una-rassegna-di-talenti-nel-paese-di-boccaccio\/#primaryimage"},"thumbnailUrl":"https:\/\/www.intoscana.it\/wp-content\/uploads\/img_2563.jpg","datePublished":"2024-02-20T16:06:42+00:00","dateModified":"2024-02-21T09:12:45+00:00","author":{"@id":"https:\/\/www.intoscana.it\/it\/#\/schema\/person\/9223810753230f20bd670fdd322661f8"},"description":"Una serie di mostre realizzate da Vincenzo Marsiglia, Caterina Tosoni e Carla Bedini per animare il borgo durante tutto il 2024","breadcrumb":{"@id":"https:\/\/www.intoscana.it\/it\/certaldoarte24-una-rassegna-di-talenti-nel-paese-di-boccaccio\/#breadcrumb"},"inLanguage":"it-IT","potentialAction":[{"@type":"ReadAction","target":["https:\/\/www.intoscana.it\/it\/certaldoarte24-una-rassegna-di-talenti-nel-paese-di-boccaccio\/"]}]},{"@type":"ImageObject","inLanguage":"it-IT","@id":"https:\/\/www.intoscana.it\/it\/certaldoarte24-una-rassegna-di-talenti-nel-paese-di-boccaccio\/#primaryimage","url":"https:\/\/www.intoscana.it\/wp-content\/uploads\/img_2563.jpg","contentUrl":"https:\/\/www.intoscana.it\/wp-content\/uploads\/img_2563.jpg","width":2000,"height":1500,"caption":"Certaldo"},{"@type":"BreadcrumbList","@id":"https:\/\/www.intoscana.it\/it\/certaldoarte24-una-rassegna-di-talenti-nel-paese-di-boccaccio\/#breadcrumb","itemListElement":[{"@type":"ListItem","position":1,"name":"Home","item":"https:\/\/www.intoscana.it\/it\/"},{"@type":"ListItem","position":2,"name":"CertaldoArte24, una rassegna di talenti nel paese di Boccaccio"}]},{"@type":"WebSite","@id":"https:\/\/www.intoscana.it\/it\/#website","url":"https:\/\/www.intoscana.it\/it\/","name":"intoscana","description":"","potentialAction":[{"@type":"SearchAction","target":{"@type":"EntryPoint","urlTemplate":"https:\/\/www.intoscana.it\/it\/?s={search_term_string}"},"query-input":{"@type":"PropertyValueSpecification","valueRequired":true,"valueName":"search_term_string"}}],"inLanguage":"it-IT"},{"@type":"Person","@id":"https:\/\/www.intoscana.it\/it\/#\/schema\/person\/9223810753230f20bd670fdd322661f8","name":"Redazione","url":"https:\/\/www.intoscana.it\/it\/author\/redazione\/"}]}},"_links":{"self":[{"href":"https:\/\/www.intoscana.it\/it\/wp-json\/wp\/v2\/posts\/327764","targetHints":{"allow":["GET"]}}],"collection":[{"href":"https:\/\/www.intoscana.it\/it\/wp-json\/wp\/v2\/posts"}],"about":[{"href":"https:\/\/www.intoscana.it\/it\/wp-json\/wp\/v2\/types\/post"}],"author":[{"embeddable":true,"href":"https:\/\/www.intoscana.it\/it\/wp-json\/wp\/v2\/users\/525"}],"replies":[{"embeddable":true,"href":"https:\/\/www.intoscana.it\/it\/wp-json\/wp\/v2\/comments?post=327764"}],"version-history":[{"count":11,"href":"https:\/\/www.intoscana.it\/it\/wp-json\/wp\/v2\/posts\/327764\/revisions"}],"predecessor-version":[{"id":327859,"href":"https:\/\/www.intoscana.it\/it\/wp-json\/wp\/v2\/posts\/327764\/revisions\/327859"}],"wp:featuredmedia":[{"embeddable":true,"href":"https:\/\/www.intoscana.it\/it\/wp-json\/wp\/v2\/media\/143946"}],"wp:attachment":[{"href":"https:\/\/www.intoscana.it\/it\/wp-json\/wp\/v2\/media?parent=327764"}],"wp:term":[{"taxonomy":"category","embeddable":true,"href":"https:\/\/www.intoscana.it\/it\/wp-json\/wp\/v2\/categories?post=327764"},{"taxonomy":"post_tag","embeddable":true,"href":"https:\/\/www.intoscana.it\/it\/wp-json\/wp\/v2\/tags?post=327764"}],"curies":[{"name":"wp","href":"https:\/\/api.w.org\/{rel}","templated":true}]}}