{"id":328063,"date":"2024-02-22T10:43:40","date_gmt":"2024-02-22T09:43:40","guid":{"rendered":"https:\/\/www.intoscana.it\/it\/?p=328063"},"modified":"2024-02-22T10:43:40","modified_gmt":"2024-02-22T09:43:40","slug":"illustrare-il-tempo-le-opere-di-roberto-innocenti-in-mostra-a-palazzo-medici-riccardi","status":"publish","type":"post","link":"https:\/\/www.intoscana.it\/it\/illustrare-il-tempo-le-opere-di-roberto-innocenti-in-mostra-a-palazzo-medici-riccardi\/","title":{"rendered":"&#8220;Illustrare il tempo&#8221;: le opere di Roberto Innocenti in mostra a Palazzo Medici Riccardi"},"content":{"rendered":"<p><strong>Dal 22 febbraio al 26 maggio Palazzo Medici Riccardi<\/strong> a Firenze celebra con una grande mostra l\u2019opera del <strong>grande illustratore fiorentino Roberto Innocenti.<\/strong><\/p>\n<p>L&#8217;esposizione allestita <strong>nelle Sale Fabiani,<\/strong> offre agli esperti, agli appassionati e al grande pubblico l\u2019occasione di approfondire, attraverso oltre ottanta opere, il lavoro di Innocenti a cavallo fra XX e XXI secolo.<\/p>\n<p>Le tavole dell\u2019illustratore, che col suo tratto inconfondibile ha interpretato capolavori immortali della letteratura come <strong>Le avventure di Pinocchio, Canto di Natale, lo Schiaccianoci,<\/strong> tanto dense e accurate nei dettagli quanto innovative e ampie nell\u2019impianto e nel taglio visivo, restituiscono al lettore <strong>un universo immaginifico ricco di suggestioni e di stimoli<\/strong>.<\/p>\n<p><strong>L\u2019attenzione ai personaggi, alle architetture, al paesaggio <\/strong>porta <strong>Roberto Innocenti<\/strong> a impaginare <strong>scenari di grande fascino,<\/strong> entro cui la storia si apre a ulteriori narrazioni e l\u2019osservazione a infinite indagini. Il suo inconfondibile stile, mix tra <strong>la tradizione fiorentina e una modernissima visione cinematografica,<\/strong> invita il lettore a esplorare un mondo che appare pi\u00f9 reale del nostro.<\/p>\n<figure id=\"post-328065 media-328065\" class=\"align-none\"><img decoding=\"async\" src=\"https:\/\/www.intoscana.it\/wp-content\/uploads\/Roberto-Innocenti_Lhotel-del-non-ritorno-scaled.jpeg\" alt=\"\" \/><\/figure>\n<div class=\"titleimg\">Roberto Innocenti, L\u2019hotel del non ritorno<\/div>\n<p><em>\u201cRendere immagine il tratto profondo della favola, anche quando essa \u00e8 crudele, richiede una sensibilit\u00e0 e un\u2019arte fuori dal comune. Roberto Innocenti \u00e8 anche sotto questo profilo un grande artista \u2013<\/em> ha commentato<strong> Letizia Perini, consigliera della Citt\u00e0 Metropolitana di Firenze<\/strong> delegata alla Cultura<em> -. Il suo artigianato illustrativo ci ha consegnato una sintesi rara tra raffinatezza e poesia, anche quando la favola richiede sorriso e ironia. I suoi Pinocchio e Cenerentola esprimono molto bene questa interpretazione della favola che, nella sua particolarit\u00e0, evidenziata in modo ordinato dalla cura di ogni dettaglio, \u00e8 anche una forma di rispetto del lettore, non solo del bambino, primo destinatario, ma del bambino e dell\u2019adolescente che rimane nell\u2019adulto bisognoso di quello sguardo incantato, partecipe, curioso e commosso che legge il testo e ammira le sue illustrazioni\u201d.<\/em><\/p>\n<p><em>\u201cLe opere di Roberto Innocenti sono grande letteratura, e sono per tutti, piccoli e grandi lettori <\/em>\u2013 spiega <strong>la curatrice della mostra Paola Vassalli &#8211;<\/strong><em>. Riconosciuto nel mondo fra i massimi autori contemporanei, Innocenti anche grazie a questa mostra, per la quale rendiamo omaggio alla citt\u00e0 di Firenze, non \u00e8 pi\u00f9 straniero nella sua terra; oggi pu\u00f2 sentirsi finalmente a casa. Resta un piccolo grande passo da fare, un passo di civilt\u00e0 oltre che di saggezza: trovare una degna casa alla sua opera. \u00c9 questa la sfida per la sua citt\u00e0; questo \u00e8 l\u2019impegno che chiediamo al suo e al nostro Paese\u201d.<\/em><\/p>\n<p><em>&#8220;Le tavole di Roberto Innocenti sono opere d&#8217;arte \u2013<\/em> commenta<strong> Valentina Zucchi, curatrice del Museo di Palazzo Medici Riccardi<\/strong> e co-curatrice della mostra<em> &#8211; Indagano lo spazio e il tempo restituendoci scorci sul mondo &#8211; vero o immaginario che sia &#8211; e invitandoci a leggere. S\u00ec, le sue immagini sono un invito alla lettura visiva, a quell&#8217;esercizio cognitivo ed estetico cui siamo, paradossalmente, sempre meno abituati: esplorando i suoi luoghi, osservando i suoi personaggi, respirando le atmosfere che egli sa cos\u00ec poeticamente rendere cogliamo senza bisogno di parole le verit\u00e0 della storia, le profondit\u00e0 della realt\u00e0, le vertigini dell&#8217;immaginazione. Roberto Innocenti ci insegna a guardare e lo insegna a ciascuno di noi, perch\u00e9 le sue sono opere per tutti, nate per moltiplicarsi all&#8217;infinito fra le pagine dei suoi libri, pronte a essere replicate senza sosta e a destinate alle mani da chiunque; una moltiplicazione che anzich\u00e9 dividere espande il loro potere ben oltre i luoghi del sapere, i muri delle case, le frontiere dei paesi. Questa mostra \u00e8 un&#8217;importante occasione culturale per ammirare dal vivo i prototipi dei suoi capolavori e per vivere tutta la magia delle sue illustrazioni&#8221;.<\/em><\/p>\n<figure id=\"post-328066 media-328066\" class=\"align-none\"><img decoding=\"async\" src=\"https:\/\/www.intoscana.it\/wp-content\/uploads\/Roberto-Innocenti_Era-Calendimaggio-copia-scaled.jpeg\" alt=\"\" \/><\/figure>\n<div class=\"titleimg\"><em>Roberto Innocenti, Era Calendimaggio\u00a0<\/em><\/div>\n<p><strong>Roberto Innocenti<\/strong> (Bagno a Ripoli, 1940) \u00e8 il solo illustratore italiano insignito dell\u2019<strong>Hans Christian Andersen Award<\/strong> (2008), il <strong>Nobel della letteratura per ragazzi,<\/strong> secondo nella storia dopo <strong>Gianni Rodari<\/strong> (1970).<\/p>\n<p>Fra i massimi riconoscimenti internazionali, riceve la Golden Apple della Biennale Illustratori di Bratislava per Rose Blanche (1985) e per A Christmas Carol (1991). Del 1985 \u00e8 anche il <strong>premio Gustav Heinemann per la Pace<\/strong>.<\/p>\n<p>Fra i massimi illustratori contemporanei, autodidatta, viene pubblicato nei primi anni Ottanta su \u201cGraphis Annual\u201d. Il successo di Innocenti arriva prima di tutto grazie alla sua infinita pazienza e perseveranza.<\/p>\n<p><strong>Oggi il suo talento \u00e8 riconosciuto in tutto il mondo<\/strong>, ma la strada \u00e8 stata complessa; il rifiuto e il silenzio sono stati suoi frequenti compagni. Nel frattempo, tuttavia, gli amici, i collaboratori e i colleghi lo hanno aiutato a costruire la sua strada verso il successo nel mondo dell&#8217;editoria per l&#8217;infanzia.<\/p>\n<p><strong>John Alcorn, Rita Marshall e The Creative Company<\/strong> sono solo alcuni dei nomi che hanno contribuito ad aprirgli le porte della fama internazionale. Riconoscimento che l&#8217;uomo e il suo talento hanno ampiamente meritato.<\/p>\n<p>A pubblicarlo per primo in Italia \u00e8 ancora una volta un piccolo editore,<strong> Alfredo Stoppa,<\/strong> per la casa editrice<strong> C\u2019era una volta di Pordenone.<\/strong> Oggi in Italia i suoi libri sono nel catalogo de <strong>La Margherita edizioni.<\/strong><\/p>\n<figure id=\"post-328080 media-328080\" class=\"align-none\"><img decoding=\"async\" src=\"https:\/\/www.intoscana.it\/wp-content\/uploads\/Roberto-Innocenti-scaled.jpeg\" alt=\"\" \/><\/figure>\n<div class=\"titleimg\">Roberto Innocenti<\/div>\n","protected":false},"excerpt":{"rendered":"<p>Dal 22 febbraio al 26 maggio Palazzo Medici Riccardi a Firenze celebra con una grande mostra l\u2019opera del grande illustratore fiorentino Roberto Innocenti<\/p>\n","protected":false},"author":525,"featured_media":328064,"comment_status":"open","ping_status":"open","sticky":false,"template":"","format":"standard","meta":{"_acf_changed":false,"footnotes":""},"categories":[493],"tags":[202,222],"class_list":["post-328063","post","type-post","status-publish","format-standard","has-post-thumbnail","hentry","category-cultura","tag-firenze","tag-mostre"],"acf":[],"yoast_head":"<!-- This site is optimized with the Yoast SEO Premium plugin v24.2 (Yoast SEO v25.6) - https:\/\/yoast.com\/wordpress\/plugins\/seo\/ -->\n<title>&quot;Illustrare il tempo&quot;: le opere di Roberto Innocenti in mostra a Palazzo Medici Riccardi - intoscana<\/title>\n<meta name=\"description\" content=\"Dal 22 febbraio al 26 maggio Palazzo Medici Riccardi a Firenze celebra con una grande mostra il grande illustratore Roberto Innocenti\" \/>\n<meta name=\"robots\" content=\"index, follow, max-snippet:-1, max-image-preview:large, max-video-preview:-1\" \/>\n<link rel=\"canonical\" href=\"https:\/\/www.intoscana.it\/it\/illustrare-il-tempo-le-opere-di-roberto-innocenti-in-mostra-a-palazzo-medici-riccardi\/\" \/>\n<meta property=\"og:locale\" content=\"it_IT\" \/>\n<meta property=\"og:type\" content=\"article\" \/>\n<meta property=\"og:title\" content=\"&quot;Illustrare il tempo&quot;: le opere di Roberto Innocenti in mostra a Palazzo Medici Riccardi\" \/>\n<meta property=\"og:description\" content=\"Dal 22 febbraio al 26 maggio Palazzo Medici Riccardi a Firenze celebra con una grande mostra il grande illustratore Roberto Innocenti\" \/>\n<meta property=\"og:url\" content=\"https:\/\/www.intoscana.it\/it\/illustrare-il-tempo-le-opere-di-roberto-innocenti-in-mostra-a-palazzo-medici-riccardi\/\" \/>\n<meta property=\"og:site_name\" content=\"intoscana\" \/>\n<meta property=\"article:publisher\" content=\"https:\/\/www.facebook.com\/intoscana.it\" \/>\n<meta property=\"article:published_time\" content=\"2024-02-22T09:43:40+00:00\" \/>\n<meta property=\"og:image\" content=\"https:\/\/www.intoscana.it\/wp-content\/uploads\/Roberto-Innocenti_La-prima-stella-a-Finisterre_2-scaled.jpeg\" \/>\n\t<meta property=\"og:image:width\" content=\"2048\" \/>\n\t<meta property=\"og:image:height\" content=\"1386\" \/>\n\t<meta property=\"og:image:type\" content=\"image\/jpeg\" \/>\n<meta name=\"author\" content=\"Redazione\" \/>\n<meta name=\"twitter:card\" content=\"summary_large_image\" \/>\n<meta name=\"twitter:creator\" content=\"@intoscana\" \/>\n<meta name=\"twitter:site\" content=\"@intoscana\" \/>\n<meta name=\"twitter:label1\" content=\"Written by\" \/>\n\t<meta name=\"twitter:data1\" content=\"Redazione\" \/>\n\t<meta name=\"twitter:label2\" content=\"Est. reading time\" \/>\n\t<meta name=\"twitter:data2\" content=\"6 minuti\" \/>\n<script type=\"application\/ld+json\" class=\"yoast-schema-graph\">{\"@context\":\"https:\/\/schema.org\",\"@graph\":[{\"@type\":\"WebPage\",\"@id\":\"https:\/\/www.intoscana.it\/it\/illustrare-il-tempo-le-opere-di-roberto-innocenti-in-mostra-a-palazzo-medici-riccardi\/\",\"url\":\"https:\/\/www.intoscana.it\/it\/illustrare-il-tempo-le-opere-di-roberto-innocenti-in-mostra-a-palazzo-medici-riccardi\/\",\"name\":\"\\\"Illustrare il tempo\\\": le opere di Roberto Innocenti in mostra a Palazzo Medici Riccardi - intoscana\",\"isPartOf\":{\"@id\":\"https:\/\/www.intoscana.it\/it\/#website\"},\"primaryImageOfPage\":{\"@id\":\"https:\/\/www.intoscana.it\/it\/illustrare-il-tempo-le-opere-di-roberto-innocenti-in-mostra-a-palazzo-medici-riccardi\/#primaryimage\"},\"image\":{\"@id\":\"https:\/\/www.intoscana.it\/it\/illustrare-il-tempo-le-opere-di-roberto-innocenti-in-mostra-a-palazzo-medici-riccardi\/#primaryimage\"},\"thumbnailUrl\":\"https:\/\/www.intoscana.it\/wp-content\/uploads\/Roberto-Innocenti_La-prima-stella-a-Finisterre_2-scaled.jpeg\",\"datePublished\":\"2024-02-22T09:43:40+00:00\",\"author\":{\"@id\":\"https:\/\/www.intoscana.it\/it\/#\/schema\/person\/9223810753230f20bd670fdd322661f8\"},\"description\":\"Dal 22 febbraio al 26 maggio Palazzo Medici Riccardi a Firenze celebra con una grande mostra il grande illustratore Roberto Innocenti\",\"breadcrumb\":{\"@id\":\"https:\/\/www.intoscana.it\/it\/illustrare-il-tempo-le-opere-di-roberto-innocenti-in-mostra-a-palazzo-medici-riccardi\/#breadcrumb\"},\"inLanguage\":\"it-IT\",\"potentialAction\":[{\"@type\":\"ReadAction\",\"target\":[\"https:\/\/www.intoscana.it\/it\/illustrare-il-tempo-le-opere-di-roberto-innocenti-in-mostra-a-palazzo-medici-riccardi\/\"]}]},{\"@type\":\"ImageObject\",\"inLanguage\":\"it-IT\",\"@id\":\"https:\/\/www.intoscana.it\/it\/illustrare-il-tempo-le-opere-di-roberto-innocenti-in-mostra-a-palazzo-medici-riccardi\/#primaryimage\",\"url\":\"https:\/\/www.intoscana.it\/wp-content\/uploads\/Roberto-Innocenti_La-prima-stella-a-Finisterre_2-scaled.jpeg\",\"contentUrl\":\"https:\/\/www.intoscana.it\/wp-content\/uploads\/Roberto-Innocenti_La-prima-stella-a-Finisterre_2-scaled.jpeg\",\"width\":2048,\"height\":1386},{\"@type\":\"BreadcrumbList\",\"@id\":\"https:\/\/www.intoscana.it\/it\/illustrare-il-tempo-le-opere-di-roberto-innocenti-in-mostra-a-palazzo-medici-riccardi\/#breadcrumb\",\"itemListElement\":[{\"@type\":\"ListItem\",\"position\":1,\"name\":\"Home\",\"item\":\"https:\/\/www.intoscana.it\/it\/\"},{\"@type\":\"ListItem\",\"position\":2,\"name\":\"&#8220;Illustrare il tempo&#8221;: le opere di Roberto Innocenti in mostra a Palazzo Medici Riccardi\"}]},{\"@type\":\"WebSite\",\"@id\":\"https:\/\/www.intoscana.it\/it\/#website\",\"url\":\"https:\/\/www.intoscana.it\/it\/\",\"name\":\"intoscana\",\"description\":\"\",\"potentialAction\":[{\"@type\":\"SearchAction\",\"target\":{\"@type\":\"EntryPoint\",\"urlTemplate\":\"https:\/\/www.intoscana.it\/it\/?s={search_term_string}\"},\"query-input\":{\"@type\":\"PropertyValueSpecification\",\"valueRequired\":true,\"valueName\":\"search_term_string\"}}],\"inLanguage\":\"it-IT\"},{\"@type\":\"Person\",\"@id\":\"https:\/\/www.intoscana.it\/it\/#\/schema\/person\/9223810753230f20bd670fdd322661f8\",\"name\":\"Redazione\",\"url\":\"https:\/\/www.intoscana.it\/it\/author\/redazione\/\"}]}<\/script>\n<!-- \/ Yoast SEO Premium plugin. -->","yoast_head_json":{"title":"\"Illustrare il tempo\": le opere di Roberto Innocenti in mostra a Palazzo Medici Riccardi - intoscana","description":"Dal 22 febbraio al 26 maggio Palazzo Medici Riccardi a Firenze celebra con una grande mostra il grande illustratore Roberto Innocenti","robots":{"index":"index","follow":"follow","max-snippet":"max-snippet:-1","max-image-preview":"max-image-preview:large","max-video-preview":"max-video-preview:-1"},"canonical":"https:\/\/www.intoscana.it\/it\/illustrare-il-tempo-le-opere-di-roberto-innocenti-in-mostra-a-palazzo-medici-riccardi\/","og_locale":"it_IT","og_type":"article","og_title":"\"Illustrare il tempo\": le opere di Roberto Innocenti in mostra a Palazzo Medici Riccardi","og_description":"Dal 22 febbraio al 26 maggio Palazzo Medici Riccardi a Firenze celebra con una grande mostra il grande illustratore Roberto Innocenti","og_url":"https:\/\/www.intoscana.it\/it\/illustrare-il-tempo-le-opere-di-roberto-innocenti-in-mostra-a-palazzo-medici-riccardi\/","og_site_name":"intoscana","article_publisher":"https:\/\/www.facebook.com\/intoscana.it","article_published_time":"2024-02-22T09:43:40+00:00","og_image":[{"width":2048,"height":1386,"url":"https:\/\/www.intoscana.it\/wp-content\/uploads\/Roberto-Innocenti_La-prima-stella-a-Finisterre_2-scaled.jpeg","type":"image\/jpeg"}],"author":"Redazione","twitter_card":"summary_large_image","twitter_creator":"@intoscana","twitter_site":"@intoscana","twitter_misc":{"Written by":"Redazione","Est. reading time":"6 minuti"},"schema":{"@context":"https:\/\/schema.org","@graph":[{"@type":"WebPage","@id":"https:\/\/www.intoscana.it\/it\/illustrare-il-tempo-le-opere-di-roberto-innocenti-in-mostra-a-palazzo-medici-riccardi\/","url":"https:\/\/www.intoscana.it\/it\/illustrare-il-tempo-le-opere-di-roberto-innocenti-in-mostra-a-palazzo-medici-riccardi\/","name":"\"Illustrare il tempo\": le opere di Roberto Innocenti in mostra a Palazzo Medici Riccardi - intoscana","isPartOf":{"@id":"https:\/\/www.intoscana.it\/it\/#website"},"primaryImageOfPage":{"@id":"https:\/\/www.intoscana.it\/it\/illustrare-il-tempo-le-opere-di-roberto-innocenti-in-mostra-a-palazzo-medici-riccardi\/#primaryimage"},"image":{"@id":"https:\/\/www.intoscana.it\/it\/illustrare-il-tempo-le-opere-di-roberto-innocenti-in-mostra-a-palazzo-medici-riccardi\/#primaryimage"},"thumbnailUrl":"https:\/\/www.intoscana.it\/wp-content\/uploads\/Roberto-Innocenti_La-prima-stella-a-Finisterre_2-scaled.jpeg","datePublished":"2024-02-22T09:43:40+00:00","author":{"@id":"https:\/\/www.intoscana.it\/it\/#\/schema\/person\/9223810753230f20bd670fdd322661f8"},"description":"Dal 22 febbraio al 26 maggio Palazzo Medici Riccardi a Firenze celebra con una grande mostra il grande illustratore Roberto Innocenti","breadcrumb":{"@id":"https:\/\/www.intoscana.it\/it\/illustrare-il-tempo-le-opere-di-roberto-innocenti-in-mostra-a-palazzo-medici-riccardi\/#breadcrumb"},"inLanguage":"it-IT","potentialAction":[{"@type":"ReadAction","target":["https:\/\/www.intoscana.it\/it\/illustrare-il-tempo-le-opere-di-roberto-innocenti-in-mostra-a-palazzo-medici-riccardi\/"]}]},{"@type":"ImageObject","inLanguage":"it-IT","@id":"https:\/\/www.intoscana.it\/it\/illustrare-il-tempo-le-opere-di-roberto-innocenti-in-mostra-a-palazzo-medici-riccardi\/#primaryimage","url":"https:\/\/www.intoscana.it\/wp-content\/uploads\/Roberto-Innocenti_La-prima-stella-a-Finisterre_2-scaled.jpeg","contentUrl":"https:\/\/www.intoscana.it\/wp-content\/uploads\/Roberto-Innocenti_La-prima-stella-a-Finisterre_2-scaled.jpeg","width":2048,"height":1386},{"@type":"BreadcrumbList","@id":"https:\/\/www.intoscana.it\/it\/illustrare-il-tempo-le-opere-di-roberto-innocenti-in-mostra-a-palazzo-medici-riccardi\/#breadcrumb","itemListElement":[{"@type":"ListItem","position":1,"name":"Home","item":"https:\/\/www.intoscana.it\/it\/"},{"@type":"ListItem","position":2,"name":"&#8220;Illustrare il tempo&#8221;: le opere di Roberto Innocenti in mostra a Palazzo Medici Riccardi"}]},{"@type":"WebSite","@id":"https:\/\/www.intoscana.it\/it\/#website","url":"https:\/\/www.intoscana.it\/it\/","name":"intoscana","description":"","potentialAction":[{"@type":"SearchAction","target":{"@type":"EntryPoint","urlTemplate":"https:\/\/www.intoscana.it\/it\/?s={search_term_string}"},"query-input":{"@type":"PropertyValueSpecification","valueRequired":true,"valueName":"search_term_string"}}],"inLanguage":"it-IT"},{"@type":"Person","@id":"https:\/\/www.intoscana.it\/it\/#\/schema\/person\/9223810753230f20bd670fdd322661f8","name":"Redazione","url":"https:\/\/www.intoscana.it\/it\/author\/redazione\/"}]}},"_links":{"self":[{"href":"https:\/\/www.intoscana.it\/it\/wp-json\/wp\/v2\/posts\/328063","targetHints":{"allow":["GET"]}}],"collection":[{"href":"https:\/\/www.intoscana.it\/it\/wp-json\/wp\/v2\/posts"}],"about":[{"href":"https:\/\/www.intoscana.it\/it\/wp-json\/wp\/v2\/types\/post"}],"author":[{"embeddable":true,"href":"https:\/\/www.intoscana.it\/it\/wp-json\/wp\/v2\/users\/525"}],"replies":[{"embeddable":true,"href":"https:\/\/www.intoscana.it\/it\/wp-json\/wp\/v2\/comments?post=328063"}],"version-history":[{"count":4,"href":"https:\/\/www.intoscana.it\/it\/wp-json\/wp\/v2\/posts\/328063\/revisions"}],"predecessor-version":[{"id":328089,"href":"https:\/\/www.intoscana.it\/it\/wp-json\/wp\/v2\/posts\/328063\/revisions\/328089"}],"wp:featuredmedia":[{"embeddable":true,"href":"https:\/\/www.intoscana.it\/it\/wp-json\/wp\/v2\/media\/328064"}],"wp:attachment":[{"href":"https:\/\/www.intoscana.it\/it\/wp-json\/wp\/v2\/media?parent=328063"}],"wp:term":[{"taxonomy":"category","embeddable":true,"href":"https:\/\/www.intoscana.it\/it\/wp-json\/wp\/v2\/categories?post=328063"},{"taxonomy":"post_tag","embeddable":true,"href":"https:\/\/www.intoscana.it\/it\/wp-json\/wp\/v2\/tags?post=328063"}],"curies":[{"name":"wp","href":"https:\/\/api.w.org\/{rel}","templated":true}]}}