{"id":328140,"date":"2024-02-22T12:05:01","date_gmt":"2024-02-22T11:05:01","guid":{"rendered":"https:\/\/www.intoscana.it\/it\/?p=328140"},"modified":"2024-02-22T12:09:30","modified_gmt":"2024-02-22T11:09:30","slug":"enrico-rava-toninho-horta-e-francesco-ponticelli-a-sesto-jazz-festival-2024","status":"publish","type":"post","link":"https:\/\/www.intoscana.it\/it\/enrico-rava-toninho-horta-e-francesco-ponticelli-a-sesto-jazz-festival-2024\/","title":{"rendered":"Enrico Rava, Toninho Horta e Francesco Ponticelli al Sesto Jazz Festival 2024"},"content":{"rendered":"<p>Il <strong>Sesto Jazz Festival<\/strong> torna <strong>dal 1 al 3 marzo 2024 <\/strong>con un programma sempre alla ricerca di nuove proposte quanto mai interessanti e avvincenti.<\/p>\n<p>Anche quest\u2019anno <strong>Sesto Jazz Festival<\/strong> risponder\u00e0 alle attese di tutti gli appassionati della musica afro-americana con una programmazione di grandissimo livello e interesse.<\/p>\n<p>Si comincia <strong>venerd\u00ec 1 marzo <\/strong>con un concerto che vedr\u00e0 sul grande palcoscenico del <strong>Cinema Teatro Grotta<\/strong> di Sesto Fiorentino un artista eccezionale, sicuramente il jazzista italiano pi\u00f9 conosciuto ed apprezzato a livello internazionale: <strong>Enrico Rava, il celebre trombettista<\/strong> che grazie alla sua poetica immediatamente riconoscibile e la sua sonorit\u00e0 lirica e struggente si \u00e8 imposto come uno dei pi\u00f9 convincenti solisti del jazz europeo.<\/p>\n<p>Nel progetto che presenta Enrico Rava incontra la formazione del pianista <strong>Alessandro Lanzoni con Daniele Germani<\/strong> al sax, <strong>Gabriele Evangelista<\/strong> al contrabbasso ed <strong>Enrico Morello<\/strong> alla batteria per costruire un dialogo creativo che possa proiettare il jazz italiano nel futuro della musica.<\/p>\n<p>La <strong>partecipazione straordinaria della cantante Karima,<\/strong> per la prima volta ospite di questa formazione musicale, impreziosisce il contenuto della serata con le sue interpretazioni vocali.<\/p>\n<figure id=\"post-328148 media-328148\" class=\"align-none\"><img decoding=\"async\" src=\"https:\/\/www.intoscana.it\/wp-content\/uploads\/TONINHO-2.jpg\" alt=\"\" \/><\/figure>\n<div class=\"titleimg\">Toninho Horta<\/div>\n<p>Di livello internazionale anche il secondo appuntamento: il <strong>2 marzo salir\u00e0 sul palco del Teatro della Limonaia<\/strong> il quartetto di <strong>Toninho Horta,<\/strong> autentica star della musica brasiliana, simbolo vivente della prestigiosa scuola chitarristica dello stato brasiliano <strong>Minas Gerais.<\/strong><\/p>\n<p>Un musicista fortemente radicato nella grande tradizione latino-americana ma anche protagonista della storia del jazz internazionale avendo avuto collaborazioni con artisti del calibro di <strong>Wayne Shorter, Herbie Hancock, Keith Jarrett, Gary Peacock<\/strong>, e numerosissimi altri. Con lui tre musicisti di assoluto valore: Pietro Tonolo al sax, Alfredo Paixao al basso elettrico e Jorge Rossy alla batteria.<\/p>\n<p><strong>Domenica 3 marzo<\/strong> chiuder\u00e0 la rassegna un recentissimo progetto del contrabbassista <strong>Francesco Ponticelli<\/strong>, compositore e contrabbassista jazz tra pi\u00f9 attivi della scena italiana.<\/p>\n<p><strong><em>Megapascal<\/em><\/strong> \u00e8 il nome del suo ultimo lavoro discografico, una fusione di voce, parole e musica, che esprime un sentimento di urgenza legato ai problemi ambientali e globali. Un\u2019esperienza musicale complessa e articolata, che invita a ricercare un proprio immaginario sull\u2019universale.<\/p>\n<p>Dialogheranno con <strong>Francesco Ponticelli,<\/strong> sempre sul palco del <strong>Teatro della Limonaia<\/strong>, tre giovani artisti di grande caratura, la voce di <strong>Samuele Cyma, Enrico Zanisi<\/strong> al pianoforte e <strong>Giovanni Jacovella<\/strong> alla batteria.<\/p>\n<figure id=\"post-328149 media-328149\" class=\"align-none\"><img decoding=\"async\" src=\"https:\/\/www.intoscana.it\/wp-content\/uploads\/Francesco-Ponticelli.jpg\" alt=\"\" \/><\/figure>\n<div class=\"titleimg\">Francesco Ponticelli<\/div>\n<p><strong>Biglietti:<\/strong><br \/>\n<strong>Intero \u20ac 15 | Ridotto \u20ac 13<\/strong><br \/>\n<strong>334 6894229 | 346 0384884<\/strong><br \/>\n<strong>info@scuoladimusicasesto.it<\/strong><\/p>\n","protected":false},"excerpt":{"rendered":"<p>Il Sesto Jazz Festival torna dal 1 al 3 marzo 2024 a Sesto Fiorentino con un programma sempre alla ricerca di nuove proposte quanto mai interessanti e avvincenti<\/p>\n","protected":false},"author":525,"featured_media":100939,"comment_status":"open","ping_status":"open","sticky":false,"template":"","format":"standard","meta":{"_acf_changed":false,"footnotes":""},"categories":[14],"tags":[216,228,4495],"class_list":["post-328140","post","type-post","status-publish","format-standard","has-post-thumbnail","hentry","category-musica","tag-concerti","tag-festival","tag-jazz"],"acf":[],"yoast_head":"<!-- This site is optimized with the Yoast SEO Premium plugin v24.2 (Yoast SEO v25.6) - https:\/\/yoast.com\/wordpress\/plugins\/seo\/ -->\n<title>Enrico Rava, Toninho Horta e Francesco Ponticelli al Sesto Jazz Festival 2024 - intoscana<\/title>\n<meta name=\"description\" content=\"Il Sesto Jazz Festival torna dal 1 al 3 marzo 2024 con un programma sempre alla ricerca di nuove proposte quanto mai interessanti\" \/>\n<meta name=\"robots\" content=\"index, follow, max-snippet:-1, max-image-preview:large, max-video-preview:-1\" \/>\n<link rel=\"canonical\" href=\"https:\/\/www.intoscana.it\/it\/enrico-rava-toninho-horta-e-francesco-ponticelli-a-sesto-jazz-festival-2024\/\" \/>\n<meta property=\"og:locale\" content=\"it_IT\" \/>\n<meta property=\"og:type\" content=\"article\" \/>\n<meta property=\"og:title\" content=\"Enrico Rava, Toninho Horta e Francesco Ponticelli al Sesto Jazz Festival 2024\" \/>\n<meta property=\"og:description\" content=\"Il Sesto Jazz Festival torna dal 1 al 3 marzo 2024 con un programma sempre alla ricerca di nuove proposte quanto mai interessanti\" \/>\n<meta property=\"og:url\" content=\"https:\/\/www.intoscana.it\/it\/enrico-rava-toninho-horta-e-francesco-ponticelli-a-sesto-jazz-festival-2024\/\" \/>\n<meta property=\"og:site_name\" content=\"intoscana\" \/>\n<meta property=\"article:publisher\" content=\"https:\/\/www.facebook.com\/intoscana.it\" \/>\n<meta property=\"article:published_time\" content=\"2024-02-22T11:05:01+00:00\" \/>\n<meta property=\"article:modified_time\" content=\"2024-02-22T11:09:30+00:00\" \/>\n<meta property=\"og:image\" content=\"https:\/\/www.intoscana.it\/wp-content\/uploads\/02.10-rava-new-4tet-rid-1.jpg\" \/>\n\t<meta property=\"og:image:width\" content=\"768\" \/>\n\t<meta property=\"og:image:height\" content=\"524\" \/>\n\t<meta property=\"og:image:type\" content=\"image\/jpeg\" \/>\n<meta name=\"author\" content=\"Redazione\" \/>\n<meta name=\"twitter:card\" content=\"summary_large_image\" \/>\n<meta name=\"twitter:creator\" content=\"@intoscana\" \/>\n<meta name=\"twitter:site\" content=\"@intoscana\" \/>\n<meta name=\"twitter:label1\" content=\"Written by\" \/>\n\t<meta name=\"twitter:data1\" content=\"Redazione\" \/>\n\t<meta name=\"twitter:label2\" content=\"Est. reading time\" \/>\n\t<meta name=\"twitter:data2\" content=\"3 minuti\" \/>\n<script type=\"application\/ld+json\" class=\"yoast-schema-graph\">{\"@context\":\"https:\/\/schema.org\",\"@graph\":[{\"@type\":\"WebPage\",\"@id\":\"https:\/\/www.intoscana.it\/it\/enrico-rava-toninho-horta-e-francesco-ponticelli-a-sesto-jazz-festival-2024\/\",\"url\":\"https:\/\/www.intoscana.it\/it\/enrico-rava-toninho-horta-e-francesco-ponticelli-a-sesto-jazz-festival-2024\/\",\"name\":\"Enrico Rava, Toninho Horta e Francesco Ponticelli al Sesto Jazz Festival 2024 - intoscana\",\"isPartOf\":{\"@id\":\"https:\/\/www.intoscana.it\/it\/#website\"},\"primaryImageOfPage\":{\"@id\":\"https:\/\/www.intoscana.it\/it\/enrico-rava-toninho-horta-e-francesco-ponticelli-a-sesto-jazz-festival-2024\/#primaryimage\"},\"image\":{\"@id\":\"https:\/\/www.intoscana.it\/it\/enrico-rava-toninho-horta-e-francesco-ponticelli-a-sesto-jazz-festival-2024\/#primaryimage\"},\"thumbnailUrl\":\"https:\/\/www.intoscana.it\/wp-content\/uploads\/02.10-rava-new-4tet-rid-1.jpg\",\"datePublished\":\"2024-02-22T11:05:01+00:00\",\"dateModified\":\"2024-02-22T11:09:30+00:00\",\"author\":{\"@id\":\"https:\/\/www.intoscana.it\/it\/#\/schema\/person\/9223810753230f20bd670fdd322661f8\"},\"description\":\"Il Sesto Jazz Festival torna dal 1 al 3 marzo 2024 con un programma sempre alla ricerca di nuove proposte quanto mai interessanti\",\"breadcrumb\":{\"@id\":\"https:\/\/www.intoscana.it\/it\/enrico-rava-toninho-horta-e-francesco-ponticelli-a-sesto-jazz-festival-2024\/#breadcrumb\"},\"inLanguage\":\"it-IT\",\"potentialAction\":[{\"@type\":\"ReadAction\",\"target\":[\"https:\/\/www.intoscana.it\/it\/enrico-rava-toninho-horta-e-francesco-ponticelli-a-sesto-jazz-festival-2024\/\"]}]},{\"@type\":\"ImageObject\",\"inLanguage\":\"it-IT\",\"@id\":\"https:\/\/www.intoscana.it\/it\/enrico-rava-toninho-horta-e-francesco-ponticelli-a-sesto-jazz-festival-2024\/#primaryimage\",\"url\":\"https:\/\/www.intoscana.it\/wp-content\/uploads\/02.10-rava-new-4tet-rid-1.jpg\",\"contentUrl\":\"https:\/\/www.intoscana.it\/wp-content\/uploads\/02.10-rava-new-4tet-rid-1.jpg\",\"width\":768,\"height\":524},{\"@type\":\"BreadcrumbList\",\"@id\":\"https:\/\/www.intoscana.it\/it\/enrico-rava-toninho-horta-e-francesco-ponticelli-a-sesto-jazz-festival-2024\/#breadcrumb\",\"itemListElement\":[{\"@type\":\"ListItem\",\"position\":1,\"name\":\"Home\",\"item\":\"https:\/\/www.intoscana.it\/it\/\"},{\"@type\":\"ListItem\",\"position\":2,\"name\":\"Enrico Rava, Toninho Horta e Francesco Ponticelli al Sesto Jazz Festival 2024\"}]},{\"@type\":\"WebSite\",\"@id\":\"https:\/\/www.intoscana.it\/it\/#website\",\"url\":\"https:\/\/www.intoscana.it\/it\/\",\"name\":\"intoscana\",\"description\":\"\",\"potentialAction\":[{\"@type\":\"SearchAction\",\"target\":{\"@type\":\"EntryPoint\",\"urlTemplate\":\"https:\/\/www.intoscana.it\/it\/?s={search_term_string}\"},\"query-input\":{\"@type\":\"PropertyValueSpecification\",\"valueRequired\":true,\"valueName\":\"search_term_string\"}}],\"inLanguage\":\"it-IT\"},{\"@type\":\"Person\",\"@id\":\"https:\/\/www.intoscana.it\/it\/#\/schema\/person\/9223810753230f20bd670fdd322661f8\",\"name\":\"Redazione\",\"url\":\"https:\/\/www.intoscana.it\/it\/author\/redazione\/\"}]}<\/script>\n<!-- \/ Yoast SEO Premium plugin. -->","yoast_head_json":{"title":"Enrico Rava, Toninho Horta e Francesco Ponticelli al Sesto Jazz Festival 2024 - intoscana","description":"Il Sesto Jazz Festival torna dal 1 al 3 marzo 2024 con un programma sempre alla ricerca di nuove proposte quanto mai interessanti","robots":{"index":"index","follow":"follow","max-snippet":"max-snippet:-1","max-image-preview":"max-image-preview:large","max-video-preview":"max-video-preview:-1"},"canonical":"https:\/\/www.intoscana.it\/it\/enrico-rava-toninho-horta-e-francesco-ponticelli-a-sesto-jazz-festival-2024\/","og_locale":"it_IT","og_type":"article","og_title":"Enrico Rava, Toninho Horta e Francesco Ponticelli al Sesto Jazz Festival 2024","og_description":"Il Sesto Jazz Festival torna dal 1 al 3 marzo 2024 con un programma sempre alla ricerca di nuove proposte quanto mai interessanti","og_url":"https:\/\/www.intoscana.it\/it\/enrico-rava-toninho-horta-e-francesco-ponticelli-a-sesto-jazz-festival-2024\/","og_site_name":"intoscana","article_publisher":"https:\/\/www.facebook.com\/intoscana.it","article_published_time":"2024-02-22T11:05:01+00:00","article_modified_time":"2024-02-22T11:09:30+00:00","og_image":[{"width":768,"height":524,"url":"https:\/\/www.intoscana.it\/wp-content\/uploads\/02.10-rava-new-4tet-rid-1.jpg","type":"image\/jpeg"}],"author":"Redazione","twitter_card":"summary_large_image","twitter_creator":"@intoscana","twitter_site":"@intoscana","twitter_misc":{"Written by":"Redazione","Est. reading time":"3 minuti"},"schema":{"@context":"https:\/\/schema.org","@graph":[{"@type":"WebPage","@id":"https:\/\/www.intoscana.it\/it\/enrico-rava-toninho-horta-e-francesco-ponticelli-a-sesto-jazz-festival-2024\/","url":"https:\/\/www.intoscana.it\/it\/enrico-rava-toninho-horta-e-francesco-ponticelli-a-sesto-jazz-festival-2024\/","name":"Enrico Rava, Toninho Horta e Francesco Ponticelli al Sesto Jazz Festival 2024 - intoscana","isPartOf":{"@id":"https:\/\/www.intoscana.it\/it\/#website"},"primaryImageOfPage":{"@id":"https:\/\/www.intoscana.it\/it\/enrico-rava-toninho-horta-e-francesco-ponticelli-a-sesto-jazz-festival-2024\/#primaryimage"},"image":{"@id":"https:\/\/www.intoscana.it\/it\/enrico-rava-toninho-horta-e-francesco-ponticelli-a-sesto-jazz-festival-2024\/#primaryimage"},"thumbnailUrl":"https:\/\/www.intoscana.it\/wp-content\/uploads\/02.10-rava-new-4tet-rid-1.jpg","datePublished":"2024-02-22T11:05:01+00:00","dateModified":"2024-02-22T11:09:30+00:00","author":{"@id":"https:\/\/www.intoscana.it\/it\/#\/schema\/person\/9223810753230f20bd670fdd322661f8"},"description":"Il Sesto Jazz Festival torna dal 1 al 3 marzo 2024 con un programma sempre alla ricerca di nuove proposte quanto mai interessanti","breadcrumb":{"@id":"https:\/\/www.intoscana.it\/it\/enrico-rava-toninho-horta-e-francesco-ponticelli-a-sesto-jazz-festival-2024\/#breadcrumb"},"inLanguage":"it-IT","potentialAction":[{"@type":"ReadAction","target":["https:\/\/www.intoscana.it\/it\/enrico-rava-toninho-horta-e-francesco-ponticelli-a-sesto-jazz-festival-2024\/"]}]},{"@type":"ImageObject","inLanguage":"it-IT","@id":"https:\/\/www.intoscana.it\/it\/enrico-rava-toninho-horta-e-francesco-ponticelli-a-sesto-jazz-festival-2024\/#primaryimage","url":"https:\/\/www.intoscana.it\/wp-content\/uploads\/02.10-rava-new-4tet-rid-1.jpg","contentUrl":"https:\/\/www.intoscana.it\/wp-content\/uploads\/02.10-rava-new-4tet-rid-1.jpg","width":768,"height":524},{"@type":"BreadcrumbList","@id":"https:\/\/www.intoscana.it\/it\/enrico-rava-toninho-horta-e-francesco-ponticelli-a-sesto-jazz-festival-2024\/#breadcrumb","itemListElement":[{"@type":"ListItem","position":1,"name":"Home","item":"https:\/\/www.intoscana.it\/it\/"},{"@type":"ListItem","position":2,"name":"Enrico Rava, Toninho Horta e Francesco Ponticelli al Sesto Jazz Festival 2024"}]},{"@type":"WebSite","@id":"https:\/\/www.intoscana.it\/it\/#website","url":"https:\/\/www.intoscana.it\/it\/","name":"intoscana","description":"","potentialAction":[{"@type":"SearchAction","target":{"@type":"EntryPoint","urlTemplate":"https:\/\/www.intoscana.it\/it\/?s={search_term_string}"},"query-input":{"@type":"PropertyValueSpecification","valueRequired":true,"valueName":"search_term_string"}}],"inLanguage":"it-IT"},{"@type":"Person","@id":"https:\/\/www.intoscana.it\/it\/#\/schema\/person\/9223810753230f20bd670fdd322661f8","name":"Redazione","url":"https:\/\/www.intoscana.it\/it\/author\/redazione\/"}]}},"_links":{"self":[{"href":"https:\/\/www.intoscana.it\/it\/wp-json\/wp\/v2\/posts\/328140","targetHints":{"allow":["GET"]}}],"collection":[{"href":"https:\/\/www.intoscana.it\/it\/wp-json\/wp\/v2\/posts"}],"about":[{"href":"https:\/\/www.intoscana.it\/it\/wp-json\/wp\/v2\/types\/post"}],"author":[{"embeddable":true,"href":"https:\/\/www.intoscana.it\/it\/wp-json\/wp\/v2\/users\/525"}],"replies":[{"embeddable":true,"href":"https:\/\/www.intoscana.it\/it\/wp-json\/wp\/v2\/comments?post=328140"}],"version-history":[{"count":6,"href":"https:\/\/www.intoscana.it\/it\/wp-json\/wp\/v2\/posts\/328140\/revisions"}],"predecessor-version":[{"id":328151,"href":"https:\/\/www.intoscana.it\/it\/wp-json\/wp\/v2\/posts\/328140\/revisions\/328151"}],"wp:featuredmedia":[{"embeddable":true,"href":"https:\/\/www.intoscana.it\/it\/wp-json\/wp\/v2\/media\/100939"}],"wp:attachment":[{"href":"https:\/\/www.intoscana.it\/it\/wp-json\/wp\/v2\/media?parent=328140"}],"wp:term":[{"taxonomy":"category","embeddable":true,"href":"https:\/\/www.intoscana.it\/it\/wp-json\/wp\/v2\/categories?post=328140"},{"taxonomy":"post_tag","embeddable":true,"href":"https:\/\/www.intoscana.it\/it\/wp-json\/wp\/v2\/tags?post=328140"}],"curies":[{"name":"wp","href":"https:\/\/api.w.org\/{rel}","templated":true}]}}