{"id":328225,"date":"2024-02-22T17:10:13","date_gmt":"2024-02-22T16:10:13","guid":{"rendered":"https:\/\/www.intoscana.it\/it\/?p=328225"},"modified":"2024-02-22T17:11:05","modified_gmt":"2024-02-22T16:11:05","slug":"rigenerazione-urbana-galliano-rinasce-con-lalbergo-diffuso","status":"publish","type":"post","link":"https:\/\/www.intoscana.it\/it\/rigenerazione-urbana-galliano-rinasce-con-lalbergo-diffuso\/","title":{"rendered":"Rigenerazione urbana, Galliano rinasce con l&#8217;albergo diffuso"},"content":{"rendered":"<p>Un <strong>albergo diffuso<\/strong> partendo dal <strong>recupero di quattro edifici<\/strong> di propriet\u00e0 pubblica: il progetto di <strong>rigenerazione urbana<\/strong> di <strong>Galliano<\/strong>, frazione di Barberino di Mugello prevede <mark>la riqualificazione di ex Casa del Fascio, Palazzo degli Ubaldini, ex scuola Mariotti Zanobi e magazzino comunale<\/mark>.<\/p>\n<p>Il recupero di questi spazi, grazie ai <strong>fondi della Regione Toscana<\/strong>, punta alla realizzazione dell&#8217;<strong>albergo diffuso<\/strong> nell&#8217;ambito di una strategia turistica e pure a migliorare la <strong>coesione sociale<\/strong> e la qualit\u00e0 della vita dei cittadini nel segno di <strong>sostenibilit\u00e0 e inclusivit\u00e0<\/strong>.<\/p>\n<h3>Via al primo lotto di lavori a marzo<\/h3>\n<p>Entro il mese di marzo il <strong>via ai lavori<\/strong> per il primo lotto, finanziato attraverso fondi della <strong>Regione Toscana<\/strong>, fondi del Pinqua legati al <strong>PNRR<\/strong> e fondi comunali. Prevede gli interventi negli immobili del <strong>Palazzo degli Ubaldini<\/strong> e nell\u2019<strong>ex Casa del fascio<\/strong> per un costo di oltre 3 milioni di euro: un milione e 830 mila serviranno per la riqualificazione dell\u2019<strong>ex Casa del fascio<\/strong> e circa 430 mila per il <strong>Palazzo degli Ubaldini<\/strong>.<\/p>\n<h3>L&#8217;intervento nell&#8217;ex Casa del fascio<\/h3>\n<p>Nell&#8217;<strong>ex Casa del fascio<\/strong> sar\u00e0 realizzato il <strong>punto di arrivo<\/strong> e di smistamento <strong>dei turisti<\/strong> per le altre strutture dell\u2019albergo diffuso e ospiter\u00e0 inoltre il nuovo <strong>Centro civico<\/strong> di Galliano. Uno spazio di aggregazione per la comunit\u00e0 locale e di interazione tra questa e i turisti.<\/p>\n<p>L\u2019intervento prevede la realizzazione di una <strong>sala polivalente<\/strong>, una reception, una sala ad uso comune per ospitare <strong>eventi, manifestazioni, incontri<\/strong> e attivit\u00e0 sociali, <strong>bar, ristorante<\/strong>, cucine, dispensa, una camera attrezzata per accogliere l\u2019utenza con disabilit\u00e0, uffici, servizi igienici dislocati su ogni piano.<\/p>\n<figure id=\"post-328227 media-328227\" class=\"align-none\"><img decoding=\"async\" src=\"https:\/\/www.intoscana.it\/wp-content\/uploads\/Rendering-Interno-Palazzo-degli-Ubaldini-scaled.jpg\" alt=\"\" \/><\/figure>\n<div class=\"titleimg\">L\u2019albergo diffuso a Galliano, il rendering interno del Palazzo degli Ubaldini<\/div>\n<p>L\u2019<strong>ampia terrazza<\/strong> esterna sar\u00e0 la naturale estensione esterna della sala ristorante. <strong>La torre<\/strong>, vero segno distintivo dell\u2019edificio, sar\u00e0 riportata <strong>all\u2019altezza originale<\/strong> e l\u2019immobile sar\u00e0 dotato di ascensore. Il completamento dei <strong>lavori<\/strong> \u00e8 stimato <strong>in 15 mesi<\/strong>.<\/p>\n<h3>Il recupero del Palazzo degli Ubaldini<\/h3>\n<p>Nel <strong>Palazzo degli Ubaldini<\/strong>, attraverso una ristrutturazione completa del suo piano principale, saranno realizzate <strong>quattro unit\u00e0 abitative<\/strong> nel contesto dell\u2019<strong>albergo diffuso<\/strong> di Galliano. L&#8217;intervento prevede una completa riqualificazione muraria e impiantistica, valorizzando la storia dell\u2019immobile e conservando alcuni <strong>elementi di pregio<\/strong> del Palazzo signorile. Il completamento dei lavori \u00e8 stimato in <strong>8 mesi<\/strong>.<\/p>\n<p>\u201c<em>Si tratta di un intervento a cui teniamo particolarmente ed in cui l\u2019Amministrazione ha creduto molto<\/em> &#8211; spiega il sindaco di Barberino <strong>Giampiero Mongatti<\/strong>-. <em>Ha molte valenze: risolvere l\u2019annosa problematica del degrado di questi immobili di propriet\u00e0 pubblica, favorire lo sviluppo turistico con una forma innovativa che guarda alla sostenibilit\u00e0, realizzare nuovi spazi per la collettivit\u00e0 che potranno essere gestiti dall\u2019associazionismo locale. Un progetto di ampio respiro e che guarda certamente al futuro\u201d.<\/em><\/p>\n","protected":false},"excerpt":{"rendered":"<p>In Mugello al via i lavori per il recupero dell&#8217;ex Casa del fascio destinata a ospitare il nuovo Centro civico del paese e il punto di arrivo dei turisti<\/p>\n","protected":false},"author":554,"featured_media":328226,"comment_status":"open","ping_status":"open","sticky":false,"template":"","format":"standard","meta":{"_acf_changed":false,"footnotes":""},"categories":[19],"tags":[375,5290],"class_list":["post-328225","post","type-post","status-publish","format-standard","has-post-thumbnail","hentry","category-ambiente","tag-mugello","tag-rigenerazione-urbana"],"acf":[],"yoast_head":"<!-- This site is optimized with the Yoast SEO Premium plugin v24.2 (Yoast SEO v25.6) - https:\/\/yoast.com\/wordpress\/plugins\/seo\/ -->\n<title>Rigenerazione urbana, Galliano rinasce con l&#039;albergo diffuso - intoscana<\/title>\n<meta name=\"description\" content=\"In Mugello al via i lavori per il recupero dell&#039;ex Casa del fascio destinata a ospitare il Centro civico e il punto di arrivo dei turisti\" \/>\n<meta name=\"robots\" content=\"index, follow, max-snippet:-1, max-image-preview:large, max-video-preview:-1\" \/>\n<link rel=\"canonical\" href=\"https:\/\/www.intoscana.it\/it\/rigenerazione-urbana-galliano-rinasce-con-lalbergo-diffuso\/\" \/>\n<meta property=\"og:locale\" content=\"it_IT\" \/>\n<meta property=\"og:type\" content=\"article\" \/>\n<meta property=\"og:title\" content=\"Rigenerazione urbana, Galliano rinasce con l&#039;albergo diffuso\" \/>\n<meta property=\"og:description\" content=\"In Mugello al via i lavori per il recupero dell&#039;ex Casa del fascio destinata a ospitare il Centro civico e il punto di arrivo dei turisti\" \/>\n<meta property=\"og:url\" content=\"https:\/\/www.intoscana.it\/it\/rigenerazione-urbana-galliano-rinasce-con-lalbergo-diffuso\/\" \/>\n<meta property=\"og:site_name\" content=\"intoscana\" \/>\n<meta property=\"article:publisher\" content=\"https:\/\/www.facebook.com\/intoscana.it\" \/>\n<meta property=\"article:published_time\" content=\"2024-02-22T16:10:13+00:00\" \/>\n<meta property=\"article:modified_time\" content=\"2024-02-22T16:11:05+00:00\" \/>\n<meta property=\"og:image\" content=\"https:\/\/www.intoscana.it\/wp-content\/uploads\/Rendering-Ex-Casa-del-Fascio-scaled.jpg\" \/>\n\t<meta property=\"og:image:width\" content=\"2048\" \/>\n\t<meta property=\"og:image:height\" content=\"1326\" \/>\n\t<meta property=\"og:image:type\" content=\"image\/jpeg\" \/>\n<meta name=\"author\" content=\"Raffaella Galamini\" \/>\n<meta name=\"twitter:card\" content=\"summary_large_image\" \/>\n<meta name=\"twitter:creator\" content=\"@orio\" \/>\n<meta name=\"twitter:site\" content=\"@intoscana\" \/>\n<meta name=\"twitter:label1\" content=\"Written by\" \/>\n\t<meta name=\"twitter:data1\" content=\"Raffaella Galamini\" \/>\n\t<meta name=\"twitter:label2\" content=\"Est. reading time\" \/>\n\t<meta name=\"twitter:data2\" content=\"3 minuti\" \/>\n<script type=\"application\/ld+json\" class=\"yoast-schema-graph\">{\"@context\":\"https:\/\/schema.org\",\"@graph\":[{\"@type\":\"WebPage\",\"@id\":\"https:\/\/www.intoscana.it\/it\/rigenerazione-urbana-galliano-rinasce-con-lalbergo-diffuso\/\",\"url\":\"https:\/\/www.intoscana.it\/it\/rigenerazione-urbana-galliano-rinasce-con-lalbergo-diffuso\/\",\"name\":\"Rigenerazione urbana, Galliano rinasce con l'albergo diffuso - intoscana\",\"isPartOf\":{\"@id\":\"https:\/\/www.intoscana.it\/it\/#website\"},\"primaryImageOfPage\":{\"@id\":\"https:\/\/www.intoscana.it\/it\/rigenerazione-urbana-galliano-rinasce-con-lalbergo-diffuso\/#primaryimage\"},\"image\":{\"@id\":\"https:\/\/www.intoscana.it\/it\/rigenerazione-urbana-galliano-rinasce-con-lalbergo-diffuso\/#primaryimage\"},\"thumbnailUrl\":\"https:\/\/www.intoscana.it\/wp-content\/uploads\/Rendering-Ex-Casa-del-Fascio-scaled.jpg\",\"datePublished\":\"2024-02-22T16:10:13+00:00\",\"dateModified\":\"2024-02-22T16:11:05+00:00\",\"author\":{\"@id\":\"https:\/\/www.intoscana.it\/it\/#\/schema\/person\/9eb9daa846a49fe51af39a73d9d1986b\"},\"description\":\"In Mugello al via i lavori per il recupero dell'ex Casa del fascio destinata a ospitare il Centro civico e il punto di arrivo dei turisti\",\"breadcrumb\":{\"@id\":\"https:\/\/www.intoscana.it\/it\/rigenerazione-urbana-galliano-rinasce-con-lalbergo-diffuso\/#breadcrumb\"},\"inLanguage\":\"it-IT\",\"potentialAction\":[{\"@type\":\"ReadAction\",\"target\":[\"https:\/\/www.intoscana.it\/it\/rigenerazione-urbana-galliano-rinasce-con-lalbergo-diffuso\/\"]}]},{\"@type\":\"ImageObject\",\"inLanguage\":\"it-IT\",\"@id\":\"https:\/\/www.intoscana.it\/it\/rigenerazione-urbana-galliano-rinasce-con-lalbergo-diffuso\/#primaryimage\",\"url\":\"https:\/\/www.intoscana.it\/wp-content\/uploads\/Rendering-Ex-Casa-del-Fascio-scaled.jpg\",\"contentUrl\":\"https:\/\/www.intoscana.it\/wp-content\/uploads\/Rendering-Ex-Casa-del-Fascio-scaled.jpg\",\"width\":2048,\"height\":1326},{\"@type\":\"BreadcrumbList\",\"@id\":\"https:\/\/www.intoscana.it\/it\/rigenerazione-urbana-galliano-rinasce-con-lalbergo-diffuso\/#breadcrumb\",\"itemListElement\":[{\"@type\":\"ListItem\",\"position\":1,\"name\":\"Home\",\"item\":\"https:\/\/www.intoscana.it\/it\/\"},{\"@type\":\"ListItem\",\"position\":2,\"name\":\"Rigenerazione urbana, Galliano rinasce con l&#8217;albergo diffuso\"}]},{\"@type\":\"WebSite\",\"@id\":\"https:\/\/www.intoscana.it\/it\/#website\",\"url\":\"https:\/\/www.intoscana.it\/it\/\",\"name\":\"intoscana\",\"description\":\"\",\"potentialAction\":[{\"@type\":\"SearchAction\",\"target\":{\"@type\":\"EntryPoint\",\"urlTemplate\":\"https:\/\/www.intoscana.it\/it\/?s={search_term_string}\"},\"query-input\":{\"@type\":\"PropertyValueSpecification\",\"valueRequired\":true,\"valueName\":\"search_term_string\"}}],\"inLanguage\":\"it-IT\"},{\"@type\":\"Person\",\"@id\":\"https:\/\/www.intoscana.it\/it\/#\/schema\/person\/9eb9daa846a49fe51af39a73d9d1986b\",\"name\":\"Raffaella Galamini\",\"sameAs\":[\"https:\/\/x.com\/orio\"],\"url\":\"https:\/\/www.intoscana.it\/it\/author\/r-galamini\/\"}]}<\/script>\n<!-- \/ Yoast SEO Premium plugin. -->","yoast_head_json":{"title":"Rigenerazione urbana, Galliano rinasce con l'albergo diffuso - intoscana","description":"In Mugello al via i lavori per il recupero dell'ex Casa del fascio destinata a ospitare il Centro civico e il punto di arrivo dei turisti","robots":{"index":"index","follow":"follow","max-snippet":"max-snippet:-1","max-image-preview":"max-image-preview:large","max-video-preview":"max-video-preview:-1"},"canonical":"https:\/\/www.intoscana.it\/it\/rigenerazione-urbana-galliano-rinasce-con-lalbergo-diffuso\/","og_locale":"it_IT","og_type":"article","og_title":"Rigenerazione urbana, Galliano rinasce con l'albergo diffuso","og_description":"In Mugello al via i lavori per il recupero dell'ex Casa del fascio destinata a ospitare il Centro civico e il punto di arrivo dei turisti","og_url":"https:\/\/www.intoscana.it\/it\/rigenerazione-urbana-galliano-rinasce-con-lalbergo-diffuso\/","og_site_name":"intoscana","article_publisher":"https:\/\/www.facebook.com\/intoscana.it","article_published_time":"2024-02-22T16:10:13+00:00","article_modified_time":"2024-02-22T16:11:05+00:00","og_image":[{"width":2048,"height":1326,"url":"https:\/\/www.intoscana.it\/wp-content\/uploads\/Rendering-Ex-Casa-del-Fascio-scaled.jpg","type":"image\/jpeg"}],"author":"Raffaella Galamini","twitter_card":"summary_large_image","twitter_creator":"@orio","twitter_site":"@intoscana","twitter_misc":{"Written by":"Raffaella Galamini","Est. reading time":"3 minuti"},"schema":{"@context":"https:\/\/schema.org","@graph":[{"@type":"WebPage","@id":"https:\/\/www.intoscana.it\/it\/rigenerazione-urbana-galliano-rinasce-con-lalbergo-diffuso\/","url":"https:\/\/www.intoscana.it\/it\/rigenerazione-urbana-galliano-rinasce-con-lalbergo-diffuso\/","name":"Rigenerazione urbana, Galliano rinasce con l'albergo diffuso - intoscana","isPartOf":{"@id":"https:\/\/www.intoscana.it\/it\/#website"},"primaryImageOfPage":{"@id":"https:\/\/www.intoscana.it\/it\/rigenerazione-urbana-galliano-rinasce-con-lalbergo-diffuso\/#primaryimage"},"image":{"@id":"https:\/\/www.intoscana.it\/it\/rigenerazione-urbana-galliano-rinasce-con-lalbergo-diffuso\/#primaryimage"},"thumbnailUrl":"https:\/\/www.intoscana.it\/wp-content\/uploads\/Rendering-Ex-Casa-del-Fascio-scaled.jpg","datePublished":"2024-02-22T16:10:13+00:00","dateModified":"2024-02-22T16:11:05+00:00","author":{"@id":"https:\/\/www.intoscana.it\/it\/#\/schema\/person\/9eb9daa846a49fe51af39a73d9d1986b"},"description":"In Mugello al via i lavori per il recupero dell'ex Casa del fascio destinata a ospitare il Centro civico e il punto di arrivo dei turisti","breadcrumb":{"@id":"https:\/\/www.intoscana.it\/it\/rigenerazione-urbana-galliano-rinasce-con-lalbergo-diffuso\/#breadcrumb"},"inLanguage":"it-IT","potentialAction":[{"@type":"ReadAction","target":["https:\/\/www.intoscana.it\/it\/rigenerazione-urbana-galliano-rinasce-con-lalbergo-diffuso\/"]}]},{"@type":"ImageObject","inLanguage":"it-IT","@id":"https:\/\/www.intoscana.it\/it\/rigenerazione-urbana-galliano-rinasce-con-lalbergo-diffuso\/#primaryimage","url":"https:\/\/www.intoscana.it\/wp-content\/uploads\/Rendering-Ex-Casa-del-Fascio-scaled.jpg","contentUrl":"https:\/\/www.intoscana.it\/wp-content\/uploads\/Rendering-Ex-Casa-del-Fascio-scaled.jpg","width":2048,"height":1326},{"@type":"BreadcrumbList","@id":"https:\/\/www.intoscana.it\/it\/rigenerazione-urbana-galliano-rinasce-con-lalbergo-diffuso\/#breadcrumb","itemListElement":[{"@type":"ListItem","position":1,"name":"Home","item":"https:\/\/www.intoscana.it\/it\/"},{"@type":"ListItem","position":2,"name":"Rigenerazione urbana, Galliano rinasce con l&#8217;albergo diffuso"}]},{"@type":"WebSite","@id":"https:\/\/www.intoscana.it\/it\/#website","url":"https:\/\/www.intoscana.it\/it\/","name":"intoscana","description":"","potentialAction":[{"@type":"SearchAction","target":{"@type":"EntryPoint","urlTemplate":"https:\/\/www.intoscana.it\/it\/?s={search_term_string}"},"query-input":{"@type":"PropertyValueSpecification","valueRequired":true,"valueName":"search_term_string"}}],"inLanguage":"it-IT"},{"@type":"Person","@id":"https:\/\/www.intoscana.it\/it\/#\/schema\/person\/9eb9daa846a49fe51af39a73d9d1986b","name":"Raffaella Galamini","sameAs":["https:\/\/x.com\/orio"],"url":"https:\/\/www.intoscana.it\/it\/author\/r-galamini\/"}]}},"_links":{"self":[{"href":"https:\/\/www.intoscana.it\/it\/wp-json\/wp\/v2\/posts\/328225","targetHints":{"allow":["GET"]}}],"collection":[{"href":"https:\/\/www.intoscana.it\/it\/wp-json\/wp\/v2\/posts"}],"about":[{"href":"https:\/\/www.intoscana.it\/it\/wp-json\/wp\/v2\/types\/post"}],"author":[{"embeddable":true,"href":"https:\/\/www.intoscana.it\/it\/wp-json\/wp\/v2\/users\/554"}],"replies":[{"embeddable":true,"href":"https:\/\/www.intoscana.it\/it\/wp-json\/wp\/v2\/comments?post=328225"}],"version-history":[{"count":6,"href":"https:\/\/www.intoscana.it\/it\/wp-json\/wp\/v2\/posts\/328225\/revisions"}],"predecessor-version":[{"id":328241,"href":"https:\/\/www.intoscana.it\/it\/wp-json\/wp\/v2\/posts\/328225\/revisions\/328241"}],"wp:featuredmedia":[{"embeddable":true,"href":"https:\/\/www.intoscana.it\/it\/wp-json\/wp\/v2\/media\/328226"}],"wp:attachment":[{"href":"https:\/\/www.intoscana.it\/it\/wp-json\/wp\/v2\/media?parent=328225"}],"wp:term":[{"taxonomy":"category","embeddable":true,"href":"https:\/\/www.intoscana.it\/it\/wp-json\/wp\/v2\/categories?post=328225"},{"taxonomy":"post_tag","embeddable":true,"href":"https:\/\/www.intoscana.it\/it\/wp-json\/wp\/v2\/tags?post=328225"}],"curies":[{"name":"wp","href":"https:\/\/api.w.org\/{rel}","templated":true}]}}