{"id":328322,"date":"2024-02-23T14:49:32","date_gmt":"2024-02-23T13:49:32","guid":{"rendered":"https:\/\/www.intoscana.it\/it\/?p=328322"},"modified":"2024-02-23T16:15:24","modified_gmt":"2024-02-23T15:15:24","slug":"al-via-tourisma","status":"publish","type":"post","link":"https:\/\/www.intoscana.it\/it\/al-via-tourisma\/","title":{"rendered":"Al via TourismA, grandi ospiti e grandi scoperte. Giani: &#8220;Presto una nuova legge sul turismo&#8221;"},"content":{"rendered":"<p>Al via oggi, 23 febbraio <strong>TourismA<\/strong>, il Salone Archeologia e Turismo Culturale arrivato quest&#8217;anno alla decima edizione.<\/p>\n<p>Per tre giorni, presso il palazzo dei Congressi di Firenze, \u00a0incontri, laboratori, lezioni, mostre, premi, archeodegustazioni. Una manifestazione che \u00e8 diventata punto di riferimento per gli operatori turistici alla ricerca di sempre nuove proposte in arrivo dal mondo dell\u2019archeologia e del patrimonio ambientale. Ma anche una grande festa della cultura, aperta e gratuita per tutti, organizzato come ogni anno dal mensile\u00a0<a href=\"https:\/\/www.archeologiaviva.it\/\" target=\"_blank\" rel=\"noopener\"><strong>Archeologia Viva,\u00a0<\/strong><\/a>con il patrocinio della\u00a0<strong>Regione Toscana<\/strong>\u00a0e del<strong>\u00a0Ministero della Cultura.\u00a0<\/strong><\/p>\n<p>E a proposito di proposte, proprio da Tourisma, <mark>il presidente della Regione Toscana Eugenio Giani ha annunciato che una proposta di legge sul turismo sar\u00e0 presto varata dalla giunta regionale.<\/mark><\/p>\n<h3>La proposta di una nuova legge sul turismo<\/h3>\n<p><strong>Giani<\/strong> ha prima spiegato che TourismA, grazie ad un programma sempre pi\u00f9 importante e strutturato, \u201csta diventando anno dopo anno un\u2019occasione di valorizzazione e promozione turistica di livello nazionale ed internazionale\u201d, e che \u201cquesta edizione vede al centro la figura di Cosimo I de\u2019 Medici di cui ricorrono i 450 anni dalla morte\u201d (lo stesso presidente ha poi tenuto nell\u2019auditorium una lectio magistralis dal titolo \u201cEtruschi in casa Medici: da Cosimo I dux Etruriae (1519-1574) all\u2019Elettrice Palatina\u201d).<\/p>\n<p>Quindi riguardo alla <strong>nuova legge<\/strong> sul turismo ha detto che \u201cLa Regione sta predisponendo una proposta di legge che sar\u00e0 approvata dalla giunta nelle prossime settimane. Il nuovo testo dar\u00e0 pi\u00f9 poteri agli organi con i quali collaboriamo direttamente per portare avanti le politiche di promozione turistica, ovvero gli Ambiti che assumeranno il nome di<strong> Comunit\u00e0 di Ambito<\/strong>. Sono in tutto 28 e servono per valorizzare la Toscana diffusa, e per questo scopo abbiamo bisogno di <mark>centri pulsanti capaci di sfruttare al massimo le potenzialit\u00e0 delle zone meno battute.<\/mark><\/p>\n<p>Ad oggi esistono gi\u00e0 gli Ambiti turistici che per\u00f2 vanno potenziati con la previsione, all\u2019interno della nuova legge, di un obbligo di un capitolo di spesa dedicato alle politiche di promozione. Il tutto &#8211; ha concluso &#8211; per favorire la crescita dell\u2019identit\u00e0 di ognuna di queste Comunit\u00e0 e delle specificit\u00e0 ad esse collegate\u201d.<\/p>\n<h3>Il turismo in Toscana: +10% in un anno<\/h3>\n<p>Il 2023 \u00e8 stato un anno positivo per il turismo culturale in Toscana, con <mark>una crescita di quasi il 10% rispetto all&#8217;anno precedente<\/mark>. E&#8217; quanto emerso dalle prime stime fatte del Centro studi turistici di Firenze presentante durante il panel &#8220;Toscana Terra Etrusca&#8221;.<\/p>\n<p>Alessandro Tortelli, direttore scientifico del Centro studi turistici ha spiegato: &#8220;E&#8217; stato un anno molto positivo per il turismo culturale, grazie a un recupero molto importante dei flussi intercontinentali, Stati Uniti in primis. Non abbiamo ancora dati percentuali precisi, ma si arriva quasi a una crescita del 10% del 2023 sul 2022, per il solo turismo culturale in Toscana. Per il turismo delle grandi citt\u00e0 \u00e8 stato il primo anno di vera ripresa del turismo culturale&#8221;. Non tutto per\u00f2 \u00e8 oro che cola, a preoccupare \u00e8 <strong>l&#8217;inflazione<\/strong> che pesa sulle famiglie insieme alla situazione <strong>politica internazionale<\/strong>. Senza dimenticare che i <strong>cambiamenti climatici<\/strong> impattano enormemente anche sulle vacanze dei turisti.<\/p>\n<h3>Tourisma, grandi ospiti e citt\u00e0 nascoste<\/h3>\n<p>Tra gli ospiti pi\u00f9 attesi: il critico d\u2019arte<strong>\u00a0Vittorio Sgarbi<\/strong>, il giornalista<strong>\u00a0Aldo Cazzullo<\/strong>, il cantautore\u00a0<strong>Francesco Guccini<\/strong>, il filologo<strong>\u00a0Giuliano Canfora,<\/strong>\u00a0il geologo\u00a0<strong>Mario Tozzi,<\/strong>\u00a0il medievalista\u00a0<strong>Franco Cardini,\u00a0<\/strong>il\u00a0paleoantropologo<b>\u00a0Giorgio Manzi,<\/b>\u00a0l\u2019archeologo<b>\u00a0Andrea Carradini,\u00a0<\/b>lo storico<b>\u00a0Aldo Schiavone<\/b>\u00a0e l\u2019attesissimo\u00a0<strong>Alberto Angela<\/strong> che terr\u00e0 una lezione in diretta streaming. Oltre a tutto ci\u00f2 grande rilievo alcune importanti &#8220;scoperte&#8221; o meglio aree di grande interesse archeologico che a Tourisma diventano protagoniste, come quella di Gonfienti. Vicino all&#8217;interporto della Toscana centrale si trova la citt\u00e0 di Gonfienti che venne ritrovata oltre dieci anni fa, ma tanto \u00e8 ancora da fare e da valorizzare.<\/p>\n<p><mark>&#8220;Sono state trovate delle vere domus, quindi serve una strategia per valorizzare questo territorio, cos\u00ec toccato dai recenti eventi alluvionali. Gli scavi continuiamo a farli, ma vorrei trovare una strategia estesa per capire meglio questo sito che ci dar\u00e0 davvero tanto scoperte&#8221; <\/mark>, ha commentato e spiegato <strong>Antonella Ranaldi,<\/strong> soprintendente Archeologia, belle arti e paesaggio per la citt\u00e0 metropolitana di Firenze e le province di Pistoia e Prato. La soprintendente ha poi parlato della <strong>Stele di Vicchio<\/strong>, opera &#8220;ritrovata nel 2015&#8221; in Mugello, &#8220;ma la notizia attuale \u00e8 la sua <strong>musealizzazione<\/strong>. E&#8217; un reperto importante che \u00e8 stato in mostra Milano. La scelta \u00e8 stata poi di portarla a casa, nel Mugello, ed \u00e8 <mark>esposta in sede definitiva nel museo di Dicomano (Firenze), vicino al sito di ritrovamento&#8221;.<\/mark><\/p>\n","protected":false},"excerpt":{"rendered":"<p>Per tre giorni, presso il palazzo dei Congressi di Firenze, \u00a0incontri, laboratori, lezioni, mostre, premi, archeodegustazioni. Una manifestazione che \u00e8 diventata punto di riferimento per gli operatori turistici<\/p>\n","protected":false},"author":525,"featured_media":328323,"comment_status":"open","ping_status":"open","sticky":false,"template":"","format":"standard","meta":{"_acf_changed":false,"footnotes":""},"categories":[493],"tags":[208,4236,175],"class_list":["post-328322","post","type-post","status-publish","format-standard","has-post-thumbnail","hentry","category-cultura","tag-archeologia","tag-arte-a-firenze","tag-storia"],"acf":[],"yoast_head":"<!-- This site is optimized with the Yoast SEO Premium plugin v24.2 (Yoast SEO v25.6) - https:\/\/yoast.com\/wordpress\/plugins\/seo\/ -->\n<title>Al via TourismA, grandi ospiti e grandi scoperte. Giani: &quot;Nuova legge sul turismo&quot;<\/title>\n<meta name=\"description\" content=\"In apertura di Tourisma il presidente Giani ha annunciato una nuova legge sul turismo per valorizzare le zone anche meno note\" \/>\n<meta name=\"robots\" content=\"index, follow, max-snippet:-1, max-image-preview:large, max-video-preview:-1\" \/>\n<link rel=\"canonical\" href=\"https:\/\/www.intoscana.it\/it\/al-via-tourisma\/\" \/>\n<meta property=\"og:locale\" content=\"it_IT\" \/>\n<meta property=\"og:type\" content=\"article\" \/>\n<meta property=\"og:title\" content=\"Al via TourismA, grandi ospiti e grandi scoperte. Giani: &quot;Presto una nuova legge sul turismo&quot;\" \/>\n<meta property=\"og:description\" content=\"In apertura di Tourisma il presidente Giani ha annunciato una nuova legge sul turismo per valorizzare le zone anche meno note\" \/>\n<meta property=\"og:url\" content=\"https:\/\/www.intoscana.it\/it\/al-via-tourisma\/\" \/>\n<meta property=\"og:site_name\" content=\"intoscana\" \/>\n<meta property=\"article:publisher\" content=\"https:\/\/www.facebook.com\/intoscana.it\" \/>\n<meta property=\"article:published_time\" content=\"2024-02-23T13:49:32+00:00\" \/>\n<meta property=\"article:modified_time\" content=\"2024-02-23T15:15:24+00:00\" \/>\n<meta property=\"og:image\" content=\"https:\/\/www.intoscana.it\/wp-content\/uploads\/Museo-archeologico-Gonfienti.png\" \/>\n\t<meta property=\"og:image:width\" content=\"654\" \/>\n\t<meta property=\"og:image:height\" content=\"410\" \/>\n\t<meta property=\"og:image:type\" content=\"image\/png\" \/>\n<meta name=\"author\" content=\"Redazione\" \/>\n<meta name=\"twitter:card\" content=\"summary_large_image\" \/>\n<meta name=\"twitter:creator\" content=\"@intoscana\" \/>\n<meta name=\"twitter:site\" content=\"@intoscana\" \/>\n<meta name=\"twitter:label1\" content=\"Written by\" \/>\n\t<meta name=\"twitter:data1\" content=\"Redazione\" \/>\n\t<meta name=\"twitter:label2\" content=\"Est. reading time\" \/>\n\t<meta name=\"twitter:data2\" content=\"5 minuti\" \/>\n<script type=\"application\/ld+json\" class=\"yoast-schema-graph\">{\"@context\":\"https:\/\/schema.org\",\"@graph\":[{\"@type\":\"WebPage\",\"@id\":\"https:\/\/www.intoscana.it\/it\/al-via-tourisma\/\",\"url\":\"https:\/\/www.intoscana.it\/it\/al-via-tourisma\/\",\"name\":\"Al via TourismA, grandi ospiti e grandi scoperte. Giani: \\\"Nuova legge sul turismo\\\"\",\"isPartOf\":{\"@id\":\"https:\/\/www.intoscana.it\/it\/#website\"},\"primaryImageOfPage\":{\"@id\":\"https:\/\/www.intoscana.it\/it\/al-via-tourisma\/#primaryimage\"},\"image\":{\"@id\":\"https:\/\/www.intoscana.it\/it\/al-via-tourisma\/#primaryimage\"},\"thumbnailUrl\":\"https:\/\/www.intoscana.it\/wp-content\/uploads\/Museo-archeologico-Gonfienti.png\",\"datePublished\":\"2024-02-23T13:49:32+00:00\",\"dateModified\":\"2024-02-23T15:15:24+00:00\",\"author\":{\"@id\":\"https:\/\/www.intoscana.it\/it\/#\/schema\/person\/9223810753230f20bd670fdd322661f8\"},\"description\":\"In apertura di Tourisma il presidente Giani ha annunciato una nuova legge sul turismo per valorizzare le zone anche meno note\",\"breadcrumb\":{\"@id\":\"https:\/\/www.intoscana.it\/it\/al-via-tourisma\/#breadcrumb\"},\"inLanguage\":\"it-IT\",\"potentialAction\":[{\"@type\":\"ReadAction\",\"target\":[\"https:\/\/www.intoscana.it\/it\/al-via-tourisma\/\"]}]},{\"@type\":\"ImageObject\",\"inLanguage\":\"it-IT\",\"@id\":\"https:\/\/www.intoscana.it\/it\/al-via-tourisma\/#primaryimage\",\"url\":\"https:\/\/www.intoscana.it\/wp-content\/uploads\/Museo-archeologico-Gonfienti.png\",\"contentUrl\":\"https:\/\/www.intoscana.it\/wp-content\/uploads\/Museo-archeologico-Gonfienti.png\",\"width\":654,\"height\":410,\"caption\":\"Museo archeologico Gonfienti\"},{\"@type\":\"BreadcrumbList\",\"@id\":\"https:\/\/www.intoscana.it\/it\/al-via-tourisma\/#breadcrumb\",\"itemListElement\":[{\"@type\":\"ListItem\",\"position\":1,\"name\":\"Home\",\"item\":\"https:\/\/www.intoscana.it\/it\/\"},{\"@type\":\"ListItem\",\"position\":2,\"name\":\"Al via TourismA, grandi ospiti e grandi scoperte. Giani: &#8220;Presto una nuova legge sul turismo&#8221;\"}]},{\"@type\":\"WebSite\",\"@id\":\"https:\/\/www.intoscana.it\/it\/#website\",\"url\":\"https:\/\/www.intoscana.it\/it\/\",\"name\":\"intoscana\",\"description\":\"\",\"potentialAction\":[{\"@type\":\"SearchAction\",\"target\":{\"@type\":\"EntryPoint\",\"urlTemplate\":\"https:\/\/www.intoscana.it\/it\/?s={search_term_string}\"},\"query-input\":{\"@type\":\"PropertyValueSpecification\",\"valueRequired\":true,\"valueName\":\"search_term_string\"}}],\"inLanguage\":\"it-IT\"},{\"@type\":\"Person\",\"@id\":\"https:\/\/www.intoscana.it\/it\/#\/schema\/person\/9223810753230f20bd670fdd322661f8\",\"name\":\"Redazione\",\"url\":\"https:\/\/www.intoscana.it\/it\/author\/redazione\/\"}]}<\/script>\n<!-- \/ Yoast SEO Premium plugin. -->","yoast_head_json":{"title":"Al via TourismA, grandi ospiti e grandi scoperte. Giani: \"Nuova legge sul turismo\"","description":"In apertura di Tourisma il presidente Giani ha annunciato una nuova legge sul turismo per valorizzare le zone anche meno note","robots":{"index":"index","follow":"follow","max-snippet":"max-snippet:-1","max-image-preview":"max-image-preview:large","max-video-preview":"max-video-preview:-1"},"canonical":"https:\/\/www.intoscana.it\/it\/al-via-tourisma\/","og_locale":"it_IT","og_type":"article","og_title":"Al via TourismA, grandi ospiti e grandi scoperte. Giani: \"Presto una nuova legge sul turismo\"","og_description":"In apertura di Tourisma il presidente Giani ha annunciato una nuova legge sul turismo per valorizzare le zone anche meno note","og_url":"https:\/\/www.intoscana.it\/it\/al-via-tourisma\/","og_site_name":"intoscana","article_publisher":"https:\/\/www.facebook.com\/intoscana.it","article_published_time":"2024-02-23T13:49:32+00:00","article_modified_time":"2024-02-23T15:15:24+00:00","og_image":[{"width":654,"height":410,"url":"https:\/\/www.intoscana.it\/wp-content\/uploads\/Museo-archeologico-Gonfienti.png","type":"image\/png"}],"author":"Redazione","twitter_card":"summary_large_image","twitter_creator":"@intoscana","twitter_site":"@intoscana","twitter_misc":{"Written by":"Redazione","Est. reading time":"5 minuti"},"schema":{"@context":"https:\/\/schema.org","@graph":[{"@type":"WebPage","@id":"https:\/\/www.intoscana.it\/it\/al-via-tourisma\/","url":"https:\/\/www.intoscana.it\/it\/al-via-tourisma\/","name":"Al via TourismA, grandi ospiti e grandi scoperte. Giani: \"Nuova legge sul turismo\"","isPartOf":{"@id":"https:\/\/www.intoscana.it\/it\/#website"},"primaryImageOfPage":{"@id":"https:\/\/www.intoscana.it\/it\/al-via-tourisma\/#primaryimage"},"image":{"@id":"https:\/\/www.intoscana.it\/it\/al-via-tourisma\/#primaryimage"},"thumbnailUrl":"https:\/\/www.intoscana.it\/wp-content\/uploads\/Museo-archeologico-Gonfienti.png","datePublished":"2024-02-23T13:49:32+00:00","dateModified":"2024-02-23T15:15:24+00:00","author":{"@id":"https:\/\/www.intoscana.it\/it\/#\/schema\/person\/9223810753230f20bd670fdd322661f8"},"description":"In apertura di Tourisma il presidente Giani ha annunciato una nuova legge sul turismo per valorizzare le zone anche meno note","breadcrumb":{"@id":"https:\/\/www.intoscana.it\/it\/al-via-tourisma\/#breadcrumb"},"inLanguage":"it-IT","potentialAction":[{"@type":"ReadAction","target":["https:\/\/www.intoscana.it\/it\/al-via-tourisma\/"]}]},{"@type":"ImageObject","inLanguage":"it-IT","@id":"https:\/\/www.intoscana.it\/it\/al-via-tourisma\/#primaryimage","url":"https:\/\/www.intoscana.it\/wp-content\/uploads\/Museo-archeologico-Gonfienti.png","contentUrl":"https:\/\/www.intoscana.it\/wp-content\/uploads\/Museo-archeologico-Gonfienti.png","width":654,"height":410,"caption":"Museo archeologico Gonfienti"},{"@type":"BreadcrumbList","@id":"https:\/\/www.intoscana.it\/it\/al-via-tourisma\/#breadcrumb","itemListElement":[{"@type":"ListItem","position":1,"name":"Home","item":"https:\/\/www.intoscana.it\/it\/"},{"@type":"ListItem","position":2,"name":"Al via TourismA, grandi ospiti e grandi scoperte. Giani: &#8220;Presto una nuova legge sul turismo&#8221;"}]},{"@type":"WebSite","@id":"https:\/\/www.intoscana.it\/it\/#website","url":"https:\/\/www.intoscana.it\/it\/","name":"intoscana","description":"","potentialAction":[{"@type":"SearchAction","target":{"@type":"EntryPoint","urlTemplate":"https:\/\/www.intoscana.it\/it\/?s={search_term_string}"},"query-input":{"@type":"PropertyValueSpecification","valueRequired":true,"valueName":"search_term_string"}}],"inLanguage":"it-IT"},{"@type":"Person","@id":"https:\/\/www.intoscana.it\/it\/#\/schema\/person\/9223810753230f20bd670fdd322661f8","name":"Redazione","url":"https:\/\/www.intoscana.it\/it\/author\/redazione\/"}]}},"_links":{"self":[{"href":"https:\/\/www.intoscana.it\/it\/wp-json\/wp\/v2\/posts\/328322","targetHints":{"allow":["GET"]}}],"collection":[{"href":"https:\/\/www.intoscana.it\/it\/wp-json\/wp\/v2\/posts"}],"about":[{"href":"https:\/\/www.intoscana.it\/it\/wp-json\/wp\/v2\/types\/post"}],"author":[{"embeddable":true,"href":"https:\/\/www.intoscana.it\/it\/wp-json\/wp\/v2\/users\/525"}],"replies":[{"embeddable":true,"href":"https:\/\/www.intoscana.it\/it\/wp-json\/wp\/v2\/comments?post=328322"}],"version-history":[{"count":5,"href":"https:\/\/www.intoscana.it\/it\/wp-json\/wp\/v2\/posts\/328322\/revisions"}],"predecessor-version":[{"id":328352,"href":"https:\/\/www.intoscana.it\/it\/wp-json\/wp\/v2\/posts\/328322\/revisions\/328352"}],"wp:featuredmedia":[{"embeddable":true,"href":"https:\/\/www.intoscana.it\/it\/wp-json\/wp\/v2\/media\/328323"}],"wp:attachment":[{"href":"https:\/\/www.intoscana.it\/it\/wp-json\/wp\/v2\/media?parent=328322"}],"wp:term":[{"taxonomy":"category","embeddable":true,"href":"https:\/\/www.intoscana.it\/it\/wp-json\/wp\/v2\/categories?post=328322"},{"taxonomy":"post_tag","embeddable":true,"href":"https:\/\/www.intoscana.it\/it\/wp-json\/wp\/v2\/tags?post=328322"}],"curies":[{"name":"wp","href":"https:\/\/api.w.org\/{rel}","templated":true}]}}