{"id":328490,"date":"2024-02-26T09:28:43","date_gmt":"2024-02-26T08:28:43","guid":{"rendered":"https:\/\/www.intoscana.it\/it\/?p=328490"},"modified":"2024-02-26T10:14:07","modified_gmt":"2024-02-26T09:14:07","slug":"bachi-da-pietra-in-concerto-a-firenze-musica-sotterranea-per-sopravvivere-al-presente","status":"publish","type":"post","link":"https:\/\/www.intoscana.it\/it\/bachi-da-pietra-in-concerto-a-firenze-musica-sotterranea-per-sopravvivere-al-presente\/","title":{"rendered":"Bachi da Pietra in concerto a Firenze: musica sotterranea per sopravvivere al presente"},"content":{"rendered":"<p><strong>Otto album e oltre 20 anni di carriera<\/strong> fanno dei<strong> Bachi da Pietra<\/strong> una delle band pi\u00f9 longeve del panorama <strong>musicale indipendente italiano.<\/strong><\/p>\n<p>Dal 2004 fino ad oggi, dal primo disco &#8220;<strong><em>Tornare nella Terra&#8221;<\/em><\/strong> all&#8217;ultimo appena uscito &#8220;<strong>Accetta e continua&#8221;<\/strong> la band \u00e8 il simbolo della coerenza e della <strong>resistenza musicale<\/strong> nei confronti di un mondo sempre pi\u00f9 pervaso dall&#8217;<strong>ingiustizia, dalla violenza e dall&#8217;ignoranza.<\/strong><\/p>\n<p><strong>Giovanni Succi e Bruno Dorella,<\/strong> insieme all\u2019ormai membro effettivo <strong>Marcello Batelli<\/strong> ai synth, conducono l&#8217;avventura della band attraverso un mix sonoro che passa dal rock al blues, <strong>gli insetti che vivono sottoterra sono pi\u00f9 vivi che mai.<\/strong><\/p>\n<p>I<a href=\"https:\/\/bachidapietra.bandcamp.com\" target=\"_blank\" rel=\"noopener\" class=\"broken_link\"> <strong>Bachi da Pietra<\/strong><\/a> saranno in concerto <strong>sabato 2 marzo<\/strong> al<strong> Glue Alternative Concept Space di Firenze.<\/strong><\/p>\n<h3><iframe loading=\"lazy\" title=\"Giovanni Succi racconta la musica sotterranea dei Bachi da Pietra\" src=\"https:\/\/omny.fm\/shows\/intoscana\/giovanni-succi-racconta-la-musica-sotterranea-dei\/embed\" width=\"100%\" height=\"180\" frameborder=\"0\"><\/iframe><\/h3>\n<h3>Ecco la nostra intervista al cantante Giovanni Succi<\/h3>\n<p><strong>Ciao Giovanni! Voi Bachi da Pietra vivete in tre citt\u00e0 diverse, a migliaia di chilometri di distanza, deve essere un po&#8217; complicato realizzare un disco cos\u00ec, come fate?<\/strong><\/p>\n<p>Ci si organizza e si fanno delle immersioni totali. <strong>Dopo otto album la formazione \u00e8 rodata<\/strong> e ci permette di lavorare separatamente e poi unirci per dei periodi molto intensi in cui riusciamo a portarla a casa.<\/p>\n<p><strong>Te lo devo chiedere, gira questa leggenda sul vostro primo album che sarebbe stato registrato nella cantina di una chiesa, \u00e8 vero? Puoi raccontarci com&#8217;\u00e8 andata?<\/strong><\/p>\n<p>Molto semplicemente\u00a0c&#8217;era un amico, un artista della mia zona, <strong>Nizza Monferrato<\/strong>, che dipingeva e non avendo spazi per fare una mostra chiese al parroco di poter usare la cantina della chiesa. Era un po&#8217; diventato il &#8220;direttore artistico&#8221; di questo luogo e organizzava<strong> eventi clandestini sotto la chiesa<\/strong>. Quindi ci chiese di fare un concerto. <strong>Il luogo era veramente molto, molto suggestivo,<\/strong> per terra c&#8217;era solo sabbia e in alcuni punti ghiaia. Fu il primo concerto in assoluto dei <strong>Bachi da Pietra<\/strong> e la formazione era appena nata. Io e Bruno suonavamo insieme da poco. <strong>Quel concerto e quel suono fu cos\u00ec magico che decidemmo che il gruppo doveva avere un futuro.<\/strong> E decidemmo che dovevamo registrare il nostro primo album esattamente con quel suono che \u00e8 quello che trovate in <strong><em>&#8220;Tornare nella terra&#8221;<\/em><\/strong> che usc\u00ec nel 2005, mentre i fatti di cui stiamo parlando risalgono al 2004, quindi sono esattamente<strong> 20 anni che suoniamo insieme come Bachi da Pietra.<\/strong><\/p>\n<p><strong>In un&#8217;intervista hai\u00a0detto che\u00a0&#8220;Accetta e continua&#8221; riguarda la ciclicit\u00e0 del tempo. Ma \u00e8 una cosa cos\u00ec negativa l&#8217;eterno ritorno?<\/strong><\/p>\n<p>A parte quel che concerne il conto correnti <strong>ho smesso di pensare alle cose in termini di positivo e negativo<\/strong>. Le cose accadono e chi lo sa se \u00e8 un bene o un male, fatto sta che \u00e8 cos\u00ec. <strong>La ciclicit\u00e0 della storia umana la si riscontra nei fatti, nelle cose che accadono.<\/strong> Fosse il primo anno che parliamo di guerra, \u00e8 imbarazzante\u00a0anche solo immaginare che l&#8217;umanit\u00e0 un giorno diventi qualcosa di perfetto, di iperuranio e tutti andiamo d&#8217;accordo e scoppia la pace sul pianeta terra. Non so, <strong>non \u00e8 mai successo in 40mila anni, vedete voi se succede quest&#8217;anno.<\/strong><\/p>\n<p><strong>Il disco si apre con un pezzo bellissimo, forse il mio preferito del disco che \u00e8 <em>&#8220;Meno male&#8221;.<\/em> Al solito \u00e8 molto ironico, mi ha ricordato molto L&#8217;odio di Kassovitz, il celebre racconto dell&#8217;uomo che cade da un grattacielo e ad ogni piano dice &#8220;<em>Fin qui tutto bene&#8221;<\/em>. <em>Meno male<\/em> \u00e8 un po&#8217; cos\u00ec, fate ironia su quello che ci circonda perch\u00e8 almeno potete dire che siete vivi<\/strong><\/p>\n<p><em>&#8220;Meno male&#8221;<\/em> <strong>\u00e8 una fotografia\u00a0dell&#8217;italia del 2023<\/strong>. Ed \u00e8 una fotografia di quel momento, la cosa tragicomica sta nel fatto che <strong>\u00e8 la fotografia dell&#8217;Italia dal dopoguerra ad oggi.<\/strong><\/p>\n<p><iframe loading=\"lazy\" title=\"YouTube video player\" src=\"https:\/\/www.youtube.com\/embed\/uVABbl5S5Cw?si=BAFKf021sjyP8DMY\" width=\"800\" height=\"450\" frameborder=\"0\" allowfullscreen=\"allowfullscreen\"><span data-mce-type=\"bookmark\" style=\"display: inline-block; width: 0px; overflow: hidden; line-height: 0;\" class=\"mce_SELRES_start\">\ufeff<\/span><\/iframe><\/p>\n<p><strong>L&#8217;Italia non \u00e8 cambiata secondo te?<\/strong><\/p>\n<p>S\u00ec \u00e8 cambiata ma<strong> radicalizzando i propri difetti, cronicizzando le sue criticit\u00e0<\/strong>. Il testo di<strong><em> Meno male<\/em> <\/strong>contiene alcuni dati che dobbiamo accettare e che ci dipingono per quello che siamo. L&#8217;italianit\u00e0 \u00e8 cos\u00ec. ce la vogliamo raccontare ogni anno in modo diverso, ma<strong> succedono sempre le stesse cose e sempre nello stesso modo.<\/strong><\/p>\n<p><strong>Avete sempre raccontato la realt\u00e0 senza filtri, una realt\u00e0 in cui purtroppo, lo vediamo tutti i giorni, ci sono ingiustizie, razzismo e violenza. La musica pu\u00f2 essere un modo per fare una sorta di resistenza a tutto questo?<\/strong><\/p>\n<p>Se pu\u00f2 esserlo in modo efficace questo io non lo so. Pu\u00f2 esserlo nel momento in cui \u00e8, questo s\u00ec. Per\u00f2 <strong>parli con uno che non ha il pubblico di Bob Dylan e dei Rolling Stones.<\/strong> Parli con<strong> uno che ha un pubblico di insetti dentro una cava.<\/strong> Non \u00e8 che possiamo predicare ai convertiti e dire che siamo pi\u00f9 bravi degli altri. Quindi non so se le cose che facciamo servono, per\u00f2 l&#8217;importante \u00e8 farle. Se dovessi crepare senza averle fatte questo mi dispiacerebbe. Invece le faccio e in qualche modo mi sento pi\u00f9 sereno. Lo so che non serve a niente, non serve assolutamente a niente. Per\u00f2 si fa, <strong>sono proprio quei bei sacrifici inutili di cui \u00e8 costellata la vita e l&#8217;esistenza umana<\/strong> che \u00e8 bello fare sapendo che non servono a niente.<p><span class=\"citazione\">\u00e8 imbarazzante anche solo immaginare che l&#8217;umanit\u00e0 un giorno diventi qualcosa di perfetto, di iperuranio e tutti andiamo d&#8217;accordo e scoppia la pace sul pianeta terra. Non so, non \u00e8 mai successo in 40mila anni<\/span><\/p><\/p>\n<p><strong>Prima hai detto &#8220;non abbiamo il pubblico di Bob Dylan&#8221;, ti faccio una domanda che \u00e8 collegata a questa frase. Quando avevo 20 anni, negli anni &#8217;90, ascoltavo band come Pavement, Husker Du, Fugazi, e non sapevo neanche che faccia avessero. Adesso i giovani vanno ai concerti-evento per farsi il selfie. Siamo costretti a comprare i biglietti dei live un anno prima. Riusciremo ad uscire da queste dinamiche o saremo costretti a viverle per sempre?<\/strong><\/p>\n<p>Osservando quello che accade <strong>vedo che alla gente<\/strong>, quindi non ai marziani o ai poteri forti, alla gente<strong> piace spendere un sacco di soldi per vedere un artista molto famoso,<\/strong> <strong>alto 3 centimetri a 500 metri di distanza,<\/strong> piuttosto che partecipare a un evento in presenza di un pubblico pi\u00f9 ristretto, vedere le persone, la realt\u00e0, il sudore per quello che \u00e8 e pagare magari 15 euro, quando esageriamo. Preferiscono un&#8217;esperienza di un certo tipo rispetto a un altra, questo \u00e8 quello che credevo. Per\u00f2 devo dirti la verit\u00e0 <strong>le ultime date del tour del Bachi da Pietra ci lasciano sperare,<\/strong> vedere cos\u00ec tanta gente ai nostri concerti ci ha riempiti di gioia. Ci siamo resi conto addirittura che c&#8217;\u00e8 stato un ricambio nel pubblico, ci sono ventenni che cantano i testi delle canzoni come se fossero facili, questo mi ha davvero colpito. Non mi va di fare il catastrofico e mi va invece di aggiungere, ricollegandomi alla tua domanda precedente che la realt\u00e0 senza filtri non esiste. <strong>Chiunque veda la realt\u00e0 \u00e8 un filtro e noi siamo filtri,<\/strong> quella che vedi detta da noi \u00e8 la realt\u00e0 vista e vissuta da noi. <strong>Io sono un filtro e sono anche un filtro molto sporco.<\/strong><\/p>\n<p><strong>So che sei un appassionato e un esperto di Dante Alighieri, lui nella Divina Commedia ha fatto un po&#8217; quello che fate anche voi, osservate la realt\u00e0 e la descrivete senza peli sulla lingua. Chiss\u00e0 forse oggi il Sommo Poeta sarebbe Giovanni Succi nei Bachi da Pietra<\/strong><\/p>\n<p>(Ride) Intanto non posso dire di essere un esperto di <strong>Dante<\/strong> perch\u00e9 \u00e8 una di quelle cose che quando la avvicini ti rendi conto che<strong> neanche se avessi un&#8217;altra vita riusciresti ad arrivare alla fine.<\/strong> Non ce la si fa perch\u00e9 non basta il tempo. Rimettendo un attimo la cronologia delle cose al loro posto, <strong>Dante \u00e8 stato esattamente il primo ad arrogarsi il diritto e dovere di guardarsi intorno e descrivere la realt\u00e0 per quello che gli appariva<\/strong>. Lui l&#8217;ha collocata in un mondo oltre mondano, cio\u00e8 ha usato l&#8217;oltre mondano per parlare del mondo, era l&#8217;unica cosa che poteva fare. Di fatto <strong>\u00e8 il primo &#8220;signor nessuno&#8221; che ha sputato in faccia a un Papa<\/strong> e noi lo tramandiamo come se fosse un chierichetto o un catechista, questo andrebbe meditato. Per chi ne avesse voglia pu\u00f2 seguirmi nel mio Patreon o venire a vedere i miei concerti in solo, inoltre faccio anche uno spettacolo che si chiama<strong><em>\u00a0&#8220;L&#8217;arte del selfie nel Medioevo&#8221;<\/em><\/strong> dove parlo anche di queste cose.<\/p>\n<figure id=\"post-328484 media-328484\" class=\"align-none\"><img decoding=\"async\" src=\"https:\/\/www.intoscana.it\/wp-content\/uploads\/244248110_246143514185926_6836459878915971408_n.jpg\" alt=\"\" \/><\/figure>\n<div class=\"titleimg\">Bachi da Pietra<\/div>\n","protected":false},"excerpt":{"rendered":"<p>I Bachi da Pietra saranno in concerto sabato 2 marzo al Glue Alternative Concept Space di Firenze per presentare l&#8217;ultimo disco &#8220;Accetta e continua&#8221;<\/p>\n","protected":false},"author":518,"featured_media":328485,"comment_status":"open","ping_status":"open","sticky":false,"template":"","format":"standard","meta":{"_acf_changed":false,"footnotes":""},"categories":[14],"tags":[216,4474,202,3138],"class_list":["post-328490","post","type-post","status-publish","format-standard","has-post-thumbnail","hentry","category-musica","tag-concerti","tag-eventi","tag-firenze","tag-interviste-agli-artisti"],"acf":[],"yoast_head":"<!-- This site is optimized with the Yoast SEO Premium plugin v24.2 (Yoast SEO v25.6) - https:\/\/yoast.com\/wordpress\/plugins\/seo\/ -->\n<title>Bachi da Pietra in concerto a Firenze: musica sotterranea per sopravvivere al presente - intoscana<\/title>\n<meta name=\"description\" content=\"I Bachi da Pietra saranno in concerto sabato 2 marzo al Glue Alternative Concept Space di Firenze per presentare l&#039;ultimo disco\" \/>\n<meta name=\"robots\" content=\"index, follow, max-snippet:-1, max-image-preview:large, max-video-preview:-1\" \/>\n<link rel=\"canonical\" href=\"https:\/\/www.intoscana.it\/it\/bachi-da-pietra-in-concerto-a-firenze-musica-sotterranea-per-sopravvivere-al-presente\/\" \/>\n<meta property=\"og:locale\" content=\"it_IT\" \/>\n<meta property=\"og:type\" content=\"article\" \/>\n<meta property=\"og:title\" content=\"Bachi da Pietra in concerto a Firenze: musica sotterranea per sopravvivere al presente\" \/>\n<meta property=\"og:description\" content=\"I Bachi da Pietra saranno in concerto sabato 2 marzo al Glue Alternative Concept Space di Firenze per presentare l&#039;ultimo disco\" \/>\n<meta property=\"og:url\" content=\"https:\/\/www.intoscana.it\/it\/bachi-da-pietra-in-concerto-a-firenze-musica-sotterranea-per-sopravvivere-al-presente\/\" \/>\n<meta property=\"og:site_name\" content=\"intoscana\" \/>\n<meta property=\"article:publisher\" content=\"https:\/\/www.facebook.com\/intoscana.it\" \/>\n<meta property=\"article:published_time\" content=\"2024-02-26T08:28:43+00:00\" \/>\n<meta property=\"article:modified_time\" content=\"2024-02-26T09:14:07+00:00\" \/>\n<meta property=\"og:image\" content=\"https:\/\/www.intoscana.it\/wp-content\/uploads\/298716395_3721217531437864_7999475449106899374_n.jpeg\" \/>\n\t<meta property=\"og:image:width\" content=\"1080\" \/>\n\t<meta property=\"og:image:height\" content=\"707\" \/>\n\t<meta property=\"og:image:type\" content=\"image\/jpeg\" \/>\n<meta name=\"author\" content=\"Costanza Baldini\" \/>\n<meta name=\"twitter:card\" content=\"summary_large_image\" \/>\n<meta name=\"twitter:creator\" content=\"@intoscana\" \/>\n<meta name=\"twitter:site\" content=\"@intoscana\" \/>\n<meta name=\"twitter:label1\" content=\"Written by\" \/>\n\t<meta name=\"twitter:data1\" content=\"Costanza Baldini\" \/>\n\t<meta name=\"twitter:label2\" content=\"Est. reading time\" \/>\n\t<meta name=\"twitter:data2\" content=\"8 minuti\" \/>\n<script type=\"application\/ld+json\" class=\"yoast-schema-graph\">{\"@context\":\"https:\/\/schema.org\",\"@graph\":[{\"@type\":\"WebPage\",\"@id\":\"https:\/\/www.intoscana.it\/it\/bachi-da-pietra-in-concerto-a-firenze-musica-sotterranea-per-sopravvivere-al-presente\/\",\"url\":\"https:\/\/www.intoscana.it\/it\/bachi-da-pietra-in-concerto-a-firenze-musica-sotterranea-per-sopravvivere-al-presente\/\",\"name\":\"Bachi da Pietra in concerto a Firenze: musica sotterranea per sopravvivere al presente - intoscana\",\"isPartOf\":{\"@id\":\"https:\/\/www.intoscana.it\/it\/#website\"},\"primaryImageOfPage\":{\"@id\":\"https:\/\/www.intoscana.it\/it\/bachi-da-pietra-in-concerto-a-firenze-musica-sotterranea-per-sopravvivere-al-presente\/#primaryimage\"},\"image\":{\"@id\":\"https:\/\/www.intoscana.it\/it\/bachi-da-pietra-in-concerto-a-firenze-musica-sotterranea-per-sopravvivere-al-presente\/#primaryimage\"},\"thumbnailUrl\":\"https:\/\/www.intoscana.it\/wp-content\/uploads\/298716395_3721217531437864_7999475449106899374_n.jpeg\",\"datePublished\":\"2024-02-26T08:28:43+00:00\",\"dateModified\":\"2024-02-26T09:14:07+00:00\",\"author\":{\"@id\":\"https:\/\/www.intoscana.it\/it\/#\/schema\/person\/d469f35f09739bdf00bf5dd3f0647a82\"},\"description\":\"I Bachi da Pietra saranno in concerto sabato 2 marzo al Glue Alternative Concept Space di Firenze per presentare l'ultimo disco\",\"breadcrumb\":{\"@id\":\"https:\/\/www.intoscana.it\/it\/bachi-da-pietra-in-concerto-a-firenze-musica-sotterranea-per-sopravvivere-al-presente\/#breadcrumb\"},\"inLanguage\":\"it-IT\",\"potentialAction\":[{\"@type\":\"ReadAction\",\"target\":[\"https:\/\/www.intoscana.it\/it\/bachi-da-pietra-in-concerto-a-firenze-musica-sotterranea-per-sopravvivere-al-presente\/\"]}]},{\"@type\":\"ImageObject\",\"inLanguage\":\"it-IT\",\"@id\":\"https:\/\/www.intoscana.it\/it\/bachi-da-pietra-in-concerto-a-firenze-musica-sotterranea-per-sopravvivere-al-presente\/#primaryimage\",\"url\":\"https:\/\/www.intoscana.it\/wp-content\/uploads\/298716395_3721217531437864_7999475449106899374_n.jpeg\",\"contentUrl\":\"https:\/\/www.intoscana.it\/wp-content\/uploads\/298716395_3721217531437864_7999475449106899374_n.jpeg\",\"width\":1080,\"height\":707,\"caption\":\"Bachi da Pietra\"},{\"@type\":\"BreadcrumbList\",\"@id\":\"https:\/\/www.intoscana.it\/it\/bachi-da-pietra-in-concerto-a-firenze-musica-sotterranea-per-sopravvivere-al-presente\/#breadcrumb\",\"itemListElement\":[{\"@type\":\"ListItem\",\"position\":1,\"name\":\"Home\",\"item\":\"https:\/\/www.intoscana.it\/it\/\"},{\"@type\":\"ListItem\",\"position\":2,\"name\":\"Bachi da Pietra in concerto a Firenze: musica sotterranea per sopravvivere al presente\"}]},{\"@type\":\"WebSite\",\"@id\":\"https:\/\/www.intoscana.it\/it\/#website\",\"url\":\"https:\/\/www.intoscana.it\/it\/\",\"name\":\"intoscana\",\"description\":\"\",\"potentialAction\":[{\"@type\":\"SearchAction\",\"target\":{\"@type\":\"EntryPoint\",\"urlTemplate\":\"https:\/\/www.intoscana.it\/it\/?s={search_term_string}\"},\"query-input\":{\"@type\":\"PropertyValueSpecification\",\"valueRequired\":true,\"valueName\":\"search_term_string\"}}],\"inLanguage\":\"it-IT\"},{\"@type\":\"Person\",\"@id\":\"https:\/\/www.intoscana.it\/it\/#\/schema\/person\/d469f35f09739bdf00bf5dd3f0647a82\",\"name\":\"Costanza Baldini\",\"url\":\"https:\/\/www.intoscana.it\/it\/author\/costanza-baldini\/\"}]}<\/script>\n<!-- \/ Yoast SEO Premium plugin. -->","yoast_head_json":{"title":"Bachi da Pietra in concerto a Firenze: musica sotterranea per sopravvivere al presente - intoscana","description":"I Bachi da Pietra saranno in concerto sabato 2 marzo al Glue Alternative Concept Space di Firenze per presentare l'ultimo disco","robots":{"index":"index","follow":"follow","max-snippet":"max-snippet:-1","max-image-preview":"max-image-preview:large","max-video-preview":"max-video-preview:-1"},"canonical":"https:\/\/www.intoscana.it\/it\/bachi-da-pietra-in-concerto-a-firenze-musica-sotterranea-per-sopravvivere-al-presente\/","og_locale":"it_IT","og_type":"article","og_title":"Bachi da Pietra in concerto a Firenze: musica sotterranea per sopravvivere al presente","og_description":"I Bachi da Pietra saranno in concerto sabato 2 marzo al Glue Alternative Concept Space di Firenze per presentare l'ultimo disco","og_url":"https:\/\/www.intoscana.it\/it\/bachi-da-pietra-in-concerto-a-firenze-musica-sotterranea-per-sopravvivere-al-presente\/","og_site_name":"intoscana","article_publisher":"https:\/\/www.facebook.com\/intoscana.it","article_published_time":"2024-02-26T08:28:43+00:00","article_modified_time":"2024-02-26T09:14:07+00:00","og_image":[{"width":1080,"height":707,"url":"https:\/\/www.intoscana.it\/wp-content\/uploads\/298716395_3721217531437864_7999475449106899374_n.jpeg","type":"image\/jpeg"}],"author":"Costanza Baldini","twitter_card":"summary_large_image","twitter_creator":"@intoscana","twitter_site":"@intoscana","twitter_misc":{"Written by":"Costanza Baldini","Est. reading time":"8 minuti"},"schema":{"@context":"https:\/\/schema.org","@graph":[{"@type":"WebPage","@id":"https:\/\/www.intoscana.it\/it\/bachi-da-pietra-in-concerto-a-firenze-musica-sotterranea-per-sopravvivere-al-presente\/","url":"https:\/\/www.intoscana.it\/it\/bachi-da-pietra-in-concerto-a-firenze-musica-sotterranea-per-sopravvivere-al-presente\/","name":"Bachi da Pietra in concerto a Firenze: musica sotterranea per sopravvivere al presente - intoscana","isPartOf":{"@id":"https:\/\/www.intoscana.it\/it\/#website"},"primaryImageOfPage":{"@id":"https:\/\/www.intoscana.it\/it\/bachi-da-pietra-in-concerto-a-firenze-musica-sotterranea-per-sopravvivere-al-presente\/#primaryimage"},"image":{"@id":"https:\/\/www.intoscana.it\/it\/bachi-da-pietra-in-concerto-a-firenze-musica-sotterranea-per-sopravvivere-al-presente\/#primaryimage"},"thumbnailUrl":"https:\/\/www.intoscana.it\/wp-content\/uploads\/298716395_3721217531437864_7999475449106899374_n.jpeg","datePublished":"2024-02-26T08:28:43+00:00","dateModified":"2024-02-26T09:14:07+00:00","author":{"@id":"https:\/\/www.intoscana.it\/it\/#\/schema\/person\/d469f35f09739bdf00bf5dd3f0647a82"},"description":"I Bachi da Pietra saranno in concerto sabato 2 marzo al Glue Alternative Concept Space di Firenze per presentare l'ultimo disco","breadcrumb":{"@id":"https:\/\/www.intoscana.it\/it\/bachi-da-pietra-in-concerto-a-firenze-musica-sotterranea-per-sopravvivere-al-presente\/#breadcrumb"},"inLanguage":"it-IT","potentialAction":[{"@type":"ReadAction","target":["https:\/\/www.intoscana.it\/it\/bachi-da-pietra-in-concerto-a-firenze-musica-sotterranea-per-sopravvivere-al-presente\/"]}]},{"@type":"ImageObject","inLanguage":"it-IT","@id":"https:\/\/www.intoscana.it\/it\/bachi-da-pietra-in-concerto-a-firenze-musica-sotterranea-per-sopravvivere-al-presente\/#primaryimage","url":"https:\/\/www.intoscana.it\/wp-content\/uploads\/298716395_3721217531437864_7999475449106899374_n.jpeg","contentUrl":"https:\/\/www.intoscana.it\/wp-content\/uploads\/298716395_3721217531437864_7999475449106899374_n.jpeg","width":1080,"height":707,"caption":"Bachi da Pietra"},{"@type":"BreadcrumbList","@id":"https:\/\/www.intoscana.it\/it\/bachi-da-pietra-in-concerto-a-firenze-musica-sotterranea-per-sopravvivere-al-presente\/#breadcrumb","itemListElement":[{"@type":"ListItem","position":1,"name":"Home","item":"https:\/\/www.intoscana.it\/it\/"},{"@type":"ListItem","position":2,"name":"Bachi da Pietra in concerto a Firenze: musica sotterranea per sopravvivere al presente"}]},{"@type":"WebSite","@id":"https:\/\/www.intoscana.it\/it\/#website","url":"https:\/\/www.intoscana.it\/it\/","name":"intoscana","description":"","potentialAction":[{"@type":"SearchAction","target":{"@type":"EntryPoint","urlTemplate":"https:\/\/www.intoscana.it\/it\/?s={search_term_string}"},"query-input":{"@type":"PropertyValueSpecification","valueRequired":true,"valueName":"search_term_string"}}],"inLanguage":"it-IT"},{"@type":"Person","@id":"https:\/\/www.intoscana.it\/it\/#\/schema\/person\/d469f35f09739bdf00bf5dd3f0647a82","name":"Costanza Baldini","url":"https:\/\/www.intoscana.it\/it\/author\/costanza-baldini\/"}]}},"_links":{"self":[{"href":"https:\/\/www.intoscana.it\/it\/wp-json\/wp\/v2\/posts\/328490","targetHints":{"allow":["GET"]}}],"collection":[{"href":"https:\/\/www.intoscana.it\/it\/wp-json\/wp\/v2\/posts"}],"about":[{"href":"https:\/\/www.intoscana.it\/it\/wp-json\/wp\/v2\/types\/post"}],"author":[{"embeddable":true,"href":"https:\/\/www.intoscana.it\/it\/wp-json\/wp\/v2\/users\/518"}],"replies":[{"embeddable":true,"href":"https:\/\/www.intoscana.it\/it\/wp-json\/wp\/v2\/comments?post=328490"}],"version-history":[{"count":27,"href":"https:\/\/www.intoscana.it\/it\/wp-json\/wp\/v2\/posts\/328490\/revisions"}],"predecessor-version":[{"id":328545,"href":"https:\/\/www.intoscana.it\/it\/wp-json\/wp\/v2\/posts\/328490\/revisions\/328545"}],"wp:featuredmedia":[{"embeddable":true,"href":"https:\/\/www.intoscana.it\/it\/wp-json\/wp\/v2\/media\/328485"}],"wp:attachment":[{"href":"https:\/\/www.intoscana.it\/it\/wp-json\/wp\/v2\/media?parent=328490"}],"wp:term":[{"taxonomy":"category","embeddable":true,"href":"https:\/\/www.intoscana.it\/it\/wp-json\/wp\/v2\/categories?post=328490"},{"taxonomy":"post_tag","embeddable":true,"href":"https:\/\/www.intoscana.it\/it\/wp-json\/wp\/v2\/tags?post=328490"}],"curies":[{"name":"wp","href":"https:\/\/api.w.org\/{rel}","templated":true}]}}