{"id":328661,"date":"2024-02-26T15:43:43","date_gmt":"2024-02-26T14:43:43","guid":{"rendered":"https:\/\/www.intoscana.it\/it\/?p=328661"},"modified":"2024-02-26T15:50:01","modified_gmt":"2024-02-26T14:50:01","slug":"vino-un-premio-per-le-aziende-storiche-della-guida-ais-vitae","status":"publish","type":"post","link":"https:\/\/www.intoscana.it\/it\/vino-un-premio-per-le-aziende-storiche-della-guida-ais-vitae\/","title":{"rendered":"Vino, un premio per le aziende &#8220;storiche&#8221; della guida  Ais \u201cVitae&#8221;"},"content":{"rendered":"<p>Un premio per le <strong>eccellenze vinicole<\/strong> toscane, presenti <mark>da dieci anni di fila con Quattro Viti nella guida &#8220;<em>Vitae<\/em>&#8221; dell&#8217;Ais<\/mark>, l&#8217;associazione italiana sommelier. L&#8217;occasione per una passerella d&#8217;eccezione sar\u00e0 \u201c<em>Vitae, 10 anni di Eccellenze toscane<\/em>\u201d, evento organizzato <strong>venerd\u00ec 1 marzo<\/strong> da <strong>PromoFirenze<\/strong> in collaborazione con Ais Toscana e con il patrocinio della Regione Toscana.<\/p>\n<p>La premiazione, in Camera di Commercio di Firenze, sar\u00e0 condotta da <strong>Simona Bellocci<\/strong>, giornalista di InToscana: prevista <mark>la consegna degli attestati alle 50 aziende vitivinicole veterane su &#8220;<em>Vitae<\/em>&#8221; con le Quattro Viti<\/mark>.<\/p>\n<h3>Eccellenza di Toscana alla Leopolda<\/h3>\n<p><strong>Sabato 2 e domenica 3<\/strong> marzo, alla <strong>Stazione Leopolda<\/strong>, sar\u00e0 la volta della 22ma edizione di \u201c<em>Eccellenza di Toscana<\/em>\u201d: una degustazione dei migliori vini del Granducato. Saranno presenti <strong>oltre 150 produttori di vino e olio<\/strong> <strong>e birra<\/strong> per oltre <strong>800 etichette<\/strong>.<\/p>\n<p>La manifestazione \u00e8 organizzata da <strong>Ais Toscana<\/strong>, con il patrocinio della <strong>Regione Toscana<\/strong>, di <strong>Vetrina Toscana<\/strong> con <strong>Promozione Toscana Turistica<\/strong>, della Citt\u00e0 Metropolitana, del Comune di Firenze ed in collaborazione con <strong>Fondazione Sistema Toscana<\/strong>.<\/p>\n<p>I due appuntamenti sono stati presentati in Regione alla presenza della vice presidente e assessore all\u2019Agricoltura della Regione Toscana, <strong>Stefania Saccardi<\/strong>; del segretario generale della Camera di Commercio di Firenze,<strong> Giuseppe Salvini<\/strong>; e del presidente di Ais Toscana, <strong>Cristiano Cini<\/strong>.<\/p>\n<figure id=\"post-328690 media-328690\" class=\"align-none\"><img decoding=\"async\" src=\"https:\/\/www.intoscana.it\/wp-content\/uploads\/Una-degustazione-di-vino-scaled.jpg\" alt=\"\" \/><\/figure>\n<div class=\"titleimg\">Una degustazione di vino<\/div>\n<h3>Le 50 cantine eccellenti in Toscana<\/h3>\n<p>\u201c<em>Premieremo venerd\u00ec sera<\/em> \u2013 ha detto la vicepresidente <strong>Stefania Saccardi<\/strong> &#8211; <em>le 50 cantine che costantemente in questi dieci anni sono state all\u2019interno della guida con il massimo riconoscimento delle quattro viti: ci\u00f2 dimostra che la qualit\u00e0 e il valore della nostra regione che si estende dalla Maremma alla Lunigiana rappresentano una particolarit\u00e0 straordinaria della Toscana che ha cantine, dalle pi\u00f9 grandi alla pi\u00f9 piccola, che nel tempo hanno saputo mantenere un livello molto alto&#8221;<\/em>.<\/p>\n<p>La premiazione nell&#8217;ambito di \u201c<em>Eccellenza di Toscana\u201d<\/em>, ha aggiunto Saccardi <em>&#8220;con 150 espositori, con tante cantine che attraverso il prezioso lavoro della Ais ha messo in campo pi\u00f9 di 600 professionisti che conoscono in profondit\u00e0 la propria regione e ogni singola produzione vitivinicola di qualit\u00e0, dall\u2019azienda pi\u00f9 rappresentativa alla pi\u00f9 piccola cantina del territorio\u201d.<\/em><\/p>\n<h3>Il valore della produzione vitivinicola<\/h3>\n<p>\u201c<em>Il vino \u00e8 uno dei grandi ambasciatori della qualit\u00e0 toscana e motore di un\u2019economia diretta e indiretta importante per la nostra regione e per Firenze<\/em> \u2013 ha detto <strong>Giuseppe Salvini<\/strong>, segretario generale della Camera di commercio -. <em>Il valore della produzione vitivinicola fiorentina \u00e8 il 17% dei 2,5 miliardi di valore della produzione agricola toscana: una risorsa importante, da sviluppare e promuovere con cura\u201d.<\/em><\/p>\n<h3>Tutti i numeri di Ais Toscana<\/h3>\n<p><em>\u201cAis oggi rappresenta l\u2019eccellenza nella formazione e nella comunicazione, con oltre 47.000 soci \u00e8 di fatto il pi\u00f9 grande consesso della sommellerie al mondo<\/em> &#8211; ha affermato <strong>Cristiano Cini<\/strong>, presidente Ais Toscana &#8211;<em>. Siamo felici quanto orgogliosi di essere al fianco delle migliori aziende toscane e quest\u2019anno tra le altre attivit\u00e0 presenteremo la guida \u201cEccellenza di Toscana\u201d e grazie alla collaborazione con la Regione Toscana e con la Camera di Commercio di Firenze la manifestazione si arricchir\u00e0 di un\u2019anteprima con un ulteriore momento celebrativo dedicato ai produttori \u201cVitae, 10 anni di Eccellenze toscane\u201d, dalla prima edizione <\/em>\u2013 conclude <strong>Cristiano Cini<\/strong> &#8211;<em> sono stati degustati 15.000 vini, impiegati 650 sommelier degustatori, 100 redattori, 3800 ore di lavoro, tutto per raccontare ogni anno un numero di aziende tra 312 e 366\u201d.<\/em><\/p>\n<p>L\u2019anteprima vuole essere un tributo alla qualit\u00e0 di quei vini alla cui base c\u2019\u00e8 <strong>un progetto enologico<\/strong> che permette di mantenere <strong>alti gli standard<\/strong> nel tempo e mette in evidenza oltre alla <strong>qualit\u00e0 costante<\/strong> raggiunta dai produttori toscani, anche il fatto che \u00e8 <strong>diffusa su tutto il territorio<\/strong> regionale: si va dalla Rufina alla Maremma, da Bolgheri a Carmignano. \u00c8 trasversale anche rispetto alle <strong>dimensioni delle cantine<\/strong>, si va da produttori pi\u00f9 blasonati e con grandi superficie vitate, alle piccole realt\u00e0 con pochi ettari di vigna, dalla pi\u00f9 antica azienda vitivinicola a quelle di ultima generazione.<\/p>\n<h3>Una barbatella di Sangiovese in dono<\/h3>\n<p>Ai <strong>produttori premiati<\/strong>, oltre all\u2019attestato, sar\u00e0 fatto omaggio da parte del <strong>Consorzio Vivaisti Toscani<\/strong> una <strong>barbatella di Sangiovese<\/strong> CC2000\/1.<\/p>\n<p>\u201c<em>Le piante sono la sintesi dell&#8217;impegno delle varie aziende vivaistiche toscane che sono alla base dell&#8217;intera filiera vitivinicola regionale<\/em> &#8211; ha sottolineato il presidente del CTV <strong>Marco Mori<\/strong>-. <em>Le piante che vi offriamo sono simbolo delle migliori selezioni clonali frutto della ricerca pubblica e privata toscana, dell&#8217;impegno nella loro custodia (TOSCOVIT), dell&#8217;attivit\u00e0 artigianale dei vari vivaisti che offrono servizi di valore come le simbiosi micorriziche che troverete in questo vaso&#8221;. <\/em><\/p>\n<p>Mori ha sottolineato che l&#8217;Amministrazione regionale ha compreso quanto sia importante &#8220;<em>partire col piede giusto e con la necessaria competenza offrendo servizi e contributi per lo sviluppo e la salvaguardia dell&#8217;intero settore vivaistico regionale e dell&#8217;intera filiera vitivinicola ad esso collegata, specie per la sfida del climate-change che la viticoltura toscana del futuro si trova davanti&#8221;.<\/em><\/p>\n<p>&nbsp;<\/p>\n","protected":false},"excerpt":{"rendered":"<p>Sabato 2 e domenica 3 marzo alla Stazione Leopolda XXII edizione di Eccellenza di Toscana con degustazione dei migliori vini del Granducato. Saccardi: &#8220;Valore e qualit\u00e0 delle nostre cantine&#8221;<\/p>\n","protected":false},"author":525,"featured_media":328689,"comment_status":"open","ping_status":"open","sticky":false,"template":"","format":"standard","meta":{"_acf_changed":false,"footnotes":""},"categories":[8],"tags":[3557,4769,5604],"class_list":["post-328661","post","type-post","status-publish","format-standard","has-post-thumbnail","hentry","category-enogastronomia","tag-aziende-vinicole","tag-stefania-saccardi","tag-vini-toscani"],"acf":[],"yoast_head":"<!-- This site is optimized with the Yoast SEO Premium plugin v24.2 (Yoast SEO v25.6) - https:\/\/yoast.com\/wordpress\/plugins\/seo\/ -->\n<title>Vino, un premio per le aziende &quot;storiche&quot; della guida Ais \u201cVitae&quot; - intoscana<\/title>\n<meta name=\"description\" content=\"Sabato 2 e domenica 3 marzo alla Stazione Leopolda XXII edizione di Eccellenza di Toscana con degustazione dei migliori vini del Granducato\" \/>\n<meta name=\"robots\" content=\"index, follow, max-snippet:-1, max-image-preview:large, max-video-preview:-1\" \/>\n<link rel=\"canonical\" href=\"https:\/\/www.intoscana.it\/it\/vino-un-premio-per-le-aziende-storiche-della-guida-ais-vitae\/\" \/>\n<meta property=\"og:locale\" content=\"it_IT\" \/>\n<meta property=\"og:type\" content=\"article\" \/>\n<meta property=\"og:title\" content=\"Vino, un premio per le aziende &quot;storiche&quot; della guida Ais \u201cVitae&quot;\" \/>\n<meta property=\"og:description\" content=\"Sabato 2 e domenica 3 marzo alla Stazione Leopolda XXII edizione di Eccellenza di Toscana con degustazione dei migliori vini del Granducato\" \/>\n<meta property=\"og:url\" content=\"https:\/\/www.intoscana.it\/it\/vino-un-premio-per-le-aziende-storiche-della-guida-ais-vitae\/\" \/>\n<meta property=\"og:site_name\" content=\"intoscana\" \/>\n<meta property=\"article:publisher\" content=\"https:\/\/www.facebook.com\/intoscana.it\" \/>\n<meta property=\"article:published_time\" content=\"2024-02-26T14:43:43+00:00\" \/>\n<meta property=\"article:modified_time\" content=\"2024-02-26T14:50:01+00:00\" \/>\n<meta property=\"og:image\" content=\"https:\/\/www.intoscana.it\/wp-content\/uploads\/La-presentazione-di-22Vitae-10-anni-di-Eccellenze-toscane22.jpeg\" \/>\n\t<meta property=\"og:image:width\" content=\"1200\" \/>\n\t<meta property=\"og:image:height\" content=\"800\" \/>\n\t<meta property=\"og:image:type\" content=\"image\/jpeg\" \/>\n<meta name=\"author\" content=\"Redazione\" \/>\n<meta name=\"twitter:card\" content=\"summary_large_image\" \/>\n<meta name=\"twitter:creator\" content=\"@intoscana\" \/>\n<meta name=\"twitter:site\" content=\"@intoscana\" \/>\n<meta name=\"twitter:label1\" content=\"Written by\" \/>\n\t<meta name=\"twitter:data1\" content=\"Redazione\" \/>\n\t<meta name=\"twitter:label2\" content=\"Est. reading time\" \/>\n\t<meta name=\"twitter:data2\" content=\"5 minuti\" \/>\n<script type=\"application\/ld+json\" class=\"yoast-schema-graph\">{\"@context\":\"https:\/\/schema.org\",\"@graph\":[{\"@type\":\"WebPage\",\"@id\":\"https:\/\/www.intoscana.it\/it\/vino-un-premio-per-le-aziende-storiche-della-guida-ais-vitae\/\",\"url\":\"https:\/\/www.intoscana.it\/it\/vino-un-premio-per-le-aziende-storiche-della-guida-ais-vitae\/\",\"name\":\"Vino, un premio per le aziende \\\"storiche\\\" della guida Ais \u201cVitae\\\" - intoscana\",\"isPartOf\":{\"@id\":\"https:\/\/www.intoscana.it\/it\/#website\"},\"primaryImageOfPage\":{\"@id\":\"https:\/\/www.intoscana.it\/it\/vino-un-premio-per-le-aziende-storiche-della-guida-ais-vitae\/#primaryimage\"},\"image\":{\"@id\":\"https:\/\/www.intoscana.it\/it\/vino-un-premio-per-le-aziende-storiche-della-guida-ais-vitae\/#primaryimage\"},\"thumbnailUrl\":\"https:\/\/www.intoscana.it\/wp-content\/uploads\/La-presentazione-di-22Vitae-10-anni-di-Eccellenze-toscane22.jpeg\",\"datePublished\":\"2024-02-26T14:43:43+00:00\",\"dateModified\":\"2024-02-26T14:50:01+00:00\",\"author\":{\"@id\":\"https:\/\/www.intoscana.it\/it\/#\/schema\/person\/9223810753230f20bd670fdd322661f8\"},\"description\":\"Sabato 2 e domenica 3 marzo alla Stazione Leopolda XXII edizione di Eccellenza di Toscana con degustazione dei migliori vini del Granducato\",\"breadcrumb\":{\"@id\":\"https:\/\/www.intoscana.it\/it\/vino-un-premio-per-le-aziende-storiche-della-guida-ais-vitae\/#breadcrumb\"},\"inLanguage\":\"it-IT\",\"potentialAction\":[{\"@type\":\"ReadAction\",\"target\":[\"https:\/\/www.intoscana.it\/it\/vino-un-premio-per-le-aziende-storiche-della-guida-ais-vitae\/\"]}]},{\"@type\":\"ImageObject\",\"inLanguage\":\"it-IT\",\"@id\":\"https:\/\/www.intoscana.it\/it\/vino-un-premio-per-le-aziende-storiche-della-guida-ais-vitae\/#primaryimage\",\"url\":\"https:\/\/www.intoscana.it\/wp-content\/uploads\/La-presentazione-di-22Vitae-10-anni-di-Eccellenze-toscane22.jpeg\",\"contentUrl\":\"https:\/\/www.intoscana.it\/wp-content\/uploads\/La-presentazione-di-22Vitae-10-anni-di-Eccellenze-toscane22.jpeg\",\"width\":1200,\"height\":800},{\"@type\":\"BreadcrumbList\",\"@id\":\"https:\/\/www.intoscana.it\/it\/vino-un-premio-per-le-aziende-storiche-della-guida-ais-vitae\/#breadcrumb\",\"itemListElement\":[{\"@type\":\"ListItem\",\"position\":1,\"name\":\"Home\",\"item\":\"https:\/\/www.intoscana.it\/it\/\"},{\"@type\":\"ListItem\",\"position\":2,\"name\":\"Vino, un premio per le aziende &#8220;storiche&#8221; della guida Ais \u201cVitae&#8221;\"}]},{\"@type\":\"WebSite\",\"@id\":\"https:\/\/www.intoscana.it\/it\/#website\",\"url\":\"https:\/\/www.intoscana.it\/it\/\",\"name\":\"intoscana\",\"description\":\"\",\"potentialAction\":[{\"@type\":\"SearchAction\",\"target\":{\"@type\":\"EntryPoint\",\"urlTemplate\":\"https:\/\/www.intoscana.it\/it\/?s={search_term_string}\"},\"query-input\":{\"@type\":\"PropertyValueSpecification\",\"valueRequired\":true,\"valueName\":\"search_term_string\"}}],\"inLanguage\":\"it-IT\"},{\"@type\":\"Person\",\"@id\":\"https:\/\/www.intoscana.it\/it\/#\/schema\/person\/9223810753230f20bd670fdd322661f8\",\"name\":\"Redazione\",\"url\":\"https:\/\/www.intoscana.it\/it\/author\/redazione\/\"}]}<\/script>\n<!-- \/ Yoast SEO Premium plugin. -->","yoast_head_json":{"title":"Vino, un premio per le aziende \"storiche\" della guida Ais \u201cVitae\" - intoscana","description":"Sabato 2 e domenica 3 marzo alla Stazione Leopolda XXII edizione di Eccellenza di Toscana con degustazione dei migliori vini del Granducato","robots":{"index":"index","follow":"follow","max-snippet":"max-snippet:-1","max-image-preview":"max-image-preview:large","max-video-preview":"max-video-preview:-1"},"canonical":"https:\/\/www.intoscana.it\/it\/vino-un-premio-per-le-aziende-storiche-della-guida-ais-vitae\/","og_locale":"it_IT","og_type":"article","og_title":"Vino, un premio per le aziende \"storiche\" della guida Ais \u201cVitae\"","og_description":"Sabato 2 e domenica 3 marzo alla Stazione Leopolda XXII edizione di Eccellenza di Toscana con degustazione dei migliori vini del Granducato","og_url":"https:\/\/www.intoscana.it\/it\/vino-un-premio-per-le-aziende-storiche-della-guida-ais-vitae\/","og_site_name":"intoscana","article_publisher":"https:\/\/www.facebook.com\/intoscana.it","article_published_time":"2024-02-26T14:43:43+00:00","article_modified_time":"2024-02-26T14:50:01+00:00","og_image":[{"width":1200,"height":800,"url":"https:\/\/www.intoscana.it\/wp-content\/uploads\/La-presentazione-di-22Vitae-10-anni-di-Eccellenze-toscane22.jpeg","type":"image\/jpeg"}],"author":"Redazione","twitter_card":"summary_large_image","twitter_creator":"@intoscana","twitter_site":"@intoscana","twitter_misc":{"Written by":"Redazione","Est. reading time":"5 minuti"},"schema":{"@context":"https:\/\/schema.org","@graph":[{"@type":"WebPage","@id":"https:\/\/www.intoscana.it\/it\/vino-un-premio-per-le-aziende-storiche-della-guida-ais-vitae\/","url":"https:\/\/www.intoscana.it\/it\/vino-un-premio-per-le-aziende-storiche-della-guida-ais-vitae\/","name":"Vino, un premio per le aziende \"storiche\" della guida Ais \u201cVitae\" - intoscana","isPartOf":{"@id":"https:\/\/www.intoscana.it\/it\/#website"},"primaryImageOfPage":{"@id":"https:\/\/www.intoscana.it\/it\/vino-un-premio-per-le-aziende-storiche-della-guida-ais-vitae\/#primaryimage"},"image":{"@id":"https:\/\/www.intoscana.it\/it\/vino-un-premio-per-le-aziende-storiche-della-guida-ais-vitae\/#primaryimage"},"thumbnailUrl":"https:\/\/www.intoscana.it\/wp-content\/uploads\/La-presentazione-di-22Vitae-10-anni-di-Eccellenze-toscane22.jpeg","datePublished":"2024-02-26T14:43:43+00:00","dateModified":"2024-02-26T14:50:01+00:00","author":{"@id":"https:\/\/www.intoscana.it\/it\/#\/schema\/person\/9223810753230f20bd670fdd322661f8"},"description":"Sabato 2 e domenica 3 marzo alla Stazione Leopolda XXII edizione di Eccellenza di Toscana con degustazione dei migliori vini del Granducato","breadcrumb":{"@id":"https:\/\/www.intoscana.it\/it\/vino-un-premio-per-le-aziende-storiche-della-guida-ais-vitae\/#breadcrumb"},"inLanguage":"it-IT","potentialAction":[{"@type":"ReadAction","target":["https:\/\/www.intoscana.it\/it\/vino-un-premio-per-le-aziende-storiche-della-guida-ais-vitae\/"]}]},{"@type":"ImageObject","inLanguage":"it-IT","@id":"https:\/\/www.intoscana.it\/it\/vino-un-premio-per-le-aziende-storiche-della-guida-ais-vitae\/#primaryimage","url":"https:\/\/www.intoscana.it\/wp-content\/uploads\/La-presentazione-di-22Vitae-10-anni-di-Eccellenze-toscane22.jpeg","contentUrl":"https:\/\/www.intoscana.it\/wp-content\/uploads\/La-presentazione-di-22Vitae-10-anni-di-Eccellenze-toscane22.jpeg","width":1200,"height":800},{"@type":"BreadcrumbList","@id":"https:\/\/www.intoscana.it\/it\/vino-un-premio-per-le-aziende-storiche-della-guida-ais-vitae\/#breadcrumb","itemListElement":[{"@type":"ListItem","position":1,"name":"Home","item":"https:\/\/www.intoscana.it\/it\/"},{"@type":"ListItem","position":2,"name":"Vino, un premio per le aziende &#8220;storiche&#8221; della guida Ais \u201cVitae&#8221;"}]},{"@type":"WebSite","@id":"https:\/\/www.intoscana.it\/it\/#website","url":"https:\/\/www.intoscana.it\/it\/","name":"intoscana","description":"","potentialAction":[{"@type":"SearchAction","target":{"@type":"EntryPoint","urlTemplate":"https:\/\/www.intoscana.it\/it\/?s={search_term_string}"},"query-input":{"@type":"PropertyValueSpecification","valueRequired":true,"valueName":"search_term_string"}}],"inLanguage":"it-IT"},{"@type":"Person","@id":"https:\/\/www.intoscana.it\/it\/#\/schema\/person\/9223810753230f20bd670fdd322661f8","name":"Redazione","url":"https:\/\/www.intoscana.it\/it\/author\/redazione\/"}]}},"_links":{"self":[{"href":"https:\/\/www.intoscana.it\/it\/wp-json\/wp\/v2\/posts\/328661","targetHints":{"allow":["GET"]}}],"collection":[{"href":"https:\/\/www.intoscana.it\/it\/wp-json\/wp\/v2\/posts"}],"about":[{"href":"https:\/\/www.intoscana.it\/it\/wp-json\/wp\/v2\/types\/post"}],"author":[{"embeddable":true,"href":"https:\/\/www.intoscana.it\/it\/wp-json\/wp\/v2\/users\/525"}],"replies":[{"embeddable":true,"href":"https:\/\/www.intoscana.it\/it\/wp-json\/wp\/v2\/comments?post=328661"}],"version-history":[{"count":7,"href":"https:\/\/www.intoscana.it\/it\/wp-json\/wp\/v2\/posts\/328661\/revisions"}],"predecessor-version":[{"id":328693,"href":"https:\/\/www.intoscana.it\/it\/wp-json\/wp\/v2\/posts\/328661\/revisions\/328693"}],"wp:featuredmedia":[{"embeddable":true,"href":"https:\/\/www.intoscana.it\/it\/wp-json\/wp\/v2\/media\/328689"}],"wp:attachment":[{"href":"https:\/\/www.intoscana.it\/it\/wp-json\/wp\/v2\/media?parent=328661"}],"wp:term":[{"taxonomy":"category","embeddable":true,"href":"https:\/\/www.intoscana.it\/it\/wp-json\/wp\/v2\/categories?post=328661"},{"taxonomy":"post_tag","embeddable":true,"href":"https:\/\/www.intoscana.it\/it\/wp-json\/wp\/v2\/tags?post=328661"}],"curies":[{"name":"wp","href":"https:\/\/api.w.org\/{rel}","templated":true}]}}