{"id":328718,"date":"2024-02-26T17:30:40","date_gmt":"2024-02-26T16:30:40","guid":{"rendered":"https:\/\/www.intoscana.it\/it\/?p=328718"},"modified":"2024-02-26T17:30:40","modified_gmt":"2024-02-26T16:30:40","slug":"firenze-celebra-coveri-un-libro-il-fiorino-alla-memoria-e-presto-una-via","status":"publish","type":"post","link":"https:\/\/www.intoscana.it\/it\/firenze-celebra-coveri-un-libro-il-fiorino-alla-memoria-e-presto-una-via\/","title":{"rendered":"Firenze celebra Coveri: un libro, il fiorino alla memoria e presto una via"},"content":{"rendered":"<p>Bozzetti originali ispirati alla pop-art di <strong>Keith Haring e Jean-Michel Basquiat<\/strong>, testimonianze inedite della collaborazione con <strong>Andy Warhol<\/strong>, ma anche le immagini degli abiti dell&#8217;esordio nell&#8217;<strong>haute-couture a Parigi<\/strong>. La storia di Enrico Coveri, geniale stilista prematuramente scomparso, \u00e8 tutta nel libro presentato a Firenze a Palazzo Vecchio, nel giorno del suo compleanno (edito da Gruppo Editoriale, pagine 224, 79 euro).<\/p>\n<p>Un volume firmato da Silvio Balloni, dal 2008 dottore di ricerca internazionale in Italianistica, con il caratteristico fucsia a spiccare sulla copertina tattile. A presentare l&#8217;evento, nel salone dei Cinquecento, c&#8217;era <strong>Mara Venier<\/strong> insieme all&#8217;autore e a Francesco Martini Coveri, nipote del fondatore e oggi alla guida della maison.<\/p>\n<p>Il volume \u00e8 proposto come un <strong>coffee table book<\/strong>, all&#8217;interno di un cofanetto, ed \u00e8 stato realizzato grazie all&#8217;apertura degli archivi da parte della maison che ha permesso di inserire anche molta documentazione inedita, sia grafica che fotografica. Il libro inizia con il periodo degli esordi di Coveri e narra il suo lavoro di modello per l&#8217;Ente Moda Italia.<\/p>\n<p>Poi il 1978, quando ad appena 27 anni debutt\u00f2 sulla scena del pret-a-porter di Parigi con una collezione all&#8217;avanguardia che lo consacr\u00f2 come astro nascente della moda italiana. Il volume narra poi la collaborazione con le top model Naomi Campbell, Linda Evangelista, Cindy Crawford, Claudia Schiffer, e tutti i momenti salienti degli anni Ottanta. L&#8217;ultimo capitolo \u00e8 dedicato all&#8217;esordio nell&#8217;haute couture, inaugurato da una sfilata all&#8217;Opera Garnier di Parigi aperta da un balletto di <strong>Maurice B\u00e9jart<\/strong>. Il libro si chiude con l&#8217;illustrazione del presente della maison, oggi guidata dal nipote Francesco Martini Coveri, sotto l&#8217;egida di Silvana Coveri, sorella di Enrico.<\/p>\n<p>Mara Venier, al termine della presentazione, ha invitato sul palco il presidente della Regione Toscana <strong>Eugenio Giani<\/strong> e il sindaco <strong>Dario Nardella<\/strong>, che ha consegnato il Fiorino d&#8217;oro della citt\u00e0 di Firenze alla famiglia Coveri in ricordo dello stilista scomparso.<\/p>\n<p>&#8220;<em>Quello di oggi \u00e8 un tributo doveroso. Siamo orgogliosi di riconoscere alla famiglia di Enrico Coveri il pi\u00f9 grande riconoscimento della citt\u00e0, il Fiorino d&#8217;Oro. E annunciare l&#8217;intenzione di intitolare una strada della nostra citt\u00e0 a Enrico Coveri<\/em>&#8221; ha detto il sindaco Dario Nardella.<\/p>\n<p>&#8220;<em>Ho il rammarico di non averlo potuto conoscere<\/em> &#8211; ha concluso Nardella &#8211; <em>Voi dite che Enrico Coveri ha messo le paillette alla moda, io dico che ha messo le paillette alla vita. Ha riempito il mondo di colori&#8221;.<\/em>\u00a0 Mara Venier nel concludere la mattinata ha inviato un bacio al cielo augurando &#8220;<em>Buon compleanno Enrico<\/em>&#8221; tra gli applausi dei presenti.<\/p>\n","protected":false},"excerpt":{"rendered":"<p>Una giornata speciale per ricordare il re dei colori e delle paillettes: uno stilista che ha fatto la storia degli anni Ottanta del Made in Italy<\/p>\n","protected":false},"author":554,"featured_media":328722,"comment_status":"open","ping_status":"open","sticky":false,"template":"","format":"standard","meta":{"_acf_changed":false,"footnotes":""},"categories":[493],"tags":[189],"class_list":["post-328718","post","type-post","status-publish","format-standard","has-post-thumbnail","hentry","category-cultura","tag-moda"],"acf":[],"yoast_head":"<!-- This site is optimized with the Yoast SEO Premium plugin v24.2 (Yoast SEO v25.6) - https:\/\/yoast.com\/wordpress\/plugins\/seo\/ -->\n<title>Firenze celebra Coveri: un libro, il fiorino alla memoria e presto una via - intoscana<\/title>\n<meta name=\"description\" content=\"Una giornata speciale per ricordare il re dei colori e delle paillettes: uno stilista che ha fatto la storia degli anni &#039;80 del Made in Italy\" \/>\n<meta name=\"robots\" content=\"index, follow, max-snippet:-1, max-image-preview:large, max-video-preview:-1\" \/>\n<link rel=\"canonical\" href=\"https:\/\/www.intoscana.it\/it\/firenze-celebra-coveri-un-libro-il-fiorino-alla-memoria-e-presto-una-via\/\" \/>\n<meta property=\"og:locale\" content=\"it_IT\" \/>\n<meta property=\"og:type\" content=\"article\" \/>\n<meta property=\"og:title\" content=\"Firenze celebra Coveri: un libro, il fiorino alla memoria e presto una via\" \/>\n<meta property=\"og:description\" content=\"Una giornata speciale per ricordare il re dei colori e delle paillettes: uno stilista che ha fatto la storia degli anni &#039;80 del Made in Italy\" \/>\n<meta property=\"og:url\" content=\"https:\/\/www.intoscana.it\/it\/firenze-celebra-coveri-un-libro-il-fiorino-alla-memoria-e-presto-una-via\/\" \/>\n<meta property=\"og:site_name\" content=\"intoscana\" \/>\n<meta property=\"article:publisher\" content=\"https:\/\/www.facebook.com\/intoscana.it\" \/>\n<meta property=\"article:published_time\" content=\"2024-02-26T16:30:40+00:00\" \/>\n<meta property=\"og:image\" content=\"https:\/\/www.intoscana.it\/wp-content\/uploads\/giani-coveri.jpg\" \/>\n\t<meta property=\"og:image:width\" content=\"1012\" \/>\n\t<meta property=\"og:image:height\" content=\"752\" \/>\n\t<meta property=\"og:image:type\" content=\"image\/jpeg\" \/>\n<meta name=\"author\" content=\"Raffaella Galamini\" \/>\n<meta name=\"twitter:card\" content=\"summary_large_image\" \/>\n<meta name=\"twitter:creator\" content=\"@orio\" \/>\n<meta name=\"twitter:site\" content=\"@intoscana\" \/>\n<meta name=\"twitter:label1\" content=\"Written by\" \/>\n\t<meta name=\"twitter:data1\" content=\"Raffaella Galamini\" \/>\n\t<meta name=\"twitter:label2\" content=\"Est. reading time\" \/>\n\t<meta name=\"twitter:data2\" content=\"3 minuti\" \/>\n<script type=\"application\/ld+json\" class=\"yoast-schema-graph\">{\"@context\":\"https:\/\/schema.org\",\"@graph\":[{\"@type\":\"WebPage\",\"@id\":\"https:\/\/www.intoscana.it\/it\/firenze-celebra-coveri-un-libro-il-fiorino-alla-memoria-e-presto-una-via\/\",\"url\":\"https:\/\/www.intoscana.it\/it\/firenze-celebra-coveri-un-libro-il-fiorino-alla-memoria-e-presto-una-via\/\",\"name\":\"Firenze celebra Coveri: un libro, il fiorino alla memoria e presto una via - intoscana\",\"isPartOf\":{\"@id\":\"https:\/\/www.intoscana.it\/it\/#website\"},\"primaryImageOfPage\":{\"@id\":\"https:\/\/www.intoscana.it\/it\/firenze-celebra-coveri-un-libro-il-fiorino-alla-memoria-e-presto-una-via\/#primaryimage\"},\"image\":{\"@id\":\"https:\/\/www.intoscana.it\/it\/firenze-celebra-coveri-un-libro-il-fiorino-alla-memoria-e-presto-una-via\/#primaryimage\"},\"thumbnailUrl\":\"https:\/\/www.intoscana.it\/wp-content\/uploads\/giani-coveri.jpg\",\"datePublished\":\"2024-02-26T16:30:40+00:00\",\"author\":{\"@id\":\"https:\/\/www.intoscana.it\/it\/#\/schema\/person\/9eb9daa846a49fe51af39a73d9d1986b\"},\"description\":\"Una giornata speciale per ricordare il re dei colori e delle paillettes: uno stilista che ha fatto la storia degli anni '80 del Made in Italy\",\"breadcrumb\":{\"@id\":\"https:\/\/www.intoscana.it\/it\/firenze-celebra-coveri-un-libro-il-fiorino-alla-memoria-e-presto-una-via\/#breadcrumb\"},\"inLanguage\":\"it-IT\",\"potentialAction\":[{\"@type\":\"ReadAction\",\"target\":[\"https:\/\/www.intoscana.it\/it\/firenze-celebra-coveri-un-libro-il-fiorino-alla-memoria-e-presto-una-via\/\"]}]},{\"@type\":\"ImageObject\",\"inLanguage\":\"it-IT\",\"@id\":\"https:\/\/www.intoscana.it\/it\/firenze-celebra-coveri-un-libro-il-fiorino-alla-memoria-e-presto-una-via\/#primaryimage\",\"url\":\"https:\/\/www.intoscana.it\/wp-content\/uploads\/giani-coveri.jpg\",\"contentUrl\":\"https:\/\/www.intoscana.it\/wp-content\/uploads\/giani-coveri.jpg\",\"width\":1012,\"height\":752},{\"@type\":\"BreadcrumbList\",\"@id\":\"https:\/\/www.intoscana.it\/it\/firenze-celebra-coveri-un-libro-il-fiorino-alla-memoria-e-presto-una-via\/#breadcrumb\",\"itemListElement\":[{\"@type\":\"ListItem\",\"position\":1,\"name\":\"Home\",\"item\":\"https:\/\/www.intoscana.it\/it\/\"},{\"@type\":\"ListItem\",\"position\":2,\"name\":\"Firenze celebra Coveri: un libro, il fiorino alla memoria e presto una via\"}]},{\"@type\":\"WebSite\",\"@id\":\"https:\/\/www.intoscana.it\/it\/#website\",\"url\":\"https:\/\/www.intoscana.it\/it\/\",\"name\":\"intoscana\",\"description\":\"\",\"potentialAction\":[{\"@type\":\"SearchAction\",\"target\":{\"@type\":\"EntryPoint\",\"urlTemplate\":\"https:\/\/www.intoscana.it\/it\/?s={search_term_string}\"},\"query-input\":{\"@type\":\"PropertyValueSpecification\",\"valueRequired\":true,\"valueName\":\"search_term_string\"}}],\"inLanguage\":\"it-IT\"},{\"@type\":\"Person\",\"@id\":\"https:\/\/www.intoscana.it\/it\/#\/schema\/person\/9eb9daa846a49fe51af39a73d9d1986b\",\"name\":\"Raffaella Galamini\",\"sameAs\":[\"https:\/\/x.com\/orio\"],\"url\":\"https:\/\/www.intoscana.it\/it\/author\/r-galamini\/\"}]}<\/script>\n<!-- \/ Yoast SEO Premium plugin. -->","yoast_head_json":{"title":"Firenze celebra Coveri: un libro, il fiorino alla memoria e presto una via - intoscana","description":"Una giornata speciale per ricordare il re dei colori e delle paillettes: uno stilista che ha fatto la storia degli anni '80 del Made in Italy","robots":{"index":"index","follow":"follow","max-snippet":"max-snippet:-1","max-image-preview":"max-image-preview:large","max-video-preview":"max-video-preview:-1"},"canonical":"https:\/\/www.intoscana.it\/it\/firenze-celebra-coveri-un-libro-il-fiorino-alla-memoria-e-presto-una-via\/","og_locale":"it_IT","og_type":"article","og_title":"Firenze celebra Coveri: un libro, il fiorino alla memoria e presto una via","og_description":"Una giornata speciale per ricordare il re dei colori e delle paillettes: uno stilista che ha fatto la storia degli anni '80 del Made in Italy","og_url":"https:\/\/www.intoscana.it\/it\/firenze-celebra-coveri-un-libro-il-fiorino-alla-memoria-e-presto-una-via\/","og_site_name":"intoscana","article_publisher":"https:\/\/www.facebook.com\/intoscana.it","article_published_time":"2024-02-26T16:30:40+00:00","og_image":[{"width":1012,"height":752,"url":"https:\/\/www.intoscana.it\/wp-content\/uploads\/giani-coveri.jpg","type":"image\/jpeg"}],"author":"Raffaella Galamini","twitter_card":"summary_large_image","twitter_creator":"@orio","twitter_site":"@intoscana","twitter_misc":{"Written by":"Raffaella Galamini","Est. reading time":"3 minuti"},"schema":{"@context":"https:\/\/schema.org","@graph":[{"@type":"WebPage","@id":"https:\/\/www.intoscana.it\/it\/firenze-celebra-coveri-un-libro-il-fiorino-alla-memoria-e-presto-una-via\/","url":"https:\/\/www.intoscana.it\/it\/firenze-celebra-coveri-un-libro-il-fiorino-alla-memoria-e-presto-una-via\/","name":"Firenze celebra Coveri: un libro, il fiorino alla memoria e presto una via - intoscana","isPartOf":{"@id":"https:\/\/www.intoscana.it\/it\/#website"},"primaryImageOfPage":{"@id":"https:\/\/www.intoscana.it\/it\/firenze-celebra-coveri-un-libro-il-fiorino-alla-memoria-e-presto-una-via\/#primaryimage"},"image":{"@id":"https:\/\/www.intoscana.it\/it\/firenze-celebra-coveri-un-libro-il-fiorino-alla-memoria-e-presto-una-via\/#primaryimage"},"thumbnailUrl":"https:\/\/www.intoscana.it\/wp-content\/uploads\/giani-coveri.jpg","datePublished":"2024-02-26T16:30:40+00:00","author":{"@id":"https:\/\/www.intoscana.it\/it\/#\/schema\/person\/9eb9daa846a49fe51af39a73d9d1986b"},"description":"Una giornata speciale per ricordare il re dei colori e delle paillettes: uno stilista che ha fatto la storia degli anni '80 del Made in Italy","breadcrumb":{"@id":"https:\/\/www.intoscana.it\/it\/firenze-celebra-coveri-un-libro-il-fiorino-alla-memoria-e-presto-una-via\/#breadcrumb"},"inLanguage":"it-IT","potentialAction":[{"@type":"ReadAction","target":["https:\/\/www.intoscana.it\/it\/firenze-celebra-coveri-un-libro-il-fiorino-alla-memoria-e-presto-una-via\/"]}]},{"@type":"ImageObject","inLanguage":"it-IT","@id":"https:\/\/www.intoscana.it\/it\/firenze-celebra-coveri-un-libro-il-fiorino-alla-memoria-e-presto-una-via\/#primaryimage","url":"https:\/\/www.intoscana.it\/wp-content\/uploads\/giani-coveri.jpg","contentUrl":"https:\/\/www.intoscana.it\/wp-content\/uploads\/giani-coveri.jpg","width":1012,"height":752},{"@type":"BreadcrumbList","@id":"https:\/\/www.intoscana.it\/it\/firenze-celebra-coveri-un-libro-il-fiorino-alla-memoria-e-presto-una-via\/#breadcrumb","itemListElement":[{"@type":"ListItem","position":1,"name":"Home","item":"https:\/\/www.intoscana.it\/it\/"},{"@type":"ListItem","position":2,"name":"Firenze celebra Coveri: un libro, il fiorino alla memoria e presto una via"}]},{"@type":"WebSite","@id":"https:\/\/www.intoscana.it\/it\/#website","url":"https:\/\/www.intoscana.it\/it\/","name":"intoscana","description":"","potentialAction":[{"@type":"SearchAction","target":{"@type":"EntryPoint","urlTemplate":"https:\/\/www.intoscana.it\/it\/?s={search_term_string}"},"query-input":{"@type":"PropertyValueSpecification","valueRequired":true,"valueName":"search_term_string"}}],"inLanguage":"it-IT"},{"@type":"Person","@id":"https:\/\/www.intoscana.it\/it\/#\/schema\/person\/9eb9daa846a49fe51af39a73d9d1986b","name":"Raffaella Galamini","sameAs":["https:\/\/x.com\/orio"],"url":"https:\/\/www.intoscana.it\/it\/author\/r-galamini\/"}]}},"_links":{"self":[{"href":"https:\/\/www.intoscana.it\/it\/wp-json\/wp\/v2\/posts\/328718","targetHints":{"allow":["GET"]}}],"collection":[{"href":"https:\/\/www.intoscana.it\/it\/wp-json\/wp\/v2\/posts"}],"about":[{"href":"https:\/\/www.intoscana.it\/it\/wp-json\/wp\/v2\/types\/post"}],"author":[{"embeddable":true,"href":"https:\/\/www.intoscana.it\/it\/wp-json\/wp\/v2\/users\/554"}],"replies":[{"embeddable":true,"href":"https:\/\/www.intoscana.it\/it\/wp-json\/wp\/v2\/comments?post=328718"}],"version-history":[{"count":4,"href":"https:\/\/www.intoscana.it\/it\/wp-json\/wp\/v2\/posts\/328718\/revisions"}],"predecessor-version":[{"id":338400,"href":"https:\/\/www.intoscana.it\/it\/wp-json\/wp\/v2\/posts\/328718\/revisions\/338400"}],"wp:featuredmedia":[{"embeddable":true,"href":"https:\/\/www.intoscana.it\/it\/wp-json\/wp\/v2\/media\/328722"}],"wp:attachment":[{"href":"https:\/\/www.intoscana.it\/it\/wp-json\/wp\/v2\/media?parent=328718"}],"wp:term":[{"taxonomy":"category","embeddable":true,"href":"https:\/\/www.intoscana.it\/it\/wp-json\/wp\/v2\/categories?post=328718"},{"taxonomy":"post_tag","embeddable":true,"href":"https:\/\/www.intoscana.it\/it\/wp-json\/wp\/v2\/tags?post=328718"}],"curies":[{"name":"wp","href":"https:\/\/api.w.org\/{rel}","templated":true}]}}