{"id":328838,"date":"2024-02-27T14:32:12","date_gmt":"2024-02-27T13:32:12","guid":{"rendered":"https:\/\/www.intoscana.it\/it\/?p=328838"},"modified":"2024-02-28T10:30:22","modified_gmt":"2024-02-28T09:30:22","slug":"torna-a-splendere-in-piazza-del-campo-a-siena-fonte-gaia-il-capolavoro-di-tito-sarrocchi","status":"publish","type":"post","link":"https:\/\/www.intoscana.it\/it\/torna-a-splendere-in-piazza-del-campo-a-siena-fonte-gaia-il-capolavoro-di-tito-sarrocchi\/","title":{"rendered":"Torna a splendere in piazza del Campo a Siena Fonte Gaia: il capolavoro di Tito Sarrocchi"},"content":{"rendered":"<p><strong>Un cantiere lungo oltre mille ore<\/strong>, da ottobre 2023 a febbraio 2024, venti settimane di lavoro no stop \u00e8 stato necessario per riportare a nuova vita la splendida <strong>Fonte Gaia in piazza del Campo a Siena.<\/strong><\/p>\n<p><strong>Il complesso \u2018cantiere-scuola\u2019 della Scuola Edile di Siena<\/strong> ha messo in atto il recupero dell\u2019<strong>imponente capolavoro di Tito Sarrocchi,<\/strong> con i contributi della Fondazione Monte dei Paschi di Siena, del Comune di Siena e la partecipazione di imprese e cittadini.<\/p>\n<p>Lo staff coordinato dall\u2019esperto restauratore <strong>Stefano Landi<\/strong> ha utilizzato <strong>un Laser Thunder Compact di ultima generazione<\/strong> e avanzate tecniche, l\u2019impiego dei migliori materiali per l&#8217;intervento di recupero e di messa in sicurezza.<\/p>\n<h3>La storia di Fonte Gaia<\/h3>\n<p style=\"font-weight: 400;\"><strong>Fonte Gaia<\/strong> ad opera di<strong> Tito Sarrocchi<\/strong>, sostitu\u00ec in Piazza del Campo nel 1869 l&#8217;originale Fonte realizzata da <strong>Jacopo della Quercia tra il 1409 ed il 1419.<\/strong> Posizionata in quell\u2019anno,<strong> sub\u00ec un intenso degrado,<\/strong> per la vita quotidiana in Piazza del Campo e per il debole materiale impiegato per la sua realizzazione.<\/p>\n<p style=\"font-weight: 400;\">Cos\u00ec, nel 1858 fu deciso di sostituire la Fonte di Jacopo con<strong> una copia realizzata con il pi\u00f9 forte marmo di Carrara,<\/strong> commissionata allo scultore purista senese <strong>Tito Sarrocchi.<\/strong> Il monumento, elemento dello scenario unico della Piazza del Campo, fu finanziato dal Comune con la cittadinanza.<\/p>\n<p style=\"font-weight: 400;\">Con grande coinvolgimento, <strong>i senesi dimostrarono la \u2018religiosa cura\u2019 per \u2018mantenere e conservare\u2019 il loro patrimonio.<\/strong><\/p>\n<p style=\"font-weight: 400;\"><strong>Oggi la storia si ripete:<\/strong> la partecipazione dei Grandi Enti e la risposta positiva dei sostenitori confermano <strong>la sensibilit\u00e0 che appartiene alla tradizione senese.<\/strong><\/p>\n<p style=\"font-weight: 400;\">Dalla realizzazione della Fonte Gaia di Tito Sarrocchi, nel 1900 gli interventi sono stati sporadici. <strong>Nel 1970 l\u2019Opificio delle Pietre Dure<\/strong> esegu\u00ec un consolidamento con fluosilicati. <strong>Da allora non si hanno notizie di restauri completi<\/strong>, se non di manutenzioni dell\u2019amministrazione comunale.<\/p>\n<figure id=\"post-328840 media-328840\" class=\"align-none\"><img decoding=\"async\" src=\"https:\/\/www.intoscana.it\/wp-content\/uploads\/fonte-gaia-01.jpg\" alt=\"\" \/><\/figure>\n<div class=\"titleimg\">Fonte Gaia<\/div>\n<p><em>&#8220;Come Amministrazione Comunale \u2013 <\/em><strong>ha sottolineato la sindaca di Siena Nicoletta Fabio<\/strong><em> \u2013, abbiamo con convinzione contribuito a questo intervento, che consente di rinnovare uno dei monumenti pi\u00f9 iconici della nostra citt\u00e0. La Fonte Gaia, al centro della Piazza e della vita dei senesi, \u00e8 stata nei precedenti mesi oggetto del prezioso lavoro di esperti e tecnici che, con la loro azione, hanno dato nuova luce ai marmi e alle sculture di Tito Sarrocchi. Ringrazio chi, insieme al Comune, ha contribuito al restauro, sviluppando una sinergia virtuosa. Invito i miei concittadini a riscoprire la nostra Fonte nel suo massimo splendore&#8221;.<\/em><\/p>\n<p><em>&#8220;Il restauro, terminato il cantiere della Scuola Edile di Siena<\/em> \u2013 <strong>ha affermato il presidente Giannetto Marchettini &#8211;<\/strong>,<em> che ha restituito alla Fonte Gaia di Tito Sarrocchi in Piazza del Campo antichi splendori, ci rende orgogliosi. Ancora una volta la Scuola Edile di Siena ha assunto la responsabilit\u00e0 di conservare, custodire e restituire il bello che la storia, l\u2019architettura e l&#8217;arte del nostro territorio raccontano. La Scuola Edile ha confermato di realizzare interventi di grande livello con il progetto di recupero \u2018<strong>Il Campo, L&#8217;Acqua e la sua Fonte: Restauro della Fonte Gaia di Tito Sarrocchi\u2019,<\/strong> a valere sulla seconda edizione dell<strong>\u2019avviso pubblico Let\u2019s Art!, della Fondazione Monte dei Paschi di Siena,<\/strong> con la partecipazione del Comune ed il coinvolgimento di imprese e cittadini, chiamando in causa la comunit\u00e0 senese. Il merito \u00e8 anche quello di aver organizzato il \u2018Cantiere-Scuola\u2019, eccellente sintesi tra storia, societ\u00e0, economia, ricerca e buone pratiche, coinvolgendo professionisti affermati accanto ai pi\u00f9 giovani, salvaguardando tecniche a rischio, favorendo il ricambio generazionale e attivando un importante indotto. Nei suoi trenta anni di storia, la Scuola Edile si \u00e8 adeguata alle esigenze delle costruzioni, espressioni dei bisogni e dello sviluppo della societ\u00e0&#8221;.<\/em><\/p>\n<p><em>&#8220;Consegniamo alla citt\u00e0, ai suoi cittadini e a tutti, un\u2019opera valorizzata nei suoi princ\u00ecpi essenziali, chiedendo ai posteri di seguire in modo scrupoloso il piano di manutenzione, fondamentale per conservare nel tempo la magnifica Fonte Gaia di Piazza del Campo &#8211;<\/em> <strong>ha detto il restauratore Stefano Landi che ha seguito il progetto di recupero del complesso architettonico e scultoreo della Fonte Gaia<\/strong> -. <em>I lavori preliminari d\u2019indagine, lo studio dei materiali costitutivi e degli elementi di degrado, i test preliminari di pulitura, la campagna di documentazione fotografica e grafica 3D, sono stati fondamentali per le linee guida della metodologia d\u2019intervento. Ai metodi tradizionali chimici e meccanici si sono affiancati altri innovativi, come l\u2019impiego di strumentazione laser del gruppo El.En: ha permesso di asportare le concrezioni pi\u00f9 tenaci salvaguardando gli strati d\u2019ossalato, la \u2018patina del tempo\u2019, secondo Cesare Brandi \u2018il segno della vita di un\u2019opera d\u2019arte\u2019. Per aggregare le superfici dilavate ed erose, sono state impiegate tecnologie a base di nano-calci; eseguiti gli incollaggi delle fratture, delle porzioni distaccate e delle integrazioni; stuccature e iniezioni nei giunti per compattare ed evitare l\u2019accesso delle acque meteoriche. Sono stati applicati un trattamento protettivo e un biocida, per preservare i risultati dell\u2019intervento e limitare l\u2019aggressione degli agenti atmosferici&#8221;.<\/em><\/p>\n<figure id=\"post-328841 media-328841\" class=\"align-none\"><img decoding=\"async\" src=\"https:\/\/www.intoscana.it\/wp-content\/uploads\/fonte-gaia-02.jpg\" alt=\"\" \/><\/figure>\n<div class=\"titleimg\">Fonte Gaia<\/div>\n<p>&nbsp;<\/p>\n","protected":false},"excerpt":{"rendered":"<p>Si \u00e8 concluso dopo circa un anno il restauro dell&#8217;imponente capolavoro di Tito Sarrocchi a cura della Scuola Edile di Siena<\/p>\n","protected":false},"author":525,"featured_media":141639,"comment_status":"open","ping_status":"open","sticky":false,"template":"","format":"standard","meta":{"_acf_changed":false,"footnotes":""},"categories":[493],"tags":[5246,164],"class_list":["post-328838","post","type-post","status-publish","format-standard","has-post-thumbnail","hentry","category-cultura","tag-restauro","tag-siena"],"acf":[],"yoast_head":"<!-- This site is optimized with the Yoast SEO Premium plugin v24.2 (Yoast SEO v25.6) - https:\/\/yoast.com\/wordpress\/plugins\/seo\/ -->\n<title>Torna a splendere in piazza del Campo a Siena Fonte Gaia: il capolavoro di Tito Sarrocchi - intoscana<\/title>\n<meta name=\"description\" content=\"Si \u00e8 concluso l&#039;imponente restauro del cantiere a cura della Scuola della Scuola Edile di Siena\" \/>\n<meta name=\"robots\" content=\"index, follow, max-snippet:-1, max-image-preview:large, max-video-preview:-1\" \/>\n<link rel=\"canonical\" href=\"https:\/\/www.intoscana.it\/it\/torna-a-splendere-in-piazza-del-campo-a-siena-fonte-gaia-il-capolavoro-di-tito-sarrocchi\/\" \/>\n<meta property=\"og:locale\" content=\"it_IT\" \/>\n<meta property=\"og:type\" content=\"article\" \/>\n<meta property=\"og:title\" content=\"Torna a splendere in piazza del Campo a Siena Fonte Gaia: il capolavoro di Tito Sarrocchi\" \/>\n<meta property=\"og:description\" content=\"Si \u00e8 concluso l&#039;imponente restauro del cantiere a cura della Scuola della Scuola Edile di Siena\" \/>\n<meta property=\"og:url\" content=\"https:\/\/www.intoscana.it\/it\/torna-a-splendere-in-piazza-del-campo-a-siena-fonte-gaia-il-capolavoro-di-tito-sarrocchi\/\" \/>\n<meta property=\"og:site_name\" content=\"intoscana\" \/>\n<meta property=\"article:publisher\" content=\"https:\/\/www.facebook.com\/intoscana.it\" \/>\n<meta property=\"article:published_time\" content=\"2024-02-27T13:32:12+00:00\" \/>\n<meta property=\"article:modified_time\" content=\"2024-02-28T09:30:22+00:00\" \/>\n<meta property=\"og:image\" content=\"https:\/\/www.intoscana.it\/wp-content\/uploads\/fonte-gaia-siena.jpg\" \/>\n\t<meta property=\"og:image:width\" content=\"1000\" \/>\n\t<meta property=\"og:image:height\" content=\"750\" \/>\n\t<meta property=\"og:image:type\" content=\"image\/jpeg\" \/>\n<meta name=\"author\" content=\"Redazione\" \/>\n<meta name=\"twitter:card\" content=\"summary_large_image\" \/>\n<meta name=\"twitter:creator\" content=\"@intoscana\" \/>\n<meta name=\"twitter:site\" content=\"@intoscana\" \/>\n<meta name=\"twitter:label1\" content=\"Written by\" \/>\n\t<meta name=\"twitter:data1\" content=\"Redazione\" \/>\n\t<meta name=\"twitter:label2\" content=\"Est. reading time\" \/>\n\t<meta name=\"twitter:data2\" content=\"5 minuti\" \/>\n<script type=\"application\/ld+json\" class=\"yoast-schema-graph\">{\"@context\":\"https:\/\/schema.org\",\"@graph\":[{\"@type\":\"WebPage\",\"@id\":\"https:\/\/www.intoscana.it\/it\/torna-a-splendere-in-piazza-del-campo-a-siena-fonte-gaia-il-capolavoro-di-tito-sarrocchi\/\",\"url\":\"https:\/\/www.intoscana.it\/it\/torna-a-splendere-in-piazza-del-campo-a-siena-fonte-gaia-il-capolavoro-di-tito-sarrocchi\/\",\"name\":\"Torna a splendere in piazza del Campo a Siena Fonte Gaia: il capolavoro di Tito Sarrocchi - intoscana\",\"isPartOf\":{\"@id\":\"https:\/\/www.intoscana.it\/it\/#website\"},\"primaryImageOfPage\":{\"@id\":\"https:\/\/www.intoscana.it\/it\/torna-a-splendere-in-piazza-del-campo-a-siena-fonte-gaia-il-capolavoro-di-tito-sarrocchi\/#primaryimage\"},\"image\":{\"@id\":\"https:\/\/www.intoscana.it\/it\/torna-a-splendere-in-piazza-del-campo-a-siena-fonte-gaia-il-capolavoro-di-tito-sarrocchi\/#primaryimage\"},\"thumbnailUrl\":\"https:\/\/www.intoscana.it\/wp-content\/uploads\/fonte-gaia-siena.jpg\",\"datePublished\":\"2024-02-27T13:32:12+00:00\",\"dateModified\":\"2024-02-28T09:30:22+00:00\",\"author\":{\"@id\":\"https:\/\/www.intoscana.it\/it\/#\/schema\/person\/9223810753230f20bd670fdd322661f8\"},\"description\":\"Si \u00e8 concluso l'imponente restauro del cantiere a cura della Scuola della Scuola Edile di Siena\",\"breadcrumb\":{\"@id\":\"https:\/\/www.intoscana.it\/it\/torna-a-splendere-in-piazza-del-campo-a-siena-fonte-gaia-il-capolavoro-di-tito-sarrocchi\/#breadcrumb\"},\"inLanguage\":\"it-IT\",\"potentialAction\":[{\"@type\":\"ReadAction\",\"target\":[\"https:\/\/www.intoscana.it\/it\/torna-a-splendere-in-piazza-del-campo-a-siena-fonte-gaia-il-capolavoro-di-tito-sarrocchi\/\"]}]},{\"@type\":\"ImageObject\",\"inLanguage\":\"it-IT\",\"@id\":\"https:\/\/www.intoscana.it\/it\/torna-a-splendere-in-piazza-del-campo-a-siena-fonte-gaia-il-capolavoro-di-tito-sarrocchi\/#primaryimage\",\"url\":\"https:\/\/www.intoscana.it\/wp-content\/uploads\/fonte-gaia-siena.jpg\",\"contentUrl\":\"https:\/\/www.intoscana.it\/wp-content\/uploads\/fonte-gaia-siena.jpg\",\"width\":1000,\"height\":750,\"caption\":\"Tour tra le acciughe sotto pesto e le fonti medievali, ecco cosa fare a Siena nel week end.\"},{\"@type\":\"BreadcrumbList\",\"@id\":\"https:\/\/www.intoscana.it\/it\/torna-a-splendere-in-piazza-del-campo-a-siena-fonte-gaia-il-capolavoro-di-tito-sarrocchi\/#breadcrumb\",\"itemListElement\":[{\"@type\":\"ListItem\",\"position\":1,\"name\":\"Home\",\"item\":\"https:\/\/www.intoscana.it\/it\/\"},{\"@type\":\"ListItem\",\"position\":2,\"name\":\"Torna a splendere in piazza del Campo a Siena Fonte Gaia: il capolavoro di Tito Sarrocchi\"}]},{\"@type\":\"WebSite\",\"@id\":\"https:\/\/www.intoscana.it\/it\/#website\",\"url\":\"https:\/\/www.intoscana.it\/it\/\",\"name\":\"intoscana\",\"description\":\"\",\"potentialAction\":[{\"@type\":\"SearchAction\",\"target\":{\"@type\":\"EntryPoint\",\"urlTemplate\":\"https:\/\/www.intoscana.it\/it\/?s={search_term_string}\"},\"query-input\":{\"@type\":\"PropertyValueSpecification\",\"valueRequired\":true,\"valueName\":\"search_term_string\"}}],\"inLanguage\":\"it-IT\"},{\"@type\":\"Person\",\"@id\":\"https:\/\/www.intoscana.it\/it\/#\/schema\/person\/9223810753230f20bd670fdd322661f8\",\"name\":\"Redazione\",\"url\":\"https:\/\/www.intoscana.it\/it\/author\/redazione\/\"}]}<\/script>\n<!-- \/ Yoast SEO Premium plugin. -->","yoast_head_json":{"title":"Torna a splendere in piazza del Campo a Siena Fonte Gaia: il capolavoro di Tito Sarrocchi - intoscana","description":"Si \u00e8 concluso l'imponente restauro del cantiere a cura della Scuola della Scuola Edile di Siena","robots":{"index":"index","follow":"follow","max-snippet":"max-snippet:-1","max-image-preview":"max-image-preview:large","max-video-preview":"max-video-preview:-1"},"canonical":"https:\/\/www.intoscana.it\/it\/torna-a-splendere-in-piazza-del-campo-a-siena-fonte-gaia-il-capolavoro-di-tito-sarrocchi\/","og_locale":"it_IT","og_type":"article","og_title":"Torna a splendere in piazza del Campo a Siena Fonte Gaia: il capolavoro di Tito Sarrocchi","og_description":"Si \u00e8 concluso l'imponente restauro del cantiere a cura della Scuola della Scuola Edile di Siena","og_url":"https:\/\/www.intoscana.it\/it\/torna-a-splendere-in-piazza-del-campo-a-siena-fonte-gaia-il-capolavoro-di-tito-sarrocchi\/","og_site_name":"intoscana","article_publisher":"https:\/\/www.facebook.com\/intoscana.it","article_published_time":"2024-02-27T13:32:12+00:00","article_modified_time":"2024-02-28T09:30:22+00:00","og_image":[{"width":1000,"height":750,"url":"https:\/\/www.intoscana.it\/wp-content\/uploads\/fonte-gaia-siena.jpg","type":"image\/jpeg"}],"author":"Redazione","twitter_card":"summary_large_image","twitter_creator":"@intoscana","twitter_site":"@intoscana","twitter_misc":{"Written by":"Redazione","Est. reading time":"5 minuti"},"schema":{"@context":"https:\/\/schema.org","@graph":[{"@type":"WebPage","@id":"https:\/\/www.intoscana.it\/it\/torna-a-splendere-in-piazza-del-campo-a-siena-fonte-gaia-il-capolavoro-di-tito-sarrocchi\/","url":"https:\/\/www.intoscana.it\/it\/torna-a-splendere-in-piazza-del-campo-a-siena-fonte-gaia-il-capolavoro-di-tito-sarrocchi\/","name":"Torna a splendere in piazza del Campo a Siena Fonte Gaia: il capolavoro di Tito Sarrocchi - intoscana","isPartOf":{"@id":"https:\/\/www.intoscana.it\/it\/#website"},"primaryImageOfPage":{"@id":"https:\/\/www.intoscana.it\/it\/torna-a-splendere-in-piazza-del-campo-a-siena-fonte-gaia-il-capolavoro-di-tito-sarrocchi\/#primaryimage"},"image":{"@id":"https:\/\/www.intoscana.it\/it\/torna-a-splendere-in-piazza-del-campo-a-siena-fonte-gaia-il-capolavoro-di-tito-sarrocchi\/#primaryimage"},"thumbnailUrl":"https:\/\/www.intoscana.it\/wp-content\/uploads\/fonte-gaia-siena.jpg","datePublished":"2024-02-27T13:32:12+00:00","dateModified":"2024-02-28T09:30:22+00:00","author":{"@id":"https:\/\/www.intoscana.it\/it\/#\/schema\/person\/9223810753230f20bd670fdd322661f8"},"description":"Si \u00e8 concluso l'imponente restauro del cantiere a cura della Scuola della Scuola Edile di Siena","breadcrumb":{"@id":"https:\/\/www.intoscana.it\/it\/torna-a-splendere-in-piazza-del-campo-a-siena-fonte-gaia-il-capolavoro-di-tito-sarrocchi\/#breadcrumb"},"inLanguage":"it-IT","potentialAction":[{"@type":"ReadAction","target":["https:\/\/www.intoscana.it\/it\/torna-a-splendere-in-piazza-del-campo-a-siena-fonte-gaia-il-capolavoro-di-tito-sarrocchi\/"]}]},{"@type":"ImageObject","inLanguage":"it-IT","@id":"https:\/\/www.intoscana.it\/it\/torna-a-splendere-in-piazza-del-campo-a-siena-fonte-gaia-il-capolavoro-di-tito-sarrocchi\/#primaryimage","url":"https:\/\/www.intoscana.it\/wp-content\/uploads\/fonte-gaia-siena.jpg","contentUrl":"https:\/\/www.intoscana.it\/wp-content\/uploads\/fonte-gaia-siena.jpg","width":1000,"height":750,"caption":"Tour tra le acciughe sotto pesto e le fonti medievali, ecco cosa fare a Siena nel week end."},{"@type":"BreadcrumbList","@id":"https:\/\/www.intoscana.it\/it\/torna-a-splendere-in-piazza-del-campo-a-siena-fonte-gaia-il-capolavoro-di-tito-sarrocchi\/#breadcrumb","itemListElement":[{"@type":"ListItem","position":1,"name":"Home","item":"https:\/\/www.intoscana.it\/it\/"},{"@type":"ListItem","position":2,"name":"Torna a splendere in piazza del Campo a Siena Fonte Gaia: il capolavoro di Tito Sarrocchi"}]},{"@type":"WebSite","@id":"https:\/\/www.intoscana.it\/it\/#website","url":"https:\/\/www.intoscana.it\/it\/","name":"intoscana","description":"","potentialAction":[{"@type":"SearchAction","target":{"@type":"EntryPoint","urlTemplate":"https:\/\/www.intoscana.it\/it\/?s={search_term_string}"},"query-input":{"@type":"PropertyValueSpecification","valueRequired":true,"valueName":"search_term_string"}}],"inLanguage":"it-IT"},{"@type":"Person","@id":"https:\/\/www.intoscana.it\/it\/#\/schema\/person\/9223810753230f20bd670fdd322661f8","name":"Redazione","url":"https:\/\/www.intoscana.it\/it\/author\/redazione\/"}]}},"_links":{"self":[{"href":"https:\/\/www.intoscana.it\/it\/wp-json\/wp\/v2\/posts\/328838","targetHints":{"allow":["GET"]}}],"collection":[{"href":"https:\/\/www.intoscana.it\/it\/wp-json\/wp\/v2\/posts"}],"about":[{"href":"https:\/\/www.intoscana.it\/it\/wp-json\/wp\/v2\/types\/post"}],"author":[{"embeddable":true,"href":"https:\/\/www.intoscana.it\/it\/wp-json\/wp\/v2\/users\/525"}],"replies":[{"embeddable":true,"href":"https:\/\/www.intoscana.it\/it\/wp-json\/wp\/v2\/comments?post=328838"}],"version-history":[{"count":8,"href":"https:\/\/www.intoscana.it\/it\/wp-json\/wp\/v2\/posts\/328838\/revisions"}],"predecessor-version":[{"id":328880,"href":"https:\/\/www.intoscana.it\/it\/wp-json\/wp\/v2\/posts\/328838\/revisions\/328880"}],"wp:featuredmedia":[{"embeddable":true,"href":"https:\/\/www.intoscana.it\/it\/wp-json\/wp\/v2\/media\/141639"}],"wp:attachment":[{"href":"https:\/\/www.intoscana.it\/it\/wp-json\/wp\/v2\/media?parent=328838"}],"wp:term":[{"taxonomy":"category","embeddable":true,"href":"https:\/\/www.intoscana.it\/it\/wp-json\/wp\/v2\/categories?post=328838"},{"taxonomy":"post_tag","embeddable":true,"href":"https:\/\/www.intoscana.it\/it\/wp-json\/wp\/v2\/tags?post=328838"}],"curies":[{"name":"wp","href":"https:\/\/api.w.org\/{rel}","templated":true}]}}