{"id":328939,"date":"2024-02-28T10:50:50","date_gmt":"2024-02-28T09:50:50","guid":{"rendered":"https:\/\/www.intoscana.it\/it\/?p=328939"},"modified":"2024-02-28T13:31:28","modified_gmt":"2024-02-28T12:31:28","slug":"il-cantautore-gentile-mirkoeilcane-in-concerto-alla-casa-del-popolo-dellimpruneta","status":"publish","type":"post","link":"https:\/\/www.intoscana.it\/it\/il-cantautore-gentile-mirkoeilcane-in-concerto-alla-casa-del-popolo-dellimpruneta\/","title":{"rendered":"Il cantautore gentile Mirkoeilcane in concerto alla Casa del Popolo dell&#8217;Impruneta"},"content":{"rendered":"<p><strong>Sabato 2 marzo<\/strong> il cantautore<strong> Mirko Mancini<\/strong> in arte <strong>Mirkoeilcane<\/strong> sar\u00e0 in concerto alla <strong>Casa del Popolo Impruneta,<\/strong> in provincia di Firenze, per la presentazione di<strong><em> \u201cLa musica contemporanea mi butta gi\u00f9\u201d,<\/em><\/strong> l\u2019ultimo album d\u2019inediti pubblicato da<strong> Santeria\/<a href=\"https:\/\/www.intoscana.it\/it\/dettaglio-video\/audioglobe-firenze-distribuzione-musicale\/\" target=\"_blank\" rel=\"noopener\">Audioglobe.<\/a><\/strong><\/p>\n<p><strong>Mirkoeilcane<\/strong> porter\u00e0 <strong>per la prima volta dal vivo in Toscana,<\/strong> accompagnato dalla sua band, le 12 tracce che compongono <strong><em>\u201cLa musica contemporanea mi butta gi\u00f9\u201d<\/em><\/strong>: un&#8217;opportunit\u00e0 unica per immergersi nell&#8217;universo dell\u2019artista, un mondo emozionante, popolato di<strong> racconti, sogni lucidi e visioni<\/strong>.<\/p>\n<p>Nell\u2019album, ad accompagnare il cantautore nel suo viaggio ci sono due ospiti d\u2019eccezione: <strong>Giobbe Covatta,<\/strong> nel brano <strong><em>\u201cSecondo Giobbe\u201d,<\/em><\/strong> un monologo tagliente, divertente e al contempo serio sulla religione e le sue incoerenze e <strong>Daniele Silvestri,<\/strong> che oltre a prendere parte al featuring nel brano <strong><em>\u201cSerie B\u201d<\/em> <\/strong>ha collaborato attivamente agli arrangiamenti e alla co-produzione del brano <strong><em>\u201cIn equilibrio\u201d.<\/em><\/strong><\/p>\n<p><strong><em>\u201cLa musica contemporanea mi butta gi\u00f9\u201d<\/em> <\/strong>\u00e8<strong> un disco sincero e raffinato<\/strong> pubblicato a distanza di cinque anni dal precedente <strong><em>\u201cSecondo me\u201d<\/em> <\/strong>(2018), il lavoro di un artista giovane che ha gi\u00e0 ottenuto numerosi riconoscimenti importanti come il premio della critica <strong><em>\u201cMia Martini\u201d<\/em><\/strong> e quello per il miglior testo<strong><em> \u201cSergio Bardotti\u201d<\/em><\/strong> per il brano <strong><em>\u201cStiamo tutti bene\u201d<\/em><\/strong>, presentato nella sezione <strong>Nuove Proposte del 68\u00b0 Festival di Sanremo<\/strong>, a cui poi \u00e8 seguita la <strong>Targa Tenco 2018 per la \u201cMiglior canzone\u201d.<\/strong><\/p>\n<p><iframe loading=\"lazy\" title=\"YouTube video player\" src=\"https:\/\/www.youtube.com\/embed\/hE3fzSFOl9E?si=FXi2fKAhl_SvQmtl\" width=\"800\" height=\"450\" frameborder=\"0\" allowfullscreen=\"allowfullscreen\"><span data-mce-type=\"bookmark\" style=\"display: inline-block; width: 0px; overflow: hidden; line-height: 0;\" class=\"mce_SELRES_start\">\ufeff<\/span><\/iframe><\/p>\n<h3>Ecco la nostra intervista a MIRKOEILCANE<\/h3>\n<p><strong>Ciao Mirko! Il tuo disco si intitola &#8220;La musica contemporanea mi butta gi\u00f9&#8221;, noto un&#8217;evidente citazione di Battiato<\/strong><\/p>\n<p>Ebbene s\u00ec come nasconderlo, \u00e8 la voglia di omaggiare la memoria del maestro e c&#8217;\u00e8 anche un po&#8217; il desiderio di porre un monito alla <strong>musica che ultimamente \u00e8 un po&#8217; svuotata delle sue funzioni principali<\/strong>. \u00c8 bene che esista musica di largo consumo, ma \u00e8 anche necessario che ci si ricordi che<strong> la musica ha una funzione molto pi\u00f9 importante<\/strong> che accompagnare la spesa al supermercato. La mia non \u00e8 una presa di posizione nei confronti di altri, ma anche proprio verso me stesso.<p><span class=\"citazione\">\u00c8 bene che esista musica di largo consumo, ma \u00e8 anche necessario che ci si ricordi che la musica ha una funzione molto pi\u00f9 importante che accompagnare la spesa al supermercato<\/span><\/p><\/p>\n<p><strong>Quali sono secondo te le funzioni pi\u00f9 importanti della musica?<\/strong><\/p>\n<p>In Italia, ma anche fuori dell&#8217;Italia, c&#8217;\u00e8 sempre stato un <strong>peso sociale della musica.<\/strong> Spesso e volentieri<strong> la musica \u00e8 stata promotrice di rivoluzioni, di cambiamenti.<\/strong> Secondo me \u00e8 importante riempire la musica di un significato che nella migliore delle ipotesi smuove le opinioni, le coscienze e pu\u00f2 portare a un miglioramento, invece che a questa stasi che ultimamente \u00e8 diventata antipatica.<\/p>\n<p><strong>Credo che 20, 30 anni fa si facesse molto pi\u00f9 musica di questo tipo. C&#8217;erano gruppi negli anni &#8217;90 in Italia il cui focus erano proprio battaglie politiche per i diritti civili. Tu lo fai oggi con la tua musica?<\/strong><\/p>\n<p>Sarebbe presuntuoso dire che lo faccio, sicuramente \u00e8 una mia proposta, \u00e8 vero anche che<strong> ci si scontra con una disabitudine<\/strong>. Se le persone vengono educate ad ascoltare musica con un orecchio e con l&#8217;altro stare al telefono, \u00e8 difficile dargli quel ruolo. Se pensiamo agli anni &#8217;90<strong> c&#8217;era ancora occasione di sedersi con degli amici e commentare il testo di una canzone<\/strong> dei CCCP o di altri gruppi.<strong> Oggi \u00e8 un&#8217;arte perduta che si perde negli schermi televisivi e dei cellulari<\/strong>.<\/p>\n<p><strong>Tu ti definisci un <em>&#8220;musicista compulsivo&#8221;,<\/em> vai in giro con quaderni su cui ti appunti di tutto. Ho letto che addirittura per l&#8217;ultimo disco hai scritto ben 50 canzoni da cui poi ne hai dovute scegliere 12<\/strong><\/p>\n<p><strong>Per me \u00e8 un gioco,<\/strong> ognuno ha il suo passatempo, io mi diverto a scrivere, lo faccio da quando sono bambino, per me \u00e8 la normalit\u00e0. Mi piace pensare che <strong>quello che scrivo seduto in una macchina parcheggiata da qualche parte poi lo porto su un palcoscenico, \u00e8 qualcosa di infinito. <\/strong>\u00c8 incredibile come il pensiero di uno possa aiutare un&#8217;altra persona che neanche conosce personalmente.<strong> Se invece si rimpicciolisce la musica a un business siamo in pericolo.\u00a0<\/strong><\/p>\n<figure id=\"post-328823 media-328823\" class=\"align-none\"><img decoding=\"async\" src=\"https:\/\/www.intoscana.it\/wp-content\/uploads\/F18PcqQg-scaled.jpeg\" alt=\"\" \/><\/figure>\n<div class=\"titleimg\"><em>MIRKOEILCANE &#8211; \u00a9 Simone Cecchetti<\/em><\/div>\n<p><strong>Prima parlavamo di Battiato, quali sono gli artisti che per te sono stati importanti, si \u00e8 sempre ascoltatori, prima di essere musicisti<\/strong><\/p>\n<p>S\u00ec assolutamente, \u00e8 difficile fare una lista, la realt\u00e0 \u00e8 che come musicista io ascolto<strong> dalla musica classica a Jeff Beck<\/strong>. Se ci sediamo a parlare di testi non posso non citare tutta la tradizione italiana: <strong>Battiato, Dalla, De Gregori,<\/strong> li posso nominare tutti. <strong>Tutti mi hanno regalato emozioni.<\/strong> Mi fermo ad ascoltare cose pi\u00f9 recenti quando mi rendo conto che qualcuno in una canzone ha messo un pezzo di s\u00e9 e non ha macchinato come finire su Tik Tok. Questo succede quando la canzone \u00e8 scritta da un solo essere umano,<strong> quando ci sono dietro 35 autori c&#8217;\u00e8 sempre qualcosa che non mi torna.<\/strong><\/p>\n<p><strong>Percepisco una lieve polemica sui pezzi del Festival di Sanremo<\/strong><\/p>\n<p><strong>Io ho grande rispetto per chi ascolta la musica,<\/strong> ci penso sempre. Invece mi sembra che questo atteggiamento sia un <strong>voler prendere in giro che ascolta, come gli autori di Boris.<\/strong> Mi piace pensare che ci voglia rispetto, chi ascolta non \u00e8 stupido.<\/p>\n<p><strong>Ascoltando la tua musica non ho potuto fare a meno di notare la tua gentilezza, che cosa vuol dire per te essere gentile?<\/strong><\/p>\n<p><strong>La gentilezza per me \u00e8 un&#8217;attenzione nei confronti degli altri.<\/strong> Ho la fortuna di fare un lavoro che mi ha portato a conoscere tantissime persone. Parlando ti rendi conto che <strong>ognuno ha qualcosa da dire che non ti saresti mai aspettato ed \u00e8 sempre bello scoprirlo<\/strong>. \u00a0Il rischio di questi tempi \u00e8 che sia tutto spiattellato sui social. Si perde la magia, con tutta questa smania che c&#8217;\u00e8 di conoscere la vita degli altri, o di &#8220;vendere&#8221; la propria. Se posso aggiungere una cosa, <strong>\u00e8 venuto a mancare Ernesto Assante,<\/strong> io e lui abbiamo avuto tante occasioni per stare insieme e parlare di musica, non sono bravo a fare &#8220;post&#8221; ma<strong> vorrei ricordarlo con un pensiero e un saluto.<\/strong><\/p>\n<p>&nbsp;<\/p>\n<figure id=\"post-328978 media-328978\" class=\"align-none\"><img decoding=\"async\" src=\"https:\/\/www.intoscana.it\/wp-content\/uploads\/8016670161264_0_536_0_75.jpg\" alt=\"\" \/><\/figure>\n<div class=\"titleimg\"><em>Mirkoeilcane, La musica contemporanea mi butta gi\u00f9<\/em><\/div>\n<h3>I prossimi concerti de \u201cLe Notti della Santeria\u201d<\/h3>\n<p>27 aprile <a href=\"https:\/\/www.intoscana.it\/it\/dettaglio-video\/massimiliano-larocca-presenta-daimon-musica-che-racconta-linvisibile\/\" target=\"_blank\" rel=\"noopener\"><strong>MASSIMILIANO LAROCCA<\/strong><\/a><br \/>\nIngresso 12 euro intero, 10 euro ridotto soci ARCI, 5 euro ridotto under 30<\/p>\n<p>4 maggio <strong>BEN OTTEWELL dei GOMEZ<\/strong><br \/>\nIngresso 12 euro intero, 10 euro ridotto soci ARCI, 5 euro ridotto under 30<\/p>\n","protected":false},"excerpt":{"rendered":"<p>Sabato 2 marzo Mirkoeilcane presenter\u00e0 per la prima volta in concerto in Toscana il suo ultimo disco &#8220;La musica contemporanea mi butta gi\u00f9&#8221; all&#8217;interno della rassegna &#8220;Le notti della Santeria&#8221; organizzata da Audioglobe<\/p>\n","protected":false},"author":518,"featured_media":328824,"comment_status":"open","ping_status":"open","sticky":false,"template":"","format":"standard","meta":{"_acf_changed":false,"footnotes":""},"categories":[14],"tags":[216,202,3138],"class_list":["post-328939","post","type-post","status-publish","format-standard","has-post-thumbnail","hentry","category-musica","tag-concerti","tag-firenze","tag-interviste-agli-artisti"],"acf":[],"yoast_head":"<!-- This site is optimized with the Yoast SEO Premium plugin v24.2 (Yoast SEO v25.6) - https:\/\/yoast.com\/wordpress\/plugins\/seo\/ -->\n<title>Il cantautore gentile Mirkoeilcane in concerto alla Casa del Popolo dell&#039;Impruneta - intoscana<\/title>\n<meta name=\"description\" content=\"Sabato 2 marzo il cantautore Mirkoeilcane presenter\u00e0 per la prima volta in concerto in Toscana il suo ultimo disco\" \/>\n<meta name=\"robots\" content=\"index, follow, max-snippet:-1, max-image-preview:large, max-video-preview:-1\" \/>\n<link rel=\"canonical\" href=\"https:\/\/www.intoscana.it\/it\/il-cantautore-gentile-mirkoeilcane-in-concerto-alla-casa-del-popolo-dellimpruneta\/\" \/>\n<meta property=\"og:locale\" content=\"it_IT\" \/>\n<meta property=\"og:type\" content=\"article\" \/>\n<meta property=\"og:title\" content=\"Il cantautore gentile Mirkoeilcane in concerto alla Casa del Popolo dell&#039;Impruneta\" \/>\n<meta property=\"og:description\" content=\"Sabato 2 marzo il cantautore Mirkoeilcane presenter\u00e0 per la prima volta in concerto in Toscana il suo ultimo disco\" \/>\n<meta property=\"og:url\" content=\"https:\/\/www.intoscana.it\/it\/il-cantautore-gentile-mirkoeilcane-in-concerto-alla-casa-del-popolo-dellimpruneta\/\" \/>\n<meta property=\"og:site_name\" content=\"intoscana\" \/>\n<meta property=\"article:publisher\" content=\"https:\/\/www.facebook.com\/intoscana.it\" \/>\n<meta property=\"article:published_time\" content=\"2024-02-28T09:50:50+00:00\" \/>\n<meta property=\"article:modified_time\" content=\"2024-02-28T12:31:28+00:00\" \/>\n<meta property=\"og:image\" content=\"https:\/\/www.intoscana.it\/wp-content\/uploads\/NdQQjitp-scaled.jpeg\" \/>\n\t<meta property=\"og:image:width\" content=\"2048\" \/>\n\t<meta property=\"og:image:height\" content=\"1366\" \/>\n\t<meta property=\"og:image:type\" content=\"image\/jpeg\" \/>\n<meta name=\"author\" content=\"Costanza Baldini\" \/>\n<meta name=\"twitter:card\" content=\"summary_large_image\" \/>\n<meta name=\"twitter:creator\" content=\"@intoscana\" \/>\n<meta name=\"twitter:site\" content=\"@intoscana\" \/>\n<meta name=\"twitter:label1\" content=\"Written by\" \/>\n\t<meta name=\"twitter:data1\" content=\"Costanza Baldini\" \/>\n\t<meta name=\"twitter:label2\" content=\"Est. reading time\" \/>\n\t<meta name=\"twitter:data2\" content=\"7 minuti\" \/>\n<script type=\"application\/ld+json\" class=\"yoast-schema-graph\">{\"@context\":\"https:\/\/schema.org\",\"@graph\":[{\"@type\":\"WebPage\",\"@id\":\"https:\/\/www.intoscana.it\/it\/il-cantautore-gentile-mirkoeilcane-in-concerto-alla-casa-del-popolo-dellimpruneta\/\",\"url\":\"https:\/\/www.intoscana.it\/it\/il-cantautore-gentile-mirkoeilcane-in-concerto-alla-casa-del-popolo-dellimpruneta\/\",\"name\":\"Il cantautore gentile Mirkoeilcane in concerto alla Casa del Popolo dell'Impruneta - intoscana\",\"isPartOf\":{\"@id\":\"https:\/\/www.intoscana.it\/it\/#website\"},\"primaryImageOfPage\":{\"@id\":\"https:\/\/www.intoscana.it\/it\/il-cantautore-gentile-mirkoeilcane-in-concerto-alla-casa-del-popolo-dellimpruneta\/#primaryimage\"},\"image\":{\"@id\":\"https:\/\/www.intoscana.it\/it\/il-cantautore-gentile-mirkoeilcane-in-concerto-alla-casa-del-popolo-dellimpruneta\/#primaryimage\"},\"thumbnailUrl\":\"https:\/\/www.intoscana.it\/wp-content\/uploads\/NdQQjitp-scaled.jpeg\",\"datePublished\":\"2024-02-28T09:50:50+00:00\",\"dateModified\":\"2024-02-28T12:31:28+00:00\",\"author\":{\"@id\":\"https:\/\/www.intoscana.it\/it\/#\/schema\/person\/d469f35f09739bdf00bf5dd3f0647a82\"},\"description\":\"Sabato 2 marzo il cantautore Mirkoeilcane presenter\u00e0 per la prima volta in concerto in Toscana il suo ultimo disco\",\"breadcrumb\":{\"@id\":\"https:\/\/www.intoscana.it\/it\/il-cantautore-gentile-mirkoeilcane-in-concerto-alla-casa-del-popolo-dellimpruneta\/#breadcrumb\"},\"inLanguage\":\"it-IT\",\"potentialAction\":[{\"@type\":\"ReadAction\",\"target\":[\"https:\/\/www.intoscana.it\/it\/il-cantautore-gentile-mirkoeilcane-in-concerto-alla-casa-del-popolo-dellimpruneta\/\"]}]},{\"@type\":\"ImageObject\",\"inLanguage\":\"it-IT\",\"@id\":\"https:\/\/www.intoscana.it\/it\/il-cantautore-gentile-mirkoeilcane-in-concerto-alla-casa-del-popolo-dellimpruneta\/#primaryimage\",\"url\":\"https:\/\/www.intoscana.it\/wp-content\/uploads\/NdQQjitp-scaled.jpeg\",\"contentUrl\":\"https:\/\/www.intoscana.it\/wp-content\/uploads\/NdQQjitp-scaled.jpeg\",\"width\":2048,\"height\":1366,\"caption\":\"MIRKOEILCANE\"},{\"@type\":\"BreadcrumbList\",\"@id\":\"https:\/\/www.intoscana.it\/it\/il-cantautore-gentile-mirkoeilcane-in-concerto-alla-casa-del-popolo-dellimpruneta\/#breadcrumb\",\"itemListElement\":[{\"@type\":\"ListItem\",\"position\":1,\"name\":\"Home\",\"item\":\"https:\/\/www.intoscana.it\/it\/\"},{\"@type\":\"ListItem\",\"position\":2,\"name\":\"Il cantautore gentile Mirkoeilcane in concerto alla Casa del Popolo dell&#8217;Impruneta\"}]},{\"@type\":\"WebSite\",\"@id\":\"https:\/\/www.intoscana.it\/it\/#website\",\"url\":\"https:\/\/www.intoscana.it\/it\/\",\"name\":\"intoscana\",\"description\":\"\",\"potentialAction\":[{\"@type\":\"SearchAction\",\"target\":{\"@type\":\"EntryPoint\",\"urlTemplate\":\"https:\/\/www.intoscana.it\/it\/?s={search_term_string}\"},\"query-input\":{\"@type\":\"PropertyValueSpecification\",\"valueRequired\":true,\"valueName\":\"search_term_string\"}}],\"inLanguage\":\"it-IT\"},{\"@type\":\"Person\",\"@id\":\"https:\/\/www.intoscana.it\/it\/#\/schema\/person\/d469f35f09739bdf00bf5dd3f0647a82\",\"name\":\"Costanza Baldini\",\"url\":\"https:\/\/www.intoscana.it\/it\/author\/costanza-baldini\/\"}]}<\/script>\n<!-- \/ Yoast SEO Premium plugin. -->","yoast_head_json":{"title":"Il cantautore gentile Mirkoeilcane in concerto alla Casa del Popolo dell'Impruneta - intoscana","description":"Sabato 2 marzo il cantautore Mirkoeilcane presenter\u00e0 per la prima volta in concerto in Toscana il suo ultimo disco","robots":{"index":"index","follow":"follow","max-snippet":"max-snippet:-1","max-image-preview":"max-image-preview:large","max-video-preview":"max-video-preview:-1"},"canonical":"https:\/\/www.intoscana.it\/it\/il-cantautore-gentile-mirkoeilcane-in-concerto-alla-casa-del-popolo-dellimpruneta\/","og_locale":"it_IT","og_type":"article","og_title":"Il cantautore gentile Mirkoeilcane in concerto alla Casa del Popolo dell'Impruneta","og_description":"Sabato 2 marzo il cantautore Mirkoeilcane presenter\u00e0 per la prima volta in concerto in Toscana il suo ultimo disco","og_url":"https:\/\/www.intoscana.it\/it\/il-cantautore-gentile-mirkoeilcane-in-concerto-alla-casa-del-popolo-dellimpruneta\/","og_site_name":"intoscana","article_publisher":"https:\/\/www.facebook.com\/intoscana.it","article_published_time":"2024-02-28T09:50:50+00:00","article_modified_time":"2024-02-28T12:31:28+00:00","og_image":[{"width":2048,"height":1366,"url":"https:\/\/www.intoscana.it\/wp-content\/uploads\/NdQQjitp-scaled.jpeg","type":"image\/jpeg"}],"author":"Costanza Baldini","twitter_card":"summary_large_image","twitter_creator":"@intoscana","twitter_site":"@intoscana","twitter_misc":{"Written by":"Costanza Baldini","Est. reading time":"7 minuti"},"schema":{"@context":"https:\/\/schema.org","@graph":[{"@type":"WebPage","@id":"https:\/\/www.intoscana.it\/it\/il-cantautore-gentile-mirkoeilcane-in-concerto-alla-casa-del-popolo-dellimpruneta\/","url":"https:\/\/www.intoscana.it\/it\/il-cantautore-gentile-mirkoeilcane-in-concerto-alla-casa-del-popolo-dellimpruneta\/","name":"Il cantautore gentile Mirkoeilcane in concerto alla Casa del Popolo dell'Impruneta - intoscana","isPartOf":{"@id":"https:\/\/www.intoscana.it\/it\/#website"},"primaryImageOfPage":{"@id":"https:\/\/www.intoscana.it\/it\/il-cantautore-gentile-mirkoeilcane-in-concerto-alla-casa-del-popolo-dellimpruneta\/#primaryimage"},"image":{"@id":"https:\/\/www.intoscana.it\/it\/il-cantautore-gentile-mirkoeilcane-in-concerto-alla-casa-del-popolo-dellimpruneta\/#primaryimage"},"thumbnailUrl":"https:\/\/www.intoscana.it\/wp-content\/uploads\/NdQQjitp-scaled.jpeg","datePublished":"2024-02-28T09:50:50+00:00","dateModified":"2024-02-28T12:31:28+00:00","author":{"@id":"https:\/\/www.intoscana.it\/it\/#\/schema\/person\/d469f35f09739bdf00bf5dd3f0647a82"},"description":"Sabato 2 marzo il cantautore Mirkoeilcane presenter\u00e0 per la prima volta in concerto in Toscana il suo ultimo disco","breadcrumb":{"@id":"https:\/\/www.intoscana.it\/it\/il-cantautore-gentile-mirkoeilcane-in-concerto-alla-casa-del-popolo-dellimpruneta\/#breadcrumb"},"inLanguage":"it-IT","potentialAction":[{"@type":"ReadAction","target":["https:\/\/www.intoscana.it\/it\/il-cantautore-gentile-mirkoeilcane-in-concerto-alla-casa-del-popolo-dellimpruneta\/"]}]},{"@type":"ImageObject","inLanguage":"it-IT","@id":"https:\/\/www.intoscana.it\/it\/il-cantautore-gentile-mirkoeilcane-in-concerto-alla-casa-del-popolo-dellimpruneta\/#primaryimage","url":"https:\/\/www.intoscana.it\/wp-content\/uploads\/NdQQjitp-scaled.jpeg","contentUrl":"https:\/\/www.intoscana.it\/wp-content\/uploads\/NdQQjitp-scaled.jpeg","width":2048,"height":1366,"caption":"MIRKOEILCANE"},{"@type":"BreadcrumbList","@id":"https:\/\/www.intoscana.it\/it\/il-cantautore-gentile-mirkoeilcane-in-concerto-alla-casa-del-popolo-dellimpruneta\/#breadcrumb","itemListElement":[{"@type":"ListItem","position":1,"name":"Home","item":"https:\/\/www.intoscana.it\/it\/"},{"@type":"ListItem","position":2,"name":"Il cantautore gentile Mirkoeilcane in concerto alla Casa del Popolo dell&#8217;Impruneta"}]},{"@type":"WebSite","@id":"https:\/\/www.intoscana.it\/it\/#website","url":"https:\/\/www.intoscana.it\/it\/","name":"intoscana","description":"","potentialAction":[{"@type":"SearchAction","target":{"@type":"EntryPoint","urlTemplate":"https:\/\/www.intoscana.it\/it\/?s={search_term_string}"},"query-input":{"@type":"PropertyValueSpecification","valueRequired":true,"valueName":"search_term_string"}}],"inLanguage":"it-IT"},{"@type":"Person","@id":"https:\/\/www.intoscana.it\/it\/#\/schema\/person\/d469f35f09739bdf00bf5dd3f0647a82","name":"Costanza Baldini","url":"https:\/\/www.intoscana.it\/it\/author\/costanza-baldini\/"}]}},"_links":{"self":[{"href":"https:\/\/www.intoscana.it\/it\/wp-json\/wp\/v2\/posts\/328939","targetHints":{"allow":["GET"]}}],"collection":[{"href":"https:\/\/www.intoscana.it\/it\/wp-json\/wp\/v2\/posts"}],"about":[{"href":"https:\/\/www.intoscana.it\/it\/wp-json\/wp\/v2\/types\/post"}],"author":[{"embeddable":true,"href":"https:\/\/www.intoscana.it\/it\/wp-json\/wp\/v2\/users\/518"}],"replies":[{"embeddable":true,"href":"https:\/\/www.intoscana.it\/it\/wp-json\/wp\/v2\/comments?post=328939"}],"version-history":[{"count":23,"href":"https:\/\/www.intoscana.it\/it\/wp-json\/wp\/v2\/posts\/328939\/revisions"}],"predecessor-version":[{"id":329045,"href":"https:\/\/www.intoscana.it\/it\/wp-json\/wp\/v2\/posts\/328939\/revisions\/329045"}],"wp:featuredmedia":[{"embeddable":true,"href":"https:\/\/www.intoscana.it\/it\/wp-json\/wp\/v2\/media\/328824"}],"wp:attachment":[{"href":"https:\/\/www.intoscana.it\/it\/wp-json\/wp\/v2\/media?parent=328939"}],"wp:term":[{"taxonomy":"category","embeddable":true,"href":"https:\/\/www.intoscana.it\/it\/wp-json\/wp\/v2\/categories?post=328939"},{"taxonomy":"post_tag","embeddable":true,"href":"https:\/\/www.intoscana.it\/it\/wp-json\/wp\/v2\/tags?post=328939"}],"curies":[{"name":"wp","href":"https:\/\/api.w.org\/{rel}","templated":true}]}}