{"id":329022,"date":"2024-02-28T14:26:01","date_gmt":"2024-02-28T13:26:01","guid":{"rendered":"https:\/\/www.intoscana.it\/it\/?p=329022"},"modified":"2024-02-28T14:42:36","modified_gmt":"2024-02-28T13:42:36","slug":"cara-gentilezza-ti-scrivo-il-libro-di-gaia-simonetti-nato-dalla-lettera-di-un-bambino","status":"publish","type":"post","link":"https:\/\/www.intoscana.it\/it\/cara-gentilezza-ti-scrivo-il-libro-di-gaia-simonetti-nato-dalla-lettera-di-un-bambino\/","title":{"rendered":"&#8220;Cara gentilezza ti scrivo&#8221; il libro di Gaia Simonetti nato dalla lettera di un bambino"},"content":{"rendered":"<p><strong>Daniele<\/strong>, un bambino di poco pi\u00f9 di <strong>dieci anni<\/strong> di <strong>Cerreto Guidi<\/strong>, in provincia di Firenze,<strong> prende carta e penna<\/strong> e scrive una lettera proprio alla gentilezza, che immagina come <strong>una giovane donna con le ali<\/strong> per volare e raggiungere tutto il mondo. Ha una parola per tutti e distribuisce sorrisi.<\/p>\n<p><strong>La sua lettera \u00e8 un invito a tornare nella vita di ogni giorno.<\/strong> Le chiede, infatti, di uscire dal suo nascondiglio perch\u00e9 non la vede pi\u00f9. &#8220;<strong><em>Ma anche tu giochi a nascondino come noi?&#8221;<\/em><\/strong>, le domanda.<\/p>\n<p>Nasce dalla lettera di questo piccolo scrittore il libro <strong><em>\u201cCara gentilezza ti scrivo\u201d<\/em><\/strong>\u00a0di <strong>Gaia Simonetti giornalista fiorentina <\/strong>e ambasciatrice del progetto<strong>\u00a0<a href=\"https:\/\/costruiamogentilezza.org\" target=\"_blank\" rel=\"noopener\">&#8220;Costruiamo Gentilezza&#8221;<\/a>,<\/strong> pubblicato da <strong>Betti Editrice<\/strong> e proposto dall&#8217;Associazione culturale <strong><em>&#8220;I libri di Mompracem\u201d.<\/em><\/strong><\/p>\n<p>Il libro \u00e8 un <strong>confronto tra le generazioni,<\/strong> tra il mondo visto da un bambino, che ha ancora la speranza di ritrovare la gentilezza anche nei piccoli gesti, e la nonna, a cui, in segreto, legger\u00e0 la lettera.<\/p>\n<p><strong><em>&#8220;Cara gentilezza ti scrivo&#8221;<\/em> <\/strong>sar\u00e0 presentato <strong>luned\u00ec 4 marzo alla Libreria Gioberti di Firenze,<\/strong> con la conduzione del <strong>giornalista Paolo Caselli<\/strong> e l&#8217;intervento del giovane rapper di Lucca <strong>Ramadon<\/strong> che ha scritto e musicato una canzone dedicata a <strong>Davide Astori.<\/strong><\/p>\n<h3>Ecco la nostra intervista a Gaia Simonetti<\/h3>\n<p><strong>Ciao Gaia! In cosa consiste il progetto <em>&#8220;Costruiamo gentilezza&#8221;<\/em>?<br \/>\n<\/strong><br \/>\nSi tratta di un percorso e un progetto ideato dall&#8217;<strong>Associazione di volontari<\/strong> chiamata<a href=\"https:\/\/www.instagram.com\/costruiamogentilezza\/\" target=\"_blank\" rel=\"noopener\"><strong><em> Cor et Amor<\/em><\/strong><\/a>\u00a0 guidata da <strong>Luca Nardi<\/strong>. Noi cerchiamo di portare in ogni ambito delle nostre attivit\u00e0 un po&#8217; di gentilezza. Lato mio, ho dato vita all&#8217;<strong><a href=\"https:\/\/costruiamogentilezza.org\/strumenti-di-gentilezza\/alfabeto-della-gentilezza\/\" target=\"_blank\" rel=\"noopener\"><em>Alfabeto della gentilezza<\/em><\/a>\u00a0<\/strong>che associa ad ogni lettera una parola gentile. L&#8217;ho lanciato il 2 ottobre 2021, il giorno della <strong>Festa dei nonni<\/strong> e ho portato questa pratica anche<strong> nelle scuole e nelle societ\u00e0 sportive<\/strong> che hanno voluto aderire. \u00c8 un progetto per cercare di <strong>usare le parole nel migliore dei modi,<\/strong> l&#8217;idea \u00e8 nata da mia nonna che mi diceva di avere sempre una parola gentile per tutti. <p><span class=\"citazione\">il fattore tempo non aiuta la gentilezza<strong>,<\/strong> oggi non ci soffermiamo pi\u00f9, condividiamo poco. <strong>Diamo meno peso a parole o frasi &#8220;Come stai?&#8221; per esempio.<\/strong> vedo la gentilezza ome una strada in salita, ma una strada da percorrere oggi pi\u00f9 che mai<\/span><\/p><\/p>\n<p><strong>Quindi voi cercate di portare la gentilezza ovunque?<\/strong><\/p>\n<p>S\u00ec, ognuno di noi ha i propri ambiti. Ci sono <strong>allenatori sportivi<\/strong> che fanno un confronto, una sorta di &#8220;Terzo tempo&#8221;, <strong>imprenditori e imprenditrici<\/strong> che cercano di fare iniziative per promuovere il benessere aziendale. <strong>Piccole gocce che possono cambiare molto.<\/strong><\/p>\n<p><strong>Com&#8217;\u00e8 nata l&#8217;idea di scrivere <em>&#8220;Cara gentilezza ti scrivo&#8221;<\/em>?<\/strong><\/p>\n<p>Il libro \u00e8 nato poco prima di Natale. Mi ha dato l&#8217;ispirazione un bambino che ho incontrato durante la presentazione dell&#8217;<strong>Alfabeto della gentilezza<\/strong> nelle scuole. Mi ha avvicinata e mi ha detto che aveva preso carta e penna e aveva scritto <strong>una lettera alla Gentilezza.<\/strong> Una donna che lui immaginava con le ali perch\u00e9 deve viaggiare in tutto il mondo. Questa piccola lettera era un invito a tornare alla Gentilezza. Il bambino <strong>le raccontava i gesti che mancano<\/strong>: i\u00a0sorrisi che non ci sono pi\u00f9, i saluti non fatti.<\/p>\n<p><strong>Come definiresti la gentilezza e come mai \u00e8 cos\u00ec difficile oggi essere gentili?<\/strong><\/p>\n<p>Io vorrei che fosse una strada in discesa, invece \u00e8 una strada in salita. A volte <strong>il fattore tempo non aiuta la gentilezza,<\/strong> oggi non ci soffermiamo pi\u00f9, condividiamo poco. <strong>Diamo meno peso a parole o frasi &#8220;Come stai?&#8221; per esempio.<\/strong> Vedo la gentilezza come una strada in salita, ma <strong>una strada da percorrere oggi pi\u00f9 \u00a0che mai.<\/strong><\/p>\n<p><strong>Quali potrebbero essere alcune pratiche di gentilezza da mettere in atto?<\/strong><\/p>\n<p>Io vengo dal mondo del calcio, per tanti anni ho fatto l&#8217;ufficio stampa di club sportivi. Ho visto molti gesti gentili che sono poi molto semplici. Per esempio<strong> inserire nel calendario visite agli anziani, incontri nelle scuole<\/strong> per raccontare il loro essere giocatori. Oppure nel periodo della pandemia molti giocatori andavano a distribuire mascherine agli anziani. <strong>Gentilezza \u00e8 mettersi a disposizione degli altri.<\/strong> Piccoli gesti che spesso dimentichiamo di fare nella nostra vita, non cose impossibili. <strong>Impariamo la gentilezza dai bambini,<\/strong> per loro \u00e8 una cosa genuina, spontanea,<strong> per noi adulti spesso \u00e8 pi\u00f9 difficile.\u00a0<\/strong><\/p>\n<figure id=\"post-329024 media-329024\" class=\"align-none\"><img decoding=\"async\" src=\"https:\/\/www.intoscana.it\/wp-content\/uploads\/7649f77e-4b77-4eeb-8773-ccc5bd682f58.jpg\" alt=\"\" \/><\/figure>\n<div class=\"titleimg\"><em>Cara gentilezza ti scrivo di Gaia Simonetti<\/em><\/div>\n","protected":false},"excerpt":{"rendered":"<p>&#8220;Cara gentilezza ti scrivo&#8221; sar\u00e0 presentato luned\u00ec 4 marzo alla Libreria Gioberti di Firenze, con la conduzione del giornalista Paolo Caselli e l&#8217;intervento del giovane rapper di Lucca Ramadon che ha scritto e musicato una canzone dedicata a Davide Astori<\/p>\n","protected":false},"author":518,"featured_media":329023,"comment_status":"open","ping_status":"open","sticky":false,"template":"","format":"standard","meta":{"_acf_changed":false,"footnotes":""},"categories":[493],"tags":[210,3653],"class_list":["post-329022","post","type-post","status-publish","format-standard","has-post-thumbnail","hentry","category-cultura","tag-libri","tag-scrittori-toscani"],"acf":[],"yoast_head":"<!-- This site is optimized with the Yoast SEO Premium plugin v24.2 (Yoast SEO v25.6) - https:\/\/yoast.com\/wordpress\/plugins\/seo\/ -->\n<title>&quot;Cara gentilezza ti scrivo&quot; il libro di Gaia Simonetti nato dalla lettera di un bambino - intoscana<\/title>\n<meta name=\"description\" content=\"&quot;Cara gentilezza ti scrivo&quot; sar\u00e0 presentato luned\u00ec 4 marzo alla Libreria Gioberti di Firenze, con la conduzione del giornalista Paolo Caselli\" \/>\n<meta name=\"robots\" content=\"index, follow, max-snippet:-1, max-image-preview:large, max-video-preview:-1\" \/>\n<link rel=\"canonical\" href=\"https:\/\/www.intoscana.it\/it\/cara-gentilezza-ti-scrivo-il-libro-di-gaia-simonetti-nato-dalla-lettera-di-un-bambino\/\" \/>\n<meta property=\"og:locale\" content=\"it_IT\" \/>\n<meta property=\"og:type\" content=\"article\" \/>\n<meta property=\"og:title\" content=\"&quot;Cara gentilezza ti scrivo&quot; il libro di Gaia Simonetti nato dalla lettera di un bambino\" \/>\n<meta property=\"og:description\" content=\"&quot;Cara gentilezza ti scrivo&quot; sar\u00e0 presentato luned\u00ec 4 marzo alla Libreria Gioberti di Firenze, con la conduzione del giornalista Paolo Caselli\" \/>\n<meta property=\"og:url\" content=\"https:\/\/www.intoscana.it\/it\/cara-gentilezza-ti-scrivo-il-libro-di-gaia-simonetti-nato-dalla-lettera-di-un-bambino\/\" \/>\n<meta property=\"og:site_name\" content=\"intoscana\" \/>\n<meta property=\"article:publisher\" content=\"https:\/\/www.facebook.com\/intoscana.it\" \/>\n<meta property=\"article:published_time\" content=\"2024-02-28T13:26:01+00:00\" \/>\n<meta property=\"article:modified_time\" content=\"2024-02-28T13:42:36+00:00\" \/>\n<meta property=\"og:image\" content=\"https:\/\/www.intoscana.it\/wp-content\/uploads\/90962332-60d6-49e0-8280-7c24b89c1caa.jpg\" \/>\n\t<meta property=\"og:image:width\" content=\"2048\" \/>\n\t<meta property=\"og:image:height\" content=\"1536\" \/>\n\t<meta property=\"og:image:type\" content=\"image\/jpeg\" \/>\n<meta name=\"author\" content=\"Costanza Baldini\" \/>\n<meta name=\"twitter:card\" content=\"summary_large_image\" \/>\n<meta name=\"twitter:creator\" content=\"@intoscana\" \/>\n<meta name=\"twitter:site\" content=\"@intoscana\" \/>\n<meta name=\"twitter:label1\" content=\"Written by\" \/>\n\t<meta name=\"twitter:data1\" content=\"Costanza Baldini\" \/>\n\t<meta name=\"twitter:label2\" content=\"Est. reading time\" \/>\n\t<meta name=\"twitter:data2\" content=\"5 minuti\" \/>\n<script type=\"application\/ld+json\" class=\"yoast-schema-graph\">{\"@context\":\"https:\/\/schema.org\",\"@graph\":[{\"@type\":\"WebPage\",\"@id\":\"https:\/\/www.intoscana.it\/it\/cara-gentilezza-ti-scrivo-il-libro-di-gaia-simonetti-nato-dalla-lettera-di-un-bambino\/\",\"url\":\"https:\/\/www.intoscana.it\/it\/cara-gentilezza-ti-scrivo-il-libro-di-gaia-simonetti-nato-dalla-lettera-di-un-bambino\/\",\"name\":\"\\\"Cara gentilezza ti scrivo\\\" il libro di Gaia Simonetti nato dalla lettera di un bambino - intoscana\",\"isPartOf\":{\"@id\":\"https:\/\/www.intoscana.it\/it\/#website\"},\"primaryImageOfPage\":{\"@id\":\"https:\/\/www.intoscana.it\/it\/cara-gentilezza-ti-scrivo-il-libro-di-gaia-simonetti-nato-dalla-lettera-di-un-bambino\/#primaryimage\"},\"image\":{\"@id\":\"https:\/\/www.intoscana.it\/it\/cara-gentilezza-ti-scrivo-il-libro-di-gaia-simonetti-nato-dalla-lettera-di-un-bambino\/#primaryimage\"},\"thumbnailUrl\":\"https:\/\/www.intoscana.it\/wp-content\/uploads\/90962332-60d6-49e0-8280-7c24b89c1caa.jpg\",\"datePublished\":\"2024-02-28T13:26:01+00:00\",\"dateModified\":\"2024-02-28T13:42:36+00:00\",\"author\":{\"@id\":\"https:\/\/www.intoscana.it\/it\/#\/schema\/person\/d469f35f09739bdf00bf5dd3f0647a82\"},\"description\":\"\\\"Cara gentilezza ti scrivo\\\" sar\u00e0 presentato luned\u00ec 4 marzo alla Libreria Gioberti di Firenze, con la conduzione del giornalista Paolo Caselli\",\"breadcrumb\":{\"@id\":\"https:\/\/www.intoscana.it\/it\/cara-gentilezza-ti-scrivo-il-libro-di-gaia-simonetti-nato-dalla-lettera-di-un-bambino\/#breadcrumb\"},\"inLanguage\":\"it-IT\",\"potentialAction\":[{\"@type\":\"ReadAction\",\"target\":[\"https:\/\/www.intoscana.it\/it\/cara-gentilezza-ti-scrivo-il-libro-di-gaia-simonetti-nato-dalla-lettera-di-un-bambino\/\"]}]},{\"@type\":\"ImageObject\",\"inLanguage\":\"it-IT\",\"@id\":\"https:\/\/www.intoscana.it\/it\/cara-gentilezza-ti-scrivo-il-libro-di-gaia-simonetti-nato-dalla-lettera-di-un-bambino\/#primaryimage\",\"url\":\"https:\/\/www.intoscana.it\/wp-content\/uploads\/90962332-60d6-49e0-8280-7c24b89c1caa.jpg\",\"contentUrl\":\"https:\/\/www.intoscana.it\/wp-content\/uploads\/90962332-60d6-49e0-8280-7c24b89c1caa.jpg\",\"width\":2048,\"height\":1536,\"caption\":\"Gaia Simonetti\"},{\"@type\":\"BreadcrumbList\",\"@id\":\"https:\/\/www.intoscana.it\/it\/cara-gentilezza-ti-scrivo-il-libro-di-gaia-simonetti-nato-dalla-lettera-di-un-bambino\/#breadcrumb\",\"itemListElement\":[{\"@type\":\"ListItem\",\"position\":1,\"name\":\"Home\",\"item\":\"https:\/\/www.intoscana.it\/it\/\"},{\"@type\":\"ListItem\",\"position\":2,\"name\":\"&#8220;Cara gentilezza ti scrivo&#8221; il libro di Gaia Simonetti nato dalla lettera di un bambino\"}]},{\"@type\":\"WebSite\",\"@id\":\"https:\/\/www.intoscana.it\/it\/#website\",\"url\":\"https:\/\/www.intoscana.it\/it\/\",\"name\":\"intoscana\",\"description\":\"\",\"potentialAction\":[{\"@type\":\"SearchAction\",\"target\":{\"@type\":\"EntryPoint\",\"urlTemplate\":\"https:\/\/www.intoscana.it\/it\/?s={search_term_string}\"},\"query-input\":{\"@type\":\"PropertyValueSpecification\",\"valueRequired\":true,\"valueName\":\"search_term_string\"}}],\"inLanguage\":\"it-IT\"},{\"@type\":\"Person\",\"@id\":\"https:\/\/www.intoscana.it\/it\/#\/schema\/person\/d469f35f09739bdf00bf5dd3f0647a82\",\"name\":\"Costanza Baldini\",\"url\":\"https:\/\/www.intoscana.it\/it\/author\/costanza-baldini\/\"}]}<\/script>\n<!-- \/ Yoast SEO Premium plugin. -->","yoast_head_json":{"title":"\"Cara gentilezza ti scrivo\" il libro di Gaia Simonetti nato dalla lettera di un bambino - intoscana","description":"\"Cara gentilezza ti scrivo\" sar\u00e0 presentato luned\u00ec 4 marzo alla Libreria Gioberti di Firenze, con la conduzione del giornalista Paolo Caselli","robots":{"index":"index","follow":"follow","max-snippet":"max-snippet:-1","max-image-preview":"max-image-preview:large","max-video-preview":"max-video-preview:-1"},"canonical":"https:\/\/www.intoscana.it\/it\/cara-gentilezza-ti-scrivo-il-libro-di-gaia-simonetti-nato-dalla-lettera-di-un-bambino\/","og_locale":"it_IT","og_type":"article","og_title":"\"Cara gentilezza ti scrivo\" il libro di Gaia Simonetti nato dalla lettera di un bambino","og_description":"\"Cara gentilezza ti scrivo\" sar\u00e0 presentato luned\u00ec 4 marzo alla Libreria Gioberti di Firenze, con la conduzione del giornalista Paolo Caselli","og_url":"https:\/\/www.intoscana.it\/it\/cara-gentilezza-ti-scrivo-il-libro-di-gaia-simonetti-nato-dalla-lettera-di-un-bambino\/","og_site_name":"intoscana","article_publisher":"https:\/\/www.facebook.com\/intoscana.it","article_published_time":"2024-02-28T13:26:01+00:00","article_modified_time":"2024-02-28T13:42:36+00:00","og_image":[{"width":2048,"height":1536,"url":"https:\/\/www.intoscana.it\/wp-content\/uploads\/90962332-60d6-49e0-8280-7c24b89c1caa.jpg","type":"image\/jpeg"}],"author":"Costanza Baldini","twitter_card":"summary_large_image","twitter_creator":"@intoscana","twitter_site":"@intoscana","twitter_misc":{"Written by":"Costanza Baldini","Est. reading time":"5 minuti"},"schema":{"@context":"https:\/\/schema.org","@graph":[{"@type":"WebPage","@id":"https:\/\/www.intoscana.it\/it\/cara-gentilezza-ti-scrivo-il-libro-di-gaia-simonetti-nato-dalla-lettera-di-un-bambino\/","url":"https:\/\/www.intoscana.it\/it\/cara-gentilezza-ti-scrivo-il-libro-di-gaia-simonetti-nato-dalla-lettera-di-un-bambino\/","name":"\"Cara gentilezza ti scrivo\" il libro di Gaia Simonetti nato dalla lettera di un bambino - intoscana","isPartOf":{"@id":"https:\/\/www.intoscana.it\/it\/#website"},"primaryImageOfPage":{"@id":"https:\/\/www.intoscana.it\/it\/cara-gentilezza-ti-scrivo-il-libro-di-gaia-simonetti-nato-dalla-lettera-di-un-bambino\/#primaryimage"},"image":{"@id":"https:\/\/www.intoscana.it\/it\/cara-gentilezza-ti-scrivo-il-libro-di-gaia-simonetti-nato-dalla-lettera-di-un-bambino\/#primaryimage"},"thumbnailUrl":"https:\/\/www.intoscana.it\/wp-content\/uploads\/90962332-60d6-49e0-8280-7c24b89c1caa.jpg","datePublished":"2024-02-28T13:26:01+00:00","dateModified":"2024-02-28T13:42:36+00:00","author":{"@id":"https:\/\/www.intoscana.it\/it\/#\/schema\/person\/d469f35f09739bdf00bf5dd3f0647a82"},"description":"\"Cara gentilezza ti scrivo\" sar\u00e0 presentato luned\u00ec 4 marzo alla Libreria Gioberti di Firenze, con la conduzione del giornalista Paolo Caselli","breadcrumb":{"@id":"https:\/\/www.intoscana.it\/it\/cara-gentilezza-ti-scrivo-il-libro-di-gaia-simonetti-nato-dalla-lettera-di-un-bambino\/#breadcrumb"},"inLanguage":"it-IT","potentialAction":[{"@type":"ReadAction","target":["https:\/\/www.intoscana.it\/it\/cara-gentilezza-ti-scrivo-il-libro-di-gaia-simonetti-nato-dalla-lettera-di-un-bambino\/"]}]},{"@type":"ImageObject","inLanguage":"it-IT","@id":"https:\/\/www.intoscana.it\/it\/cara-gentilezza-ti-scrivo-il-libro-di-gaia-simonetti-nato-dalla-lettera-di-un-bambino\/#primaryimage","url":"https:\/\/www.intoscana.it\/wp-content\/uploads\/90962332-60d6-49e0-8280-7c24b89c1caa.jpg","contentUrl":"https:\/\/www.intoscana.it\/wp-content\/uploads\/90962332-60d6-49e0-8280-7c24b89c1caa.jpg","width":2048,"height":1536,"caption":"Gaia Simonetti"},{"@type":"BreadcrumbList","@id":"https:\/\/www.intoscana.it\/it\/cara-gentilezza-ti-scrivo-il-libro-di-gaia-simonetti-nato-dalla-lettera-di-un-bambino\/#breadcrumb","itemListElement":[{"@type":"ListItem","position":1,"name":"Home","item":"https:\/\/www.intoscana.it\/it\/"},{"@type":"ListItem","position":2,"name":"&#8220;Cara gentilezza ti scrivo&#8221; il libro di Gaia Simonetti nato dalla lettera di un bambino"}]},{"@type":"WebSite","@id":"https:\/\/www.intoscana.it\/it\/#website","url":"https:\/\/www.intoscana.it\/it\/","name":"intoscana","description":"","potentialAction":[{"@type":"SearchAction","target":{"@type":"EntryPoint","urlTemplate":"https:\/\/www.intoscana.it\/it\/?s={search_term_string}"},"query-input":{"@type":"PropertyValueSpecification","valueRequired":true,"valueName":"search_term_string"}}],"inLanguage":"it-IT"},{"@type":"Person","@id":"https:\/\/www.intoscana.it\/it\/#\/schema\/person\/d469f35f09739bdf00bf5dd3f0647a82","name":"Costanza Baldini","url":"https:\/\/www.intoscana.it\/it\/author\/costanza-baldini\/"}]}},"_links":{"self":[{"href":"https:\/\/www.intoscana.it\/it\/wp-json\/wp\/v2\/posts\/329022","targetHints":{"allow":["GET"]}}],"collection":[{"href":"https:\/\/www.intoscana.it\/it\/wp-json\/wp\/v2\/posts"}],"about":[{"href":"https:\/\/www.intoscana.it\/it\/wp-json\/wp\/v2\/types\/post"}],"author":[{"embeddable":true,"href":"https:\/\/www.intoscana.it\/it\/wp-json\/wp\/v2\/users\/518"}],"replies":[{"embeddable":true,"href":"https:\/\/www.intoscana.it\/it\/wp-json\/wp\/v2\/comments?post=329022"}],"version-history":[{"count":25,"href":"https:\/\/www.intoscana.it\/it\/wp-json\/wp\/v2\/posts\/329022\/revisions"}],"predecessor-version":[{"id":329067,"href":"https:\/\/www.intoscana.it\/it\/wp-json\/wp\/v2\/posts\/329022\/revisions\/329067"}],"wp:featuredmedia":[{"embeddable":true,"href":"https:\/\/www.intoscana.it\/it\/wp-json\/wp\/v2\/media\/329023"}],"wp:attachment":[{"href":"https:\/\/www.intoscana.it\/it\/wp-json\/wp\/v2\/media?parent=329022"}],"wp:term":[{"taxonomy":"category","embeddable":true,"href":"https:\/\/www.intoscana.it\/it\/wp-json\/wp\/v2\/categories?post=329022"},{"taxonomy":"post_tag","embeddable":true,"href":"https:\/\/www.intoscana.it\/it\/wp-json\/wp\/v2\/tags?post=329022"}],"curies":[{"name":"wp","href":"https:\/\/api.w.org\/{rel}","templated":true}]}}