{"id":329251,"date":"2024-02-29T15:46:50","date_gmt":"2024-02-29T14:46:50","guid":{"rendered":"https:\/\/www.intoscana.it\/it\/?p=329251"},"modified":"2024-02-29T16:28:11","modified_gmt":"2024-02-29T15:28:11","slug":"firenze-celebra-larte-di-jean-michel-folon-al-via-un-concorso-fotografico","status":"publish","type":"post","link":"https:\/\/www.intoscana.it\/it\/firenze-celebra-larte-di-jean-michel-folon-al-via-un-concorso-fotografico\/","title":{"rendered":"Firenze celebra l&#8217;arte di Jean-Michel Folon: al via un concorso fotografico"},"content":{"rendered":"<p>Firenze celebra l&#8217;arte di <strong>Jean-Michel Folon<\/strong> (1934-2005), <strong>designer, illustratore, pittore, poeta e scultore<\/strong> che quest&#8217;anno avrebbe compiuto 90 anni. La Fondazione che porta il suo nome lancer\u00e0 con il Comune<strong> un concorso fotografico.<\/strong><\/p>\n<p>Con le<strong> 12 opere presenti,<\/strong> Firenze \u00e8 tra i luoghi al mondo con la concentrazione maggiore della sua <strong>arte.<\/strong><\/p>\n<p><strong>Il concorso fotografico<\/strong> ha l\u2019obiettivo di<strong> far conoscere le opere dell\u2019artista distribuite sul territorio comunale<\/strong> e di fotografarle nei loro aspetti pi\u00f9 artistici. Il concorso (l&#8217;iscrizione \u00e8 gratuita) \u00e8 aperto a tutti gli amanti della fotografia.<\/p>\n<p>Il tema scelto \u00e8 <strong><em>&#8220;Folon: fra sogno e realt\u00e0&#8221;<\/em><\/strong>: le foto potranno essere inviate <strong>dal primo marzo al 30 aprile<\/strong> secondo le modalit\u00e0 indicate nel regolamento reperibile sul <a href=\"https:\/\/www.comune.fi.it\/comunicati-stampa\/firenze-celebra-folon\" target=\"_blank\" rel=\"noopener\" class=\"broken_link\"><strong>sito del Comune.<\/strong><\/a><\/p>\n<p>Per la gestione del contest e per la giuria esaminatrice ci sar\u00e0 la collaborazione del <strong>gruppo fotografico &#8216;Il Cupolone APS&#8217;<\/strong>, associazione di promozione sociale che si dedica alla promozione della <strong>cultura fotografica<\/strong> e delle arti ad essa correlate.<\/p>\n<p><em>&#8220;Folon ha amato Firenze e Firenze lo ha sempre ricambiato &#8211;<\/em><strong> ha sottolineato l&#8217;assessora alla cultura della Memoria Maria Federica Giuliani<\/strong> &#8211; <em>la nostra citt\u00e0 ospita un museo a cielo nel Giardino delle Rose, con un nucleo significativo delle sue iconiche opere, sculture da sogno che si affacciano sulla nostra citt\u00e0. Ben nove si trovano al Giardino delle Rose diventato ormai da anni un parco d&#8217;artista fiabesco molto amato&#8221;. &#8220;Per questo &#8211; ha aggiunto &#8211; insieme alla Fondazione che porta il suo nome e con il gruppo fotografico &#8216;Il Cupolone&#8217;, abbiamo voluto celebrare il 90\u00b0 compleanno del Maestro lanciando quest&#8217;iniziativa, per onorare il suo talento, lui cos\u00ec sognatore e perennemente in viaggi&#8221;. &#8220;Artista legato all\u2019Italia e a Firenze in modo speciale &#8211; ha concluso l&#8217;assessora Giuliani &#8211; ha lasciato qui per sempre testimonianza della sua grande creativit\u00e0 legata anche all&#8217;impegno sociale battendosi sempre per i diritti umani, tanto da donare e legare per sempre il suo nome a Firenze in occasione del Social Forum. Firenze e Bruxelles sono unite dalla sua arte e oggi anche nel suo ricordo: #folonfirenze&#8221;.&#8221;<\/em><\/p>\n<p><em>&#8220;Folon adorava l&#8217;Italia e aveva con Firenze un rapporto speciale<\/em> &#8211; <strong>ha ricordato Marilena Pasquali<\/strong> <strong>storica dell&#8217;arte che rappresenta la Fondazione Folon<\/strong>&#8211; <em>la citt\u00e0 ospit\u00f2 nell&#8217;estate 2005, al Forte Belvedere una sua grande mostra&#8221;.<\/em><\/p>\n<p><em>&#8220;Oggi la fotografia ha invaso tutta la nostra vita, anche in modo eccessivo<\/em> &#8211;<strong> ha rilevato Simone Sabatini presidente del gruppo fotografico &#8216;Il Cupolone APS&#8217; <\/strong> &#8211; <em>la nostra posizione \u00e8 invece diversa: cercare di realizzare buone fotografie che rimangano per sempre. Da qui l&#8217;idea del concorso e di stampare le foto: la fotografia \u00e8 stampa, non \u00e8 solo social e condivisione&#8221;.<\/em><\/p>\n<figure id=\"post-329253 media-329253\" class=\"align-none\"><img decoding=\"async\" src=\"https:\/\/www.intoscana.it\/wp-content\/uploads\/1-2-2.jpg\" alt=\"\" \/><\/figure>\n<div class=\"titleimg\">Jean-Michel Folon<\/div>\n<h3>Le opere di Jean-Michel Folon a Firenze<\/h3>\n<p>L&#8217;artista belga <strong>Jean-Michel Folon aveva con Firenze un rapporto speciale<\/strong>: la citt\u00e0 ospit\u00f2 nell&#8217;estate 2005, al<strong> Forte Belvedere una sua grande mostra<\/strong> curata da <strong>Marilena Pasquali. <\/strong><\/p>\n<p>Prima di morire a 71 anni ha dichiarato: <strong><em>&#8220;Io sogno di trovare un giorno in Toscana, un luogo, con un giardino, con una bella casa tranquilla, dove poter lasciare tutte queste opere perch\u00e9 esistano anche dopo di me&#8221;.<\/em><\/strong><\/p>\n<p>Questo era quello che immaginava <strong>Jean-Michel Folon,<\/strong> e per volont\u00e0 della <strong>vedova, Paola Ghiringhelli<\/strong>, a seguito della mostra antologica realizzata a Forte Belvedere nel 2005 sono state donate al Comune di Firenze<strong> 10 sculture in bronzo e 2 gessi. <\/strong><\/p>\n<p>Nove sono esposte nel meraviglioso <strong>Giardino delle Rose<\/strong> (viale Poggi, 2), sotto <strong>Piazzale Michelangelo: <em>\u201cUn oiseau\u201d,<\/em><\/strong> del 1993,<strong><em> \u201cChat-oiseau\u201d<\/em><\/strong> (1994),<em><strong> \u201cChat\u201d<\/strong> <\/em>(1996), <em><strong>\u201cVingt-cinqui\u00e8me pens\u00e9e\u201d<\/strong><\/em> (2001), <strong><em>\u201cM\u00e9diterran\u00e9e\u201d,<\/em><\/strong> (2001), <strong><em>&#8220;Panth\u00e8re\u201d,<\/em><\/strong> (2003), <strong><em>\u201cJe me souviens\u201d<\/em><\/strong>, (2003), <strong><em>\u201cPartir\u201d,<\/em><\/strong> (2005), <strong><em>\u201cL\u2019envol\u201d<\/em><\/strong>, (2005).<\/p>\n<p><strong><em>\u201cWalking\u201d<\/em><\/strong>, (2003), statua in bronzo, \u00e8 collocata nel <strong>cortile di Palazzo Strozzi Sacrati, sede della Regione.<\/strong><\/p>\n<p><strong>Su lungarno Aldo Moro<\/strong> c\u2019\u00e8 la fontana bronzea <strong><em>\u201cPluie \u2013 Pioggia\u201d<\/em><\/strong>, alta tre metri donata a seguito del Social Forum del 2003.<\/p>\n<p>L&#8217;opera<strong><em> &#8220;L&#8217;uomo della Pace&#8221;<\/em><\/strong> \u00e8 stata acquistata dal <strong>Rotary Club<\/strong> e poi donata al Comune di Firenze ed \u00e8 stata collocata nel 2005 in <strong>piazza Bambini e Bambine di Beslan.<\/strong><\/p>\n<figure id=\"post-329252 media-329252\" class=\"align-none\"><img decoding=\"async\" src=\"https:\/\/www.intoscana.it\/wp-content\/uploads\/uompiog-1.jpg\" alt=\"\" \/><\/figure>\n<div class=\"titleimg\">Jean-Michel Folon<\/div>\n","protected":false},"excerpt":{"rendered":"<p>Il concorso fotografico ha l\u2019obiettivo di far conoscere le 12 opere donate dall\u2019artista e distribuite sul territorio comunale<\/p>\n","protected":false},"author":525,"featured_media":329254,"comment_status":"open","ping_status":"open","sticky":false,"template":"","format":"standard","meta":{"_acf_changed":false,"footnotes":""},"categories":[493],"tags":[174,242],"class_list":["post-329251","post","type-post","status-publish","format-standard","has-post-thumbnail","hentry","category-cultura","tag-arte","tag-fotografia"],"acf":[],"yoast_head":"<!-- This site is optimized with the Yoast SEO Premium plugin v24.2 (Yoast SEO v25.6) - https:\/\/yoast.com\/wordpress\/plugins\/seo\/ -->\n<title>Firenze celebra l&#039;arte di Jean-Michel Folon: al via un concorso fotografico - intoscana<\/title>\n<meta name=\"description\" content=\"Firenze celebra l&#039;arte di Jean-Michel Folon: al via un concorso fotografico per valorizzare le 12 opere presenti nel comune\" \/>\n<meta name=\"robots\" content=\"index, follow, max-snippet:-1, max-image-preview:large, max-video-preview:-1\" \/>\n<link rel=\"canonical\" href=\"https:\/\/www.intoscana.it\/it\/firenze-celebra-larte-di-jean-michel-folon-al-via-un-concorso-fotografico\/\" \/>\n<meta property=\"og:locale\" content=\"it_IT\" \/>\n<meta property=\"og:type\" content=\"article\" \/>\n<meta property=\"og:title\" content=\"Firenze celebra l&#039;arte di Jean-Michel Folon: al via un concorso fotografico\" \/>\n<meta property=\"og:description\" content=\"Firenze celebra l&#039;arte di Jean-Michel Folon: al via un concorso fotografico per valorizzare le 12 opere presenti nel comune\" \/>\n<meta property=\"og:url\" content=\"https:\/\/www.intoscana.it\/it\/firenze-celebra-larte-di-jean-michel-folon-al-via-un-concorso-fotografico\/\" \/>\n<meta property=\"og:site_name\" content=\"intoscana\" \/>\n<meta property=\"article:publisher\" content=\"https:\/\/www.facebook.com\/intoscana.it\" \/>\n<meta property=\"article:published_time\" content=\"2024-02-29T14:46:50+00:00\" \/>\n<meta property=\"article:modified_time\" content=\"2024-02-29T15:28:11+00:00\" \/>\n<meta property=\"og:image\" content=\"https:\/\/www.intoscana.it\/wp-content\/uploads\/firenze_folon_nave.jpg\" \/>\n\t<meta property=\"og:image:width\" content=\"1000\" \/>\n\t<meta property=\"og:image:height\" content=\"667\" \/>\n\t<meta property=\"og:image:type\" content=\"image\/jpeg\" \/>\n<meta name=\"author\" content=\"Redazione\" \/>\n<meta name=\"twitter:card\" content=\"summary_large_image\" \/>\n<meta name=\"twitter:creator\" content=\"@intoscana\" \/>\n<meta name=\"twitter:site\" content=\"@intoscana\" \/>\n<meta name=\"twitter:label1\" content=\"Written by\" \/>\n\t<meta name=\"twitter:data1\" content=\"Redazione\" \/>\n\t<meta name=\"twitter:label2\" content=\"Est. reading time\" \/>\n\t<meta name=\"twitter:data2\" content=\"5 minuti\" \/>\n<script type=\"application\/ld+json\" class=\"yoast-schema-graph\">{\"@context\":\"https:\/\/schema.org\",\"@graph\":[{\"@type\":\"WebPage\",\"@id\":\"https:\/\/www.intoscana.it\/it\/firenze-celebra-larte-di-jean-michel-folon-al-via-un-concorso-fotografico\/\",\"url\":\"https:\/\/www.intoscana.it\/it\/firenze-celebra-larte-di-jean-michel-folon-al-via-un-concorso-fotografico\/\",\"name\":\"Firenze celebra l'arte di Jean-Michel Folon: al via un concorso fotografico - intoscana\",\"isPartOf\":{\"@id\":\"https:\/\/www.intoscana.it\/it\/#website\"},\"primaryImageOfPage\":{\"@id\":\"https:\/\/www.intoscana.it\/it\/firenze-celebra-larte-di-jean-michel-folon-al-via-un-concorso-fotografico\/#primaryimage\"},\"image\":{\"@id\":\"https:\/\/www.intoscana.it\/it\/firenze-celebra-larte-di-jean-michel-folon-al-via-un-concorso-fotografico\/#primaryimage\"},\"thumbnailUrl\":\"https:\/\/www.intoscana.it\/wp-content\/uploads\/firenze_folon_nave.jpg\",\"datePublished\":\"2024-02-29T14:46:50+00:00\",\"dateModified\":\"2024-02-29T15:28:11+00:00\",\"author\":{\"@id\":\"https:\/\/www.intoscana.it\/it\/#\/schema\/person\/9223810753230f20bd670fdd322661f8\"},\"description\":\"Firenze celebra l'arte di Jean-Michel Folon: al via un concorso fotografico per valorizzare le 12 opere presenti nel comune\",\"breadcrumb\":{\"@id\":\"https:\/\/www.intoscana.it\/it\/firenze-celebra-larte-di-jean-michel-folon-al-via-un-concorso-fotografico\/#breadcrumb\"},\"inLanguage\":\"it-IT\",\"potentialAction\":[{\"@type\":\"ReadAction\",\"target\":[\"https:\/\/www.intoscana.it\/it\/firenze-celebra-larte-di-jean-michel-folon-al-via-un-concorso-fotografico\/\"]}]},{\"@type\":\"ImageObject\",\"inLanguage\":\"it-IT\",\"@id\":\"https:\/\/www.intoscana.it\/it\/firenze-celebra-larte-di-jean-michel-folon-al-via-un-concorso-fotografico\/#primaryimage\",\"url\":\"https:\/\/www.intoscana.it\/wp-content\/uploads\/firenze_folon_nave.jpg\",\"contentUrl\":\"https:\/\/www.intoscana.it\/wp-content\/uploads\/firenze_folon_nave.jpg\",\"width\":1000,\"height\":667},{\"@type\":\"BreadcrumbList\",\"@id\":\"https:\/\/www.intoscana.it\/it\/firenze-celebra-larte-di-jean-michel-folon-al-via-un-concorso-fotografico\/#breadcrumb\",\"itemListElement\":[{\"@type\":\"ListItem\",\"position\":1,\"name\":\"Home\",\"item\":\"https:\/\/www.intoscana.it\/it\/\"},{\"@type\":\"ListItem\",\"position\":2,\"name\":\"Firenze celebra l&#8217;arte di Jean-Michel Folon: al via un concorso fotografico\"}]},{\"@type\":\"WebSite\",\"@id\":\"https:\/\/www.intoscana.it\/it\/#website\",\"url\":\"https:\/\/www.intoscana.it\/it\/\",\"name\":\"intoscana\",\"description\":\"\",\"potentialAction\":[{\"@type\":\"SearchAction\",\"target\":{\"@type\":\"EntryPoint\",\"urlTemplate\":\"https:\/\/www.intoscana.it\/it\/?s={search_term_string}\"},\"query-input\":{\"@type\":\"PropertyValueSpecification\",\"valueRequired\":true,\"valueName\":\"search_term_string\"}}],\"inLanguage\":\"it-IT\"},{\"@type\":\"Person\",\"@id\":\"https:\/\/www.intoscana.it\/it\/#\/schema\/person\/9223810753230f20bd670fdd322661f8\",\"name\":\"Redazione\",\"url\":\"https:\/\/www.intoscana.it\/it\/author\/redazione\/\"}]}<\/script>\n<!-- \/ Yoast SEO Premium plugin. -->","yoast_head_json":{"title":"Firenze celebra l'arte di Jean-Michel Folon: al via un concorso fotografico - intoscana","description":"Firenze celebra l'arte di Jean-Michel Folon: al via un concorso fotografico per valorizzare le 12 opere presenti nel comune","robots":{"index":"index","follow":"follow","max-snippet":"max-snippet:-1","max-image-preview":"max-image-preview:large","max-video-preview":"max-video-preview:-1"},"canonical":"https:\/\/www.intoscana.it\/it\/firenze-celebra-larte-di-jean-michel-folon-al-via-un-concorso-fotografico\/","og_locale":"it_IT","og_type":"article","og_title":"Firenze celebra l'arte di Jean-Michel Folon: al via un concorso fotografico","og_description":"Firenze celebra l'arte di Jean-Michel Folon: al via un concorso fotografico per valorizzare le 12 opere presenti nel comune","og_url":"https:\/\/www.intoscana.it\/it\/firenze-celebra-larte-di-jean-michel-folon-al-via-un-concorso-fotografico\/","og_site_name":"intoscana","article_publisher":"https:\/\/www.facebook.com\/intoscana.it","article_published_time":"2024-02-29T14:46:50+00:00","article_modified_time":"2024-02-29T15:28:11+00:00","og_image":[{"width":1000,"height":667,"url":"https:\/\/www.intoscana.it\/wp-content\/uploads\/firenze_folon_nave.jpg","type":"image\/jpeg"}],"author":"Redazione","twitter_card":"summary_large_image","twitter_creator":"@intoscana","twitter_site":"@intoscana","twitter_misc":{"Written by":"Redazione","Est. reading time":"5 minuti"},"schema":{"@context":"https:\/\/schema.org","@graph":[{"@type":"WebPage","@id":"https:\/\/www.intoscana.it\/it\/firenze-celebra-larte-di-jean-michel-folon-al-via-un-concorso-fotografico\/","url":"https:\/\/www.intoscana.it\/it\/firenze-celebra-larte-di-jean-michel-folon-al-via-un-concorso-fotografico\/","name":"Firenze celebra l'arte di Jean-Michel Folon: al via un concorso fotografico - intoscana","isPartOf":{"@id":"https:\/\/www.intoscana.it\/it\/#website"},"primaryImageOfPage":{"@id":"https:\/\/www.intoscana.it\/it\/firenze-celebra-larte-di-jean-michel-folon-al-via-un-concorso-fotografico\/#primaryimage"},"image":{"@id":"https:\/\/www.intoscana.it\/it\/firenze-celebra-larte-di-jean-michel-folon-al-via-un-concorso-fotografico\/#primaryimage"},"thumbnailUrl":"https:\/\/www.intoscana.it\/wp-content\/uploads\/firenze_folon_nave.jpg","datePublished":"2024-02-29T14:46:50+00:00","dateModified":"2024-02-29T15:28:11+00:00","author":{"@id":"https:\/\/www.intoscana.it\/it\/#\/schema\/person\/9223810753230f20bd670fdd322661f8"},"description":"Firenze celebra l'arte di Jean-Michel Folon: al via un concorso fotografico per valorizzare le 12 opere presenti nel comune","breadcrumb":{"@id":"https:\/\/www.intoscana.it\/it\/firenze-celebra-larte-di-jean-michel-folon-al-via-un-concorso-fotografico\/#breadcrumb"},"inLanguage":"it-IT","potentialAction":[{"@type":"ReadAction","target":["https:\/\/www.intoscana.it\/it\/firenze-celebra-larte-di-jean-michel-folon-al-via-un-concorso-fotografico\/"]}]},{"@type":"ImageObject","inLanguage":"it-IT","@id":"https:\/\/www.intoscana.it\/it\/firenze-celebra-larte-di-jean-michel-folon-al-via-un-concorso-fotografico\/#primaryimage","url":"https:\/\/www.intoscana.it\/wp-content\/uploads\/firenze_folon_nave.jpg","contentUrl":"https:\/\/www.intoscana.it\/wp-content\/uploads\/firenze_folon_nave.jpg","width":1000,"height":667},{"@type":"BreadcrumbList","@id":"https:\/\/www.intoscana.it\/it\/firenze-celebra-larte-di-jean-michel-folon-al-via-un-concorso-fotografico\/#breadcrumb","itemListElement":[{"@type":"ListItem","position":1,"name":"Home","item":"https:\/\/www.intoscana.it\/it\/"},{"@type":"ListItem","position":2,"name":"Firenze celebra l&#8217;arte di Jean-Michel Folon: al via un concorso fotografico"}]},{"@type":"WebSite","@id":"https:\/\/www.intoscana.it\/it\/#website","url":"https:\/\/www.intoscana.it\/it\/","name":"intoscana","description":"","potentialAction":[{"@type":"SearchAction","target":{"@type":"EntryPoint","urlTemplate":"https:\/\/www.intoscana.it\/it\/?s={search_term_string}"},"query-input":{"@type":"PropertyValueSpecification","valueRequired":true,"valueName":"search_term_string"}}],"inLanguage":"it-IT"},{"@type":"Person","@id":"https:\/\/www.intoscana.it\/it\/#\/schema\/person\/9223810753230f20bd670fdd322661f8","name":"Redazione","url":"https:\/\/www.intoscana.it\/it\/author\/redazione\/"}]}},"_links":{"self":[{"href":"https:\/\/www.intoscana.it\/it\/wp-json\/wp\/v2\/posts\/329251","targetHints":{"allow":["GET"]}}],"collection":[{"href":"https:\/\/www.intoscana.it\/it\/wp-json\/wp\/v2\/posts"}],"about":[{"href":"https:\/\/www.intoscana.it\/it\/wp-json\/wp\/v2\/types\/post"}],"author":[{"embeddable":true,"href":"https:\/\/www.intoscana.it\/it\/wp-json\/wp\/v2\/users\/525"}],"replies":[{"embeddable":true,"href":"https:\/\/www.intoscana.it\/it\/wp-json\/wp\/v2\/comments?post=329251"}],"version-history":[{"count":2,"href":"https:\/\/www.intoscana.it\/it\/wp-json\/wp\/v2\/posts\/329251\/revisions"}],"predecessor-version":[{"id":329261,"href":"https:\/\/www.intoscana.it\/it\/wp-json\/wp\/v2\/posts\/329251\/revisions\/329261"}],"wp:featuredmedia":[{"embeddable":true,"href":"https:\/\/www.intoscana.it\/it\/wp-json\/wp\/v2\/media\/329254"}],"wp:attachment":[{"href":"https:\/\/www.intoscana.it\/it\/wp-json\/wp\/v2\/media?parent=329251"}],"wp:term":[{"taxonomy":"category","embeddable":true,"href":"https:\/\/www.intoscana.it\/it\/wp-json\/wp\/v2\/categories?post=329251"},{"taxonomy":"post_tag","embeddable":true,"href":"https:\/\/www.intoscana.it\/it\/wp-json\/wp\/v2\/tags?post=329251"}],"curies":[{"name":"wp","href":"https:\/\/api.w.org\/{rel}","templated":true}]}}