{"id":329262,"date":"2024-02-29T16:24:37","date_gmt":"2024-02-29T15:24:37","guid":{"rendered":"https:\/\/www.intoscana.it\/it\/?p=329262"},"modified":"2024-02-29T17:12:48","modified_gmt":"2024-02-29T16:12:48","slug":"toscanaincontemporanea-la-regione-toscana-svela-tutti-i-vincitori-del-bando-2023","status":"publish","type":"post","link":"https:\/\/www.intoscana.it\/it\/toscanaincontemporanea-la-regione-toscana-svela-tutti-i-vincitori-del-bando-2023\/","title":{"rendered":"Arte contemporanea, la Regione svela i 44 progetti vincitori del bando 2023"},"content":{"rendered":"<p><strong>La Regione Toscana ha svelato i vincitori del bando 2023 \u201cToscanaincontemporanea\u201d<\/strong> rivolto ad enti pubblici e soggetti privati che abbiano come obiettivi principali il <strong>sostegno all&#8217;arte contemporanea<\/strong>, in ogni sua forma e declinazione, e la <strong>valorizzazione\u00a0di artisti prevalentemente under 35<\/strong>, sia italiani che stranieri, attivi in Toscana dalla primaria alla scuola superiore.<\/p>\n<p><strong>Trecentocinquantamila euro le risorse complessive a disposizione,<\/strong> 9 le province che si sono aggiudicate i finanziamenti comprese anche due isole:<strong> Elba e Giglio,<\/strong> per un totale di <strong>30 comuni coinvolti.<\/strong><\/p>\n<p>Sono stati finanziati <strong>44 progetti culturali<\/strong> su tutto il territorio regionale: 22 progetti per la Linea di intervento 1 ovvero <strong><em>\u201cSostegno all\u2019identit\u00e0 culturale contemporanea\u201d<\/em><\/strong> e 22 progetti per la Linea di intervento 2 ovvero <strong><em>\u201cSostegno all\u2019innovazione e alla creativit\u00e0 giovanile\u201d.<\/em><\/strong><\/p>\n<p>In totale <strong>pi\u00f9 di 200 attivit\u00e0<\/strong> tra <strong>workshop, residenze, laboratori, performance, produzione di opere, concorsi<\/strong>, e poi iniziative che coinvolgono studentesse e studenti di numerose scuole della Toscana.<\/p>\n<p>Nell\u2019occasione sono state presentate anche le linee guida del <strong>nuovo bando \u201cToscanaincontemporanea2024\u201d<\/strong> approvate con DGR 178 del 26-02-2024, che <strong>uscir\u00e0 entro la fine di marzo 2024<\/strong> e di cui \u00e8 stato anticipato l\u2019importo che si mantiene lo stesso del 2023 cio\u00e8 <strong>350mila euro.<\/strong><\/p>\n<p>Alla presentazione stamani, che si \u00e8 svolta al <a href=\"https:\/\/www.intoscana.it\/it\/second-life-al-centro-pecci-le-opere-di-giovani-artisti-per-la-sostenibilita-ambientale\/\" target=\"_blank\" rel=\"noopener\"><strong>Centro per l\u2019arte contemporanea Luigi Pecci di Prato<\/strong><\/a>, hanno partecipato il <strong>presidente della Regione Eugenio Giani,<\/strong> la sua capo di gabinetto <strong>Cristina Manetti,<\/strong> oltre al <strong>direttore del <a href=\"https:\/\/centropecci.it\" target=\"_blank\" rel=\"noopener\">Centro Pecci<\/a>, Stefano Colligelli Cagol.<\/strong><\/p>\n<p><em>\u201cCrediamo fortemente nell\u2019arte contemporanea &#8211;<\/em><strong> ha detto il presidente Eugenio Giani &#8211;<\/strong><em> in una regione che vanta uno straordinario patrimonio storico-artistico, architettonico e paesaggistico, celebrato e riconosciuto in tutto il mondo; dobbiamo aggiungere oggi varie esperienze artistiche di rilievo e realizzazioni in grado di tracciare linee di &#8216;continuit\u00e0&#8217; o di rinnovamento rispetto alle evidenze del ricchissimo passato, e la Toscana pi\u00f9 attuale ci porta l\u2019arte contemporanea che nelle sue varie espressioni vive il proprio dinamismo basandosi su tre elementi, la formazione per gli artisti, la formazione per i dirigenti e poi il sostegno agli eventi\u201d.<\/em><\/p>\n<p><em>\u201cStamani abbiamo presentato \u2013 <\/em><strong>ha proseguito il governatore <\/strong><em>&#8211; un bando importante da 350mila euro, che ha visto 44 soggetti vincitori, alcuni pi\u00f9 strutturati, altri nuovi e giovani, che valorizzano l\u2019arte contemporanea e che hanno come proprio riferimento il Centro Pecci di Prato che, per me, \u00e8 un po\u2019 la capitale dell\u2019arte contemporanea per l\u2019applicazione e la costanza con cui si \u00e8 strutturata. E proprio per questo, visto che in una legge finanziaria recente \u00e8 stato stabilito che, accanto alla capitale italiana della cultura, ci sar\u00e0 anche una capitale italiana per l\u2019arte contemporanea, ecco che ci sono le condizioni per portare Prato ad essere la prima capitale per l\u2019arte contemporanea. La Regione si asterr\u00e0 da qualsiasi ruolo di sostegno, in un primo tempo, perch\u00e9 abbiamo anche un\u2019altra candidata, Carrara, con il suo marmo, con i suoi laboratori, i suoi artisti e i suoi artigiani. Sono per\u00f2 convinto che Prato pu\u00f2 legittimamente svolgere una funzione molto importante\u201d.<\/em><\/p>\n<div class=\"titleimg\">\n<figure id=\"post-329264 media-329264\" class=\"align-none\"><img decoding=\"async\" src=\"https:\/\/www.intoscana.it\/wp-content\/uploads\/contempo.jpeg\" alt=\"\" \/><\/figure>\n<div class=\"titleimg\">Toscanaincontemporanea<\/div>\n<\/div>\n<h3>I progetti vincitori di Toscanaincontemporanea 2023<\/h3>\n<p>I soggetti che sono risultati beneficiari del finanziamento per il <strong><em>\u201cSostegno all\u2019identit\u00e0 culturale contemporanea&#8221;<\/em> <\/strong>sono: <strong>Lo schermo dell&#8217;arte, Palazzo Strozzi &#8211; Strozzina, CasermArcheologica<\/strong> in Valtiberina<strong>, Hypermaremma Associazione di Promozione Sociale, Associazione MUS.E, BASE Progetti per l\u2019Arte, Fondazione Museo Montelupo Onlus, Associazione Culturale SC 17 <\/strong>(Prato), <strong>Lottozero, Comune di Pistoia <\/strong>con la mostra REVOX di Filippo Tiezzi,<strong> INGRATE ETS, Unione dei Comuni Montani del Casentino <\/strong>con il progetto STAND UP FOR AFRICA 2023. RACCONTARE LE MIGRAZIONI<strong>, Teatro Studio Krypton, Comune Santa Croce sull\u2019Arno <\/strong>per il progetto di Villa Pacchiani<strong>, Radio Papesse <\/strong>per il Lucia Festival,<strong> Associazione Culturale Nub <\/strong>di Pistoia, <strong>Blob Art ETS <\/strong>a Livorno<strong>, Dryphoto arte contemporanea, \u00a0Culture Attive <\/strong>associazione con sede a San Gimignano,<strong> Comune San Giovanni Valdarno &#8211; Casa Masaccio centro per l&#8217;arte contemporanea, Carico Massimo, KLm -Kinkaleri <\/strong>con &#8220;BODY TO BE&#8221;,<strong> Fondazione Antico Ospedale Santa Maria della Scala.<\/strong><\/p>\n<p>I soggetti che sono risultati beneficiari del finanziamento per il <strong><em>\u201cSostegno all\u2019innovazione e alla creativit\u00e0 giovanile\u201d<\/em> <\/strong>sono: <strong>Capotrave\/Kilowatt<\/strong> di Sansepolcro con il progetto trans-locale <strong>Rinascimento Multimediale, <\/strong>l&#8217;<strong>Associazione Culturale Scripta. L\u2019arte a parole<\/strong> con la direzione artistica di <strong>Pietro Gaglian\u00f2<\/strong>, Accademia Mutamenti di Grosseto,<strong> S.o.f.a. Shared Office For the Arts APS<\/strong> di Lucca con il progetto <strong>GIUNGLA,<\/strong> <strong>ChorAsis &#8211; lo spazio della visione<\/strong> progetto presso la settecentesca <strong>villa Rospigliosi di Prato, Provinciale 11<\/strong> un collettivo diffuso che si muove nel settore delle arti contemporanee, <strong>Toast APS &#8211; Toast APS<\/strong> che agisce dal 2019 all\u2019interno di Manifattura Tabacchi propone <strong><em>\u201cA Room with a View &#8211; about young international artists in town\u201d<\/em><\/strong>, il<strong> Collettivo Libero Anti Noia Clan<\/strong> di Grosseto che ha organizzato quattro edizioni della manifestazione di arte urbana <strong><em>Trame festival &#8211; serrande chiuse per arte aperta<\/em><\/strong>, l&#8217;Associazione <strong>Alkedo aps<\/strong> con il progetto<strong><em> \u201cLo stato dell\u2019arte\u201d<\/em><\/strong> ideato da Lorenzo Belli e curato da Alessandro Romanini, <strong>La compagnia dei Cosi<\/strong> dell&#8217;Isola del Giglio.<\/p>\n<p>E ancora: l&#8217;<strong>Orto Botanico Corsini Monte Argentario APS<\/strong> con il concorso <strong><em>\u201cArte Stella\u201d<\/em><\/strong> che prende il nome da Forte Stella, una delle fortificazioni costiere pi\u00f9 suggestive d\u2019Italia, l\u2019associazione culturale <strong>Sincresis per le arti contemporanee<\/strong>, situata al crocevia tra Firenze, Pisa e Siena che presenta il progetto <strong><em>Arte &amp; Sostenibilit\u00e0, <\/em><\/strong>l&#8217;<strong>Associazione CUT Circuito Urbano Temporaneo<\/strong> con il progetto <strong><em>\u201cInvista\u201d<\/em><\/strong> per la creazione di nuove reti, pratiche e dispositivi di mediazione e produzione del contemporaneo, l&#8217;<strong>Associazione Semi Cattivi &#8211; Cantieri Aperti<\/strong> un progetto transdisciplinare sulle arti e la cultura collocato nella provincia di Massa-Carrara, <strong>Cyrkle APS &#8211; CYRKLE APS<\/strong> giovane associazione situata in via Faentina a Firenze che presenta il progetto <strong><em>CYRKLE POSTER COMPETITION<\/em><\/strong>, un concorso rivolto a visual artist under 35 residenti in Toscana.<\/p>\n<p>Ci sono poi:<strong> Giallo Menta a.p.s. <\/strong>propone a Siena<strong> &#8220;Spazio Instabile<\/strong>&#8221; un contenitore temporaneo capace di ri-attivare uno spazio, <strong>Utopias!<\/strong> propone un concorso per artisti under35 in ricordo di Enrico Vannucci, il <strong>Comune di Montemurlo<\/strong> propone <strong><em>\u201cFiori sulla pietra&#8221;<\/em><\/strong> un percorso di Street Art tra natura, memoria e territorio, il <strong>Comune di Castelnuovo Berardenga<\/strong> realizzer\u00e0 una residenza artistica partecipativa che coinvolger\u00e0 i residenti, <strong>C.I.A. &#8211; Cultura Innovazioen Ambiente<\/strong> Cooperativa di Comunit\u00e0 con sede a Palazzuolo sul Senio, presenta il progetto <strong><em>\u201cN\u00e8\/ON\u201d<\/em><\/strong>che coinvolger\u00e0 gli studenti della classe terza della Scuola Secondaria di Primo Grado, la <strong>Fondazione Italo Bolano<\/strong> propone <strong><em>&#8220;A DIMORA&#8221;<\/em> <\/strong>residenze, transiti, percorsi a cura della direttrice artistica Erica Romano, che prevede una doppia residenza che intende costruire un ideale ponte creativo <strong>tra Prato e l\u2019Isola d\u2019Elba.<\/strong><\/p>\n<div class=\"titleimg\">\n<figure id=\"post-329274 media-329274\" class=\"align-none\"><img decoding=\"async\" src=\"https:\/\/www.intoscana.it\/wp-content\/uploads\/411065441_737757638388685_5299602375630222478_n.jpg\" alt=\"\" \/><\/figure>\n<div class=\"titleimg\">Centro Pecci<\/div>\n<\/div>\n","protected":false},"excerpt":{"rendered":"<p>Per Toscanaincontemporanea trecentocinquantamila euro le risorse complessive a disposizione, 9 le province che si sono aggiudicate i finanziamenti comprese anche due isole: Elba e Giglio, per un totale di 30 comuni coinvolti e 44 progetti<\/p>\n","protected":false},"author":518,"featured_media":149256,"comment_status":"open","ping_status":"open","sticky":false,"template":"","format":"standard","meta":{"_acf_changed":false,"footnotes":""},"categories":[493],"tags":[227,158,222,151,236],"class_list":["post-329262","post","type-post","status-publish","format-standard","has-post-thumbnail","hentry","category-cultura","tag-arte-contemporanea","tag-eugenio-giani","tag-mostre","tag-regione-toscana","tag-teatro"],"acf":[],"yoast_head":"<!-- This site is optimized with the Yoast SEO Premium plugin v24.2 (Yoast SEO v25.6) - https:\/\/yoast.com\/wordpress\/plugins\/seo\/ -->\n<title>Arte contemporanea, la Regione svela i 44 progetti vincitori del bando 2023 - intoscana<\/title>\n<meta name=\"description\" content=\"Trecentocinquantamila euro le risorse complessive a disposizione, 9 le province che si sono aggiudicati i finanziamenti comprese le isole\" \/>\n<meta name=\"robots\" content=\"index, follow, max-snippet:-1, max-image-preview:large, max-video-preview:-1\" \/>\n<link rel=\"canonical\" href=\"https:\/\/www.intoscana.it\/it\/toscanaincontemporanea-la-regione-toscana-svela-tutti-i-vincitori-del-bando-2023\/\" \/>\n<meta property=\"og:locale\" content=\"it_IT\" \/>\n<meta property=\"og:type\" content=\"article\" \/>\n<meta property=\"og:title\" content=\"Arte contemporanea, la Regione svela i 44 progetti vincitori del bando 2023\" \/>\n<meta property=\"og:description\" content=\"Trecentocinquantamila euro le risorse complessive a disposizione, 9 le province che si sono aggiudicati i finanziamenti comprese le isole\" \/>\n<meta property=\"og:url\" content=\"https:\/\/www.intoscana.it\/it\/toscanaincontemporanea-la-regione-toscana-svela-tutti-i-vincitori-del-bando-2023\/\" \/>\n<meta property=\"og:site_name\" content=\"intoscana\" \/>\n<meta property=\"article:publisher\" content=\"https:\/\/www.facebook.com\/intoscana.it\" \/>\n<meta property=\"article:published_time\" content=\"2024-02-29T15:24:37+00:00\" \/>\n<meta property=\"article:modified_time\" content=\"2024-02-29T16:12:48+00:00\" \/>\n<meta property=\"og:image\" content=\"https:\/\/www.intoscana.it\/wp-content\/uploads\/Centro-Pecci-Prato-1.jpg\" \/>\n\t<meta property=\"og:image:width\" content=\"1599\" \/>\n\t<meta property=\"og:image:height\" content=\"1064\" \/>\n\t<meta property=\"og:image:type\" content=\"image\/jpeg\" \/>\n<meta name=\"author\" content=\"Costanza Baldini\" \/>\n<meta name=\"twitter:card\" content=\"summary_large_image\" \/>\n<meta name=\"twitter:creator\" content=\"@intoscana\" \/>\n<meta name=\"twitter:site\" content=\"@intoscana\" \/>\n<meta name=\"twitter:label1\" content=\"Written by\" \/>\n\t<meta name=\"twitter:data1\" content=\"Costanza Baldini\" \/>\n\t<meta name=\"twitter:label2\" content=\"Est. reading time\" \/>\n\t<meta name=\"twitter:data2\" content=\"7 minuti\" \/>\n<script type=\"application\/ld+json\" class=\"yoast-schema-graph\">{\"@context\":\"https:\/\/schema.org\",\"@graph\":[{\"@type\":\"WebPage\",\"@id\":\"https:\/\/www.intoscana.it\/it\/toscanaincontemporanea-la-regione-toscana-svela-tutti-i-vincitori-del-bando-2023\/\",\"url\":\"https:\/\/www.intoscana.it\/it\/toscanaincontemporanea-la-regione-toscana-svela-tutti-i-vincitori-del-bando-2023\/\",\"name\":\"Arte contemporanea, la Regione svela i 44 progetti vincitori del bando 2023 - intoscana\",\"isPartOf\":{\"@id\":\"https:\/\/www.intoscana.it\/it\/#website\"},\"primaryImageOfPage\":{\"@id\":\"https:\/\/www.intoscana.it\/it\/toscanaincontemporanea-la-regione-toscana-svela-tutti-i-vincitori-del-bando-2023\/#primaryimage\"},\"image\":{\"@id\":\"https:\/\/www.intoscana.it\/it\/toscanaincontemporanea-la-regione-toscana-svela-tutti-i-vincitori-del-bando-2023\/#primaryimage\"},\"thumbnailUrl\":\"https:\/\/www.intoscana.it\/wp-content\/uploads\/Centro-Pecci-Prato-1.jpg\",\"datePublished\":\"2024-02-29T15:24:37+00:00\",\"dateModified\":\"2024-02-29T16:12:48+00:00\",\"author\":{\"@id\":\"https:\/\/www.intoscana.it\/it\/#\/schema\/person\/d469f35f09739bdf00bf5dd3f0647a82\"},\"description\":\"Trecentocinquantamila euro le risorse complessive a disposizione, 9 le province che si sono aggiudicati i finanziamenti comprese le isole\",\"breadcrumb\":{\"@id\":\"https:\/\/www.intoscana.it\/it\/toscanaincontemporanea-la-regione-toscana-svela-tutti-i-vincitori-del-bando-2023\/#breadcrumb\"},\"inLanguage\":\"it-IT\",\"potentialAction\":[{\"@type\":\"ReadAction\",\"target\":[\"https:\/\/www.intoscana.it\/it\/toscanaincontemporanea-la-regione-toscana-svela-tutti-i-vincitori-del-bando-2023\/\"]}]},{\"@type\":\"ImageObject\",\"inLanguage\":\"it-IT\",\"@id\":\"https:\/\/www.intoscana.it\/it\/toscanaincontemporanea-la-regione-toscana-svela-tutti-i-vincitori-del-bando-2023\/#primaryimage\",\"url\":\"https:\/\/www.intoscana.it\/wp-content\/uploads\/Centro-Pecci-Prato-1.jpg\",\"contentUrl\":\"https:\/\/www.intoscana.it\/wp-content\/uploads\/Centro-Pecci-Prato-1.jpg\",\"width\":1599,\"height\":1064,\"caption\":\"Centro Luigi Pecci, Prato\"},{\"@type\":\"BreadcrumbList\",\"@id\":\"https:\/\/www.intoscana.it\/it\/toscanaincontemporanea-la-regione-toscana-svela-tutti-i-vincitori-del-bando-2023\/#breadcrumb\",\"itemListElement\":[{\"@type\":\"ListItem\",\"position\":1,\"name\":\"Home\",\"item\":\"https:\/\/www.intoscana.it\/it\/\"},{\"@type\":\"ListItem\",\"position\":2,\"name\":\"Arte contemporanea, la Regione svela i 44 progetti vincitori del bando 2023\"}]},{\"@type\":\"WebSite\",\"@id\":\"https:\/\/www.intoscana.it\/it\/#website\",\"url\":\"https:\/\/www.intoscana.it\/it\/\",\"name\":\"intoscana\",\"description\":\"\",\"potentialAction\":[{\"@type\":\"SearchAction\",\"target\":{\"@type\":\"EntryPoint\",\"urlTemplate\":\"https:\/\/www.intoscana.it\/it\/?s={search_term_string}\"},\"query-input\":{\"@type\":\"PropertyValueSpecification\",\"valueRequired\":true,\"valueName\":\"search_term_string\"}}],\"inLanguage\":\"it-IT\"},{\"@type\":\"Person\",\"@id\":\"https:\/\/www.intoscana.it\/it\/#\/schema\/person\/d469f35f09739bdf00bf5dd3f0647a82\",\"name\":\"Costanza Baldini\",\"url\":\"https:\/\/www.intoscana.it\/it\/author\/costanza-baldini\/\"}]}<\/script>\n<!-- \/ Yoast SEO Premium plugin. -->","yoast_head_json":{"title":"Arte contemporanea, la Regione svela i 44 progetti vincitori del bando 2023 - intoscana","description":"Trecentocinquantamila euro le risorse complessive a disposizione, 9 le province che si sono aggiudicati i finanziamenti comprese le isole","robots":{"index":"index","follow":"follow","max-snippet":"max-snippet:-1","max-image-preview":"max-image-preview:large","max-video-preview":"max-video-preview:-1"},"canonical":"https:\/\/www.intoscana.it\/it\/toscanaincontemporanea-la-regione-toscana-svela-tutti-i-vincitori-del-bando-2023\/","og_locale":"it_IT","og_type":"article","og_title":"Arte contemporanea, la Regione svela i 44 progetti vincitori del bando 2023","og_description":"Trecentocinquantamila euro le risorse complessive a disposizione, 9 le province che si sono aggiudicati i finanziamenti comprese le isole","og_url":"https:\/\/www.intoscana.it\/it\/toscanaincontemporanea-la-regione-toscana-svela-tutti-i-vincitori-del-bando-2023\/","og_site_name":"intoscana","article_publisher":"https:\/\/www.facebook.com\/intoscana.it","article_published_time":"2024-02-29T15:24:37+00:00","article_modified_time":"2024-02-29T16:12:48+00:00","og_image":[{"width":1599,"height":1064,"url":"https:\/\/www.intoscana.it\/wp-content\/uploads\/Centro-Pecci-Prato-1.jpg","type":"image\/jpeg"}],"author":"Costanza Baldini","twitter_card":"summary_large_image","twitter_creator":"@intoscana","twitter_site":"@intoscana","twitter_misc":{"Written by":"Costanza Baldini","Est. reading time":"7 minuti"},"schema":{"@context":"https:\/\/schema.org","@graph":[{"@type":"WebPage","@id":"https:\/\/www.intoscana.it\/it\/toscanaincontemporanea-la-regione-toscana-svela-tutti-i-vincitori-del-bando-2023\/","url":"https:\/\/www.intoscana.it\/it\/toscanaincontemporanea-la-regione-toscana-svela-tutti-i-vincitori-del-bando-2023\/","name":"Arte contemporanea, la Regione svela i 44 progetti vincitori del bando 2023 - intoscana","isPartOf":{"@id":"https:\/\/www.intoscana.it\/it\/#website"},"primaryImageOfPage":{"@id":"https:\/\/www.intoscana.it\/it\/toscanaincontemporanea-la-regione-toscana-svela-tutti-i-vincitori-del-bando-2023\/#primaryimage"},"image":{"@id":"https:\/\/www.intoscana.it\/it\/toscanaincontemporanea-la-regione-toscana-svela-tutti-i-vincitori-del-bando-2023\/#primaryimage"},"thumbnailUrl":"https:\/\/www.intoscana.it\/wp-content\/uploads\/Centro-Pecci-Prato-1.jpg","datePublished":"2024-02-29T15:24:37+00:00","dateModified":"2024-02-29T16:12:48+00:00","author":{"@id":"https:\/\/www.intoscana.it\/it\/#\/schema\/person\/d469f35f09739bdf00bf5dd3f0647a82"},"description":"Trecentocinquantamila euro le risorse complessive a disposizione, 9 le province che si sono aggiudicati i finanziamenti comprese le isole","breadcrumb":{"@id":"https:\/\/www.intoscana.it\/it\/toscanaincontemporanea-la-regione-toscana-svela-tutti-i-vincitori-del-bando-2023\/#breadcrumb"},"inLanguage":"it-IT","potentialAction":[{"@type":"ReadAction","target":["https:\/\/www.intoscana.it\/it\/toscanaincontemporanea-la-regione-toscana-svela-tutti-i-vincitori-del-bando-2023\/"]}]},{"@type":"ImageObject","inLanguage":"it-IT","@id":"https:\/\/www.intoscana.it\/it\/toscanaincontemporanea-la-regione-toscana-svela-tutti-i-vincitori-del-bando-2023\/#primaryimage","url":"https:\/\/www.intoscana.it\/wp-content\/uploads\/Centro-Pecci-Prato-1.jpg","contentUrl":"https:\/\/www.intoscana.it\/wp-content\/uploads\/Centro-Pecci-Prato-1.jpg","width":1599,"height":1064,"caption":"Centro Luigi Pecci, Prato"},{"@type":"BreadcrumbList","@id":"https:\/\/www.intoscana.it\/it\/toscanaincontemporanea-la-regione-toscana-svela-tutti-i-vincitori-del-bando-2023\/#breadcrumb","itemListElement":[{"@type":"ListItem","position":1,"name":"Home","item":"https:\/\/www.intoscana.it\/it\/"},{"@type":"ListItem","position":2,"name":"Arte contemporanea, la Regione svela i 44 progetti vincitori del bando 2023"}]},{"@type":"WebSite","@id":"https:\/\/www.intoscana.it\/it\/#website","url":"https:\/\/www.intoscana.it\/it\/","name":"intoscana","description":"","potentialAction":[{"@type":"SearchAction","target":{"@type":"EntryPoint","urlTemplate":"https:\/\/www.intoscana.it\/it\/?s={search_term_string}"},"query-input":{"@type":"PropertyValueSpecification","valueRequired":true,"valueName":"search_term_string"}}],"inLanguage":"it-IT"},{"@type":"Person","@id":"https:\/\/www.intoscana.it\/it\/#\/schema\/person\/d469f35f09739bdf00bf5dd3f0647a82","name":"Costanza Baldini","url":"https:\/\/www.intoscana.it\/it\/author\/costanza-baldini\/"}]}},"_links":{"self":[{"href":"https:\/\/www.intoscana.it\/it\/wp-json\/wp\/v2\/posts\/329262","targetHints":{"allow":["GET"]}}],"collection":[{"href":"https:\/\/www.intoscana.it\/it\/wp-json\/wp\/v2\/posts"}],"about":[{"href":"https:\/\/www.intoscana.it\/it\/wp-json\/wp\/v2\/types\/post"}],"author":[{"embeddable":true,"href":"https:\/\/www.intoscana.it\/it\/wp-json\/wp\/v2\/users\/518"}],"replies":[{"embeddable":true,"href":"https:\/\/www.intoscana.it\/it\/wp-json\/wp\/v2\/comments?post=329262"}],"version-history":[{"count":11,"href":"https:\/\/www.intoscana.it\/it\/wp-json\/wp\/v2\/posts\/329262\/revisions"}],"predecessor-version":[{"id":329305,"href":"https:\/\/www.intoscana.it\/it\/wp-json\/wp\/v2\/posts\/329262\/revisions\/329305"}],"wp:featuredmedia":[{"embeddable":true,"href":"https:\/\/www.intoscana.it\/it\/wp-json\/wp\/v2\/media\/149256"}],"wp:attachment":[{"href":"https:\/\/www.intoscana.it\/it\/wp-json\/wp\/v2\/media?parent=329262"}],"wp:term":[{"taxonomy":"category","embeddable":true,"href":"https:\/\/www.intoscana.it\/it\/wp-json\/wp\/v2\/categories?post=329262"},{"taxonomy":"post_tag","embeddable":true,"href":"https:\/\/www.intoscana.it\/it\/wp-json\/wp\/v2\/tags?post=329262"}],"curies":[{"name":"wp","href":"https:\/\/api.w.org\/{rel}","templated":true}]}}