{"id":329405,"date":"2024-03-02T08:44:28","date_gmt":"2024-03-02T07:44:28","guid":{"rendered":"https:\/\/www.intoscana.it\/it\/?p=329405"},"modified":"2024-03-02T12:44:32","modified_gmt":"2024-03-02T11:44:32","slug":"gold-mass-flare-2024","status":"publish","type":"post","link":"https:\/\/www.intoscana.it\/it\/gold-mass-flare-2024\/","title":{"rendered":"Bagliori elettronici in &#8220;Flare&#8221; il nuovo disco di Emanuela Ligar\u00f2 in arte Gold Mass"},"content":{"rendered":"<p>Si intitola<strong> FLARE<\/strong> (bagliore) il nuovo lavoro discografico di <strong>Emanuela Ligar\u00f2,<\/strong> artista italiana che scrive e produce musica elettronica con il nome d\u2019arte <strong>GOLD MASS.<\/strong><\/p>\n<p><strong>Emanuela \u00e8 laureata in fisica<\/strong>, specialista in<strong> acustica sperimentale<\/strong>, crea e cura la propria produzione sonora in completa autonomia, affiancando alla conoscenza tecnica, un<strong> gusto musicale raffinato.<\/strong><\/p>\n<p><strong>FLARE<\/strong> \u00e8 il disco pi\u00f9 politico dell&#8217;artista e la <strong>riconferma di un\u2019identit\u00e0 forte<\/strong> e chiaramente definita, fuori dagli schemi.<\/p>\n<p>Nella sua musica si trovano influenze di artisti quali <strong>FKA Twigs, Howling, James Blake, Sevdaliza e Tricky,<\/strong> le quali arricchiscono e impreziosiscono un<strong> suono mai banale.<\/strong><\/p>\n<h3>Ecco la nostra intervista a Emanuela Ligar\u00f2<\/h3>\n<p><iframe loading=\"lazy\" title=\"Gold Mass pubblica \\\" src=\"https:\/\/omny.fm\/shows\/intoscana\/gold-mass-pubblica-flare-musica-elettronica-fuori\/embed\" width=\"100%\" height=\"180\" frameborder=\"0\"><\/iframe><\/p>\n<p><strong>Ciao Emanuela il tuo nuovo si intitola &#8220;Flare&#8221; bagliore, come mai questo titolo?<\/strong><\/p>\n<p>Flare \u00e8 per me una sensazione di luce forte che rimanda a quella che pu\u00f2 essere intesa come una seconda nascita. Ogni volta che viene alla luce qualcuno la nascita \u00e8 collegata alla luce,<strong> un bagliore che appare.<\/strong> Per me questo \u00e8 un bel periodo specialmente da quando ho iniziato a fare scelte che mi rappresentano di pi\u00f9, non a livello artistico, intendo proprio nella vita. Tutto \u00e8 cominciato quando ho iniziato ad assecondare quello che era la mia indole, e la mia idea etica di tante cose. <strong>Mi sento rinata e molto pi\u00f9 luminosa di prima<\/strong>. Flare \u00e8<strong> l&#8217;augurio che faccio a tutti di riuscire a capire qual \u00e8 la propria idea di felicit\u00e0 e il proprio modo di stare al mondo<\/strong> e assecondarlo nel rispetto degli altri. <strong>\u00c8 l&#8217;augurio di una seconda nascita, questa volta del tutto consapevole<\/strong> e una scelta unicamente propria. Spesso ci troviamo intrappolati in situazione che non ci rappresentano, il mio \u00e8 un augurio a liberarsi dai falsi vincoli.\u00a0<p><span class=\"citazione\">Flare \u00e8 l&#8217;augurio che faccio a tutti di riuscire a capire qual \u00e8 la propria idea di felicit\u00e0 e il proprio modo di stare al mondo e assecondarlo nel rispetto degli altri<\/span><\/p><\/p>\n<p><strong>Non vorrei entrare troppo nel personale, ci sono stati cambiamenti importanti nella tua vita?<\/strong><\/p>\n<p>\u00c8 un modo di stare al mondo, io penso che <strong>bisogna vivere con consapevolezza tutto quello che ci circonda, sia a livello politico, che etico e relazionale<\/strong>. Bisogna comportarsi in un modo che sia buono per noi e per gli altri. Quando inizi a fare scelte di questo tipo sei in pace con te stesso. C&#8217;\u00e8 una spinta fortissima oggi a fare scelte molto individualistiche, per affermare il proprio io. Questa cosa non mi rappresenta ed \u00e8 solo frustrante.<\/p>\n<p><strong>Nell&#8217;album affronti temi nuovi rispetto al passato, per esempio in &#8220;Earth&#8221; parli del rispetto del pianeta terra, mentre in &#8220;Social slave&#8221; affronti la schiavit\u00f9 dei social network che bene o male siamo tutti costretti ad usare, a maggior ragione se sei un musicista<\/strong><\/p>\n<p>S\u00ec esatto. <strong><em>Earth<\/em><\/strong> \u00e8 un omaggio al nostro pianeta che \u00e8 l&#8217;unica cosa che abbiamo, non nel senso possessivo del termine, ma \u00e8 l&#8217;unica realt\u00e0 che conosciamo e che abitiamo. C&#8217;\u00e8 una narrativa diffusa che \u00e8 quella che ci indica come colpevoli della situazione di\u00a0crisi ambientale che stiamo vivendo, dell&#8217;inquinamento e del cambiamento climatico. Chiaramente la presenza dell&#8217;uomo \u00e8 la causa di tutto questo, per\u00f2<strong> non possiamo chiudere\u00a0gli occhi su quali sono le cause che ci hanno portato a questo<\/strong>. Non \u00e8 una persona con le sue scelte che pu\u00f2 cambiare qualcosa.\u00a0\u00c8\u00a0il frutto di <strong>una ricerca del profitto senza scrupoli delle grandi Multinazionali,<\/strong> che ci ha portato a questo. Multinazionali che hanno guadagnato da questo stato di cose e che stanno pagando meno gli effetti nocivi di tutto ci\u00f2. La sensibilizzazione del cittadino in modo che faccia una buona raccolta differenziata, che abbia comportamenti consapevoli non basta, \u00e8 un modo di deresponsabilizzare chi ha avuto l&#8217;opportunit\u00e0 di decidere cosa fare. C&#8217;\u00e8 un modo di dire: <strong>occuparsi di tematiche ambientali senza una conoscenza di politica \u00e8 un mero giardinaggio,<\/strong> \u00e8 proprio quello che volevo dire nel pezzo.<\/p>\n<p><strong><em>Social Slave<\/em> <\/strong>allo stesso modo \u00e8 una lettura di quello che \u00e8 la nostra realt\u00e0. L&#8217;anno scorso sono andata spesso a Milano e sono rimasta impressionata dal fatto che <strong>nella Metro non c&#8217;\u00e8 una sola persona che non guardi lo schermo del cellulare<\/strong>. Che informazioni passano sullo schermo? Siamo costantemente triggerati da questo tipo di socialit\u00e0, al punto che<strong> se entrasse nella Metro un alieno non te ne accorgeresti.<\/strong> Questa \u00e8 una forma di schivit\u00f9, se ce l&#8217;avessero importa molti di noi non l&#8217;avrebbero accettata, ma dato che \u00e8 nata come benefit tutti lo abbiamo accolto. Bisogna riflettere su queste cose che sembrano oggi ineliminabili, ma qualche anno fa non esistevano.<\/p>\n<p><iframe loading=\"lazy\" title=\"YouTube video player\" src=\"https:\/\/www.youtube.com\/embed\/XurwYVUh1uY?si=OYak4KRVfNkG0TdL\" width=\"800\" height=\"500\" frameborder=\"0\" allowfullscreen=\"allowfullscreen\"><\/iframe><\/p>\n<p><strong>So che fai tutto da sola, all&#8217;insegna del <em>&#8220;do it yourself&#8221;<\/em>, registri, mixi, volevo chiederti se anche per Flare hai fatto cos\u00ec<\/strong><\/p>\n<p>S\u00ec, faccio da me, <strong>pi\u00f9 cose fai da sola pi\u00f9 sai fare e pi\u00f9 sei indipendente.<\/strong> Questo \u00e8 un bene sia perch\u00e9 <strong>\u00e8 sempre faticoso per un artista conservare i diritti sulle proprie creazioni. <\/strong>Se lavori da solo\u00a0resti fedelissimo a quella che era la tua idea, non devi discutere, trovare compromessi, con soluzioni di comodo o pi\u00f9 conformi a quello che \u00e8 richiesto. Io chiedo una mano ad altri artisti sul lato tecnico,<strong> il mix e il master di questo disco \u00e8 stato curato da Stefano Piddughinu<\/strong> un Dj di base a Milano, tostissimo professionalmente ma anche creativo. Ho trovato la \u00a0collaborazione con lui super positiva e penso che la continuer\u00f2 anche in futuro. Per la parte visuale ho cercato un&#8217;artista che ho trovato in Svizzera<strong>, una fotografa super brava che scatta solo in analogico,<\/strong> molto emotivo il suo modo di lavorare. Sono andata fin lass\u00f9 perch\u00e9 era perfetta per la mia idea. Non lavoro esclusivamente da sola, <strong>mi interfaccio con altri artisti quando il loro lavoro ha gi\u00e0 qualcosa che fa parte della mia identit\u00e0<\/strong>, \u00e8 come un riconoscersi reciproco.<\/p>\n<p><strong>Negli ultimi anni hai suonato in Italia, ma spesso anche all&#8217;estero, noti una differenza nel pubblico?<\/strong><\/p>\n<p>In realt\u00e0 faccio con fatica delle differenze sulle persone a livello geografico. <strong>C&#8217;\u00e8 un pubblico in Italia che adora la musica elettronica e adora scoprire proposte artistiche che non fanno parte del Mainstream,<\/strong> c&#8217;\u00e8 un pubblico attentissimo a queste cose in Italia come all&#8217;estero.<strong> C&#8217;\u00e8 anche un pubblico pi\u00f9 cafone e poco rispettoso<\/strong> di un&#8217;esibizione sia all&#8217;estero che in Italia. Alla fine<strong> non \u00e8 dove nasciamo che ci rende belli o brutti, \u00e8 un percorso che uno fa.<\/strong> Io penso solo che magari all&#8217;estero ci sia pi\u00f9 possibilit\u00e0 e pi\u00f9 diversificazione d&#8217;ascolto. Una persona in Inghilterra o in Germania \u00e8, come ascoltatore, esposto a pi\u00f9 tipologie di generi musicali. <strong>Un musicista d&#8217;altro canto ha pi\u00f9 fasce di possibilit\u00e0 di carriera,<\/strong> da un artista mainstream a un artista emergente, ci sono pi\u00f9 slot disponibili. In Italia se per un periodo va un certo tipo di cantautorato o musica si tende a polarizzare le line up dei festival o gli slot nella comunicazione. Sono pochi quelli che offrono spazi non alla domanda principale.<\/p>\n<p><strong>Il disco \u00e8 uscito il 1\u00b0 marzo, quando e dove potremo venire a sentirti suonare?<\/strong><\/p>\n<p>Le date devono ancora uscire, da un anno sto lavorando con <strong>DNA Concerti<\/strong> ma so gi\u00e0 che sar\u00f2 in concerto <strong>a Firenze l&#8217;11 maggio al Progresso<\/strong>. Ma le date saranno concentrate in estate un po&#8217; in Italia e un po&#8217; all&#8217;estero. La prima \u00e8 <strong>il 15 marzo a Roma al Palazzo delle Esposizioni.<\/strong> Suonare \u00e8 una delle parti pi\u00f9 belle che fai del percorso. Lavori a un disco, scrivi, pubblichi e poi vai in giro, il ciclo \u00e8 sempre lo stesso.<\/p>\n<p><strong>Mi sembri una creatura molto solitaria ma paradossalmente ami la dimensione live&#8230;<\/strong><\/p>\n<p>Si tantissimo, <strong>amo il live e sono molto solitaria, ma non \u00e8 una cosa poco comune<\/strong>. Molti artisti sono piuttosto introversi e poi hanno una buona riuscita sul palco e nel cercare il contatto con gli altri, proprio perch\u00e9 sono stati a lungo per i fatti proprio, \u00e8 una cosa molto pi\u00f9 comune di quello che possa sembrare. <strong>Lo stesso Vasco per esempio \u00e8 una persona molto timida<\/strong>, ma poi \u00e8 un animale da palcoscenico.<\/p>\n<figure id=\"post-329403 media-329403\" class=\"align-none\"><img decoding=\"async\" src=\"https:\/\/www.intoscana.it\/wp-content\/uploads\/Copertina-ALBUM-VINILE-scaled.jpg\" alt=\"\" \/><\/figure>\n<div class=\"titleimg\">GOLD MASS, FLARE<\/div>\n","protected":false},"excerpt":{"rendered":"<p>Emanuela Ligar\u00f2 in arte GOLD MASS sar\u00e0 in concerto il 24 marzo al Fanfulla di Roma e l&#8217;11 maggio al Circolo Il Progresso di Firenze<\/p>\n","protected":false},"author":518,"featured_media":329402,"comment_status":"open","ping_status":"open","sticky":false,"template":"","format":"standard","meta":{"_acf_changed":false,"footnotes":""},"categories":[14],"tags":[216,3138,167],"class_list":["post-329405","post","type-post","status-publish","format-standard","has-post-thumbnail","hentry","category-musica","tag-concerti","tag-interviste-agli-artisti","tag-musica"],"acf":[],"yoast_head":"<!-- This site is optimized with the Yoast SEO Premium plugin v24.2 (Yoast SEO v25.6) - https:\/\/yoast.com\/wordpress\/plugins\/seo\/ -->\n<title>Bagliori elettronici in &quot;Flare&quot; il nuovo disco di Emanuela Ligar\u00f2 in arte Gold Mass - intoscana<\/title>\n<meta name=\"description\" content=\"GOLD MASS sar\u00e0 in concerto il 15 marzo al Palazzo delle Esposizioni di Roma e l&#039;11 maggio al Circolo Il Progresso a Firenze\" \/>\n<meta name=\"robots\" content=\"index, follow, max-snippet:-1, max-image-preview:large, max-video-preview:-1\" \/>\n<link rel=\"canonical\" href=\"https:\/\/www.intoscana.it\/it\/gold-mass-flare-2024\/\" \/>\n<meta property=\"og:locale\" content=\"it_IT\" \/>\n<meta property=\"og:type\" content=\"article\" \/>\n<meta property=\"og:title\" content=\"Bagliori elettronici in &quot;Flare&quot; il nuovo disco di Emanuela Ligar\u00f2 in arte Gold Mass\" \/>\n<meta property=\"og:description\" content=\"GOLD MASS sar\u00e0 in concerto il 15 marzo al Palazzo delle Esposizioni di Roma e l&#039;11 maggio al Circolo Il Progresso a Firenze\" \/>\n<meta property=\"og:url\" content=\"https:\/\/www.intoscana.it\/it\/gold-mass-flare-2024\/\" \/>\n<meta property=\"og:site_name\" content=\"intoscana\" \/>\n<meta property=\"article:publisher\" content=\"https:\/\/www.facebook.com\/intoscana.it\" \/>\n<meta property=\"article:published_time\" content=\"2024-03-02T07:44:28+00:00\" \/>\n<meta property=\"article:modified_time\" content=\"2024-03-02T11:44:32+00:00\" \/>\n<meta property=\"og:image\" content=\"https:\/\/www.intoscana.it\/wp-content\/uploads\/R4byC07Q-1-scaled.jpeg\" \/>\n\t<meta property=\"og:image:width\" content=\"2048\" \/>\n\t<meta property=\"og:image:height\" content=\"1263\" \/>\n\t<meta property=\"og:image:type\" content=\"image\/jpeg\" \/>\n<meta name=\"author\" content=\"Costanza Baldini\" \/>\n<meta name=\"twitter:card\" content=\"summary_large_image\" \/>\n<meta name=\"twitter:creator\" content=\"@intoscana\" \/>\n<meta name=\"twitter:site\" content=\"@intoscana\" \/>\n<meta name=\"twitter:label1\" content=\"Written by\" \/>\n\t<meta name=\"twitter:data1\" content=\"Costanza Baldini\" \/>\n\t<meta name=\"twitter:label2\" content=\"Est. reading time\" \/>\n\t<meta name=\"twitter:data2\" content=\"8 minuti\" \/>\n<script type=\"application\/ld+json\" class=\"yoast-schema-graph\">{\"@context\":\"https:\/\/schema.org\",\"@graph\":[{\"@type\":\"WebPage\",\"@id\":\"https:\/\/www.intoscana.it\/it\/gold-mass-flare-2024\/\",\"url\":\"https:\/\/www.intoscana.it\/it\/gold-mass-flare-2024\/\",\"name\":\"Bagliori elettronici in \\\"Flare\\\" il nuovo disco di Emanuela Ligar\u00f2 in arte Gold Mass - intoscana\",\"isPartOf\":{\"@id\":\"https:\/\/www.intoscana.it\/it\/#website\"},\"primaryImageOfPage\":{\"@id\":\"https:\/\/www.intoscana.it\/it\/gold-mass-flare-2024\/#primaryimage\"},\"image\":{\"@id\":\"https:\/\/www.intoscana.it\/it\/gold-mass-flare-2024\/#primaryimage\"},\"thumbnailUrl\":\"https:\/\/www.intoscana.it\/wp-content\/uploads\/R4byC07Q-1-scaled.jpeg\",\"datePublished\":\"2024-03-02T07:44:28+00:00\",\"dateModified\":\"2024-03-02T11:44:32+00:00\",\"author\":{\"@id\":\"https:\/\/www.intoscana.it\/it\/#\/schema\/person\/d469f35f09739bdf00bf5dd3f0647a82\"},\"description\":\"GOLD MASS sar\u00e0 in concerto il 15 marzo al Palazzo delle Esposizioni di Roma e l'11 maggio al Circolo Il Progresso a Firenze\",\"breadcrumb\":{\"@id\":\"https:\/\/www.intoscana.it\/it\/gold-mass-flare-2024\/#breadcrumb\"},\"inLanguage\":\"it-IT\",\"potentialAction\":[{\"@type\":\"ReadAction\",\"target\":[\"https:\/\/www.intoscana.it\/it\/gold-mass-flare-2024\/\"]}]},{\"@type\":\"ImageObject\",\"inLanguage\":\"it-IT\",\"@id\":\"https:\/\/www.intoscana.it\/it\/gold-mass-flare-2024\/#primaryimage\",\"url\":\"https:\/\/www.intoscana.it\/wp-content\/uploads\/R4byC07Q-1-scaled.jpeg\",\"contentUrl\":\"https:\/\/www.intoscana.it\/wp-content\/uploads\/R4byC07Q-1-scaled.jpeg\",\"width\":2048,\"height\":1263,\"caption\":\"GOLD MASS\"},{\"@type\":\"BreadcrumbList\",\"@id\":\"https:\/\/www.intoscana.it\/it\/gold-mass-flare-2024\/#breadcrumb\",\"itemListElement\":[{\"@type\":\"ListItem\",\"position\":1,\"name\":\"Home\",\"item\":\"https:\/\/www.intoscana.it\/it\/\"},{\"@type\":\"ListItem\",\"position\":2,\"name\":\"Bagliori elettronici in &#8220;Flare&#8221; il nuovo disco di Emanuela Ligar\u00f2 in arte Gold Mass\"}]},{\"@type\":\"WebSite\",\"@id\":\"https:\/\/www.intoscana.it\/it\/#website\",\"url\":\"https:\/\/www.intoscana.it\/it\/\",\"name\":\"intoscana\",\"description\":\"\",\"potentialAction\":[{\"@type\":\"SearchAction\",\"target\":{\"@type\":\"EntryPoint\",\"urlTemplate\":\"https:\/\/www.intoscana.it\/it\/?s={search_term_string}\"},\"query-input\":{\"@type\":\"PropertyValueSpecification\",\"valueRequired\":true,\"valueName\":\"search_term_string\"}}],\"inLanguage\":\"it-IT\"},{\"@type\":\"Person\",\"@id\":\"https:\/\/www.intoscana.it\/it\/#\/schema\/person\/d469f35f09739bdf00bf5dd3f0647a82\",\"name\":\"Costanza Baldini\",\"url\":\"https:\/\/www.intoscana.it\/it\/author\/costanza-baldini\/\"}]}<\/script>\n<!-- \/ Yoast SEO Premium plugin. -->","yoast_head_json":{"title":"Bagliori elettronici in \"Flare\" il nuovo disco di Emanuela Ligar\u00f2 in arte Gold Mass - intoscana","description":"GOLD MASS sar\u00e0 in concerto il 15 marzo al Palazzo delle Esposizioni di Roma e l'11 maggio al Circolo Il Progresso a Firenze","robots":{"index":"index","follow":"follow","max-snippet":"max-snippet:-1","max-image-preview":"max-image-preview:large","max-video-preview":"max-video-preview:-1"},"canonical":"https:\/\/www.intoscana.it\/it\/gold-mass-flare-2024\/","og_locale":"it_IT","og_type":"article","og_title":"Bagliori elettronici in \"Flare\" il nuovo disco di Emanuela Ligar\u00f2 in arte Gold Mass","og_description":"GOLD MASS sar\u00e0 in concerto il 15 marzo al Palazzo delle Esposizioni di Roma e l'11 maggio al Circolo Il Progresso a Firenze","og_url":"https:\/\/www.intoscana.it\/it\/gold-mass-flare-2024\/","og_site_name":"intoscana","article_publisher":"https:\/\/www.facebook.com\/intoscana.it","article_published_time":"2024-03-02T07:44:28+00:00","article_modified_time":"2024-03-02T11:44:32+00:00","og_image":[{"width":2048,"height":1263,"url":"https:\/\/www.intoscana.it\/wp-content\/uploads\/R4byC07Q-1-scaled.jpeg","type":"image\/jpeg"}],"author":"Costanza Baldini","twitter_card":"summary_large_image","twitter_creator":"@intoscana","twitter_site":"@intoscana","twitter_misc":{"Written by":"Costanza Baldini","Est. reading time":"8 minuti"},"schema":{"@context":"https:\/\/schema.org","@graph":[{"@type":"WebPage","@id":"https:\/\/www.intoscana.it\/it\/gold-mass-flare-2024\/","url":"https:\/\/www.intoscana.it\/it\/gold-mass-flare-2024\/","name":"Bagliori elettronici in \"Flare\" il nuovo disco di Emanuela Ligar\u00f2 in arte Gold Mass - intoscana","isPartOf":{"@id":"https:\/\/www.intoscana.it\/it\/#website"},"primaryImageOfPage":{"@id":"https:\/\/www.intoscana.it\/it\/gold-mass-flare-2024\/#primaryimage"},"image":{"@id":"https:\/\/www.intoscana.it\/it\/gold-mass-flare-2024\/#primaryimage"},"thumbnailUrl":"https:\/\/www.intoscana.it\/wp-content\/uploads\/R4byC07Q-1-scaled.jpeg","datePublished":"2024-03-02T07:44:28+00:00","dateModified":"2024-03-02T11:44:32+00:00","author":{"@id":"https:\/\/www.intoscana.it\/it\/#\/schema\/person\/d469f35f09739bdf00bf5dd3f0647a82"},"description":"GOLD MASS sar\u00e0 in concerto il 15 marzo al Palazzo delle Esposizioni di Roma e l'11 maggio al Circolo Il Progresso a Firenze","breadcrumb":{"@id":"https:\/\/www.intoscana.it\/it\/gold-mass-flare-2024\/#breadcrumb"},"inLanguage":"it-IT","potentialAction":[{"@type":"ReadAction","target":["https:\/\/www.intoscana.it\/it\/gold-mass-flare-2024\/"]}]},{"@type":"ImageObject","inLanguage":"it-IT","@id":"https:\/\/www.intoscana.it\/it\/gold-mass-flare-2024\/#primaryimage","url":"https:\/\/www.intoscana.it\/wp-content\/uploads\/R4byC07Q-1-scaled.jpeg","contentUrl":"https:\/\/www.intoscana.it\/wp-content\/uploads\/R4byC07Q-1-scaled.jpeg","width":2048,"height":1263,"caption":"GOLD MASS"},{"@type":"BreadcrumbList","@id":"https:\/\/www.intoscana.it\/it\/gold-mass-flare-2024\/#breadcrumb","itemListElement":[{"@type":"ListItem","position":1,"name":"Home","item":"https:\/\/www.intoscana.it\/it\/"},{"@type":"ListItem","position":2,"name":"Bagliori elettronici in &#8220;Flare&#8221; il nuovo disco di Emanuela Ligar\u00f2 in arte Gold Mass"}]},{"@type":"WebSite","@id":"https:\/\/www.intoscana.it\/it\/#website","url":"https:\/\/www.intoscana.it\/it\/","name":"intoscana","description":"","potentialAction":[{"@type":"SearchAction","target":{"@type":"EntryPoint","urlTemplate":"https:\/\/www.intoscana.it\/it\/?s={search_term_string}"},"query-input":{"@type":"PropertyValueSpecification","valueRequired":true,"valueName":"search_term_string"}}],"inLanguage":"it-IT"},{"@type":"Person","@id":"https:\/\/www.intoscana.it\/it\/#\/schema\/person\/d469f35f09739bdf00bf5dd3f0647a82","name":"Costanza Baldini","url":"https:\/\/www.intoscana.it\/it\/author\/costanza-baldini\/"}]}},"_links":{"self":[{"href":"https:\/\/www.intoscana.it\/it\/wp-json\/wp\/v2\/posts\/329405","targetHints":{"allow":["GET"]}}],"collection":[{"href":"https:\/\/www.intoscana.it\/it\/wp-json\/wp\/v2\/posts"}],"about":[{"href":"https:\/\/www.intoscana.it\/it\/wp-json\/wp\/v2\/types\/post"}],"author":[{"embeddable":true,"href":"https:\/\/www.intoscana.it\/it\/wp-json\/wp\/v2\/users\/518"}],"replies":[{"embeddable":true,"href":"https:\/\/www.intoscana.it\/it\/wp-json\/wp\/v2\/comments?post=329405"}],"version-history":[{"count":8,"href":"https:\/\/www.intoscana.it\/it\/wp-json\/wp\/v2\/posts\/329405\/revisions"}],"predecessor-version":[{"id":329449,"href":"https:\/\/www.intoscana.it\/it\/wp-json\/wp\/v2\/posts\/329405\/revisions\/329449"}],"wp:featuredmedia":[{"embeddable":true,"href":"https:\/\/www.intoscana.it\/it\/wp-json\/wp\/v2\/media\/329402"}],"wp:attachment":[{"href":"https:\/\/www.intoscana.it\/it\/wp-json\/wp\/v2\/media?parent=329405"}],"wp:term":[{"taxonomy":"category","embeddable":true,"href":"https:\/\/www.intoscana.it\/it\/wp-json\/wp\/v2\/categories?post=329405"},{"taxonomy":"post_tag","embeddable":true,"href":"https:\/\/www.intoscana.it\/it\/wp-json\/wp\/v2\/tags?post=329405"}],"curies":[{"name":"wp","href":"https:\/\/api.w.org\/{rel}","templated":true}]}}