{"id":329426,"date":"2024-03-02T09:10:17","date_gmt":"2024-03-02T08:10:17","guid":{"rendered":"https:\/\/www.intoscana.it\/it\/?p=329426"},"modified":"2024-03-05T15:37:43","modified_gmt":"2024-03-05T14:37:43","slug":"un-gruppo-di-ricercatori-delluniversita-di-siena-ha-scoperto-un-fiore-mai-visto-prima","status":"publish","type":"post","link":"https:\/\/www.intoscana.it\/it\/un-gruppo-di-ricercatori-delluniversita-di-siena-ha-scoperto-un-fiore-mai-visto-prima\/","title":{"rendered":"Un gruppo di ricercatori dell&#8217;Universit\u00e0 di Siena ha scoperto un fiore mai visto prima"},"content":{"rendered":"<p><strong>Una nuova campanula, mai scoperta prima,<\/strong> \u00e8 stata identificata nelle <strong>Prealpi Bergamasche<\/strong> da un gruppo di ricerca composto dall&#8217;<strong>Universit\u00e0 di Siena<\/strong>, l\u2019Universit\u00e0 degli Studi di Milano e il gruppo <strong>Flora Alpina Bergamasca \u2013 FAB.<\/strong> Lo studio \u00e8 stato pubblicato sulla rivista internazionale <strong><em>Phytotaxa.<\/em><\/strong><\/p>\n<p>Si tratta della <strong><em>Campanula bergomensis,<\/em><\/strong> la cui caratteristica \u00e8 che cresce in ambienti molto particolari: su <strong>conoidi detritici carbonatici di bassa quota<\/strong> e si trova solo in poche valli nei pressi della citt\u00e0 di<strong> Clusone, in provincia di Bergamo.<\/strong><\/p>\n<p>Gli studiosi hanno trovato delle affinit\u00e0 con<em><strong> Campanula cespitosa<\/strong><\/em>, che fiorisce sulle Alpi orientali in Italia, Austria e Slovenia.<\/p>\n<p>Ma attraverso analisi genetiche, morfologiche e palinologiche, hanno visto che le due specie sono in realt\u00e0 ben distinte e che <strong>Campanula bergomensis rappresenta un\u2019entit\u00e0 autonoma<\/strong> rispetto alle campanule conosciute.<\/p>\n<p>Alcuni esemplari della nuova specie sono stati cresciuti da seme e ora sono in coltivazione all\u2019<strong>Orto Botanico Citt\u00e0 Studi della Statale di Milano.<\/strong><\/p>\n<p>Secondo i ricercatori, la distribuzione ristretta della nuova specie, che solo in minima parte ricade all\u2019interno di aree protette, rende necessarie appropriate iniziative di tutela. \u201cLa specie\u201d, spiega <strong>Barbara Valle, ricercatrice dell\u2019Universit\u00e0 di Siena<\/strong> e prima firmataria dell\u2019articolo <em>\u201cha un areale limitato ed \u00e8 gravemente minacciata dalle attivit\u00e0 umane. \u00c8 quindi urgente adottare delle misure di protezione e conservazione\u201d.<\/em><\/p>\n<p><em>\u201cQuesta scoperta dimostra come la biodiversit\u00e0 italiana riservi ancora molte sorprese e che le conoscenze sulla nostra flora e fauna siano tutt\u2019altro che complete, oltre a confermare la straordinaria ricchezza floristica delle zone prealpine. Per affrontare la perdita di biodiversit\u00e0 attualmente in corso \u00e8 necessario innanzitutto conoscerla a fondo, indagando anche territori apparentemente ben conosciuti\u201d<\/em> conclude <strong>Marco Caccianiga, docente di Botanica del Dipartimento di Bioscienze dell\u2019Universit\u00e0 Statale di Milano<\/strong> e coordinatore della ricerca.<\/p>\n","protected":false},"excerpt":{"rendered":"<p>Lo studio a cura dell&#8217;Universit\u00e0 di Siena e dell&#8217;Universit\u00e0 di Milano \u00e8 stato pubblicato sulla rivista internazionale Phytotaxa<\/p>\n","protected":false},"author":525,"featured_media":329427,"comment_status":"open","ping_status":"open","sticky":false,"template":"","format":"standard","meta":{"_acf_changed":false,"footnotes":""},"categories":[475],"tags":[378],"class_list":["post-329426","post","type-post","status-publish","format-standard","has-post-thumbnail","hentry","category-innovazione","tag-universita-di-siena"],"acf":[],"yoast_head":"<!-- This site is optimized with the Yoast SEO Premium plugin v24.2 (Yoast SEO v25.6) - https:\/\/yoast.com\/wordpress\/plugins\/seo\/ -->\n<title>Un gruppo di ricercatori dell&#039;Universit\u00e0 di Siena ha scoperto un fiore mai visto prima - intoscana<\/title>\n<meta name=\"description\" content=\"Lo studio a cura dell&#039;Universit\u00e0 di Siena e dell&#039;Universit\u00e0 di Milano \u00e8 stato pubblicato sulla rivista internazionale Phytotaxa\" \/>\n<meta name=\"robots\" content=\"index, follow, max-snippet:-1, max-image-preview:large, max-video-preview:-1\" \/>\n<link rel=\"canonical\" href=\"https:\/\/www.intoscana.it\/it\/un-gruppo-di-ricercatori-delluniversita-di-siena-ha-scoperto-un-fiore-mai-visto-prima\/\" \/>\n<meta property=\"og:locale\" content=\"it_IT\" \/>\n<meta property=\"og:type\" content=\"article\" \/>\n<meta property=\"og:title\" content=\"Un gruppo di ricercatori dell&#039;Universit\u00e0 di Siena ha scoperto un fiore mai visto prima\" \/>\n<meta property=\"og:description\" content=\"Lo studio a cura dell&#039;Universit\u00e0 di Siena e dell&#039;Universit\u00e0 di Milano \u00e8 stato pubblicato sulla rivista internazionale Phytotaxa\" \/>\n<meta property=\"og:url\" content=\"https:\/\/www.intoscana.it\/it\/un-gruppo-di-ricercatori-delluniversita-di-siena-ha-scoperto-un-fiore-mai-visto-prima\/\" \/>\n<meta property=\"og:site_name\" content=\"intoscana\" \/>\n<meta property=\"article:publisher\" content=\"https:\/\/www.facebook.com\/intoscana.it\" \/>\n<meta property=\"article:published_time\" content=\"2024-03-02T08:10:17+00:00\" \/>\n<meta property=\"article:modified_time\" content=\"2024-03-05T14:37:43+00:00\" \/>\n<meta property=\"og:image\" content=\"https:\/\/www.intoscana.it\/wp-content\/uploads\/Campanula-bergomensis-scaled.jpg\" \/>\n\t<meta property=\"og:image:width\" content=\"2048\" \/>\n\t<meta property=\"og:image:height\" content=\"1365\" \/>\n\t<meta property=\"og:image:type\" content=\"image\/jpeg\" \/>\n<meta name=\"author\" content=\"Redazione\" \/>\n<meta name=\"twitter:card\" content=\"summary_large_image\" \/>\n<meta name=\"twitter:creator\" content=\"@intoscana\" \/>\n<meta name=\"twitter:site\" content=\"@intoscana\" \/>\n<meta name=\"twitter:label1\" content=\"Written by\" \/>\n\t<meta name=\"twitter:data1\" content=\"Redazione\" \/>\n\t<meta name=\"twitter:label2\" content=\"Est. reading time\" \/>\n\t<meta name=\"twitter:data2\" content=\"2 minuti\" \/>\n<script type=\"application\/ld+json\" class=\"yoast-schema-graph\">{\"@context\":\"https:\/\/schema.org\",\"@graph\":[{\"@type\":\"WebPage\",\"@id\":\"https:\/\/www.intoscana.it\/it\/un-gruppo-di-ricercatori-delluniversita-di-siena-ha-scoperto-un-fiore-mai-visto-prima\/\",\"url\":\"https:\/\/www.intoscana.it\/it\/un-gruppo-di-ricercatori-delluniversita-di-siena-ha-scoperto-un-fiore-mai-visto-prima\/\",\"name\":\"Un gruppo di ricercatori dell'Universit\u00e0 di Siena ha scoperto un fiore mai visto prima - intoscana\",\"isPartOf\":{\"@id\":\"https:\/\/www.intoscana.it\/it\/#website\"},\"primaryImageOfPage\":{\"@id\":\"https:\/\/www.intoscana.it\/it\/un-gruppo-di-ricercatori-delluniversita-di-siena-ha-scoperto-un-fiore-mai-visto-prima\/#primaryimage\"},\"image\":{\"@id\":\"https:\/\/www.intoscana.it\/it\/un-gruppo-di-ricercatori-delluniversita-di-siena-ha-scoperto-un-fiore-mai-visto-prima\/#primaryimage\"},\"thumbnailUrl\":\"https:\/\/www.intoscana.it\/wp-content\/uploads\/Campanula-bergomensis-scaled.jpg\",\"datePublished\":\"2024-03-02T08:10:17+00:00\",\"dateModified\":\"2024-03-05T14:37:43+00:00\",\"author\":{\"@id\":\"https:\/\/www.intoscana.it\/it\/#\/schema\/person\/9223810753230f20bd670fdd322661f8\"},\"description\":\"Lo studio a cura dell'Universit\u00e0 di Siena e dell'Universit\u00e0 di Milano \u00e8 stato pubblicato sulla rivista internazionale Phytotaxa\",\"breadcrumb\":{\"@id\":\"https:\/\/www.intoscana.it\/it\/un-gruppo-di-ricercatori-delluniversita-di-siena-ha-scoperto-un-fiore-mai-visto-prima\/#breadcrumb\"},\"inLanguage\":\"it-IT\",\"potentialAction\":[{\"@type\":\"ReadAction\",\"target\":[\"https:\/\/www.intoscana.it\/it\/un-gruppo-di-ricercatori-delluniversita-di-siena-ha-scoperto-un-fiore-mai-visto-prima\/\"]}]},{\"@type\":\"ImageObject\",\"inLanguage\":\"it-IT\",\"@id\":\"https:\/\/www.intoscana.it\/it\/un-gruppo-di-ricercatori-delluniversita-di-siena-ha-scoperto-un-fiore-mai-visto-prima\/#primaryimage\",\"url\":\"https:\/\/www.intoscana.it\/wp-content\/uploads\/Campanula-bergomensis-scaled.jpg\",\"contentUrl\":\"https:\/\/www.intoscana.it\/wp-content\/uploads\/Campanula-bergomensis-scaled.jpg\",\"width\":2048,\"height\":1365},{\"@type\":\"BreadcrumbList\",\"@id\":\"https:\/\/www.intoscana.it\/it\/un-gruppo-di-ricercatori-delluniversita-di-siena-ha-scoperto-un-fiore-mai-visto-prima\/#breadcrumb\",\"itemListElement\":[{\"@type\":\"ListItem\",\"position\":1,\"name\":\"Home\",\"item\":\"https:\/\/www.intoscana.it\/it\/\"},{\"@type\":\"ListItem\",\"position\":2,\"name\":\"Un gruppo di ricercatori dell&#8217;Universit\u00e0 di Siena ha scoperto un fiore mai visto prima\"}]},{\"@type\":\"WebSite\",\"@id\":\"https:\/\/www.intoscana.it\/it\/#website\",\"url\":\"https:\/\/www.intoscana.it\/it\/\",\"name\":\"intoscana\",\"description\":\"\",\"potentialAction\":[{\"@type\":\"SearchAction\",\"target\":{\"@type\":\"EntryPoint\",\"urlTemplate\":\"https:\/\/www.intoscana.it\/it\/?s={search_term_string}\"},\"query-input\":{\"@type\":\"PropertyValueSpecification\",\"valueRequired\":true,\"valueName\":\"search_term_string\"}}],\"inLanguage\":\"it-IT\"},{\"@type\":\"Person\",\"@id\":\"https:\/\/www.intoscana.it\/it\/#\/schema\/person\/9223810753230f20bd670fdd322661f8\",\"name\":\"Redazione\",\"url\":\"https:\/\/www.intoscana.it\/it\/author\/redazione\/\"}]}<\/script>\n<!-- \/ Yoast SEO Premium plugin. -->","yoast_head_json":{"title":"Un gruppo di ricercatori dell'Universit\u00e0 di Siena ha scoperto un fiore mai visto prima - intoscana","description":"Lo studio a cura dell'Universit\u00e0 di Siena e dell'Universit\u00e0 di Milano \u00e8 stato pubblicato sulla rivista internazionale Phytotaxa","robots":{"index":"index","follow":"follow","max-snippet":"max-snippet:-1","max-image-preview":"max-image-preview:large","max-video-preview":"max-video-preview:-1"},"canonical":"https:\/\/www.intoscana.it\/it\/un-gruppo-di-ricercatori-delluniversita-di-siena-ha-scoperto-un-fiore-mai-visto-prima\/","og_locale":"it_IT","og_type":"article","og_title":"Un gruppo di ricercatori dell'Universit\u00e0 di Siena ha scoperto un fiore mai visto prima","og_description":"Lo studio a cura dell'Universit\u00e0 di Siena e dell'Universit\u00e0 di Milano \u00e8 stato pubblicato sulla rivista internazionale Phytotaxa","og_url":"https:\/\/www.intoscana.it\/it\/un-gruppo-di-ricercatori-delluniversita-di-siena-ha-scoperto-un-fiore-mai-visto-prima\/","og_site_name":"intoscana","article_publisher":"https:\/\/www.facebook.com\/intoscana.it","article_published_time":"2024-03-02T08:10:17+00:00","article_modified_time":"2024-03-05T14:37:43+00:00","og_image":[{"width":2048,"height":1365,"url":"https:\/\/www.intoscana.it\/wp-content\/uploads\/Campanula-bergomensis-scaled.jpg","type":"image\/jpeg"}],"author":"Redazione","twitter_card":"summary_large_image","twitter_creator":"@intoscana","twitter_site":"@intoscana","twitter_misc":{"Written by":"Redazione","Est. reading time":"2 minuti"},"schema":{"@context":"https:\/\/schema.org","@graph":[{"@type":"WebPage","@id":"https:\/\/www.intoscana.it\/it\/un-gruppo-di-ricercatori-delluniversita-di-siena-ha-scoperto-un-fiore-mai-visto-prima\/","url":"https:\/\/www.intoscana.it\/it\/un-gruppo-di-ricercatori-delluniversita-di-siena-ha-scoperto-un-fiore-mai-visto-prima\/","name":"Un gruppo di ricercatori dell'Universit\u00e0 di Siena ha scoperto un fiore mai visto prima - intoscana","isPartOf":{"@id":"https:\/\/www.intoscana.it\/it\/#website"},"primaryImageOfPage":{"@id":"https:\/\/www.intoscana.it\/it\/un-gruppo-di-ricercatori-delluniversita-di-siena-ha-scoperto-un-fiore-mai-visto-prima\/#primaryimage"},"image":{"@id":"https:\/\/www.intoscana.it\/it\/un-gruppo-di-ricercatori-delluniversita-di-siena-ha-scoperto-un-fiore-mai-visto-prima\/#primaryimage"},"thumbnailUrl":"https:\/\/www.intoscana.it\/wp-content\/uploads\/Campanula-bergomensis-scaled.jpg","datePublished":"2024-03-02T08:10:17+00:00","dateModified":"2024-03-05T14:37:43+00:00","author":{"@id":"https:\/\/www.intoscana.it\/it\/#\/schema\/person\/9223810753230f20bd670fdd322661f8"},"description":"Lo studio a cura dell'Universit\u00e0 di Siena e dell'Universit\u00e0 di Milano \u00e8 stato pubblicato sulla rivista internazionale Phytotaxa","breadcrumb":{"@id":"https:\/\/www.intoscana.it\/it\/un-gruppo-di-ricercatori-delluniversita-di-siena-ha-scoperto-un-fiore-mai-visto-prima\/#breadcrumb"},"inLanguage":"it-IT","potentialAction":[{"@type":"ReadAction","target":["https:\/\/www.intoscana.it\/it\/un-gruppo-di-ricercatori-delluniversita-di-siena-ha-scoperto-un-fiore-mai-visto-prima\/"]}]},{"@type":"ImageObject","inLanguage":"it-IT","@id":"https:\/\/www.intoscana.it\/it\/un-gruppo-di-ricercatori-delluniversita-di-siena-ha-scoperto-un-fiore-mai-visto-prima\/#primaryimage","url":"https:\/\/www.intoscana.it\/wp-content\/uploads\/Campanula-bergomensis-scaled.jpg","contentUrl":"https:\/\/www.intoscana.it\/wp-content\/uploads\/Campanula-bergomensis-scaled.jpg","width":2048,"height":1365},{"@type":"BreadcrumbList","@id":"https:\/\/www.intoscana.it\/it\/un-gruppo-di-ricercatori-delluniversita-di-siena-ha-scoperto-un-fiore-mai-visto-prima\/#breadcrumb","itemListElement":[{"@type":"ListItem","position":1,"name":"Home","item":"https:\/\/www.intoscana.it\/it\/"},{"@type":"ListItem","position":2,"name":"Un gruppo di ricercatori dell&#8217;Universit\u00e0 di Siena ha scoperto un fiore mai visto prima"}]},{"@type":"WebSite","@id":"https:\/\/www.intoscana.it\/it\/#website","url":"https:\/\/www.intoscana.it\/it\/","name":"intoscana","description":"","potentialAction":[{"@type":"SearchAction","target":{"@type":"EntryPoint","urlTemplate":"https:\/\/www.intoscana.it\/it\/?s={search_term_string}"},"query-input":{"@type":"PropertyValueSpecification","valueRequired":true,"valueName":"search_term_string"}}],"inLanguage":"it-IT"},{"@type":"Person","@id":"https:\/\/www.intoscana.it\/it\/#\/schema\/person\/9223810753230f20bd670fdd322661f8","name":"Redazione","url":"https:\/\/www.intoscana.it\/it\/author\/redazione\/"}]}},"_links":{"self":[{"href":"https:\/\/www.intoscana.it\/it\/wp-json\/wp\/v2\/posts\/329426","targetHints":{"allow":["GET"]}}],"collection":[{"href":"https:\/\/www.intoscana.it\/it\/wp-json\/wp\/v2\/posts"}],"about":[{"href":"https:\/\/www.intoscana.it\/it\/wp-json\/wp\/v2\/types\/post"}],"author":[{"embeddable":true,"href":"https:\/\/www.intoscana.it\/it\/wp-json\/wp\/v2\/users\/525"}],"replies":[{"embeddable":true,"href":"https:\/\/www.intoscana.it\/it\/wp-json\/wp\/v2\/comments?post=329426"}],"version-history":[{"count":3,"href":"https:\/\/www.intoscana.it\/it\/wp-json\/wp\/v2\/posts\/329426\/revisions"}],"predecessor-version":[{"id":329430,"href":"https:\/\/www.intoscana.it\/it\/wp-json\/wp\/v2\/posts\/329426\/revisions\/329430"}],"wp:featuredmedia":[{"embeddable":true,"href":"https:\/\/www.intoscana.it\/it\/wp-json\/wp\/v2\/media\/329427"}],"wp:attachment":[{"href":"https:\/\/www.intoscana.it\/it\/wp-json\/wp\/v2\/media?parent=329426"}],"wp:term":[{"taxonomy":"category","embeddable":true,"href":"https:\/\/www.intoscana.it\/it\/wp-json\/wp\/v2\/categories?post=329426"},{"taxonomy":"post_tag","embeddable":true,"href":"https:\/\/www.intoscana.it\/it\/wp-json\/wp\/v2\/tags?post=329426"}],"curies":[{"name":"wp","href":"https:\/\/api.w.org\/{rel}","templated":true}]}}