{"id":329549,"date":"2024-03-04T12:00:02","date_gmt":"2024-03-04T11:00:02","guid":{"rendered":"https:\/\/www.intoscana.it\/it\/?p=329549"},"modified":"2024-03-05T12:10:17","modified_gmt":"2024-03-05T11:10:17","slug":"a-lezione-damore-dagli-ada-oda-la-band-belga-che-canta-in-italiano","status":"publish","type":"post","link":"https:\/\/www.intoscana.it\/it\/a-lezione-damore-dagli-ada-oda-la-band-belga-che-canta-in-italiano\/","title":{"rendered":"A lezione d&#8217;amore dagli Ada Oda, la band belga che canta in italiano"},"content":{"rendered":"<p>Vengono dal Belgio, ma cantano in italiano: stiamo parlando degli <strong>Ada Oda<\/strong> band nata da un&#8217;idea di <strong>C\u00e9sar Laloux e Vittorio Barracato<\/strong> che hanno esordito nel 2023 con<strong><em> &#8220;Un Amore Debole&#8221;.<\/em><\/strong><\/p>\n<p>L&#8217;estate scorsa hanno conquistato i palchi di tutta Europa con il loro <strong>sound fresco e originale tra pop e post-punk.<\/strong><\/p>\n<p>Le canzoni della band italo-belga raccontano la <strong>avventure tragicomiche di una giovane ragazza<\/strong> tra<strong> relazioni tossiche, cuori spezzati e storie d\u2019amore finite male.<\/strong><\/p>\n<p>La band oltre a <strong>C\u00e9sar Laloux e Victoria Barracato<\/strong> vede anche <strong>Marc Pirard<\/strong> al basso (Italian Boyfriend), <strong>Alex De Beuger<\/strong> (Alaska Gold Rush, Gros Coeur) e <strong>Aure\u00cc lien Gainetdinoff<\/strong> (San Malo, Yolande Bashing) alla chitarra.<\/p>\n<p><strong>Gli Ada Oda<\/strong> arrivano <strong>gioved\u00ec 7 marzo al Silenzio Club di Firenze<\/strong> per un live che siamo sicuri sar\u00e0 <strong>irresistibile.<\/strong><\/p>\n<div class=\"titleimg\">\n<figure id=\"post-329553 media-329553\" class=\"align-none\"><img decoding=\"async\" src=\"https:\/\/www.intoscana.it\/wp-content\/uploads\/422118417_361927549917364_8711546192636511953_n-2.jpg\" alt=\"\" \/><\/figure>\n<div class=\"titleimg\"><em>Ada Oda<\/em><\/div>\n<\/div>\n<h3>Ecco la nostra intervista<\/h3>\n<p><strong>Ciao C\u00e9sar, una volta Victoria ha detto di averti conosciuto su un&#8217;app per incontri, \u00e8 vero? \u00c8 cos\u00ec che vi siete conosciuti?<\/strong><\/p>\n<p>\u00c8 vero. Non ci conoscevamo, <strong>abbiamo parlato un po&#8217; di musica su Tinder ed \u00e8 finita l\u00ec.<\/strong> Qualche mese dopo, quando stavo cercando qualcuno che cantasse nelle mie canzoni, ho pensato di nuovo a Victoria. Le ho inviato i brani e poi abbiamo deciso di incontrarci di persona per parlarne.<p><span class=\"citazione\">Ci piace parlare di quello che viviamo, di relazioni, del comportamento degli altri o di noi stessi. Cerchiamo di dare una visione di certi aspetti della societ\u00e0 attraverso piccoli esempi che ci sono vicini e che ci riguardano<\/span><\/p><\/p>\n<p><strong>Come \u00e8 nata l&#8217;idea di cantare in italiano, una lingua che Victoria non parla?<\/strong><\/p>\n<p><strong>\u00c8 iniziata per gioco<\/strong> quando le ho chiesto se parlava italiano perch\u00e9 si chiama Barracato. Lei ha risposto di s\u00ec e per un po&#8217; abbiamo continuato in quella direzione. Abbiamo anche pensato che cantare in italiano su questo tipo di musica avrebbe dato un maggiore respiro e forse <strong>avrebbe dato originalit\u00e0 al nostro progetto.<\/strong><\/p>\n<p><strong>Il vostro primo album &#8216;<em>Un amore debole&#8217;<\/em> \u00e8 stato subito un grande successo, la scorsa estate siete andati ovunque in Europa e presto sarete anche ospiti del SXSW negli Stati Uniti, vi aspettavate un successo cos\u00ec clamoroso?<\/strong><\/p>\n<p>No, non lo so davvero. Ricordo di aver detto a Victoria che avremmo potuto andare a suonare nella citt\u00e0 successiva, ma non molto oltre, perch\u00e9<strong> il progetto forse era un po&#8217; troppo di nicchia o troppo atipico,<\/strong> che il rock era morto e cos\u00ec via&#8230; La prima volta che abbiamo pensato che avremmo potuto ottenere qualcosa \u00e8 stato quando <strong>abbiamo ricevuto un messaggio dal direttore della Slovenly Recordings<\/strong> che ci invitava a suonare in Italia. Da allora, <strong>abbiamo cercato di andare all&#8217;estero il pi\u00f9 possibile<\/strong> per svilupparci come band internazionale piuttosto che come band belga che cerca di diventare grande in patria.<\/p>\n<p><strong>La vostra musica potrebbe essere definita pop, anche se sul palco avete un&#8217;attitudine punk. A quali band vi ispirate?<\/strong><\/p>\n<p>Ci piacciono un po&#8217; entrambe le cose. Ci piacciono i <strong>brani orecchiabili di due minuti e mezzo,<\/strong> ma con <strong>un&#8217;atmosfera un po&#8217; lo-fi<\/strong> che li rende meno snob. Credo che la scena newyorkese (<strong>The Velvet Underground, The Strokes, Parquet Courts<\/strong>) ne sia un buon esempio.<\/p>\n<p><iframe loading=\"lazy\" title=\"YouTube video player\" src=\"https:\/\/www.youtube.com\/embed\/CWk1_KZpMfQ?si=whelUDngMLFBFcEa\" width=\"800\" height=\"450\" frameborder=\"0\" allowfullscreen=\"allowfullscreen\"><\/iframe><\/p>\n<p><strong>Come nascono le canzoni? Chi scrive i testi? Mi sembra che le vostre canzoni parlino di esperienze che vivete in prima persona, le avventure di una giovane ragazza.<\/strong><\/p>\n<p>Scrivo la musica da solo e poi di solito mi vengono delle idee per le <strong>frasi che traduco su deepl<\/strong> e le sviluppiamo insieme in seguito. Ci piace parlare di quello che viviamo, di relazioni, del comportamento degli altri o di noi stessi. Cerchiamo di dare una visione di certi aspetti della societ\u00e0 attraverso <strong>piccoli esempi che ci sono vicini e che ci riguardano.<\/strong><\/p>\n<p><strong>Ci sono artisti o gruppi italiani che conoscete e che vi piacciono?<\/strong><\/p>\n<p>S\u00ec, certo. <strong>Siamo stati in Italia molte volte<\/strong> e abbiamo avuto modo di vedere artisti e incontrare persone. Alcuni nomi di progetti che ci piacciono: <strong>Brucher\u00f2 nei pascoli, Colombre, Alex Fernet<\/strong>&#8230; Abbiamo anche avuto la fortuna di sostenere i <strong>Baustelle<\/strong> la scorsa estate&#8230; Loro sanno come fare! \ud83d\ude42<\/p>\n<p><strong>Cosa c&#8217;\u00e8 nel futuro degli Ada Oda, sono sicuro che avete gi\u00e0 scritto molte nuove canzoni&#8230;<\/strong><\/p>\n<p>S\u00ec, <strong>stiamo finendo di comporre gli ultimi brani per il prossimo album,<\/strong> che registreremo a giugno. Se tutto va bene, dovrebbe uscire all&#8217;inizio del 2025, con alcuni singoli prima di allora. Nel frattempo, concluderemo il tour di <strong><em>Un Amore Debole,<\/em><\/strong> che durer\u00e0 fino alla fine di settembre, con date in tutta Europa.<\/p>\n<p><strong>Come si fa a capire se si tratta di un amore debole o se si \u00e8 incontrato il vero amore?<\/strong><\/p>\n<p>Domanda trabocchetto&#8230; Ho avuto relazioni in cui non c&#8217;era abbastanza amore e poi il contrario negli ultimi anni.\u00a0 Per quanto mi riguarda, credo che sia<strong> quando smetto di chiedermi se voglio stare con l&#8217;altra persona o no<\/strong>.<\/p>\n<div class=\"titleimg\">\n<figure id=\"post-329551 media-329551\" class=\"align-none\"><img decoding=\"async\" src=\"https:\/\/www.intoscana.it\/wp-content\/uploads\/50F5CB16-6E0F-4FB5-925F-779582E43256.jpeg\" alt=\"\" \/><\/figure>\n<div class=\"titleimg\">Ada Oda<\/div>\n<\/div>\n","protected":false},"excerpt":{"rendered":"<p>Gioved\u00ec 7 marzo al Club Silenzio arriva in concerto la band italo-belga che l&#8217;estate scorsa ha conquistato i palchi di tutta Europa con il suo sound fresco e originale tra pop e post-punk<\/p>\n","protected":false},"author":518,"featured_media":329572,"comment_status":"open","ping_status":"open","sticky":false,"template":"","format":"standard","meta":{"_acf_changed":false,"footnotes":""},"categories":[14],"tags":[216,4474,202,3136],"class_list":["post-329549","post","type-post","status-publish","format-standard","has-post-thumbnail","hentry","category-musica","tag-concerti","tag-eventi","tag-firenze","tag-interviste"],"acf":[],"yoast_head":"<!-- This site is optimized with the Yoast SEO Premium plugin v24.2 (Yoast SEO v25.6) - https:\/\/yoast.com\/wordpress\/plugins\/seo\/ -->\n<title>A lezione d&#039;amore dagli Ada Oda, la band belga che canta in italiano - intoscana<\/title>\n<meta name=\"description\" content=\"Gioved\u00ec 7 marzo al The Cave arriva in concerto la band italo-belga che l&#039;estate scorsa ha conquistato i palchi di tutta Europa\" \/>\n<meta name=\"robots\" content=\"index, follow, max-snippet:-1, max-image-preview:large, max-video-preview:-1\" \/>\n<link rel=\"canonical\" href=\"https:\/\/www.intoscana.it\/it\/a-lezione-damore-dagli-ada-oda-la-band-belga-che-canta-in-italiano\/\" \/>\n<meta property=\"og:locale\" content=\"it_IT\" \/>\n<meta property=\"og:type\" content=\"article\" \/>\n<meta property=\"og:title\" content=\"A lezione d&#039;amore dagli Ada Oda, la band belga che canta in italiano\" \/>\n<meta property=\"og:description\" content=\"Gioved\u00ec 7 marzo al The Cave arriva in concerto la band italo-belga che l&#039;estate scorsa ha conquistato i palchi di tutta Europa\" \/>\n<meta property=\"og:url\" content=\"https:\/\/www.intoscana.it\/it\/a-lezione-damore-dagli-ada-oda-la-band-belga-che-canta-in-italiano\/\" \/>\n<meta property=\"og:site_name\" content=\"intoscana\" \/>\n<meta property=\"article:publisher\" content=\"https:\/\/www.facebook.com\/intoscana.it\" \/>\n<meta property=\"article:published_time\" content=\"2024-03-04T11:00:02+00:00\" \/>\n<meta property=\"article:modified_time\" content=\"2024-03-05T11:10:17+00:00\" \/>\n<meta property=\"og:image\" content=\"https:\/\/www.intoscana.it\/wp-content\/uploads\/Ada-Oda.jpg\" \/>\n\t<meta property=\"og:image:width\" content=\"1200\" \/>\n\t<meta property=\"og:image:height\" content=\"800\" \/>\n\t<meta property=\"og:image:type\" content=\"image\/jpeg\" \/>\n<meta name=\"author\" content=\"Costanza Baldini\" \/>\n<meta name=\"twitter:card\" content=\"summary_large_image\" \/>\n<meta name=\"twitter:creator\" content=\"@intoscana\" \/>\n<meta name=\"twitter:site\" content=\"@intoscana\" \/>\n<meta name=\"twitter:label1\" content=\"Written by\" \/>\n\t<meta name=\"twitter:data1\" content=\"Costanza Baldini\" \/>\n\t<meta name=\"twitter:label2\" content=\"Est. reading time\" \/>\n\t<meta name=\"twitter:data2\" content=\"5 minuti\" \/>\n<script type=\"application\/ld+json\" class=\"yoast-schema-graph\">{\"@context\":\"https:\/\/schema.org\",\"@graph\":[{\"@type\":\"WebPage\",\"@id\":\"https:\/\/www.intoscana.it\/it\/a-lezione-damore-dagli-ada-oda-la-band-belga-che-canta-in-italiano\/\",\"url\":\"https:\/\/www.intoscana.it\/it\/a-lezione-damore-dagli-ada-oda-la-band-belga-che-canta-in-italiano\/\",\"name\":\"A lezione d'amore dagli Ada Oda, la band belga che canta in italiano - intoscana\",\"isPartOf\":{\"@id\":\"https:\/\/www.intoscana.it\/it\/#website\"},\"primaryImageOfPage\":{\"@id\":\"https:\/\/www.intoscana.it\/it\/a-lezione-damore-dagli-ada-oda-la-band-belga-che-canta-in-italiano\/#primaryimage\"},\"image\":{\"@id\":\"https:\/\/www.intoscana.it\/it\/a-lezione-damore-dagli-ada-oda-la-band-belga-che-canta-in-italiano\/#primaryimage\"},\"thumbnailUrl\":\"https:\/\/www.intoscana.it\/wp-content\/uploads\/Ada-Oda.jpg\",\"datePublished\":\"2024-03-04T11:00:02+00:00\",\"dateModified\":\"2024-03-05T11:10:17+00:00\",\"author\":{\"@id\":\"https:\/\/www.intoscana.it\/it\/#\/schema\/person\/d469f35f09739bdf00bf5dd3f0647a82\"},\"description\":\"Gioved\u00ec 7 marzo al The Cave arriva in concerto la band italo-belga che l'estate scorsa ha conquistato i palchi di tutta Europa\",\"breadcrumb\":{\"@id\":\"https:\/\/www.intoscana.it\/it\/a-lezione-damore-dagli-ada-oda-la-band-belga-che-canta-in-italiano\/#breadcrumb\"},\"inLanguage\":\"it-IT\",\"potentialAction\":[{\"@type\":\"ReadAction\",\"target\":[\"https:\/\/www.intoscana.it\/it\/a-lezione-damore-dagli-ada-oda-la-band-belga-che-canta-in-italiano\/\"]}]},{\"@type\":\"ImageObject\",\"inLanguage\":\"it-IT\",\"@id\":\"https:\/\/www.intoscana.it\/it\/a-lezione-damore-dagli-ada-oda-la-band-belga-che-canta-in-italiano\/#primaryimage\",\"url\":\"https:\/\/www.intoscana.it\/wp-content\/uploads\/Ada-Oda.jpg\",\"contentUrl\":\"https:\/\/www.intoscana.it\/wp-content\/uploads\/Ada-Oda.jpg\",\"width\":1200,\"height\":800,\"caption\":\"Ada Oda\"},{\"@type\":\"BreadcrumbList\",\"@id\":\"https:\/\/www.intoscana.it\/it\/a-lezione-damore-dagli-ada-oda-la-band-belga-che-canta-in-italiano\/#breadcrumb\",\"itemListElement\":[{\"@type\":\"ListItem\",\"position\":1,\"name\":\"Home\",\"item\":\"https:\/\/www.intoscana.it\/it\/\"},{\"@type\":\"ListItem\",\"position\":2,\"name\":\"A lezione d&#8217;amore dagli Ada Oda, la band belga che canta in italiano\"}]},{\"@type\":\"WebSite\",\"@id\":\"https:\/\/www.intoscana.it\/it\/#website\",\"url\":\"https:\/\/www.intoscana.it\/it\/\",\"name\":\"intoscana\",\"description\":\"\",\"potentialAction\":[{\"@type\":\"SearchAction\",\"target\":{\"@type\":\"EntryPoint\",\"urlTemplate\":\"https:\/\/www.intoscana.it\/it\/?s={search_term_string}\"},\"query-input\":{\"@type\":\"PropertyValueSpecification\",\"valueRequired\":true,\"valueName\":\"search_term_string\"}}],\"inLanguage\":\"it-IT\"},{\"@type\":\"Person\",\"@id\":\"https:\/\/www.intoscana.it\/it\/#\/schema\/person\/d469f35f09739bdf00bf5dd3f0647a82\",\"name\":\"Costanza Baldini\",\"url\":\"https:\/\/www.intoscana.it\/it\/author\/costanza-baldini\/\"}]}<\/script>\n<!-- \/ Yoast SEO Premium plugin. -->","yoast_head_json":{"title":"A lezione d'amore dagli Ada Oda, la band belga che canta in italiano - intoscana","description":"Gioved\u00ec 7 marzo al The Cave arriva in concerto la band italo-belga che l'estate scorsa ha conquistato i palchi di tutta Europa","robots":{"index":"index","follow":"follow","max-snippet":"max-snippet:-1","max-image-preview":"max-image-preview:large","max-video-preview":"max-video-preview:-1"},"canonical":"https:\/\/www.intoscana.it\/it\/a-lezione-damore-dagli-ada-oda-la-band-belga-che-canta-in-italiano\/","og_locale":"it_IT","og_type":"article","og_title":"A lezione d'amore dagli Ada Oda, la band belga che canta in italiano","og_description":"Gioved\u00ec 7 marzo al The Cave arriva in concerto la band italo-belga che l'estate scorsa ha conquistato i palchi di tutta Europa","og_url":"https:\/\/www.intoscana.it\/it\/a-lezione-damore-dagli-ada-oda-la-band-belga-che-canta-in-italiano\/","og_site_name":"intoscana","article_publisher":"https:\/\/www.facebook.com\/intoscana.it","article_published_time":"2024-03-04T11:00:02+00:00","article_modified_time":"2024-03-05T11:10:17+00:00","og_image":[{"width":1200,"height":800,"url":"https:\/\/www.intoscana.it\/wp-content\/uploads\/Ada-Oda.jpg","type":"image\/jpeg"}],"author":"Costanza Baldini","twitter_card":"summary_large_image","twitter_creator":"@intoscana","twitter_site":"@intoscana","twitter_misc":{"Written by":"Costanza Baldini","Est. reading time":"5 minuti"},"schema":{"@context":"https:\/\/schema.org","@graph":[{"@type":"WebPage","@id":"https:\/\/www.intoscana.it\/it\/a-lezione-damore-dagli-ada-oda-la-band-belga-che-canta-in-italiano\/","url":"https:\/\/www.intoscana.it\/it\/a-lezione-damore-dagli-ada-oda-la-band-belga-che-canta-in-italiano\/","name":"A lezione d'amore dagli Ada Oda, la band belga che canta in italiano - intoscana","isPartOf":{"@id":"https:\/\/www.intoscana.it\/it\/#website"},"primaryImageOfPage":{"@id":"https:\/\/www.intoscana.it\/it\/a-lezione-damore-dagli-ada-oda-la-band-belga-che-canta-in-italiano\/#primaryimage"},"image":{"@id":"https:\/\/www.intoscana.it\/it\/a-lezione-damore-dagli-ada-oda-la-band-belga-che-canta-in-italiano\/#primaryimage"},"thumbnailUrl":"https:\/\/www.intoscana.it\/wp-content\/uploads\/Ada-Oda.jpg","datePublished":"2024-03-04T11:00:02+00:00","dateModified":"2024-03-05T11:10:17+00:00","author":{"@id":"https:\/\/www.intoscana.it\/it\/#\/schema\/person\/d469f35f09739bdf00bf5dd3f0647a82"},"description":"Gioved\u00ec 7 marzo al The Cave arriva in concerto la band italo-belga che l'estate scorsa ha conquistato i palchi di tutta Europa","breadcrumb":{"@id":"https:\/\/www.intoscana.it\/it\/a-lezione-damore-dagli-ada-oda-la-band-belga-che-canta-in-italiano\/#breadcrumb"},"inLanguage":"it-IT","potentialAction":[{"@type":"ReadAction","target":["https:\/\/www.intoscana.it\/it\/a-lezione-damore-dagli-ada-oda-la-band-belga-che-canta-in-italiano\/"]}]},{"@type":"ImageObject","inLanguage":"it-IT","@id":"https:\/\/www.intoscana.it\/it\/a-lezione-damore-dagli-ada-oda-la-band-belga-che-canta-in-italiano\/#primaryimage","url":"https:\/\/www.intoscana.it\/wp-content\/uploads\/Ada-Oda.jpg","contentUrl":"https:\/\/www.intoscana.it\/wp-content\/uploads\/Ada-Oda.jpg","width":1200,"height":800,"caption":"Ada Oda"},{"@type":"BreadcrumbList","@id":"https:\/\/www.intoscana.it\/it\/a-lezione-damore-dagli-ada-oda-la-band-belga-che-canta-in-italiano\/#breadcrumb","itemListElement":[{"@type":"ListItem","position":1,"name":"Home","item":"https:\/\/www.intoscana.it\/it\/"},{"@type":"ListItem","position":2,"name":"A lezione d&#8217;amore dagli Ada Oda, la band belga che canta in italiano"}]},{"@type":"WebSite","@id":"https:\/\/www.intoscana.it\/it\/#website","url":"https:\/\/www.intoscana.it\/it\/","name":"intoscana","description":"","potentialAction":[{"@type":"SearchAction","target":{"@type":"EntryPoint","urlTemplate":"https:\/\/www.intoscana.it\/it\/?s={search_term_string}"},"query-input":{"@type":"PropertyValueSpecification","valueRequired":true,"valueName":"search_term_string"}}],"inLanguage":"it-IT"},{"@type":"Person","@id":"https:\/\/www.intoscana.it\/it\/#\/schema\/person\/d469f35f09739bdf00bf5dd3f0647a82","name":"Costanza Baldini","url":"https:\/\/www.intoscana.it\/it\/author\/costanza-baldini\/"}]}},"_links":{"self":[{"href":"https:\/\/www.intoscana.it\/it\/wp-json\/wp\/v2\/posts\/329549","targetHints":{"allow":["GET"]}}],"collection":[{"href":"https:\/\/www.intoscana.it\/it\/wp-json\/wp\/v2\/posts"}],"about":[{"href":"https:\/\/www.intoscana.it\/it\/wp-json\/wp\/v2\/types\/post"}],"author":[{"embeddable":true,"href":"https:\/\/www.intoscana.it\/it\/wp-json\/wp\/v2\/users\/518"}],"replies":[{"embeddable":true,"href":"https:\/\/www.intoscana.it\/it\/wp-json\/wp\/v2\/comments?post=329549"}],"version-history":[{"count":13,"href":"https:\/\/www.intoscana.it\/it\/wp-json\/wp\/v2\/posts\/329549\/revisions"}],"predecessor-version":[{"id":329877,"href":"https:\/\/www.intoscana.it\/it\/wp-json\/wp\/v2\/posts\/329549\/revisions\/329877"}],"wp:featuredmedia":[{"embeddable":true,"href":"https:\/\/www.intoscana.it\/it\/wp-json\/wp\/v2\/media\/329572"}],"wp:attachment":[{"href":"https:\/\/www.intoscana.it\/it\/wp-json\/wp\/v2\/media?parent=329549"}],"wp:term":[{"taxonomy":"category","embeddable":true,"href":"https:\/\/www.intoscana.it\/it\/wp-json\/wp\/v2\/categories?post=329549"},{"taxonomy":"post_tag","embeddable":true,"href":"https:\/\/www.intoscana.it\/it\/wp-json\/wp\/v2\/tags?post=329549"}],"curies":[{"name":"wp","href":"https:\/\/api.w.org\/{rel}","templated":true}]}}