{"id":329607,"date":"2024-03-04T14:20:44","date_gmt":"2024-03-04T13:20:44","guid":{"rendered":"https:\/\/www.intoscana.it\/it\/?p=329607"},"modified":"2024-03-05T15:29:06","modified_gmt":"2024-03-05T14:29:06","slug":"scout-gillett-concerto-firenze-chiusi-2024","status":"publish","type":"post","link":"https:\/\/www.intoscana.it\/it\/scout-gillett-concerto-firenze-chiusi-2024\/","title":{"rendered":"Scout Gillett dal Missouri in Toscana: in concerto la musicista americana che canta con il cuore e l&#8217;anima"},"content":{"rendered":"<p>\u00c8 cresciuta nelle <strong>zone rurali del Missouri,<\/strong> per passare poi alla<strong> scena punk di Kansas City,<\/strong> stiamo parlando della <strong>cantautrice americana Scout Gillett<\/strong>.<\/p>\n<p>Il suo album di debutto da solista dal titolo<strong><em> &#8220;No roof no floor&#8221;<\/em> <\/strong>\u00e8 stato <strong>registrato a porte aperte in un grande fienile di legno<\/strong>, trasmette un senso di spaziosit\u00e0 che esprime anche la <strong>visione cosmopolita di Scout.\u00a0<\/strong><\/p>\n<p>Il disco \u00e8 una meditazione vivace, ma allo stesso tempo calda e intima, sulla <strong>fiducia, l&#8217;abbandono e quale sia la definizione di &#8220;casa&#8221;, <\/strong>riflette le radici rurali di Scout e il suo <strong>spirito indipendente.<\/strong><\/p>\n<p><strong>La sua voce profonda e vellutata<\/strong> si fonde con <strong>uno stile folk country<\/strong> che utilizza strumenti tradizionali come <strong>pedal steel, armonica e banjo tenore.\u00a0<\/strong><\/p>\n<p><strong><em>&#8220;No roof no floor&#8221;<\/em> <\/strong>\u00e8 stato registrato con il contributo di <strong>Ellen Kempner<\/strong> (Palehound), <strong>David Lizmi<\/strong> (MS MR) e <strong>Kevin Copeland<\/strong> (The Big Net),<\/p>\n<p><strong>Scout Gillett sar\u00e0 in concerto in Toscana<\/strong> <strong>domenica 10 marzo agli Ex lavatoi di Porta Lavinia a Chiusi<\/strong> per la rassegna<strong><em> &#8220;Suoni dal Labirinto&#8221;<\/em> <\/strong>a cura di <a href=\"https:\/\/www.intoscana.it\/it\/gilla-band-lars-rock-fest-chiusi-2024\/\" target=\"_blank\" rel=\"noopener\"><strong>GEC Gruppo Effetti Collaterali.\u00a0<\/strong><\/a><\/p>\n<figure id=\"post-329610 media-329610\" class=\"align-none\"><img decoding=\"async\" src=\"https:\/\/www.intoscana.it\/wp-content\/uploads\/q99DjPIA-800x800-1.jpeg\" alt=\"\" \/><\/figure>\n<div class=\"titleimg\"><em>Scout Gillett<\/em><\/div>\n<h3>Ecco la nostra intervista a Scout Gillett<\/h3>\n<p><strong>Ciao Scott! Devo chiedertelo, chi \u00e8 questa sposa misteriosa che si trova sulla copertina del tuo album?<\/strong><\/p>\n<p><strong>La sposa misteriosa&#8230; sono io!<\/strong> Indossavo l&#8217;abito che mia madre indoss\u00f2 quando spos\u00f2 mio padre a 17 anni.<strong> Julie Orlick ha scattato la fotografia.<\/strong><p><span class=\"citazione\">Cerco anima e cuore. Cerco suoni nuovi e unici che non ti aspetti. Trovo me stessa e le risposte nella musica. La musica \u00e8 vita<\/span><\/p><\/p>\n<p><strong>Ho letto che hai registrato il tuo ultimo disco in un fienile chiamato The Chicken Shack a Stanfordville, com&#8217;\u00e8 nata l&#8217;idea?<\/strong><\/p>\n<p>Avevo visto che<strong> Kevin Morby<\/strong> frequentava il <strong>The<\/strong> <strong>Chicken Shack<\/strong> e mi ha ricordato il luogo in cui sono cresciuta, nel <strong>Missouri rurale.<\/strong> Mi sono sentita attratto dagli animali della fattoria, dai campi aperti e da questo grande fienile.<\/p>\n<p><strong>Ascoltandoti non ho potuto fare a meno di pensare a Angel Olsen, ma anche l&#8217;attitudine di Courtney\u00a0Barnett, ti sembrano paragoni appropriati? Quali sono gli artisti che ti hanno influenzata maggiormente?<\/strong><\/p>\n<p>S\u00ec, questi paragoni hanno senso. Sono influenzata da cos\u00ec tante cose&#8230; Vorrei poterle ridurre a due artisti. Ultimamente mi ispiro a<strong> Dwight Twiley, Gianna Nannini, Alice Cooper, Melanie e David Bowie.<\/strong><\/p>\n<p><iframe loading=\"lazy\" title=\"YouTube video player\" src=\"https:\/\/www.youtube.com\/embed\/RugFhWlQ-4U?si=KNYY96mGKuFs5Ce6\" width=\"800\" height=\"450\" frameborder=\"0\" allowfullscreen=\"allowfullscreen\"><\/iframe><\/p>\n<p><strong>So che hai delle radici punk, per\u00f2 la tua musica adesso ha tutta\u00a0un&#8217;altra sonorit\u00e0, come \u00e8 avvenuta questa trasformazione?<\/strong><\/p>\n<p><strong>Le mie radici sono ampie e profonde.<\/strong> Sono cresciuta <strong>cantando in chiesa, poi in un coro,<\/strong> poi ho provato l&#8217;Opera al college. Ho iniziato ad andare agli spettacoli a 10 anni.\u00a0 <strong>Le mie radici punk sono ancora presenti<\/strong> e si manifestano nella mia musica e nel mio modo di vivere. \u00c8 un&#8217;attitudine a non fregarsene.<\/p>\n<p><strong><em>&#8220;No Roof No Floor&#8221;<\/em> descrive\u00a0la tua vita oppure \u00e8 pi\u00f9 un inno alla libert\u00e0 come<em> &#8220;I don&#8217;t want to have roof, I don&#8217;t want to have a home&#8221;&#8230;<\/em><\/strong><\/p>\n<p><em><strong>&#8220;No roof no floor&#8221;<\/strong> <\/em>parla di<strong> trovare se stessi attraverso le transizioni.<\/strong> Il mio secondo lavoro inedito ha meno nostalgia ed \u00e8 pi\u00f9 sicuro e radicato.<\/p>\n<p><strong>Cosa cerchi nella musica? Cos&#8217;\u00e8 per te la musica?<\/strong><\/p>\n<p><strong>Cerco anima e cuore.<\/strong> Cerco suoni nuovi e unici che non ti aspetti. Trovo me stessa e le risposte nella musica<strong>. La musica \u00e8 vita.<\/strong><\/p>\n<figure id=\"post-329609 media-329609\" class=\"align-none\"><img decoding=\"async\" src=\"https:\/\/www.intoscana.it\/wp-content\/uploads\/a0997668315_65.jpeg\" alt=\"\" \/><\/figure>\n<div class=\"titleimg\"><em>Scout Gillett<\/em><\/div>\n","protected":false},"excerpt":{"rendered":"<p>La cantautrice Scout Gillett sar\u00e0 in concerto domenica 10 marzo agli Ex lavatoi di Porta Lavinia a Chiusi per la rassegna &#8220;Suoni dal Labirinto&#8221;<\/p>\n","protected":false},"author":518,"featured_media":329608,"comment_status":"open","ping_status":"open","sticky":false,"template":"","format":"standard","meta":{"_acf_changed":false,"footnotes":""},"categories":[14],"tags":[216,4474,202,3138],"class_list":["post-329607","post","type-post","status-publish","format-standard","has-post-thumbnail","hentry","category-musica","tag-concerti","tag-eventi","tag-firenze","tag-interviste-agli-artisti"],"acf":[],"yoast_head":"<!-- This site is optimized with the Yoast SEO Premium plugin v24.2 (Yoast SEO v25.6) - https:\/\/yoast.com\/wordpress\/plugins\/seo\/ -->\n<title>Scout Gillett dal Missouri in Toscana: in concerto la musicista americana che canta con il cuore e l&#039;anima - intoscana<\/title>\n<meta name=\"description\" content=\"Scout Gillet sar\u00e0 in concerto l&#039;8 marzo al The Cave di Firenze e il 10 marzo agli Ex lavatoi di Porta Lavinia a Chiusi\" \/>\n<meta name=\"robots\" content=\"index, follow, max-snippet:-1, max-image-preview:large, max-video-preview:-1\" \/>\n<link rel=\"canonical\" href=\"https:\/\/www.intoscana.it\/it\/scout-gillett-concerto-firenze-chiusi-2024\/\" \/>\n<meta property=\"og:locale\" content=\"it_IT\" \/>\n<meta property=\"og:type\" content=\"article\" \/>\n<meta property=\"og:title\" content=\"Scout Gillett dal Missouri in Toscana: in concerto la musicista americana che canta con il cuore e l&#039;anima\" \/>\n<meta property=\"og:description\" content=\"Scout Gillet sar\u00e0 in concerto l&#039;8 marzo al The Cave di Firenze e il 10 marzo agli Ex lavatoi di Porta Lavinia a Chiusi\" \/>\n<meta property=\"og:url\" content=\"https:\/\/www.intoscana.it\/it\/scout-gillett-concerto-firenze-chiusi-2024\/\" \/>\n<meta property=\"og:site_name\" content=\"intoscana\" \/>\n<meta property=\"article:publisher\" content=\"https:\/\/www.facebook.com\/intoscana.it\" \/>\n<meta property=\"article:published_time\" content=\"2024-03-04T13:20:44+00:00\" \/>\n<meta property=\"article:modified_time\" content=\"2024-03-05T14:29:06+00:00\" \/>\n<meta property=\"og:image\" content=\"https:\/\/www.intoscana.it\/wp-content\/uploads\/418557_0009-Horizontal.jpg\" \/>\n\t<meta property=\"og:image:width\" content=\"1620\" \/>\n\t<meta property=\"og:image:height\" content=\"1080\" \/>\n\t<meta property=\"og:image:type\" content=\"image\/jpeg\" \/>\n<meta name=\"author\" content=\"Costanza Baldini\" \/>\n<meta name=\"twitter:card\" content=\"summary_large_image\" \/>\n<meta name=\"twitter:creator\" content=\"@intoscana\" \/>\n<meta name=\"twitter:site\" content=\"@intoscana\" \/>\n<meta name=\"twitter:label1\" content=\"Written by\" \/>\n\t<meta name=\"twitter:data1\" content=\"Costanza Baldini\" \/>\n\t<meta name=\"twitter:label2\" content=\"Est. reading time\" \/>\n\t<meta name=\"twitter:data2\" content=\"4 minuti\" \/>\n<script type=\"application\/ld+json\" class=\"yoast-schema-graph\">{\"@context\":\"https:\/\/schema.org\",\"@graph\":[{\"@type\":\"WebPage\",\"@id\":\"https:\/\/www.intoscana.it\/it\/scout-gillett-concerto-firenze-chiusi-2024\/\",\"url\":\"https:\/\/www.intoscana.it\/it\/scout-gillett-concerto-firenze-chiusi-2024\/\",\"name\":\"Scout Gillett dal Missouri in Toscana: in concerto la musicista americana che canta con il cuore e l'anima - intoscana\",\"isPartOf\":{\"@id\":\"https:\/\/www.intoscana.it\/it\/#website\"},\"primaryImageOfPage\":{\"@id\":\"https:\/\/www.intoscana.it\/it\/scout-gillett-concerto-firenze-chiusi-2024\/#primaryimage\"},\"image\":{\"@id\":\"https:\/\/www.intoscana.it\/it\/scout-gillett-concerto-firenze-chiusi-2024\/#primaryimage\"},\"thumbnailUrl\":\"https:\/\/www.intoscana.it\/wp-content\/uploads\/418557_0009-Horizontal.jpg\",\"datePublished\":\"2024-03-04T13:20:44+00:00\",\"dateModified\":\"2024-03-05T14:29:06+00:00\",\"author\":{\"@id\":\"https:\/\/www.intoscana.it\/it\/#\/schema\/person\/d469f35f09739bdf00bf5dd3f0647a82\"},\"description\":\"Scout Gillet sar\u00e0 in concerto l'8 marzo al The Cave di Firenze e il 10 marzo agli Ex lavatoi di Porta Lavinia a Chiusi\",\"breadcrumb\":{\"@id\":\"https:\/\/www.intoscana.it\/it\/scout-gillett-concerto-firenze-chiusi-2024\/#breadcrumb\"},\"inLanguage\":\"it-IT\",\"potentialAction\":[{\"@type\":\"ReadAction\",\"target\":[\"https:\/\/www.intoscana.it\/it\/scout-gillett-concerto-firenze-chiusi-2024\/\"]}]},{\"@type\":\"ImageObject\",\"inLanguage\":\"it-IT\",\"@id\":\"https:\/\/www.intoscana.it\/it\/scout-gillett-concerto-firenze-chiusi-2024\/#primaryimage\",\"url\":\"https:\/\/www.intoscana.it\/wp-content\/uploads\/418557_0009-Horizontal.jpg\",\"contentUrl\":\"https:\/\/www.intoscana.it\/wp-content\/uploads\/418557_0009-Horizontal.jpg\",\"width\":1620,\"height\":1080,\"caption\":\"Scout Gillett\"},{\"@type\":\"BreadcrumbList\",\"@id\":\"https:\/\/www.intoscana.it\/it\/scout-gillett-concerto-firenze-chiusi-2024\/#breadcrumb\",\"itemListElement\":[{\"@type\":\"ListItem\",\"position\":1,\"name\":\"Home\",\"item\":\"https:\/\/www.intoscana.it\/it\/\"},{\"@type\":\"ListItem\",\"position\":2,\"name\":\"Scout Gillett dal Missouri in Toscana: in concerto la musicista americana che canta con il cuore e l&#8217;anima\"}]},{\"@type\":\"WebSite\",\"@id\":\"https:\/\/www.intoscana.it\/it\/#website\",\"url\":\"https:\/\/www.intoscana.it\/it\/\",\"name\":\"intoscana\",\"description\":\"\",\"potentialAction\":[{\"@type\":\"SearchAction\",\"target\":{\"@type\":\"EntryPoint\",\"urlTemplate\":\"https:\/\/www.intoscana.it\/it\/?s={search_term_string}\"},\"query-input\":{\"@type\":\"PropertyValueSpecification\",\"valueRequired\":true,\"valueName\":\"search_term_string\"}}],\"inLanguage\":\"it-IT\"},{\"@type\":\"Person\",\"@id\":\"https:\/\/www.intoscana.it\/it\/#\/schema\/person\/d469f35f09739bdf00bf5dd3f0647a82\",\"name\":\"Costanza Baldini\",\"url\":\"https:\/\/www.intoscana.it\/it\/author\/costanza-baldini\/\"}]}<\/script>\n<!-- \/ Yoast SEO Premium plugin. -->","yoast_head_json":{"title":"Scout Gillett dal Missouri in Toscana: in concerto la musicista americana che canta con il cuore e l'anima - intoscana","description":"Scout Gillet sar\u00e0 in concerto l'8 marzo al The Cave di Firenze e il 10 marzo agli Ex lavatoi di Porta Lavinia a Chiusi","robots":{"index":"index","follow":"follow","max-snippet":"max-snippet:-1","max-image-preview":"max-image-preview:large","max-video-preview":"max-video-preview:-1"},"canonical":"https:\/\/www.intoscana.it\/it\/scout-gillett-concerto-firenze-chiusi-2024\/","og_locale":"it_IT","og_type":"article","og_title":"Scout Gillett dal Missouri in Toscana: in concerto la musicista americana che canta con il cuore e l'anima","og_description":"Scout Gillet sar\u00e0 in concerto l'8 marzo al The Cave di Firenze e il 10 marzo agli Ex lavatoi di Porta Lavinia a Chiusi","og_url":"https:\/\/www.intoscana.it\/it\/scout-gillett-concerto-firenze-chiusi-2024\/","og_site_name":"intoscana","article_publisher":"https:\/\/www.facebook.com\/intoscana.it","article_published_time":"2024-03-04T13:20:44+00:00","article_modified_time":"2024-03-05T14:29:06+00:00","og_image":[{"width":1620,"height":1080,"url":"https:\/\/www.intoscana.it\/wp-content\/uploads\/418557_0009-Horizontal.jpg","type":"image\/jpeg"}],"author":"Costanza Baldini","twitter_card":"summary_large_image","twitter_creator":"@intoscana","twitter_site":"@intoscana","twitter_misc":{"Written by":"Costanza Baldini","Est. reading time":"4 minuti"},"schema":{"@context":"https:\/\/schema.org","@graph":[{"@type":"WebPage","@id":"https:\/\/www.intoscana.it\/it\/scout-gillett-concerto-firenze-chiusi-2024\/","url":"https:\/\/www.intoscana.it\/it\/scout-gillett-concerto-firenze-chiusi-2024\/","name":"Scout Gillett dal Missouri in Toscana: in concerto la musicista americana che canta con il cuore e l'anima - intoscana","isPartOf":{"@id":"https:\/\/www.intoscana.it\/it\/#website"},"primaryImageOfPage":{"@id":"https:\/\/www.intoscana.it\/it\/scout-gillett-concerto-firenze-chiusi-2024\/#primaryimage"},"image":{"@id":"https:\/\/www.intoscana.it\/it\/scout-gillett-concerto-firenze-chiusi-2024\/#primaryimage"},"thumbnailUrl":"https:\/\/www.intoscana.it\/wp-content\/uploads\/418557_0009-Horizontal.jpg","datePublished":"2024-03-04T13:20:44+00:00","dateModified":"2024-03-05T14:29:06+00:00","author":{"@id":"https:\/\/www.intoscana.it\/it\/#\/schema\/person\/d469f35f09739bdf00bf5dd3f0647a82"},"description":"Scout Gillet sar\u00e0 in concerto l'8 marzo al The Cave di Firenze e il 10 marzo agli Ex lavatoi di Porta Lavinia a Chiusi","breadcrumb":{"@id":"https:\/\/www.intoscana.it\/it\/scout-gillett-concerto-firenze-chiusi-2024\/#breadcrumb"},"inLanguage":"it-IT","potentialAction":[{"@type":"ReadAction","target":["https:\/\/www.intoscana.it\/it\/scout-gillett-concerto-firenze-chiusi-2024\/"]}]},{"@type":"ImageObject","inLanguage":"it-IT","@id":"https:\/\/www.intoscana.it\/it\/scout-gillett-concerto-firenze-chiusi-2024\/#primaryimage","url":"https:\/\/www.intoscana.it\/wp-content\/uploads\/418557_0009-Horizontal.jpg","contentUrl":"https:\/\/www.intoscana.it\/wp-content\/uploads\/418557_0009-Horizontal.jpg","width":1620,"height":1080,"caption":"Scout Gillett"},{"@type":"BreadcrumbList","@id":"https:\/\/www.intoscana.it\/it\/scout-gillett-concerto-firenze-chiusi-2024\/#breadcrumb","itemListElement":[{"@type":"ListItem","position":1,"name":"Home","item":"https:\/\/www.intoscana.it\/it\/"},{"@type":"ListItem","position":2,"name":"Scout Gillett dal Missouri in Toscana: in concerto la musicista americana che canta con il cuore e l&#8217;anima"}]},{"@type":"WebSite","@id":"https:\/\/www.intoscana.it\/it\/#website","url":"https:\/\/www.intoscana.it\/it\/","name":"intoscana","description":"","potentialAction":[{"@type":"SearchAction","target":{"@type":"EntryPoint","urlTemplate":"https:\/\/www.intoscana.it\/it\/?s={search_term_string}"},"query-input":{"@type":"PropertyValueSpecification","valueRequired":true,"valueName":"search_term_string"}}],"inLanguage":"it-IT"},{"@type":"Person","@id":"https:\/\/www.intoscana.it\/it\/#\/schema\/person\/d469f35f09739bdf00bf5dd3f0647a82","name":"Costanza Baldini","url":"https:\/\/www.intoscana.it\/it\/author\/costanza-baldini\/"}]}},"_links":{"self":[{"href":"https:\/\/www.intoscana.it\/it\/wp-json\/wp\/v2\/posts\/329607","targetHints":{"allow":["GET"]}}],"collection":[{"href":"https:\/\/www.intoscana.it\/it\/wp-json\/wp\/v2\/posts"}],"about":[{"href":"https:\/\/www.intoscana.it\/it\/wp-json\/wp\/v2\/types\/post"}],"author":[{"embeddable":true,"href":"https:\/\/www.intoscana.it\/it\/wp-json\/wp\/v2\/users\/518"}],"replies":[{"embeddable":true,"href":"https:\/\/www.intoscana.it\/it\/wp-json\/wp\/v2\/comments?post=329607"}],"version-history":[{"count":20,"href":"https:\/\/www.intoscana.it\/it\/wp-json\/wp\/v2\/posts\/329607\/revisions"}],"predecessor-version":[{"id":329857,"href":"https:\/\/www.intoscana.it\/it\/wp-json\/wp\/v2\/posts\/329607\/revisions\/329857"}],"wp:featuredmedia":[{"embeddable":true,"href":"https:\/\/www.intoscana.it\/it\/wp-json\/wp\/v2\/media\/329608"}],"wp:attachment":[{"href":"https:\/\/www.intoscana.it\/it\/wp-json\/wp\/v2\/media?parent=329607"}],"wp:term":[{"taxonomy":"category","embeddable":true,"href":"https:\/\/www.intoscana.it\/it\/wp-json\/wp\/v2\/categories?post=329607"},{"taxonomy":"post_tag","embeddable":true,"href":"https:\/\/www.intoscana.it\/it\/wp-json\/wp\/v2\/tags?post=329607"}],"curies":[{"name":"wp","href":"https:\/\/api.w.org\/{rel}","templated":true}]}}