{"id":329976,"date":"2024-03-05T16:15:44","date_gmt":"2024-03-05T15:15:44","guid":{"rendered":"https:\/\/www.intoscana.it\/it\/?p=329976"},"modified":"2024-03-05T16:36:05","modified_gmt":"2024-03-05T15:36:05","slug":"lunione-dei-comuni-della-valdichiana-senese-si-presenta-a-roma-78-progetti-3-grandi-eventi-e-3-infrastrutture-per-il-2026","status":"publish","type":"post","link":"https:\/\/www.intoscana.it\/it\/lunione-dei-comuni-della-valdichiana-senese-si-presenta-a-roma-78-progetti-3-grandi-eventi-e-3-infrastrutture-per-il-2026\/","title":{"rendered":"L&#8217;Unione dei Comuni della Valdichiana Senese si presenta a Roma: 78 progetti, 3 grandi eventi e 3 infrastrutture per il 2026"},"content":{"rendered":"<p><strong>Marted\u00ec 5 marzo<\/strong> si \u00e8 tenuta a Roma l&#8217;audizione con cui<strong> l&#8217;Unione dei Comuni della Valdichiana Senese<\/strong>, tra i dieci finalisti in gara per diventare <strong>Capitale Italiana della Cultura 2026,<\/strong> ha presentato il proprio <strong>dossier.<\/strong><\/p>\n<p>La<strong> Valdichiana Senese<\/strong> riunisce dieci comuni: <strong>Cetona, Chianciano Terme, Chiusi, Montepulciano, Pienza, San Casciano dei Bagni, Sarteano, Sinalunga, Torrita di Siena e Trequanda.<\/strong><\/p>\n<p>L&#8217;audizione \u00e8 iniziata con un video realizzato dall&#8217;artista<strong> Giuseppe Ragazzini.<\/strong> Poi <strong>Agnese Carletti<\/strong>\u00a0presidente dell\u2019<a href=\"https:\/\/www.unionecomuni.valdichiana.si.it\" target=\"_blank\" rel=\"noopener\"><strong>Unione dei Comuni Valdichiana Senes<\/strong><\/a><strong>e<\/strong> e <strong>Filippo Del Corno, <\/strong>direttore di candidatura hanno presentato il progetto al <strong>Ministero della Cultura.<\/strong><\/p>\n<p>A Roma era presente anche il<strong> presidente del Consiglio Regionale della Toscana Antonio Mazzeo <\/strong>che ha\u00a0dichiarato: <em>&#8220;Questa \u00e8 la prima volta che un&#8217;Unione di Comuni arriva ad essere tra le dieci finaliste per diventare <strong>Capitale Italiana della Cultura<\/strong>, un progetto che parte dal territorio e che tiene conto della grande coperta avvenuta a San Casciano dei Bagni, una scoperta unica al mondo. Ma \u00e8 anche un racconto di storie e tradizioni differenti, un seme per costruire una proposta culturale in grado da attirare turisti da tutto il mondo, una proposta innovativa che sono certo colpir\u00e0 la commissione. Perch\u00e9 c&#8217;\u00e8 l&#8217;idea di una Toscana bella che si sa aprire al mondo partendo dalla sua storia, dai suoi valori dalle sue radici&#8221;.<\/em><\/p>\n<figure id=\"post-330002 media-330002\" class=\"align-none\"><img decoding=\"async\" src=\"https:\/\/www.intoscana.it\/wp-content\/uploads\/Screenshot-2024-03-05-alle-15.19.56.jpeg\" alt=\"\" \/><\/figure>\n<p>La presidente <strong>Agnese Carletti <\/strong>\u00a0ha dichiarato: &#8220;Vi chiedo di fare uno sforzo, qui vedete una sola sindaca ma vi chiedo divedere in me dieci sindaci che spero di rappresentare, dieci comuni e dieci comunit\u00e0. <strong>Abbiamo fatto uno sforzo di superamento dei confini comunali e mentali, per presentarvi un progetto unico.<\/strong> Diamo voce alle aree interne, 36 centri tra medi e piccolissimi, ognuno con le specificit\u00e0 che non si annullano ma si rafforzano nell&#8217;unione<em>.<\/em><p><span class=\"citazione\">Vogliamo proporre un modello culturale che sia replicabile, un&#8217;infrastruttura culturale condivisa che trasformi il territorio in una citt\u00e0 diffusa. Un lascito permanente per la comunit\u00e0 pensato in termini strategici. La Valdichiana senese ha un patrimonio e una vivacit\u00e0 culturale che non ha nulla da invidiare a una grande citt\u00e0&#8221;.<\/span><\/p><\/p>\n<p><strong>La nostra sfida \u00e8 gestire insieme le politiche culturali, uno dei veri motori di sviluppo di un territorio che noi vogliamo vivo e vitale<\/strong>. Cosa vogliamo fare? Vogliamo proporre <strong>un modello culturale che sia replicabile, un&#8217;infrastruttura culturale condivisa che trasformi il territorio in una citt\u00e0 diffusa.<\/strong> Un lascito permanente per la comunit\u00e0 pensato in termini strategici. Sono stati due anni di lavoro, una paziente semina. Il nostro progetto si chiama<strong> &#8220;Seme d&#8217;Italia&#8221;,<\/strong> un progetto partecipativo nato dal basso, reale, che <strong>ha coinvolto 330 associazioni del territorio, con sette tavoli tematici permanenti.<\/strong> La Valdichiana senese,<strong> ha concluso,<\/strong> ha un patrimonio e una vivacit\u00e0 culturale che non ha nulla da invidiare a una grande citt\u00e0&#8221;.<\/p>\n<div class=\"titleimg\">\n<figure id=\"post-330017 media-330017\" class=\"align-none\"><img decoding=\"async\" src=\"https:\/\/www.intoscana.it\/wp-content\/uploads\/image00005-3-scaled.jpeg\" alt=\"\" \/><\/figure>\n<div class=\"titleimg\"><em>Unione Comuni Valdichiana Senese<\/em><\/div>\n<\/div>\n<h3>78 progetti per la Valdichiana senese<\/h3>\n<p><strong>Il direttore di candidatura Filippo Del Corno<\/strong> ha poi affermato: &#8220;<strong>La Valdichiana \u00e8 un ecosistema culturale, fatto di beni culturali e una componente immateriale fatta di saperi che operano per il benessere complessivo.<\/strong> L&#8217;intera comunit\u00e0 della Valdichiana \u00e8 stata chiamata a progettare e a individuare i punti critici. Abbiamo individuato quattro verbi, quattro azioni urgenti: <strong>riconoscere<\/strong> la propria tradizione,<strong> abitare<\/strong> (connettere al presente),<strong> attrarre e esprimere<\/strong> la straordinaria potenzialit\u00e0 dell&#8217;energia creativa di questo territorio.<p><span class=\"citazione\">I sei semi del futuro che saranno lasciati al territorio sono: una nuova identit\u00e0, una metodologia di consultazione partecipativa, la Consulta dei Comuni, un sistema di servizi e infrastrutture, la destagionalizzazione dell&#8217;offerta culturale e il completamento delle infrastrutture fisiche<\/span><\/p><\/p>\n<p><strong>In tutto sono 78 progetti, con tre grandi eventi che scandiscono il calendario dell&#8217;anno e tre grandi infrastrutture<\/strong> sul territorio.<strong> \u00c8 emerso un filo conduttore<\/strong> che si esprime con <strong>la parola cura<\/strong>. La cura si identifica con l&#8217;atteggiamento attento per l&#8217;ambiente naturale o artistico che rappresenta ci\u00f2 che unisce e tiene insieme questi <strong>78 progetti.<\/strong> Tre le aree previste: <strong>cura del paesaggio, dell&#8217;identit\u00e0 e della persona.<\/strong> Come realizzare tutto questo? Tramite<strong> una rete di collaborazione fortissima sul territorio<\/strong>, che former\u00e0 un <strong>Comitato di scopo<\/strong> per realizzare un progetto cos\u00ec articolato.<\/p>\n<p>La <strong>Valdichiana senese<\/strong> vuole costruire una rete grazie a cui nel 2026 si potr\u00e0 realizzare il <strong>cartellone di eventi<\/strong> che durer\u00e0 un anno e che coster\u00e0 in tutto <strong>6 milioni<\/strong> il cui finanziamento arriver\u00e0 anche dagli enti locali e dal tessuto imprenditoriale del territorio<strong>. I sei semi del futuro<\/strong> che saranno lasciati al territorio sono: una<strong> nuova identit\u00e0<\/strong>, una<strong> metodologia di consultazione partecipativa, la Consulta dei Comuni (un organismo permanente), un sistema di servizi e infrastrutture, la destagionalizzazione dell&#8217;offerta culturale e il completamento delle infrastrutture fisiche.&#8221;<\/strong><\/p>\n<h3>Il progetto di punta: le &#8220;Vie dell&#8217;acqua&#8221;<\/h3>\n<p><strong>Uno dei progetti pi\u00f9 importanti <\/strong>\u00e8 quello delle <strong><em>&#8220;Vie dell&#8217;acqua&#8221;<\/em> <\/strong>che vuole <strong>rendere visitabili i siti archeologici del territorio<\/strong>, per capire la straordinaria importanza che ha avuto la cura dell&#8217;acqua, nella civilt\u00e0 etrusca e romana ma anche come <strong>bene essenziale della comunit\u00e0.<\/strong><\/p>\n<p>In questo progetto \u00e8 prevista la realizzazione di un <strong>Museo nazionale a San Casciano dei Bagni<\/strong> per restituire alla comunit\u00e0 gli <strong>straordinari ritrovamenti degli ultimi anni.<\/strong><\/p>\n<p><strong>La Capitale italiana della cultura 2026 sar\u00e0 proclamata dal Ministero della Cultura<\/strong> entro il mese di marzo.<\/p>\n<figure id=\"post-256794 media-256794\" class=\"align-none\"><img decoding=\"async\" src=\"https:\/\/www.intoscana.it\/wp-content\/uploads\/101352663-c90487cd-daa0-4ca3-9b1b-4d00cb442b50.jpg\" alt=\"\" \/><\/figure>\n<div class=\"titleimg\">Il ritrovamento dei bronzi etruschi a San Casciano dei Bagni<\/div>\n<p>&nbsp;<\/p>\n","protected":false},"excerpt":{"rendered":"<p>Nella proposta illustrata in audizione \u00e8 prevista la realizzazione di un Museo nazionale a San Casciano dei Bagni per restituire alla comunit\u00e0 gli straordinari ritrovamenti degli ultimi anni. La Capitale italiana della cultura 2026 sar\u00e0 proclamata dal Ministero della Cultura entro il mese di marzo<\/p>\n","protected":false},"author":518,"featured_media":330015,"comment_status":"open","ping_status":"open","sticky":false,"template":"","format":"standard","meta":{"_acf_changed":false,"footnotes":""},"categories":[493],"tags":[4753,151,5846,4541],"class_list":["post-329976","post","type-post","status-publish","format-standard","has-post-thumbnail","hentry","category-cultura","tag-consiglio-regionale-della-toscana","tag-regione-toscana","tag-san-casciano-dei-bagni","tag-valdichiana"],"acf":[],"yoast_head":"<!-- This site is optimized with the Yoast SEO Premium plugin v24.2 (Yoast SEO v25.6) - https:\/\/yoast.com\/wordpress\/plugins\/seo\/ -->\n<title>L&#039;Unione dei Comuni della Valdichiana Senese si presenta a Roma: 78 progetti, 3 grandi eventi e 3 infrastrutture per il 2026 - intoscana<\/title>\n<meta name=\"robots\" content=\"index, follow, max-snippet:-1, max-image-preview:large, max-video-preview:-1\" \/>\n<link rel=\"canonical\" href=\"https:\/\/www.intoscana.it\/it\/lunione-dei-comuni-della-valdichiana-senese-si-presenta-a-roma-78-progetti-3-grandi-eventi-e-3-infrastrutture-per-il-2026\/\" \/>\n<meta property=\"og:locale\" content=\"it_IT\" \/>\n<meta property=\"og:type\" content=\"article\" \/>\n<meta property=\"og:title\" content=\"L&#039;Unione dei Comuni della Valdichiana Senese si presenta a Roma: 78 progetti, 3 grandi eventi e 3 infrastrutture per il 2026\" \/>\n<meta property=\"og:description\" content=\"Nella proposta illustrata in audizione \u00e8 prevista la realizzazione di un Museo nazionale a San Casciano dei Bagni per restituire alla comunit\u00e0 gli straordinari ritrovamenti degli ultimi anni. La Capitale italiana della cultura 2026 sar\u00e0 proclamata dal Ministero della Cultura entro il mese di marzo\" \/>\n<meta property=\"og:url\" content=\"https:\/\/www.intoscana.it\/it\/lunione-dei-comuni-della-valdichiana-senese-si-presenta-a-roma-78-progetti-3-grandi-eventi-e-3-infrastrutture-per-il-2026\/\" \/>\n<meta property=\"og:site_name\" content=\"intoscana\" \/>\n<meta property=\"article:publisher\" content=\"https:\/\/www.facebook.com\/intoscana.it\" \/>\n<meta property=\"article:published_time\" content=\"2024-03-05T15:15:44+00:00\" \/>\n<meta property=\"article:modified_time\" content=\"2024-03-05T15:36:05+00:00\" \/>\n<meta property=\"og:image\" content=\"https:\/\/www.intoscana.it\/wp-content\/uploads\/image00007-4-scaled.jpeg\" \/>\n\t<meta property=\"og:image:width\" content=\"2048\" \/>\n\t<meta property=\"og:image:height\" content=\"1152\" \/>\n\t<meta property=\"og:image:type\" content=\"image\/jpeg\" \/>\n<meta name=\"author\" content=\"Costanza Baldini\" \/>\n<meta name=\"twitter:card\" content=\"summary_large_image\" \/>\n<meta name=\"twitter:creator\" content=\"@intoscana\" \/>\n<meta name=\"twitter:site\" content=\"@intoscana\" \/>\n<meta name=\"twitter:label1\" content=\"Written by\" \/>\n\t<meta name=\"twitter:data1\" content=\"Costanza Baldini\" \/>\n\t<meta name=\"twitter:label2\" content=\"Est. reading time\" \/>\n\t<meta name=\"twitter:data2\" content=\"6 minuti\" \/>\n<script type=\"application\/ld+json\" class=\"yoast-schema-graph\">{\"@context\":\"https:\/\/schema.org\",\"@graph\":[{\"@type\":\"WebPage\",\"@id\":\"https:\/\/www.intoscana.it\/it\/lunione-dei-comuni-della-valdichiana-senese-si-presenta-a-roma-78-progetti-3-grandi-eventi-e-3-infrastrutture-per-il-2026\/\",\"url\":\"https:\/\/www.intoscana.it\/it\/lunione-dei-comuni-della-valdichiana-senese-si-presenta-a-roma-78-progetti-3-grandi-eventi-e-3-infrastrutture-per-il-2026\/\",\"name\":\"L'Unione dei Comuni della Valdichiana Senese si presenta a Roma: 78 progetti, 3 grandi eventi e 3 infrastrutture per il 2026 - intoscana\",\"isPartOf\":{\"@id\":\"https:\/\/www.intoscana.it\/it\/#website\"},\"primaryImageOfPage\":{\"@id\":\"https:\/\/www.intoscana.it\/it\/lunione-dei-comuni-della-valdichiana-senese-si-presenta-a-roma-78-progetti-3-grandi-eventi-e-3-infrastrutture-per-il-2026\/#primaryimage\"},\"image\":{\"@id\":\"https:\/\/www.intoscana.it\/it\/lunione-dei-comuni-della-valdichiana-senese-si-presenta-a-roma-78-progetti-3-grandi-eventi-e-3-infrastrutture-per-il-2026\/#primaryimage\"},\"thumbnailUrl\":\"https:\/\/www.intoscana.it\/wp-content\/uploads\/image00007-4-scaled.jpeg\",\"datePublished\":\"2024-03-05T15:15:44+00:00\",\"dateModified\":\"2024-03-05T15:36:05+00:00\",\"author\":{\"@id\":\"https:\/\/www.intoscana.it\/it\/#\/schema\/person\/d469f35f09739bdf00bf5dd3f0647a82\"},\"breadcrumb\":{\"@id\":\"https:\/\/www.intoscana.it\/it\/lunione-dei-comuni-della-valdichiana-senese-si-presenta-a-roma-78-progetti-3-grandi-eventi-e-3-infrastrutture-per-il-2026\/#breadcrumb\"},\"inLanguage\":\"it-IT\",\"potentialAction\":[{\"@type\":\"ReadAction\",\"target\":[\"https:\/\/www.intoscana.it\/it\/lunione-dei-comuni-della-valdichiana-senese-si-presenta-a-roma-78-progetti-3-grandi-eventi-e-3-infrastrutture-per-il-2026\/\"]}]},{\"@type\":\"ImageObject\",\"inLanguage\":\"it-IT\",\"@id\":\"https:\/\/www.intoscana.it\/it\/lunione-dei-comuni-della-valdichiana-senese-si-presenta-a-roma-78-progetti-3-grandi-eventi-e-3-infrastrutture-per-il-2026\/#primaryimage\",\"url\":\"https:\/\/www.intoscana.it\/wp-content\/uploads\/image00007-4-scaled.jpeg\",\"contentUrl\":\"https:\/\/www.intoscana.it\/wp-content\/uploads\/image00007-4-scaled.jpeg\",\"width\":2048,\"height\":1152},{\"@type\":\"BreadcrumbList\",\"@id\":\"https:\/\/www.intoscana.it\/it\/lunione-dei-comuni-della-valdichiana-senese-si-presenta-a-roma-78-progetti-3-grandi-eventi-e-3-infrastrutture-per-il-2026\/#breadcrumb\",\"itemListElement\":[{\"@type\":\"ListItem\",\"position\":1,\"name\":\"Home\",\"item\":\"https:\/\/www.intoscana.it\/it\/\"},{\"@type\":\"ListItem\",\"position\":2,\"name\":\"L&#8217;Unione dei Comuni della Valdichiana Senese si presenta a Roma: 78 progetti, 3 grandi eventi e 3 infrastrutture per il 2026\"}]},{\"@type\":\"WebSite\",\"@id\":\"https:\/\/www.intoscana.it\/it\/#website\",\"url\":\"https:\/\/www.intoscana.it\/it\/\",\"name\":\"intoscana\",\"description\":\"\",\"potentialAction\":[{\"@type\":\"SearchAction\",\"target\":{\"@type\":\"EntryPoint\",\"urlTemplate\":\"https:\/\/www.intoscana.it\/it\/?s={search_term_string}\"},\"query-input\":{\"@type\":\"PropertyValueSpecification\",\"valueRequired\":true,\"valueName\":\"search_term_string\"}}],\"inLanguage\":\"it-IT\"},{\"@type\":\"Person\",\"@id\":\"https:\/\/www.intoscana.it\/it\/#\/schema\/person\/d469f35f09739bdf00bf5dd3f0647a82\",\"name\":\"Costanza Baldini\",\"url\":\"https:\/\/www.intoscana.it\/it\/author\/costanza-baldini\/\"}]}<\/script>\n<!-- \/ Yoast SEO Premium plugin. -->","yoast_head_json":{"title":"L'Unione dei Comuni della Valdichiana Senese si presenta a Roma: 78 progetti, 3 grandi eventi e 3 infrastrutture per il 2026 - intoscana","robots":{"index":"index","follow":"follow","max-snippet":"max-snippet:-1","max-image-preview":"max-image-preview:large","max-video-preview":"max-video-preview:-1"},"canonical":"https:\/\/www.intoscana.it\/it\/lunione-dei-comuni-della-valdichiana-senese-si-presenta-a-roma-78-progetti-3-grandi-eventi-e-3-infrastrutture-per-il-2026\/","og_locale":"it_IT","og_type":"article","og_title":"L'Unione dei Comuni della Valdichiana Senese si presenta a Roma: 78 progetti, 3 grandi eventi e 3 infrastrutture per il 2026","og_description":"Nella proposta illustrata in audizione \u00e8 prevista la realizzazione di un Museo nazionale a San Casciano dei Bagni per restituire alla comunit\u00e0 gli straordinari ritrovamenti degli ultimi anni. La Capitale italiana della cultura 2026 sar\u00e0 proclamata dal Ministero della Cultura entro il mese di marzo","og_url":"https:\/\/www.intoscana.it\/it\/lunione-dei-comuni-della-valdichiana-senese-si-presenta-a-roma-78-progetti-3-grandi-eventi-e-3-infrastrutture-per-il-2026\/","og_site_name":"intoscana","article_publisher":"https:\/\/www.facebook.com\/intoscana.it","article_published_time":"2024-03-05T15:15:44+00:00","article_modified_time":"2024-03-05T15:36:05+00:00","og_image":[{"width":2048,"height":1152,"url":"https:\/\/www.intoscana.it\/wp-content\/uploads\/image00007-4-scaled.jpeg","type":"image\/jpeg"}],"author":"Costanza Baldini","twitter_card":"summary_large_image","twitter_creator":"@intoscana","twitter_site":"@intoscana","twitter_misc":{"Written by":"Costanza Baldini","Est. reading time":"6 minuti"},"schema":{"@context":"https:\/\/schema.org","@graph":[{"@type":"WebPage","@id":"https:\/\/www.intoscana.it\/it\/lunione-dei-comuni-della-valdichiana-senese-si-presenta-a-roma-78-progetti-3-grandi-eventi-e-3-infrastrutture-per-il-2026\/","url":"https:\/\/www.intoscana.it\/it\/lunione-dei-comuni-della-valdichiana-senese-si-presenta-a-roma-78-progetti-3-grandi-eventi-e-3-infrastrutture-per-il-2026\/","name":"L'Unione dei Comuni della Valdichiana Senese si presenta a Roma: 78 progetti, 3 grandi eventi e 3 infrastrutture per il 2026 - intoscana","isPartOf":{"@id":"https:\/\/www.intoscana.it\/it\/#website"},"primaryImageOfPage":{"@id":"https:\/\/www.intoscana.it\/it\/lunione-dei-comuni-della-valdichiana-senese-si-presenta-a-roma-78-progetti-3-grandi-eventi-e-3-infrastrutture-per-il-2026\/#primaryimage"},"image":{"@id":"https:\/\/www.intoscana.it\/it\/lunione-dei-comuni-della-valdichiana-senese-si-presenta-a-roma-78-progetti-3-grandi-eventi-e-3-infrastrutture-per-il-2026\/#primaryimage"},"thumbnailUrl":"https:\/\/www.intoscana.it\/wp-content\/uploads\/image00007-4-scaled.jpeg","datePublished":"2024-03-05T15:15:44+00:00","dateModified":"2024-03-05T15:36:05+00:00","author":{"@id":"https:\/\/www.intoscana.it\/it\/#\/schema\/person\/d469f35f09739bdf00bf5dd3f0647a82"},"breadcrumb":{"@id":"https:\/\/www.intoscana.it\/it\/lunione-dei-comuni-della-valdichiana-senese-si-presenta-a-roma-78-progetti-3-grandi-eventi-e-3-infrastrutture-per-il-2026\/#breadcrumb"},"inLanguage":"it-IT","potentialAction":[{"@type":"ReadAction","target":["https:\/\/www.intoscana.it\/it\/lunione-dei-comuni-della-valdichiana-senese-si-presenta-a-roma-78-progetti-3-grandi-eventi-e-3-infrastrutture-per-il-2026\/"]}]},{"@type":"ImageObject","inLanguage":"it-IT","@id":"https:\/\/www.intoscana.it\/it\/lunione-dei-comuni-della-valdichiana-senese-si-presenta-a-roma-78-progetti-3-grandi-eventi-e-3-infrastrutture-per-il-2026\/#primaryimage","url":"https:\/\/www.intoscana.it\/wp-content\/uploads\/image00007-4-scaled.jpeg","contentUrl":"https:\/\/www.intoscana.it\/wp-content\/uploads\/image00007-4-scaled.jpeg","width":2048,"height":1152},{"@type":"BreadcrumbList","@id":"https:\/\/www.intoscana.it\/it\/lunione-dei-comuni-della-valdichiana-senese-si-presenta-a-roma-78-progetti-3-grandi-eventi-e-3-infrastrutture-per-il-2026\/#breadcrumb","itemListElement":[{"@type":"ListItem","position":1,"name":"Home","item":"https:\/\/www.intoscana.it\/it\/"},{"@type":"ListItem","position":2,"name":"L&#8217;Unione dei Comuni della Valdichiana Senese si presenta a Roma: 78 progetti, 3 grandi eventi e 3 infrastrutture per il 2026"}]},{"@type":"WebSite","@id":"https:\/\/www.intoscana.it\/it\/#website","url":"https:\/\/www.intoscana.it\/it\/","name":"intoscana","description":"","potentialAction":[{"@type":"SearchAction","target":{"@type":"EntryPoint","urlTemplate":"https:\/\/www.intoscana.it\/it\/?s={search_term_string}"},"query-input":{"@type":"PropertyValueSpecification","valueRequired":true,"valueName":"search_term_string"}}],"inLanguage":"it-IT"},{"@type":"Person","@id":"https:\/\/www.intoscana.it\/it\/#\/schema\/person\/d469f35f09739bdf00bf5dd3f0647a82","name":"Costanza Baldini","url":"https:\/\/www.intoscana.it\/it\/author\/costanza-baldini\/"}]}},"_links":{"self":[{"href":"https:\/\/www.intoscana.it\/it\/wp-json\/wp\/v2\/posts\/329976","targetHints":{"allow":["GET"]}}],"collection":[{"href":"https:\/\/www.intoscana.it\/it\/wp-json\/wp\/v2\/posts"}],"about":[{"href":"https:\/\/www.intoscana.it\/it\/wp-json\/wp\/v2\/types\/post"}],"author":[{"embeddable":true,"href":"https:\/\/www.intoscana.it\/it\/wp-json\/wp\/v2\/users\/518"}],"replies":[{"embeddable":true,"href":"https:\/\/www.intoscana.it\/it\/wp-json\/wp\/v2\/comments?post=329976"}],"version-history":[{"count":30,"href":"https:\/\/www.intoscana.it\/it\/wp-json\/wp\/v2\/posts\/329976\/revisions"}],"predecessor-version":[{"id":330059,"href":"https:\/\/www.intoscana.it\/it\/wp-json\/wp\/v2\/posts\/329976\/revisions\/330059"}],"wp:featuredmedia":[{"embeddable":true,"href":"https:\/\/www.intoscana.it\/it\/wp-json\/wp\/v2\/media\/330015"}],"wp:attachment":[{"href":"https:\/\/www.intoscana.it\/it\/wp-json\/wp\/v2\/media?parent=329976"}],"wp:term":[{"taxonomy":"category","embeddable":true,"href":"https:\/\/www.intoscana.it\/it\/wp-json\/wp\/v2\/categories?post=329976"},{"taxonomy":"post_tag","embeddable":true,"href":"https:\/\/www.intoscana.it\/it\/wp-json\/wp\/v2\/tags?post=329976"}],"curies":[{"name":"wp","href":"https:\/\/api.w.org\/{rel}","templated":true}]}}