{"id":330085,"date":"2024-03-06T12:11:09","date_gmt":"2024-03-06T11:11:09","guid":{"rendered":"https:\/\/www.intoscana.it\/it\/?p=330085"},"modified":"2024-03-06T12:11:09","modified_gmt":"2024-03-06T11:11:09","slug":"linfinito-volgere-del-tempo-le-opere-dellartista-carlo-zoli-a-palazzo-strozzi-sacrati","status":"publish","type":"post","link":"https:\/\/www.intoscana.it\/it\/linfinito-volgere-del-tempo-le-opere-dellartista-carlo-zoli-a-palazzo-strozzi-sacrati\/","title":{"rendered":"&#8220;L&#8217;infinito volgere del tempo&#8221; le opere dell&#8217;artista Carlo Zoli a palazzo Strozzi Sacrati"},"content":{"rendered":"<p><strong>Carlo Zoli<\/strong> \u00e8 protagonista a Firenze della mostra<strong><em> &#8220;L&#8217;infinito volgere del tempo&#8221;,<\/em><\/strong> in programma<strong> dal 7 marzo al 13 aprile 2024<\/strong> nella sede della <strong>Regione Toscana<\/strong> che patrocina l&#8217;evento e ha accolto l&#8217;artista nella sede di<strong> palazzo Strozzi Sacrati.\u00a0<\/strong><\/p>\n<p>Dopo la partecipazione alla <a href=\"https:\/\/www.intoscana.it\/it\/oltre-600-artisti-alla-florence-biennale-2023-premiati-david-lachapelle-e-santiago-calatrava\/\" target=\"_blank\" rel=\"noopener\"><strong>XIV Florence Biennale,<\/strong><\/a> dove ha vinto il primo premio nella categoria della ceramica,<strong> il maestro faentino torna nel capoluogo toscano<\/strong> con un<strong>&#8216;importante mostra monografica,<\/strong> curata da <strong>Greta Zuccali. <\/strong><\/p>\n<p>L&#8217;artista presenter\u00e0 al pubblico una selezione di<strong> trentacinque terrecotte policrome,<\/strong> pezzi unici e irripetibili, che ne ripercorrono la <strong>poetica ispirata al mito,<\/strong> ma non solo, e ne documentano l&#8217;evoluzione dagli anni novanta fino ad oggi.<\/p>\n<p><em>&#8220;Sono lieto di ospitare a Palazzo Strozzi Sacrati, in piazza Duomo a Firenze, sede della Presidenza, la mostra di Carlo Zoli<\/em> &#8211; <strong>ha affermato il presidente della Regione Toscana Eugenio Gian<\/strong>i \u2013.<em> L&#8217;artista ci conferma la sua potente creativit\u00e0 che di volta in volta si fa meraviglia dell&#8217;attimo, contemplazione e preghiera, enigma e sogno. Da presidente della Regione Toscana mi piace sottolineare anche una serie di opere che rimandano alla Toscana e alla sua civilt\u00e0, dal re etrusco Lars Porsenna a quel Pegaso che per noi toscani \u00e8 indissolubilmente legato a un&#8217;idea e a una pratica di libert\u00e0&#8221;.<\/em><\/p>\n<p><em>&#8220;L&#8217;opera di Carlo Zoli &#8211; <\/em><strong>spiega la curatrice Greta Zuccali &#8211;<\/strong><em> la si pu\u00f2 definire come una costante ricerca dell&#8217;umano, come del resto accade in tutte le espressioni creative del nostro tempo, dalla moda al design fino ad arrivare alla musica. I risultati sono figure e profili al tempo stesso familiari e non: in parte divinit\u00e0, in parte individui mortali, in parte qualcos&#8217;altro ancora. Sono creature del tutto simili a quelle che abitano la Terra che si concedono tuttavia il lusso di vivere le proprie passioni liberamente, scegliendo altres\u00ec di abbigliarsi di fantasie e sogni. I personaggi di Carlo popolano un paesaggio immaginato dove convivono bellezza e provocazione, terra e cielo, dove nulla \u00e8 omologato e in cui tutto pu\u00f2 ancora stupire&#8221;.<\/em><\/p>\n<figure id=\"post-330091 media-330091\" class=\"align-none\"><img decoding=\"async\" src=\"https:\/\/www.intoscana.it\/wp-content\/uploads\/Zoli-Carlo-Cavallo-rampante-Ceramica.jpg\" alt=\"\" \/><\/figure>\n<h3>La mostra di Carlo Zoli<\/h3>\n<p>Partendo dallo <strong>scalone d&#8217;onore<\/strong> e proseguendo nelle magnifiche sale del monumentale palazzo affacciato su piazza del Duomo, si potranno ammirare, le creature eteree e armoniche delle serie<strong><em> &#8220;Quiete&#8221;<\/em><\/strong> e i soggetti viscerali e battaglieri della serie <strong><em>&#8220;Tempesta&#8221;, <\/em><\/strong>\u00a0ma anche opere recenti e serie mai viste, come quella che d\u00e0 il titolo alla mostra e che ne costituisce il cardine.<\/p>\n<p>Nella serie<strong><em> &#8220;L&#8217;infinito volgere del tempo&#8221;,<\/em><\/strong> l&#8217;elemento del <strong>cerchio diventa protagonista<\/strong> a sottolineare la presa di distanza dalla<strong> concezione lineare del tempo,<\/strong> per cui <strong>ogni cosa ha un inizio e una fine, un senso e uno scopo,<\/strong> e affermando piuttosto la ciclicit\u00e0 degli eventi e il tempo circolare.<\/p>\n<p><strong>I personaggi inseriti nelle loro orbite<\/strong> richiamano citazioni che da <strong>Pitagora a Eraclit<\/strong>o arrivano fino a<strong> Nietzsche<\/strong> e a uno dei capisaldi della sua filosofia: &#8220;l&#8217;eterno ritorno dell&#8217;uguale&#8221;.<\/p>\n<p>Nella <strong>saga della vita<\/strong> messa in scena da Zoli, modellando finemente l&#8217;argilla poi rifinita con <strong>patine, smalti, metalli preziosi<\/strong>, troviamo <strong>figure immaginifiche e bellissime, enigmatiche e fantastiche<\/strong>, ancorate al<strong> mito classico,<\/strong> alla<strong> letteratura cavalleresca<\/strong> o alle<strong> tradizioni cristiane,<\/strong> che popolano un mondo parallelo, quello dell&#8217;immaginazione.<\/p>\n<p><strong>Titani, angeli, eroi, divinit\u00e0 dell&#8217;Olimpo,<\/strong> spesso associati al <strong>cavallo, tema da sempre prediletto dall&#8217;artista<\/strong>, in quanto <strong>simbolo di forza e potenza vitali<\/strong>.<\/p>\n<p>Il percorso si completa con <strong>alcuni soggetti strettamente connessi alla Toscana<\/strong> ovvero la serie dedicata a<em><strong> &#8220;Pegaso&#8221;<\/strong><\/em> cavallo alato nato dal collo di Medusa e divenuto <strong>simbolo della Regione<\/strong> per i valori positivi: <strong>pace e volont\u00e0 di combattere per la libert\u00e0. <\/strong><\/p>\n<p>Tra le opere in mostra si trova anche la figura di <strong>Lars Porsenna, re etrusco di Chiusi,<\/strong> che ottenne la resa di Roma e che nel contesto della mostra incarna l&#8217;antieroe, colui che con tenacia e coraggio riesce a sfidare, e sconfiggere, il potere stabilito.<\/p>\n<figure id=\"post-330089 media-330089\" class=\"align-none\"><img decoding=\"async\" src=\"https:\/\/www.intoscana.it\/wp-content\/uploads\/CARLO-ZOLI_foto-Camilla-Valli-scaled.jpg\" alt=\"\" \/><\/figure>\n<div class=\"titleimg\">Carlo Zoli &#8211; \u00a9 Camilla Valli<\/div>\n","protected":false},"excerpt":{"rendered":"<p>Dal 7 marzo al 13 aprile 2024 nella sede della Regione Toscana saranno esposte 35 terrecotte policrome: titani, angeli, eroi, divinit\u00e0 dell&#8217;Olimpo, spesso associati al cavallo, tema da sempre prediletto dall&#8217;artista<\/p>\n","protected":false},"author":525,"featured_media":330090,"comment_status":"open","ping_status":"open","sticky":false,"template":"","format":"standard","meta":{"_acf_changed":false,"footnotes":""},"categories":[493],"tags":[227,202,222,151],"class_list":["post-330085","post","type-post","status-publish","format-standard","has-post-thumbnail","hentry","category-cultura","tag-arte-contemporanea","tag-firenze","tag-mostre","tag-regione-toscana"],"acf":[],"yoast_head":"<!-- This site is optimized with the Yoast SEO Premium plugin v24.2 (Yoast SEO v25.6) - https:\/\/yoast.com\/wordpress\/plugins\/seo\/ -->\n<title>&quot;L&#039;infinito volgere del tempo&quot; le opere dell&#039;artista Carlo Zoli a palazzo Strozzi Sacrati - intoscana<\/title>\n<meta name=\"description\" content=\"Dal 7 marzo al 13 aprile nella sede della Regione Toscana saranno esposte 35 terrecotte policrome: titani, angeli, eroi, divinit\u00e0 dell&#039;Olimpo\" \/>\n<meta name=\"robots\" content=\"index, follow, max-snippet:-1, max-image-preview:large, max-video-preview:-1\" \/>\n<link rel=\"canonical\" href=\"https:\/\/www.intoscana.it\/it\/linfinito-volgere-del-tempo-le-opere-dellartista-carlo-zoli-a-palazzo-strozzi-sacrati\/\" \/>\n<meta property=\"og:locale\" content=\"it_IT\" \/>\n<meta property=\"og:type\" content=\"article\" \/>\n<meta property=\"og:title\" content=\"&quot;L&#039;infinito volgere del tempo&quot; le opere dell&#039;artista Carlo Zoli a palazzo Strozzi Sacrati\" \/>\n<meta property=\"og:description\" content=\"Dal 7 marzo al 13 aprile nella sede della Regione Toscana saranno esposte 35 terrecotte policrome: titani, angeli, eroi, divinit\u00e0 dell&#039;Olimpo\" \/>\n<meta property=\"og:url\" content=\"https:\/\/www.intoscana.it\/it\/linfinito-volgere-del-tempo-le-opere-dellartista-carlo-zoli-a-palazzo-strozzi-sacrati\/\" \/>\n<meta property=\"og:site_name\" content=\"intoscana\" \/>\n<meta property=\"article:publisher\" content=\"https:\/\/www.facebook.com\/intoscana.it\" \/>\n<meta property=\"article:published_time\" content=\"2024-03-06T11:11:09+00:00\" \/>\n<meta property=\"og:image\" content=\"https:\/\/www.intoscana.it\/wp-content\/uploads\/Carlo-Zoli_Unicorno-Rampante-2019_Opera-unica_Terracotta-policroma_Metallo-scaled.jpg\" \/>\n\t<meta property=\"og:image:width\" content=\"2048\" \/>\n\t<meta property=\"og:image:height\" content=\"1152\" \/>\n\t<meta property=\"og:image:type\" content=\"image\/jpeg\" \/>\n<meta name=\"author\" content=\"Redazione\" \/>\n<meta name=\"twitter:card\" content=\"summary_large_image\" \/>\n<meta name=\"twitter:creator\" content=\"@intoscana\" \/>\n<meta name=\"twitter:site\" content=\"@intoscana\" \/>\n<meta name=\"twitter:label1\" content=\"Written by\" \/>\n\t<meta name=\"twitter:data1\" content=\"Redazione\" \/>\n\t<meta name=\"twitter:label2\" content=\"Est. reading time\" \/>\n\t<meta name=\"twitter:data2\" content=\"4 minuti\" \/>\n<script type=\"application\/ld+json\" class=\"yoast-schema-graph\">{\"@context\":\"https:\/\/schema.org\",\"@graph\":[{\"@type\":\"WebPage\",\"@id\":\"https:\/\/www.intoscana.it\/it\/linfinito-volgere-del-tempo-le-opere-dellartista-carlo-zoli-a-palazzo-strozzi-sacrati\/\",\"url\":\"https:\/\/www.intoscana.it\/it\/linfinito-volgere-del-tempo-le-opere-dellartista-carlo-zoli-a-palazzo-strozzi-sacrati\/\",\"name\":\"\\\"L'infinito volgere del tempo\\\" le opere dell'artista Carlo Zoli a palazzo Strozzi Sacrati - intoscana\",\"isPartOf\":{\"@id\":\"https:\/\/www.intoscana.it\/it\/#website\"},\"primaryImageOfPage\":{\"@id\":\"https:\/\/www.intoscana.it\/it\/linfinito-volgere-del-tempo-le-opere-dellartista-carlo-zoli-a-palazzo-strozzi-sacrati\/#primaryimage\"},\"image\":{\"@id\":\"https:\/\/www.intoscana.it\/it\/linfinito-volgere-del-tempo-le-opere-dellartista-carlo-zoli-a-palazzo-strozzi-sacrati\/#primaryimage\"},\"thumbnailUrl\":\"https:\/\/www.intoscana.it\/wp-content\/uploads\/Carlo-Zoli_Unicorno-Rampante-2019_Opera-unica_Terracotta-policroma_Metallo-scaled.jpg\",\"datePublished\":\"2024-03-06T11:11:09+00:00\",\"author\":{\"@id\":\"https:\/\/www.intoscana.it\/it\/#\/schema\/person\/9223810753230f20bd670fdd322661f8\"},\"description\":\"Dal 7 marzo al 13 aprile nella sede della Regione Toscana saranno esposte 35 terrecotte policrome: titani, angeli, eroi, divinit\u00e0 dell'Olimpo\",\"breadcrumb\":{\"@id\":\"https:\/\/www.intoscana.it\/it\/linfinito-volgere-del-tempo-le-opere-dellartista-carlo-zoli-a-palazzo-strozzi-sacrati\/#breadcrumb\"},\"inLanguage\":\"it-IT\",\"potentialAction\":[{\"@type\":\"ReadAction\",\"target\":[\"https:\/\/www.intoscana.it\/it\/linfinito-volgere-del-tempo-le-opere-dellartista-carlo-zoli-a-palazzo-strozzi-sacrati\/\"]}]},{\"@type\":\"ImageObject\",\"inLanguage\":\"it-IT\",\"@id\":\"https:\/\/www.intoscana.it\/it\/linfinito-volgere-del-tempo-le-opere-dellartista-carlo-zoli-a-palazzo-strozzi-sacrati\/#primaryimage\",\"url\":\"https:\/\/www.intoscana.it\/wp-content\/uploads\/Carlo-Zoli_Unicorno-Rampante-2019_Opera-unica_Terracotta-policroma_Metallo-scaled.jpg\",\"contentUrl\":\"https:\/\/www.intoscana.it\/wp-content\/uploads\/Carlo-Zoli_Unicorno-Rampante-2019_Opera-unica_Terracotta-policroma_Metallo-scaled.jpg\",\"width\":2048,\"height\":1152,\"caption\":\"Carlo Zoli\"},{\"@type\":\"BreadcrumbList\",\"@id\":\"https:\/\/www.intoscana.it\/it\/linfinito-volgere-del-tempo-le-opere-dellartista-carlo-zoli-a-palazzo-strozzi-sacrati\/#breadcrumb\",\"itemListElement\":[{\"@type\":\"ListItem\",\"position\":1,\"name\":\"Home\",\"item\":\"https:\/\/www.intoscana.it\/it\/\"},{\"@type\":\"ListItem\",\"position\":2,\"name\":\"&#8220;L&#8217;infinito volgere del tempo&#8221; le opere dell&#8217;artista Carlo Zoli a palazzo Strozzi Sacrati\"}]},{\"@type\":\"WebSite\",\"@id\":\"https:\/\/www.intoscana.it\/it\/#website\",\"url\":\"https:\/\/www.intoscana.it\/it\/\",\"name\":\"intoscana\",\"description\":\"\",\"potentialAction\":[{\"@type\":\"SearchAction\",\"target\":{\"@type\":\"EntryPoint\",\"urlTemplate\":\"https:\/\/www.intoscana.it\/it\/?s={search_term_string}\"},\"query-input\":{\"@type\":\"PropertyValueSpecification\",\"valueRequired\":true,\"valueName\":\"search_term_string\"}}],\"inLanguage\":\"it-IT\"},{\"@type\":\"Person\",\"@id\":\"https:\/\/www.intoscana.it\/it\/#\/schema\/person\/9223810753230f20bd670fdd322661f8\",\"name\":\"Redazione\",\"url\":\"https:\/\/www.intoscana.it\/it\/author\/redazione\/\"}]}<\/script>\n<!-- \/ Yoast SEO Premium plugin. -->","yoast_head_json":{"title":"\"L'infinito volgere del tempo\" le opere dell'artista Carlo Zoli a palazzo Strozzi Sacrati - intoscana","description":"Dal 7 marzo al 13 aprile nella sede della Regione Toscana saranno esposte 35 terrecotte policrome: titani, angeli, eroi, divinit\u00e0 dell'Olimpo","robots":{"index":"index","follow":"follow","max-snippet":"max-snippet:-1","max-image-preview":"max-image-preview:large","max-video-preview":"max-video-preview:-1"},"canonical":"https:\/\/www.intoscana.it\/it\/linfinito-volgere-del-tempo-le-opere-dellartista-carlo-zoli-a-palazzo-strozzi-sacrati\/","og_locale":"it_IT","og_type":"article","og_title":"\"L'infinito volgere del tempo\" le opere dell'artista Carlo Zoli a palazzo Strozzi Sacrati","og_description":"Dal 7 marzo al 13 aprile nella sede della Regione Toscana saranno esposte 35 terrecotte policrome: titani, angeli, eroi, divinit\u00e0 dell'Olimpo","og_url":"https:\/\/www.intoscana.it\/it\/linfinito-volgere-del-tempo-le-opere-dellartista-carlo-zoli-a-palazzo-strozzi-sacrati\/","og_site_name":"intoscana","article_publisher":"https:\/\/www.facebook.com\/intoscana.it","article_published_time":"2024-03-06T11:11:09+00:00","og_image":[{"width":2048,"height":1152,"url":"https:\/\/www.intoscana.it\/wp-content\/uploads\/Carlo-Zoli_Unicorno-Rampante-2019_Opera-unica_Terracotta-policroma_Metallo-scaled.jpg","type":"image\/jpeg"}],"author":"Redazione","twitter_card":"summary_large_image","twitter_creator":"@intoscana","twitter_site":"@intoscana","twitter_misc":{"Written by":"Redazione","Est. reading time":"4 minuti"},"schema":{"@context":"https:\/\/schema.org","@graph":[{"@type":"WebPage","@id":"https:\/\/www.intoscana.it\/it\/linfinito-volgere-del-tempo-le-opere-dellartista-carlo-zoli-a-palazzo-strozzi-sacrati\/","url":"https:\/\/www.intoscana.it\/it\/linfinito-volgere-del-tempo-le-opere-dellartista-carlo-zoli-a-palazzo-strozzi-sacrati\/","name":"\"L'infinito volgere del tempo\" le opere dell'artista Carlo Zoli a palazzo Strozzi Sacrati - intoscana","isPartOf":{"@id":"https:\/\/www.intoscana.it\/it\/#website"},"primaryImageOfPage":{"@id":"https:\/\/www.intoscana.it\/it\/linfinito-volgere-del-tempo-le-opere-dellartista-carlo-zoli-a-palazzo-strozzi-sacrati\/#primaryimage"},"image":{"@id":"https:\/\/www.intoscana.it\/it\/linfinito-volgere-del-tempo-le-opere-dellartista-carlo-zoli-a-palazzo-strozzi-sacrati\/#primaryimage"},"thumbnailUrl":"https:\/\/www.intoscana.it\/wp-content\/uploads\/Carlo-Zoli_Unicorno-Rampante-2019_Opera-unica_Terracotta-policroma_Metallo-scaled.jpg","datePublished":"2024-03-06T11:11:09+00:00","author":{"@id":"https:\/\/www.intoscana.it\/it\/#\/schema\/person\/9223810753230f20bd670fdd322661f8"},"description":"Dal 7 marzo al 13 aprile nella sede della Regione Toscana saranno esposte 35 terrecotte policrome: titani, angeli, eroi, divinit\u00e0 dell'Olimpo","breadcrumb":{"@id":"https:\/\/www.intoscana.it\/it\/linfinito-volgere-del-tempo-le-opere-dellartista-carlo-zoli-a-palazzo-strozzi-sacrati\/#breadcrumb"},"inLanguage":"it-IT","potentialAction":[{"@type":"ReadAction","target":["https:\/\/www.intoscana.it\/it\/linfinito-volgere-del-tempo-le-opere-dellartista-carlo-zoli-a-palazzo-strozzi-sacrati\/"]}]},{"@type":"ImageObject","inLanguage":"it-IT","@id":"https:\/\/www.intoscana.it\/it\/linfinito-volgere-del-tempo-le-opere-dellartista-carlo-zoli-a-palazzo-strozzi-sacrati\/#primaryimage","url":"https:\/\/www.intoscana.it\/wp-content\/uploads\/Carlo-Zoli_Unicorno-Rampante-2019_Opera-unica_Terracotta-policroma_Metallo-scaled.jpg","contentUrl":"https:\/\/www.intoscana.it\/wp-content\/uploads\/Carlo-Zoli_Unicorno-Rampante-2019_Opera-unica_Terracotta-policroma_Metallo-scaled.jpg","width":2048,"height":1152,"caption":"Carlo Zoli"},{"@type":"BreadcrumbList","@id":"https:\/\/www.intoscana.it\/it\/linfinito-volgere-del-tempo-le-opere-dellartista-carlo-zoli-a-palazzo-strozzi-sacrati\/#breadcrumb","itemListElement":[{"@type":"ListItem","position":1,"name":"Home","item":"https:\/\/www.intoscana.it\/it\/"},{"@type":"ListItem","position":2,"name":"&#8220;L&#8217;infinito volgere del tempo&#8221; le opere dell&#8217;artista Carlo Zoli a palazzo Strozzi Sacrati"}]},{"@type":"WebSite","@id":"https:\/\/www.intoscana.it\/it\/#website","url":"https:\/\/www.intoscana.it\/it\/","name":"intoscana","description":"","potentialAction":[{"@type":"SearchAction","target":{"@type":"EntryPoint","urlTemplate":"https:\/\/www.intoscana.it\/it\/?s={search_term_string}"},"query-input":{"@type":"PropertyValueSpecification","valueRequired":true,"valueName":"search_term_string"}}],"inLanguage":"it-IT"},{"@type":"Person","@id":"https:\/\/www.intoscana.it\/it\/#\/schema\/person\/9223810753230f20bd670fdd322661f8","name":"Redazione","url":"https:\/\/www.intoscana.it\/it\/author\/redazione\/"}]}},"_links":{"self":[{"href":"https:\/\/www.intoscana.it\/it\/wp-json\/wp\/v2\/posts\/330085","targetHints":{"allow":["GET"]}}],"collection":[{"href":"https:\/\/www.intoscana.it\/it\/wp-json\/wp\/v2\/posts"}],"about":[{"href":"https:\/\/www.intoscana.it\/it\/wp-json\/wp\/v2\/types\/post"}],"author":[{"embeddable":true,"href":"https:\/\/www.intoscana.it\/it\/wp-json\/wp\/v2\/users\/525"}],"replies":[{"embeddable":true,"href":"https:\/\/www.intoscana.it\/it\/wp-json\/wp\/v2\/comments?post=330085"}],"version-history":[{"count":12,"href":"https:\/\/www.intoscana.it\/it\/wp-json\/wp\/v2\/posts\/330085\/revisions"}],"predecessor-version":[{"id":330173,"href":"https:\/\/www.intoscana.it\/it\/wp-json\/wp\/v2\/posts\/330085\/revisions\/330173"}],"wp:featuredmedia":[{"embeddable":true,"href":"https:\/\/www.intoscana.it\/it\/wp-json\/wp\/v2\/media\/330090"}],"wp:attachment":[{"href":"https:\/\/www.intoscana.it\/it\/wp-json\/wp\/v2\/media?parent=330085"}],"wp:term":[{"taxonomy":"category","embeddable":true,"href":"https:\/\/www.intoscana.it\/it\/wp-json\/wp\/v2\/categories?post=330085"},{"taxonomy":"post_tag","embeddable":true,"href":"https:\/\/www.intoscana.it\/it\/wp-json\/wp\/v2\/tags?post=330085"}],"curies":[{"name":"wp","href":"https:\/\/api.w.org\/{rel}","templated":true}]}}