{"id":330097,"date":"2024-03-06T14:20:34","date_gmt":"2024-03-06T13:20:34","guid":{"rendered":"https:\/\/www.intoscana.it\/it\/?p=330097"},"modified":"2024-03-06T14:26:40","modified_gmt":"2024-03-06T13:26:40","slug":"tutto-pronto-per-la-67esima-edizione-del-palio-dei-somari-di-torrita-di-siena","status":"publish","type":"post","link":"https:\/\/www.intoscana.it\/it\/tutto-pronto-per-la-67esima-edizione-del-palio-dei-somari-di-torrita-di-siena\/","title":{"rendered":"Tutto pronto per la 67esima edizione del Palio dei Somari di Torrita di Siena"},"content":{"rendered":"<p>A <strong>Torrita di Siena<\/strong> \u00e8 tempo di <strong>Palio dei Somari<\/strong>.<strong> Dal 16 al 24 marzo si svolger\u00e0 la 67esima edizione<\/strong> della prima manifestazione nel calendario degli eventi primaverili in Toscana dedicata a<strong> San Giuseppe.<\/strong><\/p>\n<p><em>&#8220;Il Palio dei Somari \u00e8 la chiara rappresentazione del fatto che quello che siamo oggi \u00e8 il frutto delle tradizioni passate, le quali vanno sostenute e finanziate affinch\u00e9 non vengano perse con il tempo-<\/em> <strong>ha dichiarato il Presidente del Consiglio della Regione Toscana Antonio Mazzeo- <\/strong><em>Ed \u00e8 grazie ad eventi come questi, che hanno alla base uno sforzo collettivo unico, se siamo riusciti a mettere le politiche culturali del nostro territorio insieme, cos\u00ec da riuscire ad arrivare in maniera eccezionale alla finale come <strong><a href=\"https:\/\/www.intoscana.it\/it\/lunione-dei-comuni-della-valdichiana-senese-si-presenta-a-roma-78-progetti-3-grandi-eventi-e-3-infrastrutture-per-il-2026\/\" target=\"_blank\" rel=\"noopener\"><strong>Capitale della Cultura Italiana della Cultura 2026<\/strong><\/a>\u201d.<\/strong><\/em><\/p>\n<p><em>\u201cLa comunit\u00e0 torritese affonda le sue radici da quasi un secolo proprio nel Palio dei Somari<\/em>&#8211; dichiara <strong>Giacomo Grazi, Sindaco di Torrita di Siena<\/strong><em><strong>&#8211;<\/strong> Ed \u00e8 fondamentale ricordare che per tutto l\u2019anno i torritesi si adoperano affinch\u00e9 i giorni dell\u2019evento possano risultare nel migliore dei modi. Ed \u00e8 per questo che l\u2019anno nel quale abbiamo dovuto rinunciare a gareggiare a causa della pandemia abbiamo deciso di donare il drappo alla comunit\u00e0, sono loro i veri vincitori, ogni anno.\u201d<br \/>\n<\/em><br \/>\n<em>\u201cProprio per marcare questo senso di partecipazione attiva<\/em>&#8211; aggiunge <strong>Laura Rosignoli, Tesoriera della Sagra di San Giuseppe-<\/strong>\u00a0<em>quest\u2019anno abbiamo deciso di svelare il palio sin dal primo sabato e poi lasciarlo esposto al pubblico. Una decisione presa affinch\u00e9 ogni contradaiolo e torritese abbia la possibilit\u00e0 tutti i giorni, anche quelli in apparenza pi\u00f9 tranquilli, di sentirsi legato ai propri colori e di sentire vibrare il cuore alla sola ipotesi di potere portare quel drappo all\u2019interno della propria contrada\u201d<\/em><\/p>\n<figure id=\"post-277763 media-277763\" class=\"align-none\"><img decoding=\"async\" src=\"https:\/\/www.intoscana.it\/wp-content\/uploads\/PALIO_DEI_SOMARI_CORTEO_STORICO-1.jpeg\" alt=\"\" \/><\/figure>\n<p><em><em>Palio dei Somari di Torrita di Siena<\/em><\/em><\/p>\n<p>Il Palio dei Somari 2024 prender\u00e0 il via <strong>sabato 16 marzo,<\/strong>\u00a0con l<strong>\u2019estrazione delle batterie per la fase di qualificazione della Corsa<\/strong> che si disputa la domenica successiva. Nel campo di gara allestito nello sferisterio del <strong>Gioco del Pallone<\/strong> quest\u2019anno si sfideranno <strong>Alessandro Stampigioni \u201cScheggia\u201d<\/strong> per la Contrada Porta a Pago, <strong>Simone Giannettoni \u201cBaccano\u201d<\/strong> per Porta Gavina,<strong> Mirko Ciancagli \u201cBaturlo\u201d<\/strong> per Porta a Sole,<strong> Alessandro Guerrini \u201cCobra\u201d<\/strong> per Porta Nova, <strong>Jonathan Guerri \u201cRafia\u201d<\/strong> per Cavone, <strong>Matteo Noli \u201cGalletto\u201d<\/strong> per Stazione, <strong>Thomas Ferretti \u201cBrigante\u201d<\/strong> per Le Fonti e <strong>Alessio Deriu \u201cPampero\u201d<\/strong> per Refenero.<\/p>\n<p>Subito dopo <strong>la novit\u00e0 di quest\u2019anno: la presentazione del drappo, opera di Cristiana Margutti,<\/strong> sin dal primo sabato\u00a0della manifestazione. Per cena \u00e8 prevista l\u2019<strong>apertura delle taverne<\/strong>, appuntamento fondamentale per gustare i piatti tipici della tradizione grazie a un itinerario gastronomico allestito nel fine settimana dalle otto Contrade nel centro storico di Torrita di Siena. Ogni pasto, durante il Palio dei Somari, \u00e8 allietato dalla presenza di\u00a0<strong>artisti, acrobati e spettacoli in stile medievale<\/strong>: <strong>Errebundi Musici, CircoCercasi, Kal\u00f9 Descaldo<\/strong> e tanti altri.<\/p>\n<p><strong>Domenica 17<\/strong>\u00a0si aggiungono\u00a0<strong>\u201cSomarando<\/strong>\u201d, il parco con attivit\u00e0 dove i bambini possono incontrare i somari e\u00a0<strong>la Festa dei Giovani Sbandieratori e Tamburini<\/strong>, a cui prendono parte le giovani promesse del\u00a0Gruppo Sbandieratori e Tamburini di Torrita di Siena, del Terziere Porta Fiorentina di Castiglion Fiorentino, della Federazione Balestrieri Sammarinesi e dei Bandierai degli Uffizi.<\/p>\n<figure id=\"post-277758 media-277758\" class=\"align-none\"><img decoding=\"async\" src=\"https:\/\/www.intoscana.it\/wp-content\/uploads\/piazza_matteotti.jpeg\" alt=\"\" \/><\/figure>\n<p><em>Palio dei Somari di Torrita di Siena<\/em><\/p>\n<p><strong>Marted\u00ec 19<\/strong>\u00a0alle ore 21 l\u2019appuntamento con la <strong>messa celebrativa presso la Chiesa dei Santi Costanzo e Martino<\/strong> in onore di<strong> San Giuseppe.<br \/>\n<\/strong><br \/>\nSi prosegue la settimana con il consueto appuntamento al <strong>Teatro degli Oscuri<\/strong> per\u00a0<strong>mercoled\u00ec 20<\/strong>\u00a0alle ore 21:30 con:\u00a0<em>&#8220;Chiss\u00e0 se in Contrada si sa&#8221;,<\/em>\u00a0<strong>il quiz a squadre tra Contrade<\/strong>, con domande su curiosit\u00e0 e storia del Palio dei Somari.<\/p>\n<p><strong>Venerd\u00ec 22<\/strong>\u00a0<strong>\u00e8<\/strong>\u00a0<strong>la giornata delle cene propiziatorie<\/strong>, nel corso delle quali ogni Contrada presenta ufficialmente il proprio fantino.<\/p>\n<p><strong>Sabato 23<\/strong>, una giornata all\u2019insegna degli sbandieratori e tamburini grazie all\u2019apertura della Taverna dello Sbandieratore e alla tanto attesa\u00a0<strong>gara a coppie tra gli Sbandieratori e i Tamburini delle Contrade torritesi,\u00a0<\/strong>seguita dall\u2019esibizione dei quartetti degli Antichi Castelli di Torrita, ossia Ciliano, Montefollonico, Guardavalle, La Fratta. A precedere la gara la\u00a0<strong>benedizione del drappo.<br \/>\n<\/strong><br \/>\nI festeggiamenti si concluderanno nella giornata di\u00a0<strong>domenica 24<\/strong> che si aprir\u00e0 con <strong>l&#8217;ingresso del corteo di ciascuna Contrada in piazza Matteotti<\/strong>\u00a0e la Santa Messa nella Chiesa dei Santi Martino e Costanzo. Dopo la messa Piazza Matteotti si colora con le\u00a0<strong>esibizioni degli Sbandieratori e dei Tamburini delle Contrade<\/strong>, prima che il lungo corteo storico inizi la sfilata per le vie del borgo fino ad arrivare al Gioco del Pallone. Il 67\u00b0 Palio dei Somari\u00a0<strong>si corre nel pomeriggio<\/strong>, alle ore 16.<\/p>\n<p>In caso di pioggia<strong> il Palio \u00e8 rimandato a luned\u00ec 1\u00b0 aprile.<\/strong><\/p>\n<figure id=\"post-277766 media-277766\" class=\"align-none\"><img decoding=\"async\" src=\"https:\/\/www.intoscana.it\/wp-content\/uploads\/SOMARI-1.jpeg\" alt=\"\" \/><\/figure>\n<p><em>Palio dei Somari di Torrita di Siena<\/em><\/p>\n","protected":false},"excerpt":{"rendered":"<p>Dal 16 al 24 marzo si svolger\u00e0 la 67esima edizione della prima manifestazione nel calendario degli eventi primaverili in Toscana dedicata a San Giuseppe<\/p>\n","protected":false},"author":525,"featured_media":277774,"comment_status":"open","ping_status":"open","sticky":false,"template":"","format":"standard","meta":{"_acf_changed":false,"footnotes":""},"categories":[6],"tags":[4753,6495,151,6130,6461],"class_list":["post-330097","post","type-post","status-publish","format-standard","has-post-thumbnail","hentry","category-viaggi","tag-consiglio-regionale-della-toscana","tag-folklore","tag-regione-toscana","tag-rievocazioni-storiche","tag-torrita-di-siena"],"acf":[],"yoast_head":"<!-- This site is optimized with the Yoast SEO Premium plugin v24.2 (Yoast SEO v25.6) - https:\/\/yoast.com\/wordpress\/plugins\/seo\/ -->\n<title>Tutto pronto per la 67esima edizione del Palio dei Somari di Torrita di Siena - intoscana<\/title>\n<meta name=\"description\" content=\"Dal 16 al 24 marzo si svolger\u00e0 la 67esima edizione della prima manifestazione nel calendario degli eventi primaverili dedicata a San Giuseppe\" \/>\n<meta name=\"robots\" content=\"index, follow, max-snippet:-1, max-image-preview:large, max-video-preview:-1\" \/>\n<link rel=\"canonical\" href=\"https:\/\/www.intoscana.it\/it\/tutto-pronto-per-la-67esima-edizione-del-palio-dei-somari-di-torrita-di-siena\/\" \/>\n<meta property=\"og:locale\" content=\"it_IT\" \/>\n<meta property=\"og:type\" content=\"article\" \/>\n<meta property=\"og:title\" content=\"Tutto pronto per la 67esima edizione del Palio dei Somari di Torrita di Siena\" \/>\n<meta property=\"og:description\" content=\"Dal 16 al 24 marzo si svolger\u00e0 la 67esima edizione della prima manifestazione nel calendario degli eventi primaverili dedicata a San Giuseppe\" \/>\n<meta property=\"og:url\" content=\"https:\/\/www.intoscana.it\/it\/tutto-pronto-per-la-67esima-edizione-del-palio-dei-somari-di-torrita-di-siena\/\" \/>\n<meta property=\"og:site_name\" content=\"intoscana\" \/>\n<meta property=\"article:publisher\" content=\"https:\/\/www.facebook.com\/intoscana.it\" \/>\n<meta property=\"article:published_time\" content=\"2024-03-06T13:20:34+00:00\" \/>\n<meta property=\"article:modified_time\" content=\"2024-03-06T13:26:40+00:00\" \/>\n<meta property=\"og:image\" content=\"https:\/\/www.intoscana.it\/wp-content\/uploads\/porta_a_sole2.jpeg\" \/>\n\t<meta property=\"og:image:width\" content=\"1600\" \/>\n\t<meta property=\"og:image:height\" content=\"1077\" \/>\n\t<meta property=\"og:image:type\" content=\"image\/jpeg\" \/>\n<meta name=\"author\" content=\"Redazione\" \/>\n<meta name=\"twitter:card\" content=\"summary_large_image\" \/>\n<meta name=\"twitter:creator\" content=\"@intoscana\" \/>\n<meta name=\"twitter:site\" content=\"@intoscana\" \/>\n<meta name=\"twitter:label1\" content=\"Written by\" \/>\n\t<meta name=\"twitter:data1\" content=\"Redazione\" \/>\n\t<meta name=\"twitter:label2\" content=\"Est. reading time\" \/>\n\t<meta name=\"twitter:data2\" content=\"5 minuti\" \/>\n<script type=\"application\/ld+json\" class=\"yoast-schema-graph\">{\"@context\":\"https:\/\/schema.org\",\"@graph\":[{\"@type\":\"WebPage\",\"@id\":\"https:\/\/www.intoscana.it\/it\/tutto-pronto-per-la-67esima-edizione-del-palio-dei-somari-di-torrita-di-siena\/\",\"url\":\"https:\/\/www.intoscana.it\/it\/tutto-pronto-per-la-67esima-edizione-del-palio-dei-somari-di-torrita-di-siena\/\",\"name\":\"Tutto pronto per la 67esima edizione del Palio dei Somari di Torrita di Siena - intoscana\",\"isPartOf\":{\"@id\":\"https:\/\/www.intoscana.it\/it\/#website\"},\"primaryImageOfPage\":{\"@id\":\"https:\/\/www.intoscana.it\/it\/tutto-pronto-per-la-67esima-edizione-del-palio-dei-somari-di-torrita-di-siena\/#primaryimage\"},\"image\":{\"@id\":\"https:\/\/www.intoscana.it\/it\/tutto-pronto-per-la-67esima-edizione-del-palio-dei-somari-di-torrita-di-siena\/#primaryimage\"},\"thumbnailUrl\":\"https:\/\/www.intoscana.it\/wp-content\/uploads\/porta_a_sole2.jpeg\",\"datePublished\":\"2024-03-06T13:20:34+00:00\",\"dateModified\":\"2024-03-06T13:26:40+00:00\",\"author\":{\"@id\":\"https:\/\/www.intoscana.it\/it\/#\/schema\/person\/9223810753230f20bd670fdd322661f8\"},\"description\":\"Dal 16 al 24 marzo si svolger\u00e0 la 67esima edizione della prima manifestazione nel calendario degli eventi primaverili dedicata a San Giuseppe\",\"breadcrumb\":{\"@id\":\"https:\/\/www.intoscana.it\/it\/tutto-pronto-per-la-67esima-edizione-del-palio-dei-somari-di-torrita-di-siena\/#breadcrumb\"},\"inLanguage\":\"it-IT\",\"potentialAction\":[{\"@type\":\"ReadAction\",\"target\":[\"https:\/\/www.intoscana.it\/it\/tutto-pronto-per-la-67esima-edizione-del-palio-dei-somari-di-torrita-di-siena\/\"]}]},{\"@type\":\"ImageObject\",\"inLanguage\":\"it-IT\",\"@id\":\"https:\/\/www.intoscana.it\/it\/tutto-pronto-per-la-67esima-edizione-del-palio-dei-somari-di-torrita-di-siena\/#primaryimage\",\"url\":\"https:\/\/www.intoscana.it\/wp-content\/uploads\/porta_a_sole2.jpeg\",\"contentUrl\":\"https:\/\/www.intoscana.it\/wp-content\/uploads\/porta_a_sole2.jpeg\",\"width\":1600,\"height\":1077,\"caption\":\"Palio dei Somari di Torrita di Siena\"},{\"@type\":\"BreadcrumbList\",\"@id\":\"https:\/\/www.intoscana.it\/it\/tutto-pronto-per-la-67esima-edizione-del-palio-dei-somari-di-torrita-di-siena\/#breadcrumb\",\"itemListElement\":[{\"@type\":\"ListItem\",\"position\":1,\"name\":\"Home\",\"item\":\"https:\/\/www.intoscana.it\/it\/\"},{\"@type\":\"ListItem\",\"position\":2,\"name\":\"Tutto pronto per la 67esima edizione del Palio dei Somari di Torrita di Siena\"}]},{\"@type\":\"WebSite\",\"@id\":\"https:\/\/www.intoscana.it\/it\/#website\",\"url\":\"https:\/\/www.intoscana.it\/it\/\",\"name\":\"intoscana\",\"description\":\"\",\"potentialAction\":[{\"@type\":\"SearchAction\",\"target\":{\"@type\":\"EntryPoint\",\"urlTemplate\":\"https:\/\/www.intoscana.it\/it\/?s={search_term_string}\"},\"query-input\":{\"@type\":\"PropertyValueSpecification\",\"valueRequired\":true,\"valueName\":\"search_term_string\"}}],\"inLanguage\":\"it-IT\"},{\"@type\":\"Person\",\"@id\":\"https:\/\/www.intoscana.it\/it\/#\/schema\/person\/9223810753230f20bd670fdd322661f8\",\"name\":\"Redazione\",\"url\":\"https:\/\/www.intoscana.it\/it\/author\/redazione\/\"}]}<\/script>\n<!-- \/ Yoast SEO Premium plugin. -->","yoast_head_json":{"title":"Tutto pronto per la 67esima edizione del Palio dei Somari di Torrita di Siena - intoscana","description":"Dal 16 al 24 marzo si svolger\u00e0 la 67esima edizione della prima manifestazione nel calendario degli eventi primaverili dedicata a San Giuseppe","robots":{"index":"index","follow":"follow","max-snippet":"max-snippet:-1","max-image-preview":"max-image-preview:large","max-video-preview":"max-video-preview:-1"},"canonical":"https:\/\/www.intoscana.it\/it\/tutto-pronto-per-la-67esima-edizione-del-palio-dei-somari-di-torrita-di-siena\/","og_locale":"it_IT","og_type":"article","og_title":"Tutto pronto per la 67esima edizione del Palio dei Somari di Torrita di Siena","og_description":"Dal 16 al 24 marzo si svolger\u00e0 la 67esima edizione della prima manifestazione nel calendario degli eventi primaverili dedicata a San Giuseppe","og_url":"https:\/\/www.intoscana.it\/it\/tutto-pronto-per-la-67esima-edizione-del-palio-dei-somari-di-torrita-di-siena\/","og_site_name":"intoscana","article_publisher":"https:\/\/www.facebook.com\/intoscana.it","article_published_time":"2024-03-06T13:20:34+00:00","article_modified_time":"2024-03-06T13:26:40+00:00","og_image":[{"width":1600,"height":1077,"url":"https:\/\/www.intoscana.it\/wp-content\/uploads\/porta_a_sole2.jpeg","type":"image\/jpeg"}],"author":"Redazione","twitter_card":"summary_large_image","twitter_creator":"@intoscana","twitter_site":"@intoscana","twitter_misc":{"Written by":"Redazione","Est. reading time":"5 minuti"},"schema":{"@context":"https:\/\/schema.org","@graph":[{"@type":"WebPage","@id":"https:\/\/www.intoscana.it\/it\/tutto-pronto-per-la-67esima-edizione-del-palio-dei-somari-di-torrita-di-siena\/","url":"https:\/\/www.intoscana.it\/it\/tutto-pronto-per-la-67esima-edizione-del-palio-dei-somari-di-torrita-di-siena\/","name":"Tutto pronto per la 67esima edizione del Palio dei Somari di Torrita di Siena - intoscana","isPartOf":{"@id":"https:\/\/www.intoscana.it\/it\/#website"},"primaryImageOfPage":{"@id":"https:\/\/www.intoscana.it\/it\/tutto-pronto-per-la-67esima-edizione-del-palio-dei-somari-di-torrita-di-siena\/#primaryimage"},"image":{"@id":"https:\/\/www.intoscana.it\/it\/tutto-pronto-per-la-67esima-edizione-del-palio-dei-somari-di-torrita-di-siena\/#primaryimage"},"thumbnailUrl":"https:\/\/www.intoscana.it\/wp-content\/uploads\/porta_a_sole2.jpeg","datePublished":"2024-03-06T13:20:34+00:00","dateModified":"2024-03-06T13:26:40+00:00","author":{"@id":"https:\/\/www.intoscana.it\/it\/#\/schema\/person\/9223810753230f20bd670fdd322661f8"},"description":"Dal 16 al 24 marzo si svolger\u00e0 la 67esima edizione della prima manifestazione nel calendario degli eventi primaverili dedicata a San Giuseppe","breadcrumb":{"@id":"https:\/\/www.intoscana.it\/it\/tutto-pronto-per-la-67esima-edizione-del-palio-dei-somari-di-torrita-di-siena\/#breadcrumb"},"inLanguage":"it-IT","potentialAction":[{"@type":"ReadAction","target":["https:\/\/www.intoscana.it\/it\/tutto-pronto-per-la-67esima-edizione-del-palio-dei-somari-di-torrita-di-siena\/"]}]},{"@type":"ImageObject","inLanguage":"it-IT","@id":"https:\/\/www.intoscana.it\/it\/tutto-pronto-per-la-67esima-edizione-del-palio-dei-somari-di-torrita-di-siena\/#primaryimage","url":"https:\/\/www.intoscana.it\/wp-content\/uploads\/porta_a_sole2.jpeg","contentUrl":"https:\/\/www.intoscana.it\/wp-content\/uploads\/porta_a_sole2.jpeg","width":1600,"height":1077,"caption":"Palio dei Somari di Torrita di Siena"},{"@type":"BreadcrumbList","@id":"https:\/\/www.intoscana.it\/it\/tutto-pronto-per-la-67esima-edizione-del-palio-dei-somari-di-torrita-di-siena\/#breadcrumb","itemListElement":[{"@type":"ListItem","position":1,"name":"Home","item":"https:\/\/www.intoscana.it\/it\/"},{"@type":"ListItem","position":2,"name":"Tutto pronto per la 67esima edizione del Palio dei Somari di Torrita di Siena"}]},{"@type":"WebSite","@id":"https:\/\/www.intoscana.it\/it\/#website","url":"https:\/\/www.intoscana.it\/it\/","name":"intoscana","description":"","potentialAction":[{"@type":"SearchAction","target":{"@type":"EntryPoint","urlTemplate":"https:\/\/www.intoscana.it\/it\/?s={search_term_string}"},"query-input":{"@type":"PropertyValueSpecification","valueRequired":true,"valueName":"search_term_string"}}],"inLanguage":"it-IT"},{"@type":"Person","@id":"https:\/\/www.intoscana.it\/it\/#\/schema\/person\/9223810753230f20bd670fdd322661f8","name":"Redazione","url":"https:\/\/www.intoscana.it\/it\/author\/redazione\/"}]}},"_links":{"self":[{"href":"https:\/\/www.intoscana.it\/it\/wp-json\/wp\/v2\/posts\/330097","targetHints":{"allow":["GET"]}}],"collection":[{"href":"https:\/\/www.intoscana.it\/it\/wp-json\/wp\/v2\/posts"}],"about":[{"href":"https:\/\/www.intoscana.it\/it\/wp-json\/wp\/v2\/types\/post"}],"author":[{"embeddable":true,"href":"https:\/\/www.intoscana.it\/it\/wp-json\/wp\/v2\/users\/525"}],"replies":[{"embeddable":true,"href":"https:\/\/www.intoscana.it\/it\/wp-json\/wp\/v2\/comments?post=330097"}],"version-history":[{"count":11,"href":"https:\/\/www.intoscana.it\/it\/wp-json\/wp\/v2\/posts\/330097\/revisions"}],"predecessor-version":[{"id":330192,"href":"https:\/\/www.intoscana.it\/it\/wp-json\/wp\/v2\/posts\/330097\/revisions\/330192"}],"wp:featuredmedia":[{"embeddable":true,"href":"https:\/\/www.intoscana.it\/it\/wp-json\/wp\/v2\/media\/277774"}],"wp:attachment":[{"href":"https:\/\/www.intoscana.it\/it\/wp-json\/wp\/v2\/media?parent=330097"}],"wp:term":[{"taxonomy":"category","embeddable":true,"href":"https:\/\/www.intoscana.it\/it\/wp-json\/wp\/v2\/categories?post=330097"},{"taxonomy":"post_tag","embeddable":true,"href":"https:\/\/www.intoscana.it\/it\/wp-json\/wp\/v2\/tags?post=330097"}],"curies":[{"name":"wp","href":"https:\/\/api.w.org\/{rel}","templated":true}]}}