{"id":330140,"date":"2024-03-06T15:14:47","date_gmt":"2024-03-06T14:14:47","guid":{"rendered":"https:\/\/www.intoscana.it\/it\/?p=330140"},"modified":"2024-03-06T15:14:47","modified_gmt":"2024-03-06T14:14:47","slug":"chianinasyrah-il-festival-del-buon-vivere-in-soccorso-dei-produttori","status":"publish","type":"post","link":"https:\/\/www.intoscana.it\/it\/chianinasyrah-il-festival-del-buon-vivere-in-soccorso-dei-produttori\/","title":{"rendered":"Chianina&#038;Syrah, il festival del buon vivere in soccorso dei produttori"},"content":{"rendered":"<p>Torna il festival del buon vivere &#8220;<em>Chianina&amp;Syrah<\/em>&#8221; dal<strong> 9 all&#8217;11 marzo a Cortona<\/strong>. La tre giorni \u00e8 dedicata alla valorizzazione di due eccellenze toscane: i grandi vini della <strong>Cortona Doc e la Chianina<\/strong>, una delle tre razze dalle quali proviene la carne fresca certificata <strong>Vitellone Bianco dell\u2019Appennino Igp<\/strong>.<\/p>\n<p>Una manifestazione che mai come quest&#8217;anno ricopre un ruolo fondamentale per il rilancio della <strong>razza chianina<\/strong>. I dati della Cia parlano non solo di un <strong>vistoso calo<\/strong> in termini di produttori (in 10 anni la riduzione \u00e8 stata del 27%) ma si registra anche <strong>un crollo delle vendite<\/strong> pari al 20%.<\/p>\n<h3>Il festival in soccorso degli allevatori<\/h3>\n<p>Insomma se il futuro a livello commerciale e sotto il profilo della produzione appare nero, il festival del buon vivere &#8220;<em>Chianina &amp; Syrah<\/em>&#8220;, organizzato da <strong>Terretrusche Events<\/strong> con <strong>consorzio Vini Cortona<\/strong> e <strong>Comune di Cortona<\/strong>, \u00e8 pronto a rilanciare uno dei prodotti simbolo del suo territorio in abbinamento al <strong>vino Syrah<\/strong>.<\/p>\n<p>&#8220;<em>Siamo consapevoli della crisi che attanaglia il settore<\/em> \u2013 sottolinea l&#8217;ideatore dell&#8217;evento <strong>Vittorio Camorri<\/strong> di <strong>Terretrusche Events<\/strong> &#8211; <em>in questi anni i consumi di carne chianina sono diminuiti e di conseguenza il settore e gli allevamenti sono andati in crisi&#8221;.<\/em><\/p>\n<h3>Il crollo delle vendite di chianina<\/h3>\n<p>Per Camorri ad influire in primis il mancato <strong>ricambio generazionale<\/strong> oltre al <strong>consumo<\/strong>, per certi versi <strong>demonizzato, della carne<\/strong>. <em>&#8220;La chianina <\/em>&#8211; aggiunge- <em>sconta, i costi molto alti, con una bassa resa in termini assoluti, soprattutto se paragonata ad altre razze. Negli anni c\u2019\u00e8 stata una moda che ha un po\u2019esaltato il mercato, ma che lo ha anche falsificato. Proprio su questa scia crediamo che manifestazioni come queste possano davvero fare la differenza, per dare e far conoscere il giusto valore che questo tipo di carne ha. \u00c8 un prodotto di eccellenza che non deve essere consumato tutti i giorni, ma che merita un consumo consapevole e attento<\/em>&#8220;.<\/p>\n<h3>Tutti i numeri di Chianina&amp;Syrah<\/h3>\n<p>Ecco quindi che accanto alla <strong>chianina<\/strong> il festival del buon vivere propone un percorso <strong>in abbinamento al vino<\/strong>. Una manifestazione che esalta il vitigno pi\u00f9 rappresentativo del territorio cortonese, <strong>la Syrah<\/strong>. Alla settima edizione del festival in programma dal 9 all&#8217;11 marzo, <a href=\"http:\/\/chianinaesyrah.com\" target=\"_blank\" rel=\"noopener\">qui il programma<\/a>, sono i numeri a parlare: presenti oltre <strong>40 cantine<\/strong> in degustazione, <strong>35 stand<\/strong> gastronomici, <strong>tre masterclass<\/strong> sui vini, <strong>tre cene stellate<\/strong>, 5 talk e <strong>masterclass di cucina<\/strong> oltre a manifestazioni rivolte ai pi\u00f9 piccoli. Gli eventi ruotano attorno al <strong>centro convegni Sant\u2019Agostino<\/strong>.<\/p>\n<h3>Un evento ambasciatore del gusto<\/h3>\n<p>Nelle cene di gala e degustazioni spicca la presenza della pregiata carne <strong>Vitellone Bianco dell\u2019Appennino Centrale Igp<\/strong> proveniente dalla <strong>razza Chianina<\/strong> con piatti proposti da <strong>chef locali e stellati<\/strong>. L\u2019evento sar\u00e0 arricchito dall\u2019anteprima dei <strong>Syrah della Cortona Doc<\/strong>\u00a0e dei <strong>Syrah d\u2019Italia<\/strong>. Attesi ospiti anche da altri paesi.<\/p>\n<p>\u201c<em>Essere presenti al festival delle eccellenze di Cortona<\/em> \u2013 ha spiegato <strong>Andrea Petrini<\/strong>, direttore del Consorzio \u2013 <em>sar\u00e0 un\u2019ulteriore occasione per far conoscere meglio la Chianina certificata a marchio Vitellone Bianco dell\u2019Appennino Centrale Igp, le sue caratteristiche e la sua qualit\u00e0. Cos\u00ec come il vitigno Syrah \u00e8 coltivato in tutto il mondo anche la razza chianina \u00e8 allevata a livello mondiale ed \u00e8 importante che in questo evento questi due prodotti siano rappresentati da due produzioni di qualit\u00e0 certificate quali il \u201cCortona Doc\u201d per il Sirah e il \u201cVitellone Bianco dell\u2019Appennino Centrale Igp\u201d per la Chianina perch\u00e9 solamente cos\u00ec \u00e8 possibile valorizzare, promuovere e tutelare sia il loro importante legame con il territorio sia il lavoro dei produttori dello stesso territorio\u201d.<\/em><\/p>\n","protected":false},"excerpt":{"rendered":"<p>Dopo il crollo delle vendite di carne chianina, l&#8217;evento a Cortona dal 9 all&#8217;11 marzo prova a presentare il comparto sotto una nuova luce<\/p>\n","protected":false},"author":554,"featured_media":272582,"comment_status":"open","ping_status":"open","sticky":false,"template":"","format":"standard","meta":{"_acf_changed":false,"footnotes":""},"categories":[8],"tags":[2503,4474],"class_list":["post-330140","post","type-post","status-publish","format-standard","has-post-thumbnail","hentry","category-enogastronomia","tag-cortona","tag-eventi"],"acf":[],"yoast_head":"<!-- This site is optimized with the Yoast SEO Premium plugin v24.2 (Yoast SEO v25.6) - https:\/\/yoast.com\/wordpress\/plugins\/seo\/ -->\n<title>Chianina&amp;Syrah, il festival in soccorso degli allevatori - intoscana<\/title>\n<meta name=\"description\" content=\"Dopo il crollo delle vendite di carne chianina, l&#039;evento a Cortona dal 9 all&#039;11 marzo prova a presentare il comparto sotto una nuova luce\" \/>\n<meta name=\"robots\" content=\"index, follow, max-snippet:-1, max-image-preview:large, max-video-preview:-1\" \/>\n<link rel=\"canonical\" href=\"https:\/\/www.intoscana.it\/it\/chianinasyrah-il-festival-del-buon-vivere-in-soccorso-dei-produttori\/\" \/>\n<meta property=\"og:locale\" content=\"it_IT\" \/>\n<meta property=\"og:type\" content=\"article\" \/>\n<meta property=\"og:title\" content=\"Chianina&amp;Syrah, il festival del buon vivere in soccorso dei produttori\" \/>\n<meta property=\"og:description\" content=\"Dopo il crollo delle vendite di carne chianina, l&#039;evento a Cortona dal 9 all&#039;11 marzo prova a presentare il comparto sotto una nuova luce\" \/>\n<meta property=\"og:url\" content=\"https:\/\/www.intoscana.it\/it\/chianinasyrah-il-festival-del-buon-vivere-in-soccorso-dei-produttori\/\" \/>\n<meta property=\"og:site_name\" content=\"intoscana\" \/>\n<meta property=\"article:publisher\" content=\"https:\/\/www.facebook.com\/intoscana.it\" \/>\n<meta property=\"article:published_time\" content=\"2024-03-06T14:14:47+00:00\" \/>\n<meta property=\"og:image\" content=\"https:\/\/www.intoscana.it\/wp-content\/uploads\/Vitellone-di-razza-Chianina.jpg\" \/>\n\t<meta property=\"og:image:width\" content=\"1500\" \/>\n\t<meta property=\"og:image:height\" content=\"630\" \/>\n\t<meta property=\"og:image:type\" content=\"image\/jpeg\" \/>\n<meta name=\"author\" content=\"Raffaella Galamini\" \/>\n<meta name=\"twitter:card\" content=\"summary_large_image\" \/>\n<meta name=\"twitter:creator\" content=\"@orio\" \/>\n<meta name=\"twitter:site\" content=\"@intoscana\" \/>\n<meta name=\"twitter:label1\" content=\"Written by\" \/>\n\t<meta name=\"twitter:data1\" content=\"Raffaella Galamini\" \/>\n\t<meta name=\"twitter:label2\" content=\"Est. reading time\" \/>\n\t<meta name=\"twitter:data2\" content=\"4 minuti\" \/>\n<script type=\"application\/ld+json\" class=\"yoast-schema-graph\">{\"@context\":\"https:\/\/schema.org\",\"@graph\":[{\"@type\":\"WebPage\",\"@id\":\"https:\/\/www.intoscana.it\/it\/chianinasyrah-il-festival-del-buon-vivere-in-soccorso-dei-produttori\/\",\"url\":\"https:\/\/www.intoscana.it\/it\/chianinasyrah-il-festival-del-buon-vivere-in-soccorso-dei-produttori\/\",\"name\":\"Chianina&Syrah, il festival in soccorso degli allevatori - intoscana\",\"isPartOf\":{\"@id\":\"https:\/\/www.intoscana.it\/it\/#website\"},\"primaryImageOfPage\":{\"@id\":\"https:\/\/www.intoscana.it\/it\/chianinasyrah-il-festival-del-buon-vivere-in-soccorso-dei-produttori\/#primaryimage\"},\"image\":{\"@id\":\"https:\/\/www.intoscana.it\/it\/chianinasyrah-il-festival-del-buon-vivere-in-soccorso-dei-produttori\/#primaryimage\"},\"thumbnailUrl\":\"https:\/\/www.intoscana.it\/wp-content\/uploads\/Vitellone-di-razza-Chianina.jpg\",\"datePublished\":\"2024-03-06T14:14:47+00:00\",\"author\":{\"@id\":\"https:\/\/www.intoscana.it\/it\/#\/schema\/person\/9eb9daa846a49fe51af39a73d9d1986b\"},\"description\":\"Dopo il crollo delle vendite di carne chianina, l'evento a Cortona dal 9 all'11 marzo prova a presentare il comparto sotto una nuova luce\",\"breadcrumb\":{\"@id\":\"https:\/\/www.intoscana.it\/it\/chianinasyrah-il-festival-del-buon-vivere-in-soccorso-dei-produttori\/#breadcrumb\"},\"inLanguage\":\"it-IT\",\"potentialAction\":[{\"@type\":\"ReadAction\",\"target\":[\"https:\/\/www.intoscana.it\/it\/chianinasyrah-il-festival-del-buon-vivere-in-soccorso-dei-produttori\/\"]}]},{\"@type\":\"ImageObject\",\"inLanguage\":\"it-IT\",\"@id\":\"https:\/\/www.intoscana.it\/it\/chianinasyrah-il-festival-del-buon-vivere-in-soccorso-dei-produttori\/#primaryimage\",\"url\":\"https:\/\/www.intoscana.it\/wp-content\/uploads\/Vitellone-di-razza-Chianina.jpg\",\"contentUrl\":\"https:\/\/www.intoscana.it\/wp-content\/uploads\/Vitellone-di-razza-Chianina.jpg\",\"width\":1500,\"height\":630},{\"@type\":\"BreadcrumbList\",\"@id\":\"https:\/\/www.intoscana.it\/it\/chianinasyrah-il-festival-del-buon-vivere-in-soccorso-dei-produttori\/#breadcrumb\",\"itemListElement\":[{\"@type\":\"ListItem\",\"position\":1,\"name\":\"Home\",\"item\":\"https:\/\/www.intoscana.it\/it\/\"},{\"@type\":\"ListItem\",\"position\":2,\"name\":\"Chianina&#038;Syrah, il festival del buon vivere in soccorso dei produttori\"}]},{\"@type\":\"WebSite\",\"@id\":\"https:\/\/www.intoscana.it\/it\/#website\",\"url\":\"https:\/\/www.intoscana.it\/it\/\",\"name\":\"intoscana\",\"description\":\"\",\"potentialAction\":[{\"@type\":\"SearchAction\",\"target\":{\"@type\":\"EntryPoint\",\"urlTemplate\":\"https:\/\/www.intoscana.it\/it\/?s={search_term_string}\"},\"query-input\":{\"@type\":\"PropertyValueSpecification\",\"valueRequired\":true,\"valueName\":\"search_term_string\"}}],\"inLanguage\":\"it-IT\"},{\"@type\":\"Person\",\"@id\":\"https:\/\/www.intoscana.it\/it\/#\/schema\/person\/9eb9daa846a49fe51af39a73d9d1986b\",\"name\":\"Raffaella Galamini\",\"sameAs\":[\"https:\/\/x.com\/orio\"],\"url\":\"https:\/\/www.intoscana.it\/it\/author\/r-galamini\/\"}]}<\/script>\n<!-- \/ Yoast SEO Premium plugin. -->","yoast_head_json":{"title":"Chianina&Syrah, il festival in soccorso degli allevatori - intoscana","description":"Dopo il crollo delle vendite di carne chianina, l'evento a Cortona dal 9 all'11 marzo prova a presentare il comparto sotto una nuova luce","robots":{"index":"index","follow":"follow","max-snippet":"max-snippet:-1","max-image-preview":"max-image-preview:large","max-video-preview":"max-video-preview:-1"},"canonical":"https:\/\/www.intoscana.it\/it\/chianinasyrah-il-festival-del-buon-vivere-in-soccorso-dei-produttori\/","og_locale":"it_IT","og_type":"article","og_title":"Chianina&Syrah, il festival del buon vivere in soccorso dei produttori","og_description":"Dopo il crollo delle vendite di carne chianina, l'evento a Cortona dal 9 all'11 marzo prova a presentare il comparto sotto una nuova luce","og_url":"https:\/\/www.intoscana.it\/it\/chianinasyrah-il-festival-del-buon-vivere-in-soccorso-dei-produttori\/","og_site_name":"intoscana","article_publisher":"https:\/\/www.facebook.com\/intoscana.it","article_published_time":"2024-03-06T14:14:47+00:00","og_image":[{"width":1500,"height":630,"url":"https:\/\/www.intoscana.it\/wp-content\/uploads\/Vitellone-di-razza-Chianina.jpg","type":"image\/jpeg"}],"author":"Raffaella Galamini","twitter_card":"summary_large_image","twitter_creator":"@orio","twitter_site":"@intoscana","twitter_misc":{"Written by":"Raffaella Galamini","Est. reading time":"4 minuti"},"schema":{"@context":"https:\/\/schema.org","@graph":[{"@type":"WebPage","@id":"https:\/\/www.intoscana.it\/it\/chianinasyrah-il-festival-del-buon-vivere-in-soccorso-dei-produttori\/","url":"https:\/\/www.intoscana.it\/it\/chianinasyrah-il-festival-del-buon-vivere-in-soccorso-dei-produttori\/","name":"Chianina&Syrah, il festival in soccorso degli allevatori - intoscana","isPartOf":{"@id":"https:\/\/www.intoscana.it\/it\/#website"},"primaryImageOfPage":{"@id":"https:\/\/www.intoscana.it\/it\/chianinasyrah-il-festival-del-buon-vivere-in-soccorso-dei-produttori\/#primaryimage"},"image":{"@id":"https:\/\/www.intoscana.it\/it\/chianinasyrah-il-festival-del-buon-vivere-in-soccorso-dei-produttori\/#primaryimage"},"thumbnailUrl":"https:\/\/www.intoscana.it\/wp-content\/uploads\/Vitellone-di-razza-Chianina.jpg","datePublished":"2024-03-06T14:14:47+00:00","author":{"@id":"https:\/\/www.intoscana.it\/it\/#\/schema\/person\/9eb9daa846a49fe51af39a73d9d1986b"},"description":"Dopo il crollo delle vendite di carne chianina, l'evento a Cortona dal 9 all'11 marzo prova a presentare il comparto sotto una nuova luce","breadcrumb":{"@id":"https:\/\/www.intoscana.it\/it\/chianinasyrah-il-festival-del-buon-vivere-in-soccorso-dei-produttori\/#breadcrumb"},"inLanguage":"it-IT","potentialAction":[{"@type":"ReadAction","target":["https:\/\/www.intoscana.it\/it\/chianinasyrah-il-festival-del-buon-vivere-in-soccorso-dei-produttori\/"]}]},{"@type":"ImageObject","inLanguage":"it-IT","@id":"https:\/\/www.intoscana.it\/it\/chianinasyrah-il-festival-del-buon-vivere-in-soccorso-dei-produttori\/#primaryimage","url":"https:\/\/www.intoscana.it\/wp-content\/uploads\/Vitellone-di-razza-Chianina.jpg","contentUrl":"https:\/\/www.intoscana.it\/wp-content\/uploads\/Vitellone-di-razza-Chianina.jpg","width":1500,"height":630},{"@type":"BreadcrumbList","@id":"https:\/\/www.intoscana.it\/it\/chianinasyrah-il-festival-del-buon-vivere-in-soccorso-dei-produttori\/#breadcrumb","itemListElement":[{"@type":"ListItem","position":1,"name":"Home","item":"https:\/\/www.intoscana.it\/it\/"},{"@type":"ListItem","position":2,"name":"Chianina&#038;Syrah, il festival del buon vivere in soccorso dei produttori"}]},{"@type":"WebSite","@id":"https:\/\/www.intoscana.it\/it\/#website","url":"https:\/\/www.intoscana.it\/it\/","name":"intoscana","description":"","potentialAction":[{"@type":"SearchAction","target":{"@type":"EntryPoint","urlTemplate":"https:\/\/www.intoscana.it\/it\/?s={search_term_string}"},"query-input":{"@type":"PropertyValueSpecification","valueRequired":true,"valueName":"search_term_string"}}],"inLanguage":"it-IT"},{"@type":"Person","@id":"https:\/\/www.intoscana.it\/it\/#\/schema\/person\/9eb9daa846a49fe51af39a73d9d1986b","name":"Raffaella Galamini","sameAs":["https:\/\/x.com\/orio"],"url":"https:\/\/www.intoscana.it\/it\/author\/r-galamini\/"}]}},"_links":{"self":[{"href":"https:\/\/www.intoscana.it\/it\/wp-json\/wp\/v2\/posts\/330140","targetHints":{"allow":["GET"]}}],"collection":[{"href":"https:\/\/www.intoscana.it\/it\/wp-json\/wp\/v2\/posts"}],"about":[{"href":"https:\/\/www.intoscana.it\/it\/wp-json\/wp\/v2\/types\/post"}],"author":[{"embeddable":true,"href":"https:\/\/www.intoscana.it\/it\/wp-json\/wp\/v2\/users\/554"}],"replies":[{"embeddable":true,"href":"https:\/\/www.intoscana.it\/it\/wp-json\/wp\/v2\/comments?post=330140"}],"version-history":[{"count":6,"href":"https:\/\/www.intoscana.it\/it\/wp-json\/wp\/v2\/posts\/330140\/revisions"}],"predecessor-version":[{"id":330204,"href":"https:\/\/www.intoscana.it\/it\/wp-json\/wp\/v2\/posts\/330140\/revisions\/330204"}],"wp:featuredmedia":[{"embeddable":true,"href":"https:\/\/www.intoscana.it\/it\/wp-json\/wp\/v2\/media\/272582"}],"wp:attachment":[{"href":"https:\/\/www.intoscana.it\/it\/wp-json\/wp\/v2\/media?parent=330140"}],"wp:term":[{"taxonomy":"category","embeddable":true,"href":"https:\/\/www.intoscana.it\/it\/wp-json\/wp\/v2\/categories?post=330140"},{"taxonomy":"post_tag","embeddable":true,"href":"https:\/\/www.intoscana.it\/it\/wp-json\/wp\/v2\/tags?post=330140"}],"curies":[{"name":"wp","href":"https:\/\/api.w.org\/{rel}","templated":true}]}}