{"id":330472,"date":"2024-03-08T10:37:18","date_gmt":"2024-03-08T09:37:18","guid":{"rendered":"https:\/\/www.intoscana.it\/it\/?p=330472"},"modified":"2024-03-08T10:42:43","modified_gmt":"2024-03-08T09:42:43","slug":"donne-e-agricoltura-aumentano-le-imprenditrici-anche-nellallevamento","status":"publish","type":"post","link":"https:\/\/www.intoscana.it\/it\/donne-e-agricoltura-aumentano-le-imprenditrici-anche-nellallevamento\/","title":{"rendered":"Donne e agricoltura: aumentano le imprenditrici, anche nell&#8217;allevamento"},"content":{"rendered":"<p>L&#8217;agricoltura in Toscana \u00e8 sempre pi\u00f9 femminile, come mostrano i dati diffusi per l&#8217;8 marzo dalle associazioni di categoria. Secondo l&#8217;associazione &#8220;Donne in campo&#8221; della Cia Toscana sono <strong>42mila le donne dell&#8217;agricoltura toscana,<\/strong> rappresentano il 32% del settore e sono il 37% all&#8217;interno dei titolari di impresa agricola associati alla Cia.<\/p>\n<h3>Donne nei campi e negli agriturismi<\/h3>\n<p><mark>&#8220;Gi\u00e0 ora le imprenditrici toscane e italiane sono in prima linea per difendere il settore quale asset strategico dell&#8217;Italia &#8211;<\/mark> sottolinea la presidente di &#8220;Donne in campo Toscana&#8221;, <strong>Lorenza Albanese<\/strong> &#8211; donne che stanno arricchendo la nostra agricoltura con un approccio plurale e multifunzionale. Come Donne in campo, denunciamo l&#8217;assenza delle donne da provvedimenti dedicati nel Pnrr e nella Pac, e l&#8217;esclusione dagli incentivi ad hoc della misura &#8216;Pi\u00f9 Impresa, non rifinanziata dall&#8217;ultima legge di bilancio, e colpite dal netto peggioramento di &#8216;Opzione donna&#8217;. Anche il Fondo Impresa Donna ammette agli stanziamenti le imprenditrici di tutti i settori, compreso quello della trasformazione alimentare, ma tiene fuori la produzione agricola. Stessa situazione con la Politica agricola comune dell&#8217;Ue, che prescrive regole uguali per tutti piuttosto che valorizzare le differenze garantendo pari opportunit\u00e0&#8221;.<\/p>\n<p><em>&#8220;Rompiamo il pregiudizio delle donne assenti in agricoltura, ci sono e sanno farsi valere&#8221;<\/em> aggiunge <strong>Martina Rusconi-Clerici, presidente di Confagricoltura Donna Toscana<\/strong>. <em>&#8220;Parlando di agricoltura ci si riferisce a diversi settori collegati tra loro, la visione legata unicamente al lavoro dei campi \u00e8 ormai anacronistica, anche se rimane chiaramente fondamentale<\/em> &#8211; dice la presidente &#8211;<em> adesso si pu\u00f2 parlare di gestione d&#8217;impresa a tutto tondo e noi donne siamo presenti come dimostrano i bandi di sviluppo agricolo &#8216;rosa&#8217; andati polverizzati. Spesso il mondo femminile presenta un&#8217;attitudine vera nell&#8217;accoglienza e nel rapporto con le persone: <\/em><mark><em>un dato molto forte in Toscana \u00e8 quello delle donne che gestiscono gli agriturismi.<\/em> <\/mark><em>Nel panorama toscano si parla quasi sempre di piccole-medie imprese e spicca la capacit\u00e0 femminile di svolgere pi\u00f9 mansioni&#8221;.\u00a0<\/em><\/p>\n<h3>Coldiretti: 1 pastore su 4 \u00e8 donna in Toscana<\/h3>\n<p><mark>In Toscana la pastorizia \u00e8 donna come non lo \u00e8 mai stata: secondo i dati di Coldiretti una impresa su 4 (24%) \u00e8 guidata da una donna.<\/mark> Ragazze giovanissime, donne, madri, allevatrici, casare che popolano le campagne toscane e sono custodi, al pari dei colleghi uomini, di un mestiere ancestrale. Salvano le razze in via di estinzione, portano novit\u00e0 e femminilit\u00e0 nelle stalle e nei loro prodotti.<\/p>\n<p><em>\u00a0\u201cLa zootecnica un mestiere per soli uomini? Non \u00e8 pi\u00f9 cos\u00ec. Le ragazze che hanno scelto di dedicarsi all\u2019allevamento di mucche, pecore, capre sono in costante aumento. Molte sono la continuit\u00e0 di aziende consolidate che hanno trovato in figlie e nipoti l\u2019ancora del futuro, ma molte sono le imprese che sono nate da zero dove la donna \u00e8 il fulcro di un\u2019attivit\u00e0 spesso famigliare ben organizzata<\/em>\u00a0\u2013 spiega <strong>Michela Nieri, responsabile Donne Impresa <span class=\"il\">Coldiretti<\/span>\u00a0Toscana &#8211;<\/strong><em> a favorire l\u2019avvicinamento a questo mestiere sono state sicuramente l\u2019avvento della meccanizzazione e della tecnologia che hanno liberato le donne dai lavori pi\u00f9 pesanti e fisici. Ma resta un lavoro duro, di sacrificio, che richiede tanta determinazione e una grande passione.&#8221;<\/em><\/p>\n","protected":false},"excerpt":{"rendered":"<p>Sono 42mila le donne che lavorano nell&#8217;agricoltura toscana e nella pastorizia un&#8217;azienda su quattro \u00e8 rosa<\/p>\n","protected":false},"author":525,"featured_media":330495,"comment_status":"open","ping_status":"open","sticky":false,"template":"","format":"standard","meta":{"_acf_changed":false,"footnotes":""},"categories":[9],"tags":[363,1515,357,411,4738],"class_list":["post-330472","post","type-post","status-publish","format-standard","has-post-thumbnail","hentry","category-made-in-toscana","tag-agricoltura","tag-allevamento","tag-coldiretti","tag-donne","tag-imprese-in-rosa"],"acf":[],"yoast_head":"<!-- This site is optimized with the Yoast SEO Premium plugin v24.2 (Yoast SEO v25.6) - https:\/\/yoast.com\/wordpress\/plugins\/seo\/ -->\n<title>Donne e agricoltura: aumentano le imprenditrici, anche nell&#039;allevamento - intoscana<\/title>\n<meta name=\"robots\" content=\"index, follow, max-snippet:-1, max-image-preview:large, max-video-preview:-1\" \/>\n<link rel=\"canonical\" href=\"https:\/\/www.intoscana.it\/it\/donne-e-agricoltura-aumentano-le-imprenditrici-anche-nellallevamento\/\" \/>\n<meta property=\"og:locale\" content=\"it_IT\" \/>\n<meta property=\"og:type\" content=\"article\" \/>\n<meta property=\"og:title\" content=\"Donne e agricoltura: aumentano le imprenditrici, anche nell&#039;allevamento\" \/>\n<meta property=\"og:description\" content=\"Sono 42mila le donne che lavorano nell&#039;agricoltura toscana e nella pastorizia un&#039;azienda su quattro \u00e8 rosa\" \/>\n<meta property=\"og:url\" content=\"https:\/\/www.intoscana.it\/it\/donne-e-agricoltura-aumentano-le-imprenditrici-anche-nellallevamento\/\" \/>\n<meta property=\"og:site_name\" content=\"intoscana\" \/>\n<meta property=\"article:publisher\" content=\"https:\/\/www.facebook.com\/intoscana.it\" \/>\n<meta property=\"article:published_time\" content=\"2024-03-08T09:37:18+00:00\" \/>\n<meta property=\"article:modified_time\" content=\"2024-03-08T09:42:43+00:00\" \/>\n<meta property=\"og:image\" content=\"https:\/\/www.intoscana.it\/wp-content\/uploads\/AdobeStock_356362742.jpeg\" \/>\n\t<meta property=\"og:image:width\" content=\"1280\" \/>\n\t<meta property=\"og:image:height\" content=\"611\" \/>\n\t<meta property=\"og:image:type\" content=\"image\/jpeg\" \/>\n<meta name=\"author\" content=\"Redazione\" \/>\n<meta name=\"twitter:card\" content=\"summary_large_image\" \/>\n<meta name=\"twitter:creator\" content=\"@intoscana\" \/>\n<meta name=\"twitter:site\" content=\"@intoscana\" \/>\n<meta name=\"twitter:label1\" content=\"Written by\" \/>\n\t<meta name=\"twitter:data1\" content=\"Redazione\" \/>\n\t<meta name=\"twitter:label2\" content=\"Est. reading time\" \/>\n\t<meta name=\"twitter:data2\" content=\"3 minuti\" \/>\n<script type=\"application\/ld+json\" class=\"yoast-schema-graph\">{\"@context\":\"https:\/\/schema.org\",\"@graph\":[{\"@type\":\"WebPage\",\"@id\":\"https:\/\/www.intoscana.it\/it\/donne-e-agricoltura-aumentano-le-imprenditrici-anche-nellallevamento\/\",\"url\":\"https:\/\/www.intoscana.it\/it\/donne-e-agricoltura-aumentano-le-imprenditrici-anche-nellallevamento\/\",\"name\":\"Donne e agricoltura: aumentano le imprenditrici, anche nell'allevamento - intoscana\",\"isPartOf\":{\"@id\":\"https:\/\/www.intoscana.it\/it\/#website\"},\"primaryImageOfPage\":{\"@id\":\"https:\/\/www.intoscana.it\/it\/donne-e-agricoltura-aumentano-le-imprenditrici-anche-nellallevamento\/#primaryimage\"},\"image\":{\"@id\":\"https:\/\/www.intoscana.it\/it\/donne-e-agricoltura-aumentano-le-imprenditrici-anche-nellallevamento\/#primaryimage\"},\"thumbnailUrl\":\"https:\/\/www.intoscana.it\/wp-content\/uploads\/AdobeStock_356362742.jpeg\",\"datePublished\":\"2024-03-08T09:37:18+00:00\",\"dateModified\":\"2024-03-08T09:42:43+00:00\",\"author\":{\"@id\":\"https:\/\/www.intoscana.it\/it\/#\/schema\/person\/9223810753230f20bd670fdd322661f8\"},\"breadcrumb\":{\"@id\":\"https:\/\/www.intoscana.it\/it\/donne-e-agricoltura-aumentano-le-imprenditrici-anche-nellallevamento\/#breadcrumb\"},\"inLanguage\":\"it-IT\",\"potentialAction\":[{\"@type\":\"ReadAction\",\"target\":[\"https:\/\/www.intoscana.it\/it\/donne-e-agricoltura-aumentano-le-imprenditrici-anche-nellallevamento\/\"]}]},{\"@type\":\"ImageObject\",\"inLanguage\":\"it-IT\",\"@id\":\"https:\/\/www.intoscana.it\/it\/donne-e-agricoltura-aumentano-le-imprenditrici-anche-nellallevamento\/#primaryimage\",\"url\":\"https:\/\/www.intoscana.it\/wp-content\/uploads\/AdobeStock_356362742.jpeg\",\"contentUrl\":\"https:\/\/www.intoscana.it\/wp-content\/uploads\/AdobeStock_356362742.jpeg\",\"width\":1280,\"height\":611},{\"@type\":\"BreadcrumbList\",\"@id\":\"https:\/\/www.intoscana.it\/it\/donne-e-agricoltura-aumentano-le-imprenditrici-anche-nellallevamento\/#breadcrumb\",\"itemListElement\":[{\"@type\":\"ListItem\",\"position\":1,\"name\":\"Home\",\"item\":\"https:\/\/www.intoscana.it\/it\/\"},{\"@type\":\"ListItem\",\"position\":2,\"name\":\"Donne e agricoltura: aumentano le imprenditrici, anche nell&#8217;allevamento\"}]},{\"@type\":\"WebSite\",\"@id\":\"https:\/\/www.intoscana.it\/it\/#website\",\"url\":\"https:\/\/www.intoscana.it\/it\/\",\"name\":\"intoscana\",\"description\":\"\",\"potentialAction\":[{\"@type\":\"SearchAction\",\"target\":{\"@type\":\"EntryPoint\",\"urlTemplate\":\"https:\/\/www.intoscana.it\/it\/?s={search_term_string}\"},\"query-input\":{\"@type\":\"PropertyValueSpecification\",\"valueRequired\":true,\"valueName\":\"search_term_string\"}}],\"inLanguage\":\"it-IT\"},{\"@type\":\"Person\",\"@id\":\"https:\/\/www.intoscana.it\/it\/#\/schema\/person\/9223810753230f20bd670fdd322661f8\",\"name\":\"Redazione\",\"url\":\"https:\/\/www.intoscana.it\/it\/author\/redazione\/\"}]}<\/script>\n<!-- \/ Yoast SEO Premium plugin. -->","yoast_head_json":{"title":"Donne e agricoltura: aumentano le imprenditrici, anche nell'allevamento - intoscana","robots":{"index":"index","follow":"follow","max-snippet":"max-snippet:-1","max-image-preview":"max-image-preview:large","max-video-preview":"max-video-preview:-1"},"canonical":"https:\/\/www.intoscana.it\/it\/donne-e-agricoltura-aumentano-le-imprenditrici-anche-nellallevamento\/","og_locale":"it_IT","og_type":"article","og_title":"Donne e agricoltura: aumentano le imprenditrici, anche nell'allevamento","og_description":"Sono 42mila le donne che lavorano nell'agricoltura toscana e nella pastorizia un'azienda su quattro \u00e8 rosa","og_url":"https:\/\/www.intoscana.it\/it\/donne-e-agricoltura-aumentano-le-imprenditrici-anche-nellallevamento\/","og_site_name":"intoscana","article_publisher":"https:\/\/www.facebook.com\/intoscana.it","article_published_time":"2024-03-08T09:37:18+00:00","article_modified_time":"2024-03-08T09:42:43+00:00","og_image":[{"width":1280,"height":611,"url":"https:\/\/www.intoscana.it\/wp-content\/uploads\/AdobeStock_356362742.jpeg","type":"image\/jpeg"}],"author":"Redazione","twitter_card":"summary_large_image","twitter_creator":"@intoscana","twitter_site":"@intoscana","twitter_misc":{"Written by":"Redazione","Est. reading time":"3 minuti"},"schema":{"@context":"https:\/\/schema.org","@graph":[{"@type":"WebPage","@id":"https:\/\/www.intoscana.it\/it\/donne-e-agricoltura-aumentano-le-imprenditrici-anche-nellallevamento\/","url":"https:\/\/www.intoscana.it\/it\/donne-e-agricoltura-aumentano-le-imprenditrici-anche-nellallevamento\/","name":"Donne e agricoltura: aumentano le imprenditrici, anche nell'allevamento - intoscana","isPartOf":{"@id":"https:\/\/www.intoscana.it\/it\/#website"},"primaryImageOfPage":{"@id":"https:\/\/www.intoscana.it\/it\/donne-e-agricoltura-aumentano-le-imprenditrici-anche-nellallevamento\/#primaryimage"},"image":{"@id":"https:\/\/www.intoscana.it\/it\/donne-e-agricoltura-aumentano-le-imprenditrici-anche-nellallevamento\/#primaryimage"},"thumbnailUrl":"https:\/\/www.intoscana.it\/wp-content\/uploads\/AdobeStock_356362742.jpeg","datePublished":"2024-03-08T09:37:18+00:00","dateModified":"2024-03-08T09:42:43+00:00","author":{"@id":"https:\/\/www.intoscana.it\/it\/#\/schema\/person\/9223810753230f20bd670fdd322661f8"},"breadcrumb":{"@id":"https:\/\/www.intoscana.it\/it\/donne-e-agricoltura-aumentano-le-imprenditrici-anche-nellallevamento\/#breadcrumb"},"inLanguage":"it-IT","potentialAction":[{"@type":"ReadAction","target":["https:\/\/www.intoscana.it\/it\/donne-e-agricoltura-aumentano-le-imprenditrici-anche-nellallevamento\/"]}]},{"@type":"ImageObject","inLanguage":"it-IT","@id":"https:\/\/www.intoscana.it\/it\/donne-e-agricoltura-aumentano-le-imprenditrici-anche-nellallevamento\/#primaryimage","url":"https:\/\/www.intoscana.it\/wp-content\/uploads\/AdobeStock_356362742.jpeg","contentUrl":"https:\/\/www.intoscana.it\/wp-content\/uploads\/AdobeStock_356362742.jpeg","width":1280,"height":611},{"@type":"BreadcrumbList","@id":"https:\/\/www.intoscana.it\/it\/donne-e-agricoltura-aumentano-le-imprenditrici-anche-nellallevamento\/#breadcrumb","itemListElement":[{"@type":"ListItem","position":1,"name":"Home","item":"https:\/\/www.intoscana.it\/it\/"},{"@type":"ListItem","position":2,"name":"Donne e agricoltura: aumentano le imprenditrici, anche nell&#8217;allevamento"}]},{"@type":"WebSite","@id":"https:\/\/www.intoscana.it\/it\/#website","url":"https:\/\/www.intoscana.it\/it\/","name":"intoscana","description":"","potentialAction":[{"@type":"SearchAction","target":{"@type":"EntryPoint","urlTemplate":"https:\/\/www.intoscana.it\/it\/?s={search_term_string}"},"query-input":{"@type":"PropertyValueSpecification","valueRequired":true,"valueName":"search_term_string"}}],"inLanguage":"it-IT"},{"@type":"Person","@id":"https:\/\/www.intoscana.it\/it\/#\/schema\/person\/9223810753230f20bd670fdd322661f8","name":"Redazione","url":"https:\/\/www.intoscana.it\/it\/author\/redazione\/"}]}},"_links":{"self":[{"href":"https:\/\/www.intoscana.it\/it\/wp-json\/wp\/v2\/posts\/330472","targetHints":{"allow":["GET"]}}],"collection":[{"href":"https:\/\/www.intoscana.it\/it\/wp-json\/wp\/v2\/posts"}],"about":[{"href":"https:\/\/www.intoscana.it\/it\/wp-json\/wp\/v2\/types\/post"}],"author":[{"embeddable":true,"href":"https:\/\/www.intoscana.it\/it\/wp-json\/wp\/v2\/users\/525"}],"replies":[{"embeddable":true,"href":"https:\/\/www.intoscana.it\/it\/wp-json\/wp\/v2\/comments?post=330472"}],"version-history":[{"count":7,"href":"https:\/\/www.intoscana.it\/it\/wp-json\/wp\/v2\/posts\/330472\/revisions"}],"predecessor-version":[{"id":330493,"href":"https:\/\/www.intoscana.it\/it\/wp-json\/wp\/v2\/posts\/330472\/revisions\/330493"}],"wp:featuredmedia":[{"embeddable":true,"href":"https:\/\/www.intoscana.it\/it\/wp-json\/wp\/v2\/media\/330495"}],"wp:attachment":[{"href":"https:\/\/www.intoscana.it\/it\/wp-json\/wp\/v2\/media?parent=330472"}],"wp:term":[{"taxonomy":"category","embeddable":true,"href":"https:\/\/www.intoscana.it\/it\/wp-json\/wp\/v2\/categories?post=330472"},{"taxonomy":"post_tag","embeddable":true,"href":"https:\/\/www.intoscana.it\/it\/wp-json\/wp\/v2\/tags?post=330472"}],"curies":[{"name":"wp","href":"https:\/\/api.w.org\/{rel}","templated":true}]}}