{"id":330524,"date":"2024-03-08T13:03:20","date_gmt":"2024-03-08T12:03:20","guid":{"rendered":"https:\/\/www.intoscana.it\/it\/?p=330524"},"modified":"2024-03-09T13:14:50","modified_gmt":"2024-03-09T12:14:50","slug":"masterchef-passerella-fiorentina-per-la-vincitrice-eleonora-riso","status":"publish","type":"post","link":"https:\/\/www.intoscana.it\/it\/masterchef-passerella-fiorentina-per-la-vincitrice-eleonora-riso\/","title":{"rendered":"MasterChef, passerella fiorentina per la vincitrice Eleonora Riso"},"content":{"rendered":"<p>I bene informati la danno in questi giorni <strong>a Ravenna<\/strong> in compagnia del giovane medico <strong>Niccol\u00f2 Califano<\/strong> conosciuto durante il programma tv e con cui sarebbe scoccata la scintilla. La toscana <strong>Eleonora Riso<\/strong>, <a href=\"https:\/\/www.intoscana.it\/it\/masterchef-italia-la-vittoria-di-eleonora-riso-fa-sognare-la-toscana\/\" target=\"_blank\" rel=\"noopener\">vincitrice della 13esima edizione di <strong>MasterChef<\/strong> <\/a>si prepara invece a una passerella tutta fiorentina.<\/p>\n<p><strong>Sabato 9 marzo<\/strong>, alle 17, nel <strong>negozio Sky<\/strong> di via Panzani 14R \u00e8 attesa per un <strong>meet &amp; greet<\/strong> aperto al pubblico e<strong> luned\u00ec 11 al Conventino<\/strong> Caff\u00e8 Letterario, alle 18.30 per la presentazione del suo libro che esce oggi. <strong>Sabato 16 marzo<\/strong>, alle 16.30 sar\u00e0 inoltre nelle librerie Coop delle Officine Storiche di Porta a Mare, a <strong>Livorno<\/strong>.<\/p>\n<p>Il volume si intitola <em>&#8220;Laboratorio di sapori. 80 ricette ganzissime&#8221;, <\/em>edito da <strong>Baldini+Castoldi<\/strong>. All&#8217;<strong>incontro con i lettori<\/strong> e al <strong>firmacopie<\/strong> al Conventino sar\u00e0 presente anche il patron del Cibr\u00e8o <strong>Giulio Picchi<\/strong>, ristorante presso cui Eleonora ha lavorato dal 2018. Picchi e tutto lo staff hanno fatto un tifo sfegatato per Eleonora.<\/p>\n<p>Durante il programma Eleonora aveva raccontato di aver servito personaggi del calibro di <strong>Elton John e Jane Fonda<\/strong> e a proposito della ricetta che d\u00e0 il nome al ristorante, <strong>il cibr\u00e8o<\/strong>: &#8220;<em>Siamo tutti matti l\u00ec, io mi sono emozionata ad assaggiare un piatto tipico che fanno l\u00ec: una roba con le frattaglie, ho pianto quando l\u2019ho assaggiato&#8221;<\/em>.<\/p>\n<figure id=\"post-329327 media-329327\" class=\"align-none\"><img decoding=\"async\" src=\"https:\/\/www.intoscana.it\/wp-content\/uploads\/Eleonora-vincitrice-di-Masterchef-Italia-13-e1709282763459.jpeg\" alt=\"\" \/><\/figure>\n<div class=\"titleimg\">Eleonora Riso vincitrice di Masterchef Italia 13 \u2013 \u00a9 FB Masterchef Italia<\/div>\n<p>Dopo lo straordinario trionfo nello show<strong> Sky Original<\/strong> prodotto da <strong>Endemol Shine Italy<\/strong>, la duegiorni in Toscana \u00e8 l&#8217;occasione per la <strong>27enne livornese<\/strong> di tornare a Firenze e incontrare coloro che l&#8217;hanno sostenuta da lontano durante il programma tv e pure accompagnata nel suo percorso di <strong>scoperta della cucina<\/strong>.<\/p>\n<p>Conoscenza che l&#8217;ex <strong>cameriera del Cibr\u00e8o<\/strong> ora potr\u00e0 approfondire ancora di pi\u00f9: oltre ad aver conquistato <strong>100.000 euro in gettoni d\u2019oro<\/strong>, potr\u00e0 infatti frequentare un <strong>corso di alta formazione<\/strong> presso <strong>Alma &#8211; La Scuola Internazionale di Cucina Italiana<\/strong>. Altra esperienza che c&#8217;\u00e8 da essere sicuri la porter\u00e0 lontano se \u00e8 vero che nel suo futuro sogna un ristorante nel bosco dove cucinare per pochi selezionati clienti.<\/p>\n","protected":false},"excerpt":{"rendered":"<p>Sabato 9 marzo meet&amp;greet con i fan nel negozio Sky di via Panzani, luned\u00ec 11 la presentazione del libro al Conventino con il patron del Cibr\u00e8o Giulio Picchi<\/p>\n","protected":false},"author":554,"featured_media":330532,"comment_status":"open","ping_status":"open","sticky":false,"template":"","format":"standard","meta":{"_acf_changed":false,"footnotes":""},"categories":[4],"tags":[6476,5268],"class_list":["post-330524","post","type-post","status-publish","format-standard","has-post-thumbnail","hentry","category-storie","tag-cucina","tag-tv"],"acf":[],"yoast_head":"<!-- This site is optimized with the Yoast SEO Premium plugin v24.2 (Yoast SEO v25.6) - https:\/\/yoast.com\/wordpress\/plugins\/seo\/ -->\n<title>MasterChef, passerella fiorentina per la vincitrice Eleonora Riso - intoscana<\/title>\n<meta name=\"description\" content=\"Sabato 9 marzo meet&amp;greet con i fan nel negozio Sky di via Panzani, luned\u00ec 11 presentazione del libro al Conventino con il patron del Cibr\u00e8o\" \/>\n<meta name=\"robots\" content=\"index, follow, max-snippet:-1, max-image-preview:large, max-video-preview:-1\" \/>\n<link rel=\"canonical\" href=\"https:\/\/www.intoscana.it\/it\/masterchef-passerella-fiorentina-per-la-vincitrice-eleonora-riso\/\" \/>\n<meta property=\"og:locale\" content=\"it_IT\" \/>\n<meta property=\"og:type\" content=\"article\" \/>\n<meta property=\"og:title\" content=\"MasterChef, passerella fiorentina per la vincitrice Eleonora Riso\" \/>\n<meta property=\"og:description\" content=\"Sabato 9 marzo meet&amp;greet con i fan nel negozio Sky di via Panzani, luned\u00ec 11 presentazione del libro al Conventino con il patron del Cibr\u00e8o\" \/>\n<meta property=\"og:url\" content=\"https:\/\/www.intoscana.it\/it\/masterchef-passerella-fiorentina-per-la-vincitrice-eleonora-riso\/\" \/>\n<meta property=\"og:site_name\" content=\"intoscana\" \/>\n<meta property=\"article:publisher\" content=\"https:\/\/www.facebook.com\/intoscana.it\" \/>\n<meta property=\"article:published_time\" content=\"2024-03-08T12:03:20+00:00\" \/>\n<meta property=\"article:modified_time\" content=\"2024-03-09T12:14:50+00:00\" \/>\n<meta property=\"og:image\" content=\"https:\/\/www.intoscana.it\/wp-content\/uploads\/Eleonora-Riso-vincitrice-di-MasterChef-davanti-al-Cibreo.jpg\" \/>\n\t<meta property=\"og:image:width\" content=\"1328\" \/>\n\t<meta property=\"og:image:height\" content=\"1233\" \/>\n\t<meta property=\"og:image:type\" content=\"image\/jpeg\" \/>\n<meta name=\"author\" content=\"Raffaella Galamini\" \/>\n<meta name=\"twitter:card\" content=\"summary_large_image\" \/>\n<meta name=\"twitter:creator\" content=\"@orio\" \/>\n<meta name=\"twitter:site\" content=\"@intoscana\" \/>\n<meta name=\"twitter:label1\" content=\"Written by\" \/>\n\t<meta name=\"twitter:data1\" content=\"Raffaella Galamini\" \/>\n\t<meta name=\"twitter:label2\" content=\"Est. reading time\" \/>\n\t<meta name=\"twitter:data2\" content=\"3 minuti\" \/>\n<script type=\"application\/ld+json\" class=\"yoast-schema-graph\">{\"@context\":\"https:\/\/schema.org\",\"@graph\":[{\"@type\":\"WebPage\",\"@id\":\"https:\/\/www.intoscana.it\/it\/masterchef-passerella-fiorentina-per-la-vincitrice-eleonora-riso\/\",\"url\":\"https:\/\/www.intoscana.it\/it\/masterchef-passerella-fiorentina-per-la-vincitrice-eleonora-riso\/\",\"name\":\"MasterChef, passerella fiorentina per la vincitrice Eleonora Riso - intoscana\",\"isPartOf\":{\"@id\":\"https:\/\/www.intoscana.it\/it\/#website\"},\"primaryImageOfPage\":{\"@id\":\"https:\/\/www.intoscana.it\/it\/masterchef-passerella-fiorentina-per-la-vincitrice-eleonora-riso\/#primaryimage\"},\"image\":{\"@id\":\"https:\/\/www.intoscana.it\/it\/masterchef-passerella-fiorentina-per-la-vincitrice-eleonora-riso\/#primaryimage\"},\"thumbnailUrl\":\"https:\/\/www.intoscana.it\/wp-content\/uploads\/Eleonora-Riso-vincitrice-di-MasterChef-davanti-al-Cibreo.jpg\",\"datePublished\":\"2024-03-08T12:03:20+00:00\",\"dateModified\":\"2024-03-09T12:14:50+00:00\",\"author\":{\"@id\":\"https:\/\/www.intoscana.it\/it\/#\/schema\/person\/9eb9daa846a49fe51af39a73d9d1986b\"},\"description\":\"Sabato 9 marzo meet&greet con i fan nel negozio Sky di via Panzani, luned\u00ec 11 presentazione del libro al Conventino con il patron del Cibr\u00e8o\",\"breadcrumb\":{\"@id\":\"https:\/\/www.intoscana.it\/it\/masterchef-passerella-fiorentina-per-la-vincitrice-eleonora-riso\/#breadcrumb\"},\"inLanguage\":\"it-IT\",\"potentialAction\":[{\"@type\":\"ReadAction\",\"target\":[\"https:\/\/www.intoscana.it\/it\/masterchef-passerella-fiorentina-per-la-vincitrice-eleonora-riso\/\"]}]},{\"@type\":\"ImageObject\",\"inLanguage\":\"it-IT\",\"@id\":\"https:\/\/www.intoscana.it\/it\/masterchef-passerella-fiorentina-per-la-vincitrice-eleonora-riso\/#primaryimage\",\"url\":\"https:\/\/www.intoscana.it\/wp-content\/uploads\/Eleonora-Riso-vincitrice-di-MasterChef-davanti-al-Cibreo.jpg\",\"contentUrl\":\"https:\/\/www.intoscana.it\/wp-content\/uploads\/Eleonora-Riso-vincitrice-di-MasterChef-davanti-al-Cibreo.jpg\",\"width\":1328,\"height\":1233,\"caption\":\"Eleonora Riso, vincitrice di MasterChef\"},{\"@type\":\"BreadcrumbList\",\"@id\":\"https:\/\/www.intoscana.it\/it\/masterchef-passerella-fiorentina-per-la-vincitrice-eleonora-riso\/#breadcrumb\",\"itemListElement\":[{\"@type\":\"ListItem\",\"position\":1,\"name\":\"Home\",\"item\":\"https:\/\/www.intoscana.it\/it\/\"},{\"@type\":\"ListItem\",\"position\":2,\"name\":\"MasterChef, passerella fiorentina per la vincitrice Eleonora Riso\"}]},{\"@type\":\"WebSite\",\"@id\":\"https:\/\/www.intoscana.it\/it\/#website\",\"url\":\"https:\/\/www.intoscana.it\/it\/\",\"name\":\"intoscana\",\"description\":\"\",\"potentialAction\":[{\"@type\":\"SearchAction\",\"target\":{\"@type\":\"EntryPoint\",\"urlTemplate\":\"https:\/\/www.intoscana.it\/it\/?s={search_term_string}\"},\"query-input\":{\"@type\":\"PropertyValueSpecification\",\"valueRequired\":true,\"valueName\":\"search_term_string\"}}],\"inLanguage\":\"it-IT\"},{\"@type\":\"Person\",\"@id\":\"https:\/\/www.intoscana.it\/it\/#\/schema\/person\/9eb9daa846a49fe51af39a73d9d1986b\",\"name\":\"Raffaella Galamini\",\"sameAs\":[\"https:\/\/x.com\/orio\"],\"url\":\"https:\/\/www.intoscana.it\/it\/author\/r-galamini\/\"}]}<\/script>\n<!-- \/ Yoast SEO Premium plugin. -->","yoast_head_json":{"title":"MasterChef, passerella fiorentina per la vincitrice Eleonora Riso - intoscana","description":"Sabato 9 marzo meet&greet con i fan nel negozio Sky di via Panzani, luned\u00ec 11 presentazione del libro al Conventino con il patron del Cibr\u00e8o","robots":{"index":"index","follow":"follow","max-snippet":"max-snippet:-1","max-image-preview":"max-image-preview:large","max-video-preview":"max-video-preview:-1"},"canonical":"https:\/\/www.intoscana.it\/it\/masterchef-passerella-fiorentina-per-la-vincitrice-eleonora-riso\/","og_locale":"it_IT","og_type":"article","og_title":"MasterChef, passerella fiorentina per la vincitrice Eleonora Riso","og_description":"Sabato 9 marzo meet&greet con i fan nel negozio Sky di via Panzani, luned\u00ec 11 presentazione del libro al Conventino con il patron del Cibr\u00e8o","og_url":"https:\/\/www.intoscana.it\/it\/masterchef-passerella-fiorentina-per-la-vincitrice-eleonora-riso\/","og_site_name":"intoscana","article_publisher":"https:\/\/www.facebook.com\/intoscana.it","article_published_time":"2024-03-08T12:03:20+00:00","article_modified_time":"2024-03-09T12:14:50+00:00","og_image":[{"width":1328,"height":1233,"url":"https:\/\/www.intoscana.it\/wp-content\/uploads\/Eleonora-Riso-vincitrice-di-MasterChef-davanti-al-Cibreo.jpg","type":"image\/jpeg"}],"author":"Raffaella Galamini","twitter_card":"summary_large_image","twitter_creator":"@orio","twitter_site":"@intoscana","twitter_misc":{"Written by":"Raffaella Galamini","Est. reading time":"3 minuti"},"schema":{"@context":"https:\/\/schema.org","@graph":[{"@type":"WebPage","@id":"https:\/\/www.intoscana.it\/it\/masterchef-passerella-fiorentina-per-la-vincitrice-eleonora-riso\/","url":"https:\/\/www.intoscana.it\/it\/masterchef-passerella-fiorentina-per-la-vincitrice-eleonora-riso\/","name":"MasterChef, passerella fiorentina per la vincitrice Eleonora Riso - intoscana","isPartOf":{"@id":"https:\/\/www.intoscana.it\/it\/#website"},"primaryImageOfPage":{"@id":"https:\/\/www.intoscana.it\/it\/masterchef-passerella-fiorentina-per-la-vincitrice-eleonora-riso\/#primaryimage"},"image":{"@id":"https:\/\/www.intoscana.it\/it\/masterchef-passerella-fiorentina-per-la-vincitrice-eleonora-riso\/#primaryimage"},"thumbnailUrl":"https:\/\/www.intoscana.it\/wp-content\/uploads\/Eleonora-Riso-vincitrice-di-MasterChef-davanti-al-Cibreo.jpg","datePublished":"2024-03-08T12:03:20+00:00","dateModified":"2024-03-09T12:14:50+00:00","author":{"@id":"https:\/\/www.intoscana.it\/it\/#\/schema\/person\/9eb9daa846a49fe51af39a73d9d1986b"},"description":"Sabato 9 marzo meet&greet con i fan nel negozio Sky di via Panzani, luned\u00ec 11 presentazione del libro al Conventino con il patron del Cibr\u00e8o","breadcrumb":{"@id":"https:\/\/www.intoscana.it\/it\/masterchef-passerella-fiorentina-per-la-vincitrice-eleonora-riso\/#breadcrumb"},"inLanguage":"it-IT","potentialAction":[{"@type":"ReadAction","target":["https:\/\/www.intoscana.it\/it\/masterchef-passerella-fiorentina-per-la-vincitrice-eleonora-riso\/"]}]},{"@type":"ImageObject","inLanguage":"it-IT","@id":"https:\/\/www.intoscana.it\/it\/masterchef-passerella-fiorentina-per-la-vincitrice-eleonora-riso\/#primaryimage","url":"https:\/\/www.intoscana.it\/wp-content\/uploads\/Eleonora-Riso-vincitrice-di-MasterChef-davanti-al-Cibreo.jpg","contentUrl":"https:\/\/www.intoscana.it\/wp-content\/uploads\/Eleonora-Riso-vincitrice-di-MasterChef-davanti-al-Cibreo.jpg","width":1328,"height":1233,"caption":"Eleonora Riso, vincitrice di MasterChef"},{"@type":"BreadcrumbList","@id":"https:\/\/www.intoscana.it\/it\/masterchef-passerella-fiorentina-per-la-vincitrice-eleonora-riso\/#breadcrumb","itemListElement":[{"@type":"ListItem","position":1,"name":"Home","item":"https:\/\/www.intoscana.it\/it\/"},{"@type":"ListItem","position":2,"name":"MasterChef, passerella fiorentina per la vincitrice Eleonora Riso"}]},{"@type":"WebSite","@id":"https:\/\/www.intoscana.it\/it\/#website","url":"https:\/\/www.intoscana.it\/it\/","name":"intoscana","description":"","potentialAction":[{"@type":"SearchAction","target":{"@type":"EntryPoint","urlTemplate":"https:\/\/www.intoscana.it\/it\/?s={search_term_string}"},"query-input":{"@type":"PropertyValueSpecification","valueRequired":true,"valueName":"search_term_string"}}],"inLanguage":"it-IT"},{"@type":"Person","@id":"https:\/\/www.intoscana.it\/it\/#\/schema\/person\/9eb9daa846a49fe51af39a73d9d1986b","name":"Raffaella Galamini","sameAs":["https:\/\/x.com\/orio"],"url":"https:\/\/www.intoscana.it\/it\/author\/r-galamini\/"}]}},"_links":{"self":[{"href":"https:\/\/www.intoscana.it\/it\/wp-json\/wp\/v2\/posts\/330524","targetHints":{"allow":["GET"]}}],"collection":[{"href":"https:\/\/www.intoscana.it\/it\/wp-json\/wp\/v2\/posts"}],"about":[{"href":"https:\/\/www.intoscana.it\/it\/wp-json\/wp\/v2\/types\/post"}],"author":[{"embeddable":true,"href":"https:\/\/www.intoscana.it\/it\/wp-json\/wp\/v2\/users\/554"}],"replies":[{"embeddable":true,"href":"https:\/\/www.intoscana.it\/it\/wp-json\/wp\/v2\/comments?post=330524"}],"version-history":[{"count":11,"href":"https:\/\/www.intoscana.it\/it\/wp-json\/wp\/v2\/posts\/330524\/revisions"}],"predecessor-version":[{"id":330671,"href":"https:\/\/www.intoscana.it\/it\/wp-json\/wp\/v2\/posts\/330524\/revisions\/330671"}],"wp:featuredmedia":[{"embeddable":true,"href":"https:\/\/www.intoscana.it\/it\/wp-json\/wp\/v2\/media\/330532"}],"wp:attachment":[{"href":"https:\/\/www.intoscana.it\/it\/wp-json\/wp\/v2\/media?parent=330524"}],"wp:term":[{"taxonomy":"category","embeddable":true,"href":"https:\/\/www.intoscana.it\/it\/wp-json\/wp\/v2\/categories?post=330524"},{"taxonomy":"post_tag","embeddable":true,"href":"https:\/\/www.intoscana.it\/it\/wp-json\/wp\/v2\/tags?post=330524"}],"curies":[{"name":"wp","href":"https:\/\/api.w.org\/{rel}","templated":true}]}}