{"id":330792,"date":"2024-03-11T10:54:59","date_gmt":"2024-03-11T09:54:59","guid":{"rendered":"https:\/\/www.intoscana.it\/it\/?p=330792"},"modified":"2024-03-11T10:54:59","modified_gmt":"2024-03-11T09:54:59","slug":"al-cinema-un-altro-ferragosto-di-paolo-virzi-specchio-dellitalia-di-oggi","status":"publish","type":"post","link":"https:\/\/www.intoscana.it\/it\/al-cinema-un-altro-ferragosto-di-paolo-virzi-specchio-dellitalia-di-oggi\/","title":{"rendered":"Al cinema &#8220;Un altro Ferragosto&#8221; di Paolo Virz\u00ec specchio dell&#8217;Italia di oggi"},"content":{"rendered":"<p><strong>Il 7 marzo<\/strong> \u00e8 uscito nella sale cinematografiche di tutta Italia <a href=\"https:\/\/www.intoscana.it\/it\/virzi-e-la-sua-estate-livornese-a-gennaio-il-sequel-di-ferie-dagosto-e-forse-una-serie-sulle-teste-di-modi\/\" target=\"_blank\" rel=\"noopener\"><em><strong>&#8220;Un altro Ferragosto&#8221;<\/strong> <\/em><\/a>il seguito dell&#8217;acclamato <strong><em>Ferie d&#8217;Agosto<\/em><\/strong> del 1996, film cult che valse a <strong>Paolo Virz\u00ec il David di Donatello<\/strong> come <strong>Miglior Film.<\/strong><\/p>\n<p>Il <strong>regista livornese doc<\/strong> firma la sua<strong> 23esima pellicola<\/strong> che arriva dopo il controverso<strong><em> &#8220;Siccit\u00e0&#8221;<\/em> <\/strong>del 2022.<\/p>\n<p>Il lungometraggio riporta sull<strong>&#8216;isola di Ventotene<\/strong> le due famiglie dei <strong>Molino<\/strong> e dei <strong>Mazzalupi,<\/strong> a trent&#8217;anni di distanza dal film precedente, per trascorrere le tanto agognate <strong>ferie d&#8217;agosto.\u00a0<\/strong><\/p>\n<p>Il ritorno di entrambi i clan sull\u2019isola \u00e8 l\u2019occasione per <strong>un nuovo confronto<\/strong> generazionale tra <strong>lo stile di vita &#8220;di sinistra&#8221;<\/strong> e l&#8217;arroganza dei <strong>&#8220;nuovi barbari&#8221;<\/strong> freschi di vittoria <strong>berlusconiana.\u00a0<\/strong><\/p>\n<p>I personaggi tornano in<strong> un film che si confronta continuamente con il tema della morte:<\/strong> quella fisica di <strong>Ruggero e Marcello<\/strong> e quella<strong> politica delle ideologie.<\/strong><\/p>\n<p><iframe loading=\"lazy\" title=\"YouTube video player\" src=\"https:\/\/www.youtube.com\/embed\/THXqUd-ndNQ?si=M1srC4j98r95VRHP\" width=\"800\" height=\"450\" frameborder=\"0\" allowfullscreen=\"allowfullscreen\"><span data-mce-type=\"bookmark\" style=\"display: inline-block; width: 0px; overflow: hidden; line-height: 0;\" class=\"mce_SELRES_start\">\ufeff<\/span><\/iframe><\/p>\n<p>Nel film recula un cast eccezionali con alcuni tra i migliori attori italiani, tra cui: <strong>Silvio Orlando, Sabrina Ferilli, Christian De Sica, Laura Morante, Andrea Carpenzano,<\/strong> Vinicio Marchioni, Anna Ferraioli Ravel. E Gigio Alberti, Agnese Claisse, Paola Tiziana Cruciani, Claudia Della Seta, <strong>Emanuela Fanelli, Lorenzo Fantastichini,<\/strong> Liliana Fiorelli, Raffaella Lebboroni, Milena Mancini, Maria Laura Rondanini, Ema Stokholma, Lele Vannoli, Silvio Vannucci e con l&#8217;amichevole partecipazione di Rocco Papaleo. <p><span class=\"citazione\">\u00c8 un film sulla morte, non dobbiamo aver paura di questa parola, la morte fa parte della vita<\/span><\/p><\/p>\n<p>La storia \u00e8 stata ideata da <strong>Paolo Virz\u00ec e Carlo Virz\u00ec,<\/strong> la sceneggiatura \u00e8 firmata da <strong>Francesco Bruni, Carlo Virz\u00ec e Paolo Virz\u00ec.<\/strong><\/p>\n<p><em>&#8220;\u00c8 un bilancio sul tempo che passa su queste due famiglie in cui non arriva certo la maturit\u00e0, casomai diventano pi\u00f9 fragili. Questo film \u00e8 anche una riflessione su me stesso e sul mio rapporto con il tempo. Non a caso lo presento nel giorno in cui compio sessant&#8217;anni: chi avrebbe mai pensato di arrivarci?&#8221; &#8211;<\/em> <strong>ha raccontato Paolo Virz\u00ec all&#8217;ANSA<\/strong> &#8211;\u00a0<em>&#8220;<strong>\u00c8 un film sulla morte, non dobbiamo aver paura di questa parola, la morte fa parte della vita<\/strong>, c&#8217;\u00e8 gente che muore, ma ci sono anche delle rinascite, delle cose positive&#8221;. <\/em><\/p>\n<figure id=\"post-330794 media-330794\" class=\"align-none\"><img decoding=\"async\" src=\"https:\/\/www.intoscana.it\/wp-content\/uploads\/un-altro-ferragosto.jpg\" alt=\"\" \/><\/figure>\n<div class=\"titleimg\">Un altro Ferragosto<\/div>\n","protected":false},"excerpt":{"rendered":"<p>\u00c8 arrivato nelle sale italiane il seguito dell&#8217;acclamato &#8220;Ferie d&#8217;Agosto&#8221; del 1996, film cult che valse a Paolo Virz\u00ec il David di Donatello come Miglior Film<\/p>\n","protected":false},"author":518,"featured_media":330795,"comment_status":"open","ping_status":"open","sticky":false,"template":"","format":"standard","meta":{"_acf_changed":false,"footnotes":""},"categories":[493],"tags":[188,6543],"class_list":["post-330792","post","type-post","status-publish","format-standard","has-post-thumbnail","hentry","category-cultura","tag-cinema","tag-paolo-virzi"],"acf":[],"yoast_head":"<!-- This site is optimized with the Yoast SEO Premium plugin v24.2 (Yoast SEO v25.6) - https:\/\/yoast.com\/wordpress\/plugins\/seo\/ -->\n<title>Al cinema &quot;Un altro Ferragosto&quot; di Paolo Virz\u00ec specchio dell&#039;Italia di oggi - intoscana<\/title>\n<meta name=\"description\" content=\"\u00c8 arrivato nelle sale italiane il seguito dell&#039;acclamato &quot;Ferie d&#039;Agosto&quot; del 1996, film cult che valse a Paolo Virz\u00ec il David di Donatello\" \/>\n<meta name=\"robots\" content=\"index, follow, max-snippet:-1, max-image-preview:large, max-video-preview:-1\" \/>\n<link rel=\"canonical\" href=\"https:\/\/www.intoscana.it\/it\/al-cinema-un-altro-ferragosto-di-paolo-virzi-specchio-dellitalia-di-oggi\/\" \/>\n<meta property=\"og:locale\" content=\"it_IT\" \/>\n<meta property=\"og:type\" content=\"article\" \/>\n<meta property=\"og:title\" content=\"Al cinema &quot;Un altro Ferragosto&quot; di Paolo Virz\u00ec specchio dell&#039;Italia di oggi\" \/>\n<meta property=\"og:description\" content=\"\u00c8 arrivato nelle sale italiane il seguito dell&#039;acclamato &quot;Ferie d&#039;Agosto&quot; del 1996, film cult che valse a Paolo Virz\u00ec il David di Donatello\" \/>\n<meta property=\"og:url\" content=\"https:\/\/www.intoscana.it\/it\/al-cinema-un-altro-ferragosto-di-paolo-virzi-specchio-dellitalia-di-oggi\/\" \/>\n<meta property=\"og:site_name\" content=\"intoscana\" \/>\n<meta property=\"article:publisher\" content=\"https:\/\/www.facebook.com\/intoscana.it\" \/>\n<meta property=\"article:published_time\" content=\"2024-03-11T09:54:59+00:00\" \/>\n<meta property=\"og:image\" content=\"https:\/\/www.intoscana.it\/wp-content\/uploads\/virzi_set_un_altro_ferragosto.webp\" \/>\n\t<meta property=\"og:image:width\" content=\"1280\" \/>\n\t<meta property=\"og:image:height\" content=\"720\" \/>\n\t<meta property=\"og:image:type\" content=\"image\/webp\" \/>\n<meta name=\"author\" content=\"Costanza Baldini\" \/>\n<meta name=\"twitter:card\" content=\"summary_large_image\" \/>\n<meta name=\"twitter:creator\" content=\"@intoscana\" \/>\n<meta name=\"twitter:site\" content=\"@intoscana\" \/>\n<meta name=\"twitter:label1\" content=\"Written by\" \/>\n\t<meta name=\"twitter:data1\" content=\"Costanza Baldini\" \/>\n\t<meta name=\"twitter:label2\" content=\"Est. reading time\" \/>\n\t<meta name=\"twitter:data2\" content=\"3 minuti\" \/>\n<script type=\"application\/ld+json\" class=\"yoast-schema-graph\">{\"@context\":\"https:\/\/schema.org\",\"@graph\":[{\"@type\":\"WebPage\",\"@id\":\"https:\/\/www.intoscana.it\/it\/al-cinema-un-altro-ferragosto-di-paolo-virzi-specchio-dellitalia-di-oggi\/\",\"url\":\"https:\/\/www.intoscana.it\/it\/al-cinema-un-altro-ferragosto-di-paolo-virzi-specchio-dellitalia-di-oggi\/\",\"name\":\"Al cinema \\\"Un altro Ferragosto\\\" di Paolo Virz\u00ec specchio dell'Italia di oggi - intoscana\",\"isPartOf\":{\"@id\":\"https:\/\/www.intoscana.it\/it\/#website\"},\"primaryImageOfPage\":{\"@id\":\"https:\/\/www.intoscana.it\/it\/al-cinema-un-altro-ferragosto-di-paolo-virzi-specchio-dellitalia-di-oggi\/#primaryimage\"},\"image\":{\"@id\":\"https:\/\/www.intoscana.it\/it\/al-cinema-un-altro-ferragosto-di-paolo-virzi-specchio-dellitalia-di-oggi\/#primaryimage\"},\"thumbnailUrl\":\"https:\/\/www.intoscana.it\/wp-content\/uploads\/virzi_set_un_altro_ferragosto.webp\",\"datePublished\":\"2024-03-11T09:54:59+00:00\",\"author\":{\"@id\":\"https:\/\/www.intoscana.it\/it\/#\/schema\/person\/d469f35f09739bdf00bf5dd3f0647a82\"},\"description\":\"\u00c8 arrivato nelle sale italiane il seguito dell'acclamato \\\"Ferie d'Agosto\\\" del 1996, film cult che valse a Paolo Virz\u00ec il David di Donatello\",\"breadcrumb\":{\"@id\":\"https:\/\/www.intoscana.it\/it\/al-cinema-un-altro-ferragosto-di-paolo-virzi-specchio-dellitalia-di-oggi\/#breadcrumb\"},\"inLanguage\":\"it-IT\",\"potentialAction\":[{\"@type\":\"ReadAction\",\"target\":[\"https:\/\/www.intoscana.it\/it\/al-cinema-un-altro-ferragosto-di-paolo-virzi-specchio-dellitalia-di-oggi\/\"]}]},{\"@type\":\"ImageObject\",\"inLanguage\":\"it-IT\",\"@id\":\"https:\/\/www.intoscana.it\/it\/al-cinema-un-altro-ferragosto-di-paolo-virzi-specchio-dellitalia-di-oggi\/#primaryimage\",\"url\":\"https:\/\/www.intoscana.it\/wp-content\/uploads\/virzi_set_un_altro_ferragosto.webp\",\"contentUrl\":\"https:\/\/www.intoscana.it\/wp-content\/uploads\/virzi_set_un_altro_ferragosto.webp\",\"width\":1280,\"height\":720,\"caption\":\"Virz\u00ec sul set di Un altro Ferragosto\"},{\"@type\":\"BreadcrumbList\",\"@id\":\"https:\/\/www.intoscana.it\/it\/al-cinema-un-altro-ferragosto-di-paolo-virzi-specchio-dellitalia-di-oggi\/#breadcrumb\",\"itemListElement\":[{\"@type\":\"ListItem\",\"position\":1,\"name\":\"Home\",\"item\":\"https:\/\/www.intoscana.it\/it\/\"},{\"@type\":\"ListItem\",\"position\":2,\"name\":\"Al cinema &#8220;Un altro Ferragosto&#8221; di Paolo Virz\u00ec specchio dell&#8217;Italia di oggi\"}]},{\"@type\":\"WebSite\",\"@id\":\"https:\/\/www.intoscana.it\/it\/#website\",\"url\":\"https:\/\/www.intoscana.it\/it\/\",\"name\":\"intoscana\",\"description\":\"\",\"potentialAction\":[{\"@type\":\"SearchAction\",\"target\":{\"@type\":\"EntryPoint\",\"urlTemplate\":\"https:\/\/www.intoscana.it\/it\/?s={search_term_string}\"},\"query-input\":{\"@type\":\"PropertyValueSpecification\",\"valueRequired\":true,\"valueName\":\"search_term_string\"}}],\"inLanguage\":\"it-IT\"},{\"@type\":\"Person\",\"@id\":\"https:\/\/www.intoscana.it\/it\/#\/schema\/person\/d469f35f09739bdf00bf5dd3f0647a82\",\"name\":\"Costanza Baldini\",\"url\":\"https:\/\/www.intoscana.it\/it\/author\/costanza-baldini\/\"}]}<\/script>\n<!-- \/ Yoast SEO Premium plugin. -->","yoast_head_json":{"title":"Al cinema \"Un altro Ferragosto\" di Paolo Virz\u00ec specchio dell'Italia di oggi - intoscana","description":"\u00c8 arrivato nelle sale italiane il seguito dell'acclamato \"Ferie d'Agosto\" del 1996, film cult che valse a Paolo Virz\u00ec il David di Donatello","robots":{"index":"index","follow":"follow","max-snippet":"max-snippet:-1","max-image-preview":"max-image-preview:large","max-video-preview":"max-video-preview:-1"},"canonical":"https:\/\/www.intoscana.it\/it\/al-cinema-un-altro-ferragosto-di-paolo-virzi-specchio-dellitalia-di-oggi\/","og_locale":"it_IT","og_type":"article","og_title":"Al cinema \"Un altro Ferragosto\" di Paolo Virz\u00ec specchio dell'Italia di oggi","og_description":"\u00c8 arrivato nelle sale italiane il seguito dell'acclamato \"Ferie d'Agosto\" del 1996, film cult che valse a Paolo Virz\u00ec il David di Donatello","og_url":"https:\/\/www.intoscana.it\/it\/al-cinema-un-altro-ferragosto-di-paolo-virzi-specchio-dellitalia-di-oggi\/","og_site_name":"intoscana","article_publisher":"https:\/\/www.facebook.com\/intoscana.it","article_published_time":"2024-03-11T09:54:59+00:00","og_image":[{"width":1280,"height":720,"url":"https:\/\/www.intoscana.it\/wp-content\/uploads\/virzi_set_un_altro_ferragosto.webp","type":"image\/webp"}],"author":"Costanza Baldini","twitter_card":"summary_large_image","twitter_creator":"@intoscana","twitter_site":"@intoscana","twitter_misc":{"Written by":"Costanza Baldini","Est. reading time":"3 minuti"},"schema":{"@context":"https:\/\/schema.org","@graph":[{"@type":"WebPage","@id":"https:\/\/www.intoscana.it\/it\/al-cinema-un-altro-ferragosto-di-paolo-virzi-specchio-dellitalia-di-oggi\/","url":"https:\/\/www.intoscana.it\/it\/al-cinema-un-altro-ferragosto-di-paolo-virzi-specchio-dellitalia-di-oggi\/","name":"Al cinema \"Un altro Ferragosto\" di Paolo Virz\u00ec specchio dell'Italia di oggi - intoscana","isPartOf":{"@id":"https:\/\/www.intoscana.it\/it\/#website"},"primaryImageOfPage":{"@id":"https:\/\/www.intoscana.it\/it\/al-cinema-un-altro-ferragosto-di-paolo-virzi-specchio-dellitalia-di-oggi\/#primaryimage"},"image":{"@id":"https:\/\/www.intoscana.it\/it\/al-cinema-un-altro-ferragosto-di-paolo-virzi-specchio-dellitalia-di-oggi\/#primaryimage"},"thumbnailUrl":"https:\/\/www.intoscana.it\/wp-content\/uploads\/virzi_set_un_altro_ferragosto.webp","datePublished":"2024-03-11T09:54:59+00:00","author":{"@id":"https:\/\/www.intoscana.it\/it\/#\/schema\/person\/d469f35f09739bdf00bf5dd3f0647a82"},"description":"\u00c8 arrivato nelle sale italiane il seguito dell'acclamato \"Ferie d'Agosto\" del 1996, film cult che valse a Paolo Virz\u00ec il David di Donatello","breadcrumb":{"@id":"https:\/\/www.intoscana.it\/it\/al-cinema-un-altro-ferragosto-di-paolo-virzi-specchio-dellitalia-di-oggi\/#breadcrumb"},"inLanguage":"it-IT","potentialAction":[{"@type":"ReadAction","target":["https:\/\/www.intoscana.it\/it\/al-cinema-un-altro-ferragosto-di-paolo-virzi-specchio-dellitalia-di-oggi\/"]}]},{"@type":"ImageObject","inLanguage":"it-IT","@id":"https:\/\/www.intoscana.it\/it\/al-cinema-un-altro-ferragosto-di-paolo-virzi-specchio-dellitalia-di-oggi\/#primaryimage","url":"https:\/\/www.intoscana.it\/wp-content\/uploads\/virzi_set_un_altro_ferragosto.webp","contentUrl":"https:\/\/www.intoscana.it\/wp-content\/uploads\/virzi_set_un_altro_ferragosto.webp","width":1280,"height":720,"caption":"Virz\u00ec sul set di Un altro Ferragosto"},{"@type":"BreadcrumbList","@id":"https:\/\/www.intoscana.it\/it\/al-cinema-un-altro-ferragosto-di-paolo-virzi-specchio-dellitalia-di-oggi\/#breadcrumb","itemListElement":[{"@type":"ListItem","position":1,"name":"Home","item":"https:\/\/www.intoscana.it\/it\/"},{"@type":"ListItem","position":2,"name":"Al cinema &#8220;Un altro Ferragosto&#8221; di Paolo Virz\u00ec specchio dell&#8217;Italia di oggi"}]},{"@type":"WebSite","@id":"https:\/\/www.intoscana.it\/it\/#website","url":"https:\/\/www.intoscana.it\/it\/","name":"intoscana","description":"","potentialAction":[{"@type":"SearchAction","target":{"@type":"EntryPoint","urlTemplate":"https:\/\/www.intoscana.it\/it\/?s={search_term_string}"},"query-input":{"@type":"PropertyValueSpecification","valueRequired":true,"valueName":"search_term_string"}}],"inLanguage":"it-IT"},{"@type":"Person","@id":"https:\/\/www.intoscana.it\/it\/#\/schema\/person\/d469f35f09739bdf00bf5dd3f0647a82","name":"Costanza Baldini","url":"https:\/\/www.intoscana.it\/it\/author\/costanza-baldini\/"}]}},"_links":{"self":[{"href":"https:\/\/www.intoscana.it\/it\/wp-json\/wp\/v2\/posts\/330792","targetHints":{"allow":["GET"]}}],"collection":[{"href":"https:\/\/www.intoscana.it\/it\/wp-json\/wp\/v2\/posts"}],"about":[{"href":"https:\/\/www.intoscana.it\/it\/wp-json\/wp\/v2\/types\/post"}],"author":[{"embeddable":true,"href":"https:\/\/www.intoscana.it\/it\/wp-json\/wp\/v2\/users\/518"}],"replies":[{"embeddable":true,"href":"https:\/\/www.intoscana.it\/it\/wp-json\/wp\/v2\/comments?post=330792"}],"version-history":[{"count":10,"href":"https:\/\/www.intoscana.it\/it\/wp-json\/wp\/v2\/posts\/330792\/revisions"}],"predecessor-version":[{"id":330831,"href":"https:\/\/www.intoscana.it\/it\/wp-json\/wp\/v2\/posts\/330792\/revisions\/330831"}],"wp:featuredmedia":[{"embeddable":true,"href":"https:\/\/www.intoscana.it\/it\/wp-json\/wp\/v2\/media\/330795"}],"wp:attachment":[{"href":"https:\/\/www.intoscana.it\/it\/wp-json\/wp\/v2\/media?parent=330792"}],"wp:term":[{"taxonomy":"category","embeddable":true,"href":"https:\/\/www.intoscana.it\/it\/wp-json\/wp\/v2\/categories?post=330792"},{"taxonomy":"post_tag","embeddable":true,"href":"https:\/\/www.intoscana.it\/it\/wp-json\/wp\/v2\/tags?post=330792"}],"curies":[{"name":"wp","href":"https:\/\/api.w.org\/{rel}","templated":true}]}}