{"id":330827,"date":"2024-03-11T13:36:11","date_gmt":"2024-03-11T12:36:11","guid":{"rendered":"https:\/\/www.intoscana.it\/it\/?p=330827"},"modified":"2024-03-11T13:36:49","modified_gmt":"2024-03-11T12:36:49","slug":"marley-supercane-dal-palco-di-sanremo-allelicottero-della-gdf","status":"publish","type":"post","link":"https:\/\/www.intoscana.it\/it\/marley-supercane-dal-palco-di-sanremo-allelicottero-della-gdf\/","title":{"rendered":"Marley Supercane, dal palco di Sanremo all&#8217;elicottero della GdF"},"content":{"rendered":"<p>La favola bella di <strong>Marley<\/strong>, <mark>pastorino abbandonato alla nascita perch\u00e9 cieco e adottato da una coppia di Santa Maria a Monte composta da <strong>Marco e Carlotta<\/strong>, si arricchisce di un nuovo capitolo<\/mark>. Questo &#8220;supercane&#8221;, oggi star dei social, \u00e8 entrato nella <strong>Protezione civile<\/strong> per la <strong>ricerca delle persone scomparse<\/strong>.<\/p>\n<p>Nei giorni scorsi ha quindi partecipato alle esercitazioni sull&#8217;elicottero della Guardia di finanza con la squadra <strong>SICS Firenze &#8211; Forte dei Marmi<\/strong> proprio per <strong>la ricerca e il soccorso dei dispersi<\/strong>. Marley si \u00e8 confermato un &#8220;<em>supercane<\/em>&#8221; sotto tutti i punti di vista, affrontando le prove a cui insieme agli altri animali \u00e8 stato sottoposto senza mai tirarsi indietro.<\/p>\n<figure id=\"post-330880 media-330880\" class=\"align-none\"><img decoding=\"async\" src=\"https:\/\/www.intoscana.it\/wp-content\/uploads\/Marley-supercane-nellesercitazione-presso-la-GdF-e1710158756933.jpeg\" alt=\"\" \/><\/figure>\n<div class=\"titleimg\">Marley supercane nell\u2019esercitazione presso la GdF<\/div>\n<p>Con il suo <strong>padrone Marco<\/strong> ha avuto l&#8217;occasione di conoscere anche il comandante della Guardia di Finanza <strong>Massimo Anedda<\/strong>, che ha mostrato vivo interesse per la storia di Marley. A seguire passo dopo passo le esercitazioni la dirigenza di <strong>SICS Firenze &#8211; Forte dei Marmi<\/strong> sempre attenta che tutto si svolgesse al meglio.<\/p>\n<p>Dopo la partecipazione a <strong>Casa Sanremo<\/strong> in occasione del Festival della canzone italiana e la sua presenza alla trasmissione <em>&#8220;I fatti vostri<\/em>&#8221; un mese fa, ecco quindi Marley in azione con la squadra della <strong>SICS Firenze-Forte dei Marmi<\/strong> per essere pronto a soccorrere chi \u00e8 in difficolt\u00e0, a dispetto anche della disabilit\u00e0. Sfruttando al meglio il suo<strong> eccezionale fiuto<\/strong>.<\/p>\n<p>La dimostrazione, come racconta anche il libro scritto dai suoi proprietari,\u00a0 che &#8220;<em>La vita a colori di un cane cieco&#8221;<\/em> pu\u00f2 essere anche nel segno della solidariet\u00e0 a dispetto di qualsiasi handicap.<\/p>\n<p><iframe loading=\"lazy\" title=\"La vita a colori di Marley, il Supercane cieco che insegna a superare gli ostacoli della disabilit\u00e0\" src=\"https:\/\/www.youtube.com\/embed\/xs22BfQ3vQM\" width=\"1066\" height=\"600\" frameborder=\"0\" allowfullscreen=\"allowfullscreen\"><\/iframe><\/p>\n","protected":false},"excerpt":{"rendered":"<p>Il cane cieco, star dei social, ha partecipato alle esercitazioni per la ricerca e il soccorso con la squadra SICS Firenze-Forte dei Marmi<\/p>\n","protected":false},"author":554,"featured_media":330873,"comment_status":"open","ping_status":"open","sticky":false,"template":"","format":"standard","meta":{"_acf_changed":false,"footnotes":""},"categories":[4],"tags":[5899,406,202],"class_list":["post-330827","post","type-post","status-publish","format-standard","has-post-thumbnail","hentry","category-storie","tag-cani","tag-disabilita","tag-firenze"],"acf":[],"yoast_head":"<!-- This site is optimized with the Yoast SEO Premium plugin v24.2 (Yoast SEO v25.6) - https:\/\/yoast.com\/wordpress\/plugins\/seo\/ -->\n<title>Marley Supercane, dal palco di Sanremo all&#039;elicottero della GdF - intoscana<\/title>\n<meta name=\"description\" content=\"Il cane cieco, star dei social, ha partecipato alle esercitazioni per la ricerca e il soccorso con la squadra SICS Firenze-Forte dei Marmi\" \/>\n<meta name=\"robots\" content=\"index, follow, max-snippet:-1, max-image-preview:large, max-video-preview:-1\" \/>\n<link rel=\"canonical\" href=\"https:\/\/www.intoscana.it\/it\/marley-supercane-dal-palco-di-sanremo-allelicottero-della-gdf\/\" \/>\n<meta property=\"og:locale\" content=\"it_IT\" \/>\n<meta property=\"og:type\" content=\"article\" \/>\n<meta property=\"og:title\" content=\"Marley Supercane, dal palco di Sanremo all&#039;elicottero della GdF\" \/>\n<meta property=\"og:description\" content=\"Il cane cieco, star dei social, ha partecipato alle esercitazioni per la ricerca e il soccorso con la squadra SICS Firenze-Forte dei Marmi\" \/>\n<meta property=\"og:url\" content=\"https:\/\/www.intoscana.it\/it\/marley-supercane-dal-palco-di-sanremo-allelicottero-della-gdf\/\" \/>\n<meta property=\"og:site_name\" content=\"intoscana\" \/>\n<meta property=\"article:publisher\" content=\"https:\/\/www.facebook.com\/intoscana.it\" \/>\n<meta property=\"article:published_time\" content=\"2024-03-11T12:36:11+00:00\" \/>\n<meta property=\"article:modified_time\" content=\"2024-03-11T12:36:49+00:00\" \/>\n<meta property=\"og:image\" content=\"https:\/\/www.intoscana.it\/wp-content\/uploads\/Marley-supercane-sullelicottero-della-GdF-e1710155597802.jpeg\" \/>\n\t<meta property=\"og:image:width\" content=\"720\" \/>\n\t<meta property=\"og:image:height\" content=\"728\" \/>\n\t<meta property=\"og:image:type\" content=\"image\/jpeg\" \/>\n<meta name=\"author\" content=\"Raffaella Galamini\" \/>\n<meta name=\"twitter:card\" content=\"summary_large_image\" \/>\n<meta name=\"twitter:creator\" content=\"@orio\" \/>\n<meta name=\"twitter:site\" content=\"@intoscana\" \/>\n<meta name=\"twitter:label1\" content=\"Written by\" \/>\n\t<meta name=\"twitter:data1\" content=\"Raffaella Galamini\" \/>\n\t<meta name=\"twitter:label2\" content=\"Est. reading time\" \/>\n\t<meta name=\"twitter:data2\" content=\"2 minuti\" \/>\n<script type=\"application\/ld+json\" class=\"yoast-schema-graph\">{\"@context\":\"https:\/\/schema.org\",\"@graph\":[{\"@type\":\"WebPage\",\"@id\":\"https:\/\/www.intoscana.it\/it\/marley-supercane-dal-palco-di-sanremo-allelicottero-della-gdf\/\",\"url\":\"https:\/\/www.intoscana.it\/it\/marley-supercane-dal-palco-di-sanremo-allelicottero-della-gdf\/\",\"name\":\"Marley Supercane, dal palco di Sanremo all'elicottero della GdF - intoscana\",\"isPartOf\":{\"@id\":\"https:\/\/www.intoscana.it\/it\/#website\"},\"primaryImageOfPage\":{\"@id\":\"https:\/\/www.intoscana.it\/it\/marley-supercane-dal-palco-di-sanremo-allelicottero-della-gdf\/#primaryimage\"},\"image\":{\"@id\":\"https:\/\/www.intoscana.it\/it\/marley-supercane-dal-palco-di-sanremo-allelicottero-della-gdf\/#primaryimage\"},\"thumbnailUrl\":\"https:\/\/www.intoscana.it\/wp-content\/uploads\/Marley-supercane-sullelicottero-della-GdF-e1710155597802.jpeg\",\"datePublished\":\"2024-03-11T12:36:11+00:00\",\"dateModified\":\"2024-03-11T12:36:49+00:00\",\"author\":{\"@id\":\"https:\/\/www.intoscana.it\/it\/#\/schema\/person\/9eb9daa846a49fe51af39a73d9d1986b\"},\"description\":\"Il cane cieco, star dei social, ha partecipato alle esercitazioni per la ricerca e il soccorso con la squadra SICS Firenze-Forte dei Marmi\",\"breadcrumb\":{\"@id\":\"https:\/\/www.intoscana.it\/it\/marley-supercane-dal-palco-di-sanremo-allelicottero-della-gdf\/#breadcrumb\"},\"inLanguage\":\"it-IT\",\"potentialAction\":[{\"@type\":\"ReadAction\",\"target\":[\"https:\/\/www.intoscana.it\/it\/marley-supercane-dal-palco-di-sanremo-allelicottero-della-gdf\/\"]}]},{\"@type\":\"ImageObject\",\"inLanguage\":\"it-IT\",\"@id\":\"https:\/\/www.intoscana.it\/it\/marley-supercane-dal-palco-di-sanremo-allelicottero-della-gdf\/#primaryimage\",\"url\":\"https:\/\/www.intoscana.it\/wp-content\/uploads\/Marley-supercane-sullelicottero-della-GdF-e1710155597802.jpeg\",\"contentUrl\":\"https:\/\/www.intoscana.it\/wp-content\/uploads\/Marley-supercane-sullelicottero-della-GdF-e1710155597802.jpeg\",\"width\":720,\"height\":728,\"caption\":\"Marley supercane sull'elicottero della GdF\"},{\"@type\":\"BreadcrumbList\",\"@id\":\"https:\/\/www.intoscana.it\/it\/marley-supercane-dal-palco-di-sanremo-allelicottero-della-gdf\/#breadcrumb\",\"itemListElement\":[{\"@type\":\"ListItem\",\"position\":1,\"name\":\"Home\",\"item\":\"https:\/\/www.intoscana.it\/it\/\"},{\"@type\":\"ListItem\",\"position\":2,\"name\":\"Marley Supercane, dal palco di Sanremo all&#8217;elicottero della GdF\"}]},{\"@type\":\"WebSite\",\"@id\":\"https:\/\/www.intoscana.it\/it\/#website\",\"url\":\"https:\/\/www.intoscana.it\/it\/\",\"name\":\"intoscana\",\"description\":\"\",\"potentialAction\":[{\"@type\":\"SearchAction\",\"target\":{\"@type\":\"EntryPoint\",\"urlTemplate\":\"https:\/\/www.intoscana.it\/it\/?s={search_term_string}\"},\"query-input\":{\"@type\":\"PropertyValueSpecification\",\"valueRequired\":true,\"valueName\":\"search_term_string\"}}],\"inLanguage\":\"it-IT\"},{\"@type\":\"Person\",\"@id\":\"https:\/\/www.intoscana.it\/it\/#\/schema\/person\/9eb9daa846a49fe51af39a73d9d1986b\",\"name\":\"Raffaella Galamini\",\"sameAs\":[\"https:\/\/x.com\/orio\"],\"url\":\"https:\/\/www.intoscana.it\/it\/author\/r-galamini\/\"}]}<\/script>\n<!-- \/ Yoast SEO Premium plugin. -->","yoast_head_json":{"title":"Marley Supercane, dal palco di Sanremo all'elicottero della GdF - intoscana","description":"Il cane cieco, star dei social, ha partecipato alle esercitazioni per la ricerca e il soccorso con la squadra SICS Firenze-Forte dei Marmi","robots":{"index":"index","follow":"follow","max-snippet":"max-snippet:-1","max-image-preview":"max-image-preview:large","max-video-preview":"max-video-preview:-1"},"canonical":"https:\/\/www.intoscana.it\/it\/marley-supercane-dal-palco-di-sanremo-allelicottero-della-gdf\/","og_locale":"it_IT","og_type":"article","og_title":"Marley Supercane, dal palco di Sanremo all'elicottero della GdF","og_description":"Il cane cieco, star dei social, ha partecipato alle esercitazioni per la ricerca e il soccorso con la squadra SICS Firenze-Forte dei Marmi","og_url":"https:\/\/www.intoscana.it\/it\/marley-supercane-dal-palco-di-sanremo-allelicottero-della-gdf\/","og_site_name":"intoscana","article_publisher":"https:\/\/www.facebook.com\/intoscana.it","article_published_time":"2024-03-11T12:36:11+00:00","article_modified_time":"2024-03-11T12:36:49+00:00","og_image":[{"width":720,"height":728,"url":"https:\/\/www.intoscana.it\/wp-content\/uploads\/Marley-supercane-sullelicottero-della-GdF-e1710155597802.jpeg","type":"image\/jpeg"}],"author":"Raffaella Galamini","twitter_card":"summary_large_image","twitter_creator":"@orio","twitter_site":"@intoscana","twitter_misc":{"Written by":"Raffaella Galamini","Est. reading time":"2 minuti"},"schema":{"@context":"https:\/\/schema.org","@graph":[{"@type":"WebPage","@id":"https:\/\/www.intoscana.it\/it\/marley-supercane-dal-palco-di-sanremo-allelicottero-della-gdf\/","url":"https:\/\/www.intoscana.it\/it\/marley-supercane-dal-palco-di-sanremo-allelicottero-della-gdf\/","name":"Marley Supercane, dal palco di Sanremo all'elicottero della GdF - intoscana","isPartOf":{"@id":"https:\/\/www.intoscana.it\/it\/#website"},"primaryImageOfPage":{"@id":"https:\/\/www.intoscana.it\/it\/marley-supercane-dal-palco-di-sanremo-allelicottero-della-gdf\/#primaryimage"},"image":{"@id":"https:\/\/www.intoscana.it\/it\/marley-supercane-dal-palco-di-sanremo-allelicottero-della-gdf\/#primaryimage"},"thumbnailUrl":"https:\/\/www.intoscana.it\/wp-content\/uploads\/Marley-supercane-sullelicottero-della-GdF-e1710155597802.jpeg","datePublished":"2024-03-11T12:36:11+00:00","dateModified":"2024-03-11T12:36:49+00:00","author":{"@id":"https:\/\/www.intoscana.it\/it\/#\/schema\/person\/9eb9daa846a49fe51af39a73d9d1986b"},"description":"Il cane cieco, star dei social, ha partecipato alle esercitazioni per la ricerca e il soccorso con la squadra SICS Firenze-Forte dei Marmi","breadcrumb":{"@id":"https:\/\/www.intoscana.it\/it\/marley-supercane-dal-palco-di-sanremo-allelicottero-della-gdf\/#breadcrumb"},"inLanguage":"it-IT","potentialAction":[{"@type":"ReadAction","target":["https:\/\/www.intoscana.it\/it\/marley-supercane-dal-palco-di-sanremo-allelicottero-della-gdf\/"]}]},{"@type":"ImageObject","inLanguage":"it-IT","@id":"https:\/\/www.intoscana.it\/it\/marley-supercane-dal-palco-di-sanremo-allelicottero-della-gdf\/#primaryimage","url":"https:\/\/www.intoscana.it\/wp-content\/uploads\/Marley-supercane-sullelicottero-della-GdF-e1710155597802.jpeg","contentUrl":"https:\/\/www.intoscana.it\/wp-content\/uploads\/Marley-supercane-sullelicottero-della-GdF-e1710155597802.jpeg","width":720,"height":728,"caption":"Marley supercane sull'elicottero della GdF"},{"@type":"BreadcrumbList","@id":"https:\/\/www.intoscana.it\/it\/marley-supercane-dal-palco-di-sanremo-allelicottero-della-gdf\/#breadcrumb","itemListElement":[{"@type":"ListItem","position":1,"name":"Home","item":"https:\/\/www.intoscana.it\/it\/"},{"@type":"ListItem","position":2,"name":"Marley Supercane, dal palco di Sanremo all&#8217;elicottero della GdF"}]},{"@type":"WebSite","@id":"https:\/\/www.intoscana.it\/it\/#website","url":"https:\/\/www.intoscana.it\/it\/","name":"intoscana","description":"","potentialAction":[{"@type":"SearchAction","target":{"@type":"EntryPoint","urlTemplate":"https:\/\/www.intoscana.it\/it\/?s={search_term_string}"},"query-input":{"@type":"PropertyValueSpecification","valueRequired":true,"valueName":"search_term_string"}}],"inLanguage":"it-IT"},{"@type":"Person","@id":"https:\/\/www.intoscana.it\/it\/#\/schema\/person\/9eb9daa846a49fe51af39a73d9d1986b","name":"Raffaella Galamini","sameAs":["https:\/\/x.com\/orio"],"url":"https:\/\/www.intoscana.it\/it\/author\/r-galamini\/"}]}},"_links":{"self":[{"href":"https:\/\/www.intoscana.it\/it\/wp-json\/wp\/v2\/posts\/330827","targetHints":{"allow":["GET"]}}],"collection":[{"href":"https:\/\/www.intoscana.it\/it\/wp-json\/wp\/v2\/posts"}],"about":[{"href":"https:\/\/www.intoscana.it\/it\/wp-json\/wp\/v2\/types\/post"}],"author":[{"embeddable":true,"href":"https:\/\/www.intoscana.it\/it\/wp-json\/wp\/v2\/users\/554"}],"replies":[{"embeddable":true,"href":"https:\/\/www.intoscana.it\/it\/wp-json\/wp\/v2\/comments?post=330827"}],"version-history":[{"count":8,"href":"https:\/\/www.intoscana.it\/it\/wp-json\/wp\/v2\/posts\/330827\/revisions"}],"predecessor-version":[{"id":330887,"href":"https:\/\/www.intoscana.it\/it\/wp-json\/wp\/v2\/posts\/330827\/revisions\/330887"}],"wp:featuredmedia":[{"embeddable":true,"href":"https:\/\/www.intoscana.it\/it\/wp-json\/wp\/v2\/media\/330873"}],"wp:attachment":[{"href":"https:\/\/www.intoscana.it\/it\/wp-json\/wp\/v2\/media?parent=330827"}],"wp:term":[{"taxonomy":"category","embeddable":true,"href":"https:\/\/www.intoscana.it\/it\/wp-json\/wp\/v2\/categories?post=330827"},{"taxonomy":"post_tag","embeddable":true,"href":"https:\/\/www.intoscana.it\/it\/wp-json\/wp\/v2\/tags?post=330827"}],"curies":[{"name":"wp","href":"https:\/\/api.w.org\/{rel}","templated":true}]}}