{"id":330967,"date":"2024-03-12T10:44:38","date_gmt":"2024-03-12T09:44:38","guid":{"rendered":"https:\/\/www.intoscana.it\/it\/?p=330967"},"modified":"2024-03-12T10:58:28","modified_gmt":"2024-03-12T09:58:28","slug":"alessandro-riccio-ci-porta-nel-mondo-segreto-del-profumiere-amedeo-ottaviano-gusbertini","status":"publish","type":"post","link":"https:\/\/www.intoscana.it\/it\/alessandro-riccio-ci-porta-nel-mondo-segreto-del-profumiere-amedeo-ottaviano-gusbertini\/","title":{"rendered":"Alessandro Riccio ci porta nel mondo segreto del profumiere Amedeo Ottaviano Gusbertini"},"content":{"rendered":"<p>Attore, autore e regista fiorentino, <strong>Alessandro Riccio, <\/strong>fresco della partecipazione all&#8217;ultimo film di Pieraccioni <strong><a href=\"https:\/\/www.intoscana.it\/it\/dettaglio-video\/pieraccioni-e-la-famiglia-imperfetta-di-pare-parecchio-parigi-e-una-storia-sulle-emozioni\/\" target=\"_blank\" rel=\"noopener\">&#8220;Pare parecchio Parigi&#8221;,<\/a>\u00a0<\/strong> porta sul palco del <a href=\"https:\/\/www.intoscana.it\/it\/danza-teatro-musica-e-cinema-per-la-ricchissima-stagione-del-nuovo-teatro-di-fiesole\/\" target=\"_blank\" rel=\"noopener\"><strong>Teatro di Fiesole<\/strong><\/a> il profumiere<strong> Amedeo Ottaviano Gusbertini<\/strong> per il suo spettacolo<strong><em> \u201cSolitario\u201d,<\/em><\/strong> che debutta in prima nazionale<strong> da venerd\u00ec 15 a sabato 23 marzo, <\/strong>con pi\u00f9 di duemila biglietti gi\u00e0 venduti.<\/p>\n<p>Sar\u00e0 un tuffo nell&#8217;<strong>epoca barocca<\/strong> di una <strong>Firenze sgangherata di inizio &#8216;700,<\/strong> in cui nel negozio del profumiere Gusbertini in<strong> Borgo Albizi<\/strong> passano molti clienti, attirati dalla bella vetrina e dal nome che \u00e8 diventato una <strong>garanzia di qualit\u00e0.<\/strong><\/p>\n<p>Ma il mondo \u00e8 pieno anche di<strong> cattivi odori e di persone sgradevoli<\/strong> incapaci di apprezzare e valorizzare un genio raro e unico come quello di Gusbertini.<\/p>\n<p>&#8220;Ho creato io questo personaggio che <strong>all&#8217;inizio si chiamava Venanzio,<\/strong> un profumiere del &#8216;700, geniale ma incompreso &#8211;<strong> ci ha raccontato Alessandro Riccio<\/strong> &#8211; era un personaggio secondario di un altro spettacolo, ma mi piaceva cos\u00ec tanto che ho deciso di svilupparlo in uno spettacolo vero e proprio. Cos\u00ec \u00e8 nato Amedeo Ottaviano come uno dei tanti geni che ha vissuto nella storia.<strong> Nel &#8216;700 Firenze era una citt\u00e0 decadente e provinciale, ormai era uscita da tutti i grandi poteri,<\/strong> la famiglia dei Medici era alla fine e non contava pi\u00f9 nulla. Quindi lui era un genio dei profumi in un mondo decadente, <strong>me lo sono immaginato in questa botteguccia che crea profumi straordinari per clienti beceri, grezzi che non lo apprezzano<\/strong>&#8220;.<p><span class=\"citazione\">Il teatro ti fa andare in altri mondi, ti fa scoprire sensazioni che non conoscevi, soprattutto ti da la riprova che la vita non \u00e8 solo materiale e questo \u00e8 molto importante<\/span><\/p><\/p>\n<p><strong>Mi immagino che il profumiere, come capita spesso anche al parrucchiere, sia una persona che entra a contatto con i segreti pi\u00f9 inconfessabili dei suoi clienti&#8230;<\/strong><\/p>\n<p>Assolutamente s\u00ec anche perch\u00e9 <strong>il profumo \u00e8 qualcosa di personale ed estremamente intimo,<\/strong> funziona se ti da qualcosa. Amedeo Ottaviano riesce a vedere nei clienti cose che loro non vorrebbero mostrare,<strong> questo lo rende unico.<\/strong> Hai colto nel segno.<\/p>\n<figure id=\"post-330955 media-330955\" class=\"align-none\"><img decoding=\"async\" src=\"https:\/\/www.intoscana.it\/wp-content\/uploads\/Alessandro-Riccio-Solitario-foto-MICHELE-MONASTA_A1_6938_pp-ok-pic.jpg\" alt=\"\" \/><\/figure>\n<div class=\"titleimg\"><em>Alessandro Riccio &#8211; \u00a9 Michele Monasta<\/em><\/div>\n<p><strong>Tra l&#8217;altro \u00e8 una professione quella del profumiere che anche oggi gode di ottima salute, ci sono addirittura laboratori, anche a Firenze, dove puoi crearti il tuo profumo<\/strong><\/p>\n<p>Infatti ho \u00a0fatto molte ricerche per questo spettacolo e sono anche andato nell&#8217;<a href=\"https:\/\/www.intoscana.it\/it\/nel-cuore-di-firenze-la-biblioteca-olfattiva-del-maestro-profumiere-sileno-cheloni\/\" target=\"_blank\" rel=\"noopener\"><strong>atelier di Sileno Cheloni,<\/strong><\/a> un luogo straordinario. Quando lavori a un testo fai un po&#8217; di indagini e <strong>Sileno \u00e8 meraviglioso, una persona assolutamente originale.<\/strong> La prima domanda che gli ho fatto \u00e8 stata: <strong>Tu che lavori nel superfluo del superfluo, come lo rendi necessario?<\/strong> Lui mi ha risposto: <strong>Perch\u00e9 del bello non ne possiamo fare a meno. <\/strong>In fondo la vita non \u00e8 solo mangiare e dormire ci sono anche altre priorit\u00e0, l&#8217;arte, la bellezza, la conoscenza di se stessi. Lui mi ha dato la conferma che<strong> c&#8217;\u00e8 anche bisogno di altro.\u00a0<\/strong><\/p>\n<p><strong>Ti faccio una domanda provocatoria, a cosa serve il teatro?<\/strong><\/p>\n<p><strong>Il teatro \u00e8 importante per uscire dalla quotidianit\u00e0,<\/strong> le bollette, le cose pratiche, i problemi sono elementi che rischiano di affossarti, di renderti solo un essere umano che &#8220;esiste&#8221;. <strong>Il teatro ti fa andare in altri mondi, ti fa scoprire sensazioni che non conoscevi,<\/strong> soprattutto ti da la riprova che la vita non \u00e8 solo materiale e questo \u00e8 molto importante.<\/p>\n<p>Con <strong>Alessandro Riccio<\/strong> saranno in scena gli attori <strong>Miriam Bardini, Piera Dabizzi, Olmo De Martino, Fabio Magnani, Vieri Raddi, Joe Manganas, Annalisa Vinattieri, Claudia Allodi e Cosimo Innocenti<\/strong>. Coreografie di Sabina Cesaroni, luci di Lorenzo Girolami, costumi di Lorena Vedelago e Daniela Ortolani. Assistente di scena Marta Foschi. Aiuto regia Amina Contin.<\/p>\n<p>Inizio spettacoli ore 21 (feriali), ore 16,45 (festivi). Vista la grande richiesta, sono state aggiunte repliche pomeridiane nei giorni di sabato 16 e sabato 23 marzo (ore 16,45 e ore 21). I biglietti \u2013 posti numerati 20\/15 euro &#8211; sono disponibili sul sito del teatro www.teatrodifiesole.it, su www.ticketone.it (tel. 892 101) e nei punti Box Office Toscana (www.boxofficetoscana.it\/punti-vendita &#8211; tel. 055 210804).<\/p>\n<figure id=\"post-330954 media-330954\" class=\"align-none\"><img decoding=\"async\" src=\"https:\/\/www.intoscana.it\/wp-content\/uploads\/Alessandro-Riccio-Solitario-foto-MICHELE-MONASTA_A1_1601-ok-pic.jpg\" alt=\"\" \/><\/figure>\n<div class=\"titleimg\"><em>Alessandro Riccio \u2013 Solitario &#8211; \u00a9 Michele Monasta<\/em><\/div>\n<p>&nbsp;<\/p>\n","protected":false},"excerpt":{"rendered":"<p>Da venerd\u00ec 15 a sabato 23 marzo 2024 al Teatro di Fiesole Alessandro Riccio, fresco della partecipazione all&#8217;ultimo film di Pieraccioni, vestir\u00e0 i panni del profumiere Amedeo Ottaviano Gusbertini per il suo spettacolo \u201cSolitario\u201d che debutta in prima nazionale<\/p>\n","protected":false},"author":518,"featured_media":330956,"comment_status":"open","ping_status":"open","sticky":false,"template":"","format":"standard","meta":{"_acf_changed":false,"footnotes":""},"categories":[493],"tags":[4474,2788,3138,236],"class_list":["post-330967","post","type-post","status-publish","format-standard","has-post-thumbnail","hentry","category-cultura","tag-eventi","tag-fiesole","tag-interviste-agli-artisti","tag-teatro"],"acf":[],"yoast_head":"<!-- This site is optimized with the Yoast SEO Premium plugin v24.2 (Yoast SEO v25.6) - https:\/\/yoast.com\/wordpress\/plugins\/seo\/ -->\n<title>Alessandro Riccio ci porta nel mondo segreto del profumiere Amedeo Ottaviano Gusbertini - intoscana<\/title>\n<meta name=\"description\" content=\"Da venerd\u00ec 15 a sabato 23 marzo 2024 al Teatro di Fiesole Alessandro Riccio vestir\u00e0 i panni del profumiere Amedeo Ottaviano Gusbertini\" \/>\n<meta name=\"robots\" content=\"index, follow, max-snippet:-1, max-image-preview:large, max-video-preview:-1\" \/>\n<link rel=\"canonical\" href=\"https:\/\/www.intoscana.it\/it\/alessandro-riccio-ci-porta-nel-mondo-segreto-del-profumiere-amedeo-ottaviano-gusbertini\/\" \/>\n<meta property=\"og:locale\" content=\"it_IT\" \/>\n<meta property=\"og:type\" content=\"article\" \/>\n<meta property=\"og:title\" content=\"Alessandro Riccio ci porta nel mondo segreto del profumiere Amedeo Ottaviano Gusbertini\" \/>\n<meta property=\"og:description\" content=\"Da venerd\u00ec 15 a sabato 23 marzo 2024 al Teatro di Fiesole Alessandro Riccio vestir\u00e0 i panni del profumiere Amedeo Ottaviano Gusbertini\" \/>\n<meta property=\"og:url\" content=\"https:\/\/www.intoscana.it\/it\/alessandro-riccio-ci-porta-nel-mondo-segreto-del-profumiere-amedeo-ottaviano-gusbertini\/\" \/>\n<meta property=\"og:site_name\" content=\"intoscana\" \/>\n<meta property=\"article:publisher\" content=\"https:\/\/www.facebook.com\/intoscana.it\" \/>\n<meta property=\"article:published_time\" content=\"2024-03-12T09:44:38+00:00\" \/>\n<meta property=\"article:modified_time\" content=\"2024-03-12T09:58:28+00:00\" \/>\n<meta property=\"og:image\" content=\"https:\/\/www.intoscana.it\/wp-content\/uploads\/Alessandro-Riccio-Solitario-foto_MICHELE-MONASTA_A1_6885_pp-ok-pic.jpg\" \/>\n\t<meta property=\"og:image:width\" content=\"1417\" \/>\n\t<meta property=\"og:image:height\" content=\"945\" \/>\n\t<meta property=\"og:image:type\" content=\"image\/jpeg\" \/>\n<meta name=\"author\" content=\"Costanza Baldini\" \/>\n<meta name=\"twitter:card\" content=\"summary_large_image\" \/>\n<meta name=\"twitter:creator\" content=\"@intoscana\" \/>\n<meta name=\"twitter:site\" content=\"@intoscana\" \/>\n<meta name=\"twitter:label1\" content=\"Written by\" \/>\n\t<meta name=\"twitter:data1\" content=\"Costanza Baldini\" \/>\n\t<meta name=\"twitter:label2\" content=\"Est. reading time\" \/>\n\t<meta name=\"twitter:data2\" content=\"5 minuti\" \/>\n<script type=\"application\/ld+json\" class=\"yoast-schema-graph\">{\"@context\":\"https:\/\/schema.org\",\"@graph\":[{\"@type\":\"WebPage\",\"@id\":\"https:\/\/www.intoscana.it\/it\/alessandro-riccio-ci-porta-nel-mondo-segreto-del-profumiere-amedeo-ottaviano-gusbertini\/\",\"url\":\"https:\/\/www.intoscana.it\/it\/alessandro-riccio-ci-porta-nel-mondo-segreto-del-profumiere-amedeo-ottaviano-gusbertini\/\",\"name\":\"Alessandro Riccio ci porta nel mondo segreto del profumiere Amedeo Ottaviano Gusbertini - intoscana\",\"isPartOf\":{\"@id\":\"https:\/\/www.intoscana.it\/it\/#website\"},\"primaryImageOfPage\":{\"@id\":\"https:\/\/www.intoscana.it\/it\/alessandro-riccio-ci-porta-nel-mondo-segreto-del-profumiere-amedeo-ottaviano-gusbertini\/#primaryimage\"},\"image\":{\"@id\":\"https:\/\/www.intoscana.it\/it\/alessandro-riccio-ci-porta-nel-mondo-segreto-del-profumiere-amedeo-ottaviano-gusbertini\/#primaryimage\"},\"thumbnailUrl\":\"https:\/\/www.intoscana.it\/wp-content\/uploads\/Alessandro-Riccio-Solitario-foto_MICHELE-MONASTA_A1_6885_pp-ok-pic.jpg\",\"datePublished\":\"2024-03-12T09:44:38+00:00\",\"dateModified\":\"2024-03-12T09:58:28+00:00\",\"author\":{\"@id\":\"https:\/\/www.intoscana.it\/it\/#\/schema\/person\/d469f35f09739bdf00bf5dd3f0647a82\"},\"description\":\"Da venerd\u00ec 15 a sabato 23 marzo 2024 al Teatro di Fiesole Alessandro Riccio vestir\u00e0 i panni del profumiere Amedeo Ottaviano Gusbertini\",\"breadcrumb\":{\"@id\":\"https:\/\/www.intoscana.it\/it\/alessandro-riccio-ci-porta-nel-mondo-segreto-del-profumiere-amedeo-ottaviano-gusbertini\/#breadcrumb\"},\"inLanguage\":\"it-IT\",\"potentialAction\":[{\"@type\":\"ReadAction\",\"target\":[\"https:\/\/www.intoscana.it\/it\/alessandro-riccio-ci-porta-nel-mondo-segreto-del-profumiere-amedeo-ottaviano-gusbertini\/\"]}]},{\"@type\":\"ImageObject\",\"inLanguage\":\"it-IT\",\"@id\":\"https:\/\/www.intoscana.it\/it\/alessandro-riccio-ci-porta-nel-mondo-segreto-del-profumiere-amedeo-ottaviano-gusbertini\/#primaryimage\",\"url\":\"https:\/\/www.intoscana.it\/wp-content\/uploads\/Alessandro-Riccio-Solitario-foto_MICHELE-MONASTA_A1_6885_pp-ok-pic.jpg\",\"contentUrl\":\"https:\/\/www.intoscana.it\/wp-content\/uploads\/Alessandro-Riccio-Solitario-foto_MICHELE-MONASTA_A1_6885_pp-ok-pic.jpg\",\"width\":1417,\"height\":945,\"caption\":\"Alessandro Riccio\"},{\"@type\":\"BreadcrumbList\",\"@id\":\"https:\/\/www.intoscana.it\/it\/alessandro-riccio-ci-porta-nel-mondo-segreto-del-profumiere-amedeo-ottaviano-gusbertini\/#breadcrumb\",\"itemListElement\":[{\"@type\":\"ListItem\",\"position\":1,\"name\":\"Home\",\"item\":\"https:\/\/www.intoscana.it\/it\/\"},{\"@type\":\"ListItem\",\"position\":2,\"name\":\"Alessandro Riccio ci porta nel mondo segreto del profumiere Amedeo Ottaviano Gusbertini\"}]},{\"@type\":\"WebSite\",\"@id\":\"https:\/\/www.intoscana.it\/it\/#website\",\"url\":\"https:\/\/www.intoscana.it\/it\/\",\"name\":\"intoscana\",\"description\":\"\",\"potentialAction\":[{\"@type\":\"SearchAction\",\"target\":{\"@type\":\"EntryPoint\",\"urlTemplate\":\"https:\/\/www.intoscana.it\/it\/?s={search_term_string}\"},\"query-input\":{\"@type\":\"PropertyValueSpecification\",\"valueRequired\":true,\"valueName\":\"search_term_string\"}}],\"inLanguage\":\"it-IT\"},{\"@type\":\"Person\",\"@id\":\"https:\/\/www.intoscana.it\/it\/#\/schema\/person\/d469f35f09739bdf00bf5dd3f0647a82\",\"name\":\"Costanza Baldini\",\"url\":\"https:\/\/www.intoscana.it\/it\/author\/costanza-baldini\/\"}]}<\/script>\n<!-- \/ Yoast SEO Premium plugin. -->","yoast_head_json":{"title":"Alessandro Riccio ci porta nel mondo segreto del profumiere Amedeo Ottaviano Gusbertini - intoscana","description":"Da venerd\u00ec 15 a sabato 23 marzo 2024 al Teatro di Fiesole Alessandro Riccio vestir\u00e0 i panni del profumiere Amedeo Ottaviano Gusbertini","robots":{"index":"index","follow":"follow","max-snippet":"max-snippet:-1","max-image-preview":"max-image-preview:large","max-video-preview":"max-video-preview:-1"},"canonical":"https:\/\/www.intoscana.it\/it\/alessandro-riccio-ci-porta-nel-mondo-segreto-del-profumiere-amedeo-ottaviano-gusbertini\/","og_locale":"it_IT","og_type":"article","og_title":"Alessandro Riccio ci porta nel mondo segreto del profumiere Amedeo Ottaviano Gusbertini","og_description":"Da venerd\u00ec 15 a sabato 23 marzo 2024 al Teatro di Fiesole Alessandro Riccio vestir\u00e0 i panni del profumiere Amedeo Ottaviano Gusbertini","og_url":"https:\/\/www.intoscana.it\/it\/alessandro-riccio-ci-porta-nel-mondo-segreto-del-profumiere-amedeo-ottaviano-gusbertini\/","og_site_name":"intoscana","article_publisher":"https:\/\/www.facebook.com\/intoscana.it","article_published_time":"2024-03-12T09:44:38+00:00","article_modified_time":"2024-03-12T09:58:28+00:00","og_image":[{"width":1417,"height":945,"url":"https:\/\/www.intoscana.it\/wp-content\/uploads\/Alessandro-Riccio-Solitario-foto_MICHELE-MONASTA_A1_6885_pp-ok-pic.jpg","type":"image\/jpeg"}],"author":"Costanza Baldini","twitter_card":"summary_large_image","twitter_creator":"@intoscana","twitter_site":"@intoscana","twitter_misc":{"Written by":"Costanza Baldini","Est. reading time":"5 minuti"},"schema":{"@context":"https:\/\/schema.org","@graph":[{"@type":"WebPage","@id":"https:\/\/www.intoscana.it\/it\/alessandro-riccio-ci-porta-nel-mondo-segreto-del-profumiere-amedeo-ottaviano-gusbertini\/","url":"https:\/\/www.intoscana.it\/it\/alessandro-riccio-ci-porta-nel-mondo-segreto-del-profumiere-amedeo-ottaviano-gusbertini\/","name":"Alessandro Riccio ci porta nel mondo segreto del profumiere Amedeo Ottaviano Gusbertini - intoscana","isPartOf":{"@id":"https:\/\/www.intoscana.it\/it\/#website"},"primaryImageOfPage":{"@id":"https:\/\/www.intoscana.it\/it\/alessandro-riccio-ci-porta-nel-mondo-segreto-del-profumiere-amedeo-ottaviano-gusbertini\/#primaryimage"},"image":{"@id":"https:\/\/www.intoscana.it\/it\/alessandro-riccio-ci-porta-nel-mondo-segreto-del-profumiere-amedeo-ottaviano-gusbertini\/#primaryimage"},"thumbnailUrl":"https:\/\/www.intoscana.it\/wp-content\/uploads\/Alessandro-Riccio-Solitario-foto_MICHELE-MONASTA_A1_6885_pp-ok-pic.jpg","datePublished":"2024-03-12T09:44:38+00:00","dateModified":"2024-03-12T09:58:28+00:00","author":{"@id":"https:\/\/www.intoscana.it\/it\/#\/schema\/person\/d469f35f09739bdf00bf5dd3f0647a82"},"description":"Da venerd\u00ec 15 a sabato 23 marzo 2024 al Teatro di Fiesole Alessandro Riccio vestir\u00e0 i panni del profumiere Amedeo Ottaviano Gusbertini","breadcrumb":{"@id":"https:\/\/www.intoscana.it\/it\/alessandro-riccio-ci-porta-nel-mondo-segreto-del-profumiere-amedeo-ottaviano-gusbertini\/#breadcrumb"},"inLanguage":"it-IT","potentialAction":[{"@type":"ReadAction","target":["https:\/\/www.intoscana.it\/it\/alessandro-riccio-ci-porta-nel-mondo-segreto-del-profumiere-amedeo-ottaviano-gusbertini\/"]}]},{"@type":"ImageObject","inLanguage":"it-IT","@id":"https:\/\/www.intoscana.it\/it\/alessandro-riccio-ci-porta-nel-mondo-segreto-del-profumiere-amedeo-ottaviano-gusbertini\/#primaryimage","url":"https:\/\/www.intoscana.it\/wp-content\/uploads\/Alessandro-Riccio-Solitario-foto_MICHELE-MONASTA_A1_6885_pp-ok-pic.jpg","contentUrl":"https:\/\/www.intoscana.it\/wp-content\/uploads\/Alessandro-Riccio-Solitario-foto_MICHELE-MONASTA_A1_6885_pp-ok-pic.jpg","width":1417,"height":945,"caption":"Alessandro Riccio"},{"@type":"BreadcrumbList","@id":"https:\/\/www.intoscana.it\/it\/alessandro-riccio-ci-porta-nel-mondo-segreto-del-profumiere-amedeo-ottaviano-gusbertini\/#breadcrumb","itemListElement":[{"@type":"ListItem","position":1,"name":"Home","item":"https:\/\/www.intoscana.it\/it\/"},{"@type":"ListItem","position":2,"name":"Alessandro Riccio ci porta nel mondo segreto del profumiere Amedeo Ottaviano Gusbertini"}]},{"@type":"WebSite","@id":"https:\/\/www.intoscana.it\/it\/#website","url":"https:\/\/www.intoscana.it\/it\/","name":"intoscana","description":"","potentialAction":[{"@type":"SearchAction","target":{"@type":"EntryPoint","urlTemplate":"https:\/\/www.intoscana.it\/it\/?s={search_term_string}"},"query-input":{"@type":"PropertyValueSpecification","valueRequired":true,"valueName":"search_term_string"}}],"inLanguage":"it-IT"},{"@type":"Person","@id":"https:\/\/www.intoscana.it\/it\/#\/schema\/person\/d469f35f09739bdf00bf5dd3f0647a82","name":"Costanza Baldini","url":"https:\/\/www.intoscana.it\/it\/author\/costanza-baldini\/"}]}},"_links":{"self":[{"href":"https:\/\/www.intoscana.it\/it\/wp-json\/wp\/v2\/posts\/330967","targetHints":{"allow":["GET"]}}],"collection":[{"href":"https:\/\/www.intoscana.it\/it\/wp-json\/wp\/v2\/posts"}],"about":[{"href":"https:\/\/www.intoscana.it\/it\/wp-json\/wp\/v2\/types\/post"}],"author":[{"embeddable":true,"href":"https:\/\/www.intoscana.it\/it\/wp-json\/wp\/v2\/users\/518"}],"replies":[{"embeddable":true,"href":"https:\/\/www.intoscana.it\/it\/wp-json\/wp\/v2\/comments?post=330967"}],"version-history":[{"count":13,"href":"https:\/\/www.intoscana.it\/it\/wp-json\/wp\/v2\/posts\/330967\/revisions"}],"predecessor-version":[{"id":330999,"href":"https:\/\/www.intoscana.it\/it\/wp-json\/wp\/v2\/posts\/330967\/revisions\/330999"}],"wp:featuredmedia":[{"embeddable":true,"href":"https:\/\/www.intoscana.it\/it\/wp-json\/wp\/v2\/media\/330956"}],"wp:attachment":[{"href":"https:\/\/www.intoscana.it\/it\/wp-json\/wp\/v2\/media?parent=330967"}],"wp:term":[{"taxonomy":"category","embeddable":true,"href":"https:\/\/www.intoscana.it\/it\/wp-json\/wp\/v2\/categories?post=330967"},{"taxonomy":"post_tag","embeddable":true,"href":"https:\/\/www.intoscana.it\/it\/wp-json\/wp\/v2\/tags?post=330967"}],"curies":[{"name":"wp","href":"https:\/\/api.w.org\/{rel}","templated":true}]}}