{"id":330971,"date":"2024-03-12T13:40:24","date_gmt":"2024-03-12T12:40:24","guid":{"rendered":"https:\/\/www.intoscana.it\/it\/?p=330971"},"modified":"2024-03-12T13:58:34","modified_gmt":"2024-03-12T12:58:34","slug":"al-glue-arriva-il-dirty-pop-made-in-campo-di-marte-dei-cassandra","status":"publish","type":"post","link":"https:\/\/www.intoscana.it\/it\/al-glue-arriva-il-dirty-pop-made-in-campo-di-marte-dei-cassandra\/","title":{"rendered":"Al Glue arriva il &#8220;Dirty Pop&#8221; made in Campo di Marte dei Cassandra"},"content":{"rendered":"<p><strong>Matteo Ravazzi, Francesco Ravazzi e Giovanni Sarti<\/strong> sono i <strong>Cassandra,<\/strong> band fiorentina che <strong>nata ufficialmente dal 2021,<\/strong> ma in realt\u00e0 molto prima.<\/p>\n<p>Il loro primo disco <strong><em>&#8220;Campo di Marte&#8221; <\/em><\/strong>\u00e8 piaciuto all<strong>&#8216;etichetta Mescal<\/strong> che in uno scorcio di fine estate ha deciso di condividere questa nuova avventura presentando il singolo <a href=\"https:\/\/www.youtube.com\/watch?v=sh_x4Yi9q_U\" target=\"_blank\" rel=\"noopener\"><strong><em>\u201cKate Moss\u201d<\/em><\/strong>.<\/a><\/p>\n<p>Il brano oltre ad essere un perfetto biglietto da visita, transita per gli studi di<strong> X-Factor<\/strong> e genera quella curiosit\u00e0 di cui si nutre un nuovo progetto.<\/p>\n<p>Hanno suonato su palchi importanti come quelli del <strong><a href=\"https:\/\/www.intoscana.it\/it\/i-calexico-apriranno-la-43esima-edizione-del-pistoia-blues-festival\/\" target=\"_blank\" rel=\"noopener\">Pistoia Blues,<\/a> del Mengo Music Fest e del Metarock<\/strong>, oltre ad aver aperto i concerti di <strong>Ermal Meta.\u00a0<\/strong><\/p>\n<p><strong><em>&#8220;Un glorioso disastro&#8221;<\/em> <\/strong>\u00e8 il titolo del loro ultimo disco uscito nel 2023 sempre per l&#8217;<strong>etichetta Mescal<\/strong> e prodotto da <strong>Marco Carnesecchi<\/strong>, \u00a0lo presenteranno per la prima volta nella loro citt\u00e0 <strong>sabato 16 marzo al Glue Alternative Concept Space.\u00a0<\/strong><\/p>\n<h3>Ecco la nostra intervista al cantante Matteo Ravazzi<\/h3>\n<p><strong>Ciao Matteo! Il vostro ultimo disco si intitola <em>&#8220;Un glorioso disastro&#8221;<\/em> questo titolo vi ha portato fortuna?<\/strong><\/p>\n<p>Direi di s\u00ec, lo abbiamo chiamato cos\u00ec perch\u00e9 io non avevo mai fatto un secondo disco, ma<strong> \u00e8 vero quello che dicono che \u00e8 sempre il pi\u00f9 difficile nella carriera di un artista<\/strong>. Non sai bene dove andare, se restare fedele al primo oppure cambiare tutto per evolverti. Non sai cosa fare. Poi <strong>alla fine abbiamo deciso di farlo come ci piace a noi,<\/strong> perch\u00e9 <strong>anche se sar\u00e0 un disastro sar\u00e0 glorioso,<\/strong> cio\u00e8 alla nostra maniera e da qui il titolo che in realt\u00e0 poi \u00e8 andato benissimo.<p><span class=\"citazione\">abbiamo suonato su tantissimi palchi, anche quelli brutti, marci. C&#8217;\u00e8 rimasta come attitudine e come approccio un po&#8217; di sporcizia addosso, siamo ruvidi nei live. Il nostro non \u00e8 un &#8220;pop&#8221; di quelli puliti e fighetti<\/span><\/p><\/p>\n<p><strong>Come e quando avete lavorato a questo disco?<\/strong><\/p>\n<p><strong>Questo disco per me \u00e8 gi\u00e0 un sogno averlo fatto.<\/strong> Perch\u00e9 quando ho iniziato a fare il musicista sognavo di scrivere un disco in tour e di andarlo a registrare non in uno studio ma in una villa. Ed \u00e8 andata proprio cos\u00ec,<strong> nel 2022 abbiamo passato tutta l&#8217;estate in tour.<\/strong>\u00a0Tra una data e l&#8217;altra quando tornavamo a Firenze, buttavamo gi\u00f9 quello che avevamo scritto in viaggio. Poi siamo andati dalla nostra etichetta e gli abbiamo detto: perch\u00e9 non ci pagate una villa? Non immaginatevi una villa dell&#8217;800, <strong>era una casa colonica a due piani, in mezzo al bosco della Garfagnana,<\/strong> la prima casa era a 5 chilometri. Eravamo in mezzo al nulla, abbiamo montato lo studio l\u00ec dentro con tutto il necessario e abbiamo passato 20 giorni l\u00ec a registrarlo. In realt\u00e0 quindi \u00e8 nato molto velocemente,<strong> per realizzare il primo ci abbiamo messo tantissimo, quattro anni con il Covid di mezzo.<\/strong> Per questo disco invece <strong>volevamo catturare l&#8217;istantanea di un momento bello o brutto che fosse.\u00a0<\/strong><\/p>\n<p><strong>Come mai definite la vostra musica &#8220;Dirty Pop&#8221;?<\/strong><\/p>\n<p><strong>Non l&#8217;abbiamo scelta noi.<\/strong> Quando mi chiedono che genere facciamo io non so mai cosa rispondere, \u00e8 una domanda che mi mette in difficolt\u00e0. Per\u00f2 ci hanno dato questa definizione perch\u00e9 <strong>facciamo pop, questo \u00e8 fuori di dubbio e lo diciamo anche abbastanza orgogliosamente. <\/strong>Ora \u00e8 pi\u00f9 normale, sdoganato, ma quando abbiamo iniziato dire a livello indipendente &#8220;facciamo pop&#8221; era una cosa un po&#8217; strana. Per\u00f2 siccome <strong>siamo una band che ha fatto tanta gavetta,<\/strong> abbiamo suonato su tantissimi palchi, anche quelli brutti, marci. C&#8217;\u00e8 rimasta come attitudine e come approccio un po&#8217; di sporcizia addosso, siamo ruvidi nei live.<strong> Il nostro non \u00e8 un &#8220;pop&#8221; di quelli puliti e fighetti.<\/strong><\/p>\n<p><iframe loading=\"lazy\" title=\"YouTube video player\" src=\"https:\/\/www.youtube.com\/embed\/Re5qe0rOyAg?si=RJnlydxT-NFPb306\" width=\"800\" height=\"450\" frameborder=\"0\" allowfullscreen=\"allowfullscreen\"><\/iframe><\/p>\n<p><strong>Parlavi di palchi &#8220;marci&#8221; ma avete suonato su palchi importanti come il Pistoia Blues, il Metarock, avete aperto per Ermal Meta, c&#8217;\u00e8 un sogno che vorreste realizzare?<\/strong><\/p>\n<p>A parte che quando hai fatto i palchi &#8220;marci&#8221; fare poi questi grandi palchi \u00e8 una passeggiata di salute, la nostra gavetta ci ha semplificato molto la vita. <strong>Quello che mi piacerebbe fare ora,<\/strong> ci stavo pensando in questi giorni, <strong>\u00e8 riorganizzare come faceva Manuel Agnelli anni fa un festival itinerante com&#8217;era il Tora Tora.<\/strong> Un festival itinerante per tutta l&#8217;Italia con gli artisti che mi piacciono, con cui ho un rapporto. Un po&#8217; gi\u00e0 lo faccio a Firenze per il progetto <a href=\"https:\/\/www.facebook.com\/fioresulvulcano\/?locale=it_IT\" target=\"_blank\" rel=\"noopener\"><strong>Fiore sul vulcano<\/strong><\/a>, mi piacciono i progetti che siano comunitari.<\/p>\n<p><strong>Parliamo un po&#8217; della situazione fiorentina dei locali e dei concerti. Io la vivo da fruitrice e mi sembra che siamo un po&#8217; in difficolt\u00e0, ma il punto di vista di un musicista qual \u00e8?<\/strong><\/p>\n<p>Siamo messi male qua, come siamo messi male in tutta Italia, ovviamente pi\u00f9 \u00e8 piccola la citt\u00e0, pi\u00f9 le situazioni sono inferiori. Io <strong>sento molto spesso paragonare Firenze a scene come Milano o Roma ma non ha senso,<\/strong> perch\u00e9 sono citt\u00e0 da milioni di abitanti. Bisogna ricordarsi che <strong>Firenze \u00e8 un grande presone. La gente quel \u00e8 meno interessata ai live<\/strong>. C&#8217;\u00e8 una nuova scena che sta emergendo, che ha bisogno di meno attrezzature e meno spazi, non ha bisogno di grandi palchi. <strong>La scena Trap e la scena Rap la puoi fare con molto meno, in molti posti, \u00e8 molto pi\u00f9 flessibile e in questo momento storico fa i numeri<\/strong>, fa gente. Quindi non \u00e8 che non ci sono i locali, non ci sono i locali come eravamo abituati noi, col palco su cui suonano le band con la batteria, <strong>\u00e8 un segno dei tempi.\u00a0<\/strong><\/p>\n<p><strong>Cosa pensi quando sali su un palco?<\/strong><\/p>\n<p>Io quando sono sul palco<strong> ho la netta sensazione che sia l&#8217;unica cosa che mi riesce bene,<\/strong> non penso a molto altro. Sto bene sia che davanti a me ci siano 2000 persone, sia che ce ne siano 100 o che ce ne siano 3.<\/p>\n<figure id=\"post-330878 media-330878\" class=\"align-none\"><img decoding=\"async\" src=\"https:\/\/www.intoscana.it\/wp-content\/uploads\/428650721_788774609733193_5528212521110929173_n.jpg\" alt=\"\" \/><\/figure>\n<p><strong>Cassandra live<\/strong><br \/>\n<strong>Opening AL!S<br \/>\nAftershow dj set<\/strong><br \/>\n<strong>Ingresso gratuito per i soci Glue\/US Affrico<\/strong><br \/>\n<strong>(costo della tessera associativa 15 \u20ac)<\/strong><\/p>\n","protected":false},"excerpt":{"rendered":"<p>Sabato 16 marzo al Glue Alternative Concept Space di Firenze la band formata da Matteo Ravazzi, Francesco Ravazzi e Giovanni Sarti presenter\u00e0 il suo ultimo disco &#8220;Un glorioso disastro&#8221;<\/p>\n","protected":false},"author":518,"featured_media":330877,"comment_status":"open","ping_status":"open","sticky":false,"template":"","format":"standard","meta":{"_acf_changed":false,"footnotes":""},"categories":[14],"tags":[216,4474,202,3138,167],"class_list":["post-330971","post","type-post","status-publish","format-standard","has-post-thumbnail","hentry","category-musica","tag-concerti","tag-eventi","tag-firenze","tag-interviste-agli-artisti","tag-musica"],"acf":[],"yoast_head":"<!-- This site is optimized with the Yoast SEO Premium plugin v24.2 (Yoast SEO v25.6) - https:\/\/yoast.com\/wordpress\/plugins\/seo\/ -->\n<title>Al Glue arriva il &quot;Dirty Pop&quot; made in Campo di Marte dei Cassandra - intoscana<\/title>\n<meta name=\"description\" content=\"Sabato 16 marzo al Glue Alternative Concept Space di Firenze la band presenter\u00e0 il suo ultimo disco &quot;Un glorioso disastro&quot;\" \/>\n<meta name=\"robots\" content=\"index, follow, max-snippet:-1, max-image-preview:large, max-video-preview:-1\" \/>\n<link rel=\"canonical\" href=\"https:\/\/www.intoscana.it\/it\/al-glue-arriva-il-dirty-pop-made-in-campo-di-marte-dei-cassandra\/\" \/>\n<meta property=\"og:locale\" content=\"it_IT\" \/>\n<meta property=\"og:type\" content=\"article\" \/>\n<meta property=\"og:title\" content=\"Al Glue arriva il &quot;Dirty Pop&quot; made in Campo di Marte dei Cassandra\" \/>\n<meta property=\"og:description\" content=\"Sabato 16 marzo al Glue Alternative Concept Space di Firenze la band presenter\u00e0 il suo ultimo disco &quot;Un glorioso disastro&quot;\" \/>\n<meta property=\"og:url\" content=\"https:\/\/www.intoscana.it\/it\/al-glue-arriva-il-dirty-pop-made-in-campo-di-marte-dei-cassandra\/\" \/>\n<meta property=\"og:site_name\" content=\"intoscana\" \/>\n<meta property=\"article:publisher\" content=\"https:\/\/www.facebook.com\/intoscana.it\" \/>\n<meta property=\"article:published_time\" content=\"2024-03-12T12:40:24+00:00\" \/>\n<meta property=\"article:modified_time\" content=\"2024-03-12T12:58:34+00:00\" \/>\n<meta property=\"og:image\" content=\"https:\/\/www.intoscana.it\/wp-content\/uploads\/428649704_788774666399854_5292299581612514906_n-2.jpg\" \/>\n\t<meta property=\"og:image:width\" content=\"1440\" \/>\n\t<meta property=\"og:image:height\" content=\"1110\" \/>\n\t<meta property=\"og:image:type\" content=\"image\/jpeg\" \/>\n<meta name=\"author\" content=\"Costanza Baldini\" \/>\n<meta name=\"twitter:card\" content=\"summary_large_image\" \/>\n<meta name=\"twitter:creator\" content=\"@intoscana\" \/>\n<meta name=\"twitter:site\" content=\"@intoscana\" \/>\n<meta name=\"twitter:label1\" content=\"Written by\" \/>\n\t<meta name=\"twitter:data1\" content=\"Costanza Baldini\" \/>\n\t<meta name=\"twitter:label2\" content=\"Est. reading time\" \/>\n\t<meta name=\"twitter:data2\" content=\"6 minuti\" \/>\n<script type=\"application\/ld+json\" class=\"yoast-schema-graph\">{\"@context\":\"https:\/\/schema.org\",\"@graph\":[{\"@type\":\"WebPage\",\"@id\":\"https:\/\/www.intoscana.it\/it\/al-glue-arriva-il-dirty-pop-made-in-campo-di-marte-dei-cassandra\/\",\"url\":\"https:\/\/www.intoscana.it\/it\/al-glue-arriva-il-dirty-pop-made-in-campo-di-marte-dei-cassandra\/\",\"name\":\"Al Glue arriva il \\\"Dirty Pop\\\" made in Campo di Marte dei Cassandra - intoscana\",\"isPartOf\":{\"@id\":\"https:\/\/www.intoscana.it\/it\/#website\"},\"primaryImageOfPage\":{\"@id\":\"https:\/\/www.intoscana.it\/it\/al-glue-arriva-il-dirty-pop-made-in-campo-di-marte-dei-cassandra\/#primaryimage\"},\"image\":{\"@id\":\"https:\/\/www.intoscana.it\/it\/al-glue-arriva-il-dirty-pop-made-in-campo-di-marte-dei-cassandra\/#primaryimage\"},\"thumbnailUrl\":\"https:\/\/www.intoscana.it\/wp-content\/uploads\/428649704_788774666399854_5292299581612514906_n-2.jpg\",\"datePublished\":\"2024-03-12T12:40:24+00:00\",\"dateModified\":\"2024-03-12T12:58:34+00:00\",\"author\":{\"@id\":\"https:\/\/www.intoscana.it\/it\/#\/schema\/person\/d469f35f09739bdf00bf5dd3f0647a82\"},\"description\":\"Sabato 16 marzo al Glue Alternative Concept Space di Firenze la band presenter\u00e0 il suo ultimo disco \\\"Un glorioso disastro\\\"\",\"breadcrumb\":{\"@id\":\"https:\/\/www.intoscana.it\/it\/al-glue-arriva-il-dirty-pop-made-in-campo-di-marte-dei-cassandra\/#breadcrumb\"},\"inLanguage\":\"it-IT\",\"potentialAction\":[{\"@type\":\"ReadAction\",\"target\":[\"https:\/\/www.intoscana.it\/it\/al-glue-arriva-il-dirty-pop-made-in-campo-di-marte-dei-cassandra\/\"]}]},{\"@type\":\"ImageObject\",\"inLanguage\":\"it-IT\",\"@id\":\"https:\/\/www.intoscana.it\/it\/al-glue-arriva-il-dirty-pop-made-in-campo-di-marte-dei-cassandra\/#primaryimage\",\"url\":\"https:\/\/www.intoscana.it\/wp-content\/uploads\/428649704_788774666399854_5292299581612514906_n-2.jpg\",\"contentUrl\":\"https:\/\/www.intoscana.it\/wp-content\/uploads\/428649704_788774666399854_5292299581612514906_n-2.jpg\",\"width\":1440,\"height\":1110,\"caption\":\"Cassandra\"},{\"@type\":\"BreadcrumbList\",\"@id\":\"https:\/\/www.intoscana.it\/it\/al-glue-arriva-il-dirty-pop-made-in-campo-di-marte-dei-cassandra\/#breadcrumb\",\"itemListElement\":[{\"@type\":\"ListItem\",\"position\":1,\"name\":\"Home\",\"item\":\"https:\/\/www.intoscana.it\/it\/\"},{\"@type\":\"ListItem\",\"position\":2,\"name\":\"Al Glue arriva il &#8220;Dirty Pop&#8221; made in Campo di Marte dei Cassandra\"}]},{\"@type\":\"WebSite\",\"@id\":\"https:\/\/www.intoscana.it\/it\/#website\",\"url\":\"https:\/\/www.intoscana.it\/it\/\",\"name\":\"intoscana\",\"description\":\"\",\"potentialAction\":[{\"@type\":\"SearchAction\",\"target\":{\"@type\":\"EntryPoint\",\"urlTemplate\":\"https:\/\/www.intoscana.it\/it\/?s={search_term_string}\"},\"query-input\":{\"@type\":\"PropertyValueSpecification\",\"valueRequired\":true,\"valueName\":\"search_term_string\"}}],\"inLanguage\":\"it-IT\"},{\"@type\":\"Person\",\"@id\":\"https:\/\/www.intoscana.it\/it\/#\/schema\/person\/d469f35f09739bdf00bf5dd3f0647a82\",\"name\":\"Costanza Baldini\",\"url\":\"https:\/\/www.intoscana.it\/it\/author\/costanza-baldini\/\"}]}<\/script>\n<!-- \/ Yoast SEO Premium plugin. -->","yoast_head_json":{"title":"Al Glue arriva il \"Dirty Pop\" made in Campo di Marte dei Cassandra - intoscana","description":"Sabato 16 marzo al Glue Alternative Concept Space di Firenze la band presenter\u00e0 il suo ultimo disco \"Un glorioso disastro\"","robots":{"index":"index","follow":"follow","max-snippet":"max-snippet:-1","max-image-preview":"max-image-preview:large","max-video-preview":"max-video-preview:-1"},"canonical":"https:\/\/www.intoscana.it\/it\/al-glue-arriva-il-dirty-pop-made-in-campo-di-marte-dei-cassandra\/","og_locale":"it_IT","og_type":"article","og_title":"Al Glue arriva il \"Dirty Pop\" made in Campo di Marte dei Cassandra","og_description":"Sabato 16 marzo al Glue Alternative Concept Space di Firenze la band presenter\u00e0 il suo ultimo disco \"Un glorioso disastro\"","og_url":"https:\/\/www.intoscana.it\/it\/al-glue-arriva-il-dirty-pop-made-in-campo-di-marte-dei-cassandra\/","og_site_name":"intoscana","article_publisher":"https:\/\/www.facebook.com\/intoscana.it","article_published_time":"2024-03-12T12:40:24+00:00","article_modified_time":"2024-03-12T12:58:34+00:00","og_image":[{"width":1440,"height":1110,"url":"https:\/\/www.intoscana.it\/wp-content\/uploads\/428649704_788774666399854_5292299581612514906_n-2.jpg","type":"image\/jpeg"}],"author":"Costanza Baldini","twitter_card":"summary_large_image","twitter_creator":"@intoscana","twitter_site":"@intoscana","twitter_misc":{"Written by":"Costanza Baldini","Est. reading time":"6 minuti"},"schema":{"@context":"https:\/\/schema.org","@graph":[{"@type":"WebPage","@id":"https:\/\/www.intoscana.it\/it\/al-glue-arriva-il-dirty-pop-made-in-campo-di-marte-dei-cassandra\/","url":"https:\/\/www.intoscana.it\/it\/al-glue-arriva-il-dirty-pop-made-in-campo-di-marte-dei-cassandra\/","name":"Al Glue arriva il \"Dirty Pop\" made in Campo di Marte dei Cassandra - intoscana","isPartOf":{"@id":"https:\/\/www.intoscana.it\/it\/#website"},"primaryImageOfPage":{"@id":"https:\/\/www.intoscana.it\/it\/al-glue-arriva-il-dirty-pop-made-in-campo-di-marte-dei-cassandra\/#primaryimage"},"image":{"@id":"https:\/\/www.intoscana.it\/it\/al-glue-arriva-il-dirty-pop-made-in-campo-di-marte-dei-cassandra\/#primaryimage"},"thumbnailUrl":"https:\/\/www.intoscana.it\/wp-content\/uploads\/428649704_788774666399854_5292299581612514906_n-2.jpg","datePublished":"2024-03-12T12:40:24+00:00","dateModified":"2024-03-12T12:58:34+00:00","author":{"@id":"https:\/\/www.intoscana.it\/it\/#\/schema\/person\/d469f35f09739bdf00bf5dd3f0647a82"},"description":"Sabato 16 marzo al Glue Alternative Concept Space di Firenze la band presenter\u00e0 il suo ultimo disco \"Un glorioso disastro\"","breadcrumb":{"@id":"https:\/\/www.intoscana.it\/it\/al-glue-arriva-il-dirty-pop-made-in-campo-di-marte-dei-cassandra\/#breadcrumb"},"inLanguage":"it-IT","potentialAction":[{"@type":"ReadAction","target":["https:\/\/www.intoscana.it\/it\/al-glue-arriva-il-dirty-pop-made-in-campo-di-marte-dei-cassandra\/"]}]},{"@type":"ImageObject","inLanguage":"it-IT","@id":"https:\/\/www.intoscana.it\/it\/al-glue-arriva-il-dirty-pop-made-in-campo-di-marte-dei-cassandra\/#primaryimage","url":"https:\/\/www.intoscana.it\/wp-content\/uploads\/428649704_788774666399854_5292299581612514906_n-2.jpg","contentUrl":"https:\/\/www.intoscana.it\/wp-content\/uploads\/428649704_788774666399854_5292299581612514906_n-2.jpg","width":1440,"height":1110,"caption":"Cassandra"},{"@type":"BreadcrumbList","@id":"https:\/\/www.intoscana.it\/it\/al-glue-arriva-il-dirty-pop-made-in-campo-di-marte-dei-cassandra\/#breadcrumb","itemListElement":[{"@type":"ListItem","position":1,"name":"Home","item":"https:\/\/www.intoscana.it\/it\/"},{"@type":"ListItem","position":2,"name":"Al Glue arriva il &#8220;Dirty Pop&#8221; made in Campo di Marte dei Cassandra"}]},{"@type":"WebSite","@id":"https:\/\/www.intoscana.it\/it\/#website","url":"https:\/\/www.intoscana.it\/it\/","name":"intoscana","description":"","potentialAction":[{"@type":"SearchAction","target":{"@type":"EntryPoint","urlTemplate":"https:\/\/www.intoscana.it\/it\/?s={search_term_string}"},"query-input":{"@type":"PropertyValueSpecification","valueRequired":true,"valueName":"search_term_string"}}],"inLanguage":"it-IT"},{"@type":"Person","@id":"https:\/\/www.intoscana.it\/it\/#\/schema\/person\/d469f35f09739bdf00bf5dd3f0647a82","name":"Costanza Baldini","url":"https:\/\/www.intoscana.it\/it\/author\/costanza-baldini\/"}]}},"_links":{"self":[{"href":"https:\/\/www.intoscana.it\/it\/wp-json\/wp\/v2\/posts\/330971","targetHints":{"allow":["GET"]}}],"collection":[{"href":"https:\/\/www.intoscana.it\/it\/wp-json\/wp\/v2\/posts"}],"about":[{"href":"https:\/\/www.intoscana.it\/it\/wp-json\/wp\/v2\/types\/post"}],"author":[{"embeddable":true,"href":"https:\/\/www.intoscana.it\/it\/wp-json\/wp\/v2\/users\/518"}],"replies":[{"embeddable":true,"href":"https:\/\/www.intoscana.it\/it\/wp-json\/wp\/v2\/comments?post=330971"}],"version-history":[{"count":16,"href":"https:\/\/www.intoscana.it\/it\/wp-json\/wp\/v2\/posts\/330971\/revisions"}],"predecessor-version":[{"id":331071,"href":"https:\/\/www.intoscana.it\/it\/wp-json\/wp\/v2\/posts\/330971\/revisions\/331071"}],"wp:featuredmedia":[{"embeddable":true,"href":"https:\/\/www.intoscana.it\/it\/wp-json\/wp\/v2\/media\/330877"}],"wp:attachment":[{"href":"https:\/\/www.intoscana.it\/it\/wp-json\/wp\/v2\/media?parent=330971"}],"wp:term":[{"taxonomy":"category","embeddable":true,"href":"https:\/\/www.intoscana.it\/it\/wp-json\/wp\/v2\/categories?post=330971"},{"taxonomy":"post_tag","embeddable":true,"href":"https:\/\/www.intoscana.it\/it\/wp-json\/wp\/v2\/tags?post=330971"}],"curies":[{"name":"wp","href":"https:\/\/api.w.org\/{rel}","templated":true}]}}