{"id":331088,"date":"2024-03-12T15:02:19","date_gmt":"2024-03-12T14:02:19","guid":{"rendered":"https:\/\/www.intoscana.it\/it\/?p=331088"},"modified":"2024-03-12T15:19:40","modified_gmt":"2024-03-12T14:19:40","slug":"castiglioncello-festival-agosto-2024-concerti","status":"publish","type":"post","link":"https:\/\/www.intoscana.it\/it\/castiglioncello-festival-agosto-2024-concerti\/","title":{"rendered":"Alfa, Russel Crowe, Achille Lauro e De Gregori in concerto al Castiglioncello Festival 2024"},"content":{"rendered":"<p>Nella splendida location di <a href=\"https:\/\/www.facebook.com\/castellopasquinieventi\" target=\"_blank\" rel=\"noopener\"><strong>Castello Pasquini<\/strong><\/a> torna <strong>dal 3 al 24 agosto<\/strong> il <strong>Castiglioncello Festival<\/strong>\u00a0la rassegna estiva di musica e teatro organizzata dal <a href=\"https:\/\/www.legsrl.net\" target=\"_blank\" rel=\"noopener\"><strong>LEG Live Emotion Group<\/strong><\/a> con il supporto della <strong>Fondazione Armunia<\/strong> e del <strong>Comune di Rosignano Marittimo<\/strong> \u2013 Assessorato alla Cultura e Turismo.<\/p>\n<p><em>\u201cAnche quest\u2019anno \u2013 <\/em><strong>spiega il Sindaco di Rosignano, Daniele Donati \u2013<\/strong><em> \u201cil Castiglioncello Festival sar\u00e0 uno degli appuntamenti di rilievo dell\u2019estate rosignanese. Da anni, ormai, sul palco del Castello Pasquini si alternano artisti di caratura nazionale e internazionale, oltre che nuove stelle nascenti del firmamento artistico, e anche per il 2024 il trend \u00e8 stato confermato. Visti gli anni precedenti non era facile riuscire a mantenere uno standard cos\u00ec elevato anno dopo anno. Ma grazie all\u2019impegno dell\u2019Amministrazione Comunale, della Fondazione Armunia e di LEG Live Emotion Group, siamo riusciti a proporre un festival di qualit\u00e0, con tanti appuntamenti adatti a ogni tipo di pubblico, sia quello giovane che quello meno giovane, per cercare di soddisfare le diverse esigenze dei cittadini e dei tanti ospiti che frequentano il nostro territorio\u201d.<\/em><\/p>\n<p><em>\u201cProgettare e proporre contenuti per una kermesse come quella di Castello Pasquini e\u2019 per noi sempre motivante e stimolante\u201d &#8211;<\/em> <strong>raccontano gli organizzatori Sandro Giacomelli, Elisabetta De Luca e Tania Ferri<\/strong> &#8211; \u201c<em>siamo particolarmente affezionati a questo festival per tante motivazioni, tra le pi\u00f9 importanti l\u2019amore per il territorio ed il grande desiderio di farlo conoscere ad un pubblico sempre pi\u00f9 vasto e la buona collaborazione creatasi negli anni con Fondazione Armunia e con il Comune. Negli anni siamo riusciti insieme a far conoscere l\u2019evento e di conseguenza il territorio, gli artisti amano la location , il pubblico si \u00e8 ampliato verso un target anche turistico e la kermesse si \u00e8 posizionata tra le manifestazioni pi\u00f9 importanti in Italia. Un successo di squadra e ringraziamo per la collaborazione le istituzioni oltre che i partners che hanno creduto nel progetto&#8221;.<\/em><\/p>\n<div class=\"titleimg\">\n<figure id=\"post-281240 media-281240\" class=\"align-none\"><img decoding=\"async\" src=\"https:\/\/www.intoscana.it\/wp-content\/uploads\/Copia-di-Alfa-Press1137_final-1-scaled.jpg\" alt=\"\" \/><\/figure>\n<div class=\"titleimg\">Alfa<\/div>\n<\/div>\n<h3>Il programma dei concerti<\/h3>\n<p>Si parte il <strong>3 agosto<\/strong> con la musica del<a href=\"https:\/\/www.intoscana.it\/it\/podcast\/il-rapper-alfa-con-la-testa-tra-le-nuvole-ma-le-idee-molto-chiare\/\" target=\"_blank\" rel=\"noopener\"><strong> rapper ALFA<\/strong><\/a>. L\u2019artista genovese, dopo il successo del singolo <strong><em>Bellissimissima<\/em> <\/strong>e la partecipazione all\u2019ultimo <strong>Festival di Sanremo<\/strong> con il brano <strong><em>Vai!,<\/em><\/strong> sar\u00e0 in concerto con la sua musica \u201c<strong>urban pop\u201d.<\/strong><\/p>\n<p>Il <strong>5 agosto<\/strong> un evento internazionale, sul palco del Castiglioncello Festival <strong>Russel Crowe &amp; The Gentleman and the Barbes<\/strong>, l\u2019istrionico artista, attore <strong>premio Oscar<\/strong> suoner\u00e0 con la sua band per un concerto che lui stesso definisce <strong>un evento, un happening<\/strong> : <em>\u201c\u00c8 fluido &#8211; <\/em><strong>ha dichiarato Crowe &#8211;<\/strong><em> \u00e8 come un festival in cui raduno artisti che stimo, musicisti e cantastorie, e mettiamo su uno spettacolo. Rivisitiamo numerosi successi della storia della musica ridando vita a brani iconici, attraverso nuovi arrangiamenti, per regalare al pubblico un&#8217;esperienza davvero straordinaria&#8221;.<\/em><\/p>\n<p><strong>Il 6 agosto Paolo Crepet,<\/strong> psichiatra, sociologo, educatore, saggista e opinionista italiano, sar\u00e0 protagonista sul palco di Castello Pasquini con la sua nuova conferenza spettacolo <strong><em>\u2018Mordere il Cielo\u2019.<\/em><\/strong> Crepet racconta: <em>\u201cPer tornare a \u201cmordere il cielo\u201d occorre ritrovare il coraggio di nuove eresie, rinnovare ribellioni per inseguire le nostre unicit\u00e0, diffidando di quella grigia normalit\u00e0 dietro la quale si nasconde il sinistro rumore della neutralizzazione dell\u2019anima\u2019<\/em><\/p>\n<p><strong>Il 13 agosto<\/strong> risate e divertimento assicurati con il nuovo spettacolo di<strong> Andrea Pucci<\/strong> in<strong><em> \u201cC\u2019\u00e8 sempre qualcosa che non va\u201d :<\/em><\/strong> cabarettista, monologhista, artista tra i pi\u00f9 amati in Italia, Pucci torna ancora una volta a Castello Pasquini dopo numerosi sold out. Attento osservatore della quotidianit\u00e0, ama dialogare e scontrarsi con il pubblico improvvisando situazioni grottesche, il suo show \u00e8 un momento di spensieratezza e nello stesso riflessione con storie che si basano sull<strong>&#8216;interpretazione in chiave comica di verit\u00e0 attuali.<\/strong><\/p>\n<p>Si prosegue il <strong>16 agosto con Achille Lauro,<\/strong> il suo sar\u00e0 un vero e proprio rave all\u2019insegna dell\u2019inclusivit\u00e0 aperto a <strong>tutt\u01dd, artisti, ravers, freaks, famiglie e bambini.<\/strong><\/p>\n<p>Il <strong>19 agosto<\/strong> sul palco <strong>Cristiano De Andr\u00e8<\/strong>\u00a0che si esibir\u00e0 in concerto con <strong><em>\u201cDe Andr\u00e9 #DeAndr\u00e9 \u2013 Best Of Live Tour\u201d<\/em><\/strong>, un<strong> omaggio al padre Fabrizio,<\/strong> a 25 anni dalla sua scomparsa, e alle sue canzoni impresse nella memoria collettiva e ancora estremamente attuali.<\/p>\n<p>Il <strong>20 agosto Francesco De Gregori<\/strong>\u00a0proporr\u00e0 al pubblico i brani con cui ha segnato per sempre la storia della musica italiana, accompagnato dalla sua band composta da Guido Guglielminetti (basso e contrabasso), Carlo Gaudiello (tastiere), Primiano Di Biase (hammond), Paolo Giovenchi (chitarre), Alessandro Valle (pedal steel guitar e mandolino) e Simone Talone (percussioni). Corista: Francesca La Colla.<strong> Aprir\u00e0 il concerto Angela Baraldi,<\/strong> gi\u00e0 ospite di alcuni tour del cantautore romano, la prima volta nel 1993.<\/p>\n<p>Il <strong>24 agosto Fiorella Mannoia<\/strong> con<strong><em> \u201cFiorella Sinfonica-Live con orchestra\u201d,<\/em><\/strong> il suo nuovo tour che per la prima volta la vedr\u00e0 affiancata da un\u2019orchestra sinfonica in un importante anno di festa, <strong>un anno speciale in cui l\u2019amata artista spegne 70 candeline<\/strong>, anno di partecipazione e grande successo al <strong>Festival di Sanremo<\/strong> con il brano <strong><em>Mariposa,<\/em> <\/strong>un vero e proprio manifesto di donne.<\/p>\n<figure id=\"post-330534 media-330534\" class=\"align-none\"><img decoding=\"async\" src=\"https:\/\/www.intoscana.it\/wp-content\/uploads\/DB_FDG_Tavira_0056_Foto-di-Daniele-Barraco\u00a9_b.jpeg\" alt=\"\" \/><\/figure>\n<div class=\"titleimg\">Francesco De Gregori &#8211; \u00a9 Daniele Barraco<\/div>\n<h3>Castiglioncello Festival 2024<\/h3>\n<p>3 agosto <strong>ALFA<\/strong><br \/>\n5 agosto <strong>RUSSEL CROWE<\/strong><br \/>\n6 agosto <strong>PAOLO CREPET<\/strong><br \/>\n13 agosto <strong>ANDREA PUCCI<\/strong><br \/>\n16 agosto <strong>ACHILLE LAURO<\/strong><br \/>\n19 agosto<strong> CRISTIANO DE ANDR\u00c8<\/strong><br \/>\n20 agosto <strong>FRANCESCO DE GREGORI<\/strong><br \/>\n24 agosto <strong>FIORELLA MANNOIA<\/strong><\/p>\n<p><iframe loading=\"lazy\" title=\"YouTube video player\" src=\"https:\/\/www.youtube.com\/embed\/FZ5FBti0Z5s?si=4j6JR3sb65IQstWo\" width=\"800\" height=\"450\" frameborder=\"0\" allowfullscreen=\"allowfullscreen\"><span data-mce-type=\"bookmark\" style=\"display: inline-block; width: 0px; overflow: hidden; line-height: 0;\" class=\"mce_SELRES_start\">\ufeff<\/span><\/iframe><\/p>\n","protected":false},"excerpt":{"rendered":"<p>Dal 3 al 24 agosto nella splendida cornice del Castello Pasquini star del calibro di Russel Crowe, Achille Lauro, Alfa, Francesco De Gregori, Fiorella Mannoia e molti altri<\/p>\n","protected":false},"author":525,"featured_media":97997,"comment_status":"open","ping_status":"open","sticky":false,"template":"","format":"standard","meta":{"_acf_changed":false,"footnotes":""},"categories":[14],"tags":[4486,216,4655,235,228],"class_list":["post-331088","post","type-post","status-publish","format-standard","has-post-thumbnail","hentry","category-musica","tag-castiglioncello","tag-concerti","tag-costa-toscana","tag-estate","tag-festival"],"acf":[],"yoast_head":"<!-- This site is optimized with the Yoast SEO Premium plugin v24.2 (Yoast SEO v25.6) - https:\/\/yoast.com\/wordpress\/plugins\/seo\/ -->\n<title>Alfa, Russel Crowe, Achille Lauro e De Gregori in concerto al Castiglioncello Festival 2024 - intoscana<\/title>\n<meta name=\"description\" content=\"Dal 3 al 24 agosto nella splendida cornice del Castello Pasquini star del calibro di Russel Crow, Achille Lauro, Alfa, De Gregori, Mannoia\" \/>\n<meta name=\"robots\" content=\"index, follow, max-snippet:-1, max-image-preview:large, max-video-preview:-1\" \/>\n<link rel=\"canonical\" href=\"https:\/\/www.intoscana.it\/it\/castiglioncello-festival-agosto-2024-concerti\/\" \/>\n<meta property=\"og:locale\" content=\"it_IT\" \/>\n<meta property=\"og:type\" content=\"article\" \/>\n<meta property=\"og:title\" content=\"Alfa, Russel Crowe, Achille Lauro e De Gregori in concerto al Castiglioncello Festival 2024\" \/>\n<meta property=\"og:description\" content=\"Dal 3 al 24 agosto nella splendida cornice del Castello Pasquini star del calibro di Russel Crow, Achille Lauro, Alfa, De Gregori, Mannoia\" \/>\n<meta property=\"og:url\" content=\"https:\/\/www.intoscana.it\/it\/castiglioncello-festival-agosto-2024-concerti\/\" \/>\n<meta property=\"og:site_name\" content=\"intoscana\" \/>\n<meta property=\"article:publisher\" content=\"https:\/\/www.facebook.com\/intoscana.it\" \/>\n<meta property=\"article:published_time\" content=\"2024-03-12T14:02:19+00:00\" \/>\n<meta property=\"article:modified_time\" content=\"2024-03-12T14:19:40+00:00\" \/>\n<meta property=\"og:image\" content=\"https:\/\/www.intoscana.it\/wp-content\/uploads\/achille-lauro_ph-luca-damelio-1-b-2.jpg\" \/>\n\t<meta property=\"og:image:width\" content=\"1024\" \/>\n\t<meta property=\"og:image:height\" content=\"915\" \/>\n\t<meta property=\"og:image:type\" content=\"image\/jpeg\" \/>\n<meta name=\"author\" content=\"Redazione\" \/>\n<meta name=\"twitter:card\" content=\"summary_large_image\" \/>\n<meta name=\"twitter:creator\" content=\"@intoscana\" \/>\n<meta name=\"twitter:site\" content=\"@intoscana\" \/>\n<meta name=\"twitter:label1\" content=\"Written by\" \/>\n\t<meta name=\"twitter:data1\" content=\"Redazione\" \/>\n\t<meta name=\"twitter:label2\" content=\"Est. reading time\" \/>\n\t<meta name=\"twitter:data2\" content=\"5 minuti\" \/>\n<script type=\"application\/ld+json\" class=\"yoast-schema-graph\">{\"@context\":\"https:\/\/schema.org\",\"@graph\":[{\"@type\":\"WebPage\",\"@id\":\"https:\/\/www.intoscana.it\/it\/castiglioncello-festival-agosto-2024-concerti\/\",\"url\":\"https:\/\/www.intoscana.it\/it\/castiglioncello-festival-agosto-2024-concerti\/\",\"name\":\"Alfa, Russel Crowe, Achille Lauro e De Gregori in concerto al Castiglioncello Festival 2024 - intoscana\",\"isPartOf\":{\"@id\":\"https:\/\/www.intoscana.it\/it\/#website\"},\"primaryImageOfPage\":{\"@id\":\"https:\/\/www.intoscana.it\/it\/castiglioncello-festival-agosto-2024-concerti\/#primaryimage\"},\"image\":{\"@id\":\"https:\/\/www.intoscana.it\/it\/castiglioncello-festival-agosto-2024-concerti\/#primaryimage\"},\"thumbnailUrl\":\"https:\/\/www.intoscana.it\/wp-content\/uploads\/achille-lauro_ph-luca-damelio-1-b-2.jpg\",\"datePublished\":\"2024-03-12T14:02:19+00:00\",\"dateModified\":\"2024-03-12T14:19:40+00:00\",\"author\":{\"@id\":\"https:\/\/www.intoscana.it\/it\/#\/schema\/person\/9223810753230f20bd670fdd322661f8\"},\"description\":\"Dal 3 al 24 agosto nella splendida cornice del Castello Pasquini star del calibro di Russel Crow, Achille Lauro, Alfa, De Gregori, Mannoia\",\"breadcrumb\":{\"@id\":\"https:\/\/www.intoscana.it\/it\/castiglioncello-festival-agosto-2024-concerti\/#breadcrumb\"},\"inLanguage\":\"it-IT\",\"potentialAction\":[{\"@type\":\"ReadAction\",\"target\":[\"https:\/\/www.intoscana.it\/it\/castiglioncello-festival-agosto-2024-concerti\/\"]}]},{\"@type\":\"ImageObject\",\"inLanguage\":\"it-IT\",\"@id\":\"https:\/\/www.intoscana.it\/it\/castiglioncello-festival-agosto-2024-concerti\/#primaryimage\",\"url\":\"https:\/\/www.intoscana.it\/wp-content\/uploads\/achille-lauro_ph-luca-damelio-1-b-2.jpg\",\"contentUrl\":\"https:\/\/www.intoscana.it\/wp-content\/uploads\/achille-lauro_ph-luca-damelio-1-b-2.jpg\",\"width\":1024,\"height\":915,\"caption\":\"Achille Lauro\"},{\"@type\":\"BreadcrumbList\",\"@id\":\"https:\/\/www.intoscana.it\/it\/castiglioncello-festival-agosto-2024-concerti\/#breadcrumb\",\"itemListElement\":[{\"@type\":\"ListItem\",\"position\":1,\"name\":\"Home\",\"item\":\"https:\/\/www.intoscana.it\/it\/\"},{\"@type\":\"ListItem\",\"position\":2,\"name\":\"Alfa, Russel Crowe, Achille Lauro e De Gregori in concerto al Castiglioncello Festival 2024\"}]},{\"@type\":\"WebSite\",\"@id\":\"https:\/\/www.intoscana.it\/it\/#website\",\"url\":\"https:\/\/www.intoscana.it\/it\/\",\"name\":\"intoscana\",\"description\":\"\",\"potentialAction\":[{\"@type\":\"SearchAction\",\"target\":{\"@type\":\"EntryPoint\",\"urlTemplate\":\"https:\/\/www.intoscana.it\/it\/?s={search_term_string}\"},\"query-input\":{\"@type\":\"PropertyValueSpecification\",\"valueRequired\":true,\"valueName\":\"search_term_string\"}}],\"inLanguage\":\"it-IT\"},{\"@type\":\"Person\",\"@id\":\"https:\/\/www.intoscana.it\/it\/#\/schema\/person\/9223810753230f20bd670fdd322661f8\",\"name\":\"Redazione\",\"url\":\"https:\/\/www.intoscana.it\/it\/author\/redazione\/\"}]}<\/script>\n<!-- \/ Yoast SEO Premium plugin. -->","yoast_head_json":{"title":"Alfa, Russel Crowe, Achille Lauro e De Gregori in concerto al Castiglioncello Festival 2024 - intoscana","description":"Dal 3 al 24 agosto nella splendida cornice del Castello Pasquini star del calibro di Russel Crow, Achille Lauro, Alfa, De Gregori, Mannoia","robots":{"index":"index","follow":"follow","max-snippet":"max-snippet:-1","max-image-preview":"max-image-preview:large","max-video-preview":"max-video-preview:-1"},"canonical":"https:\/\/www.intoscana.it\/it\/castiglioncello-festival-agosto-2024-concerti\/","og_locale":"it_IT","og_type":"article","og_title":"Alfa, Russel Crowe, Achille Lauro e De Gregori in concerto al Castiglioncello Festival 2024","og_description":"Dal 3 al 24 agosto nella splendida cornice del Castello Pasquini star del calibro di Russel Crow, Achille Lauro, Alfa, De Gregori, Mannoia","og_url":"https:\/\/www.intoscana.it\/it\/castiglioncello-festival-agosto-2024-concerti\/","og_site_name":"intoscana","article_publisher":"https:\/\/www.facebook.com\/intoscana.it","article_published_time":"2024-03-12T14:02:19+00:00","article_modified_time":"2024-03-12T14:19:40+00:00","og_image":[{"width":1024,"height":915,"url":"https:\/\/www.intoscana.it\/wp-content\/uploads\/achille-lauro_ph-luca-damelio-1-b-2.jpg","type":"image\/jpeg"}],"author":"Redazione","twitter_card":"summary_large_image","twitter_creator":"@intoscana","twitter_site":"@intoscana","twitter_misc":{"Written by":"Redazione","Est. reading time":"5 minuti"},"schema":{"@context":"https:\/\/schema.org","@graph":[{"@type":"WebPage","@id":"https:\/\/www.intoscana.it\/it\/castiglioncello-festival-agosto-2024-concerti\/","url":"https:\/\/www.intoscana.it\/it\/castiglioncello-festival-agosto-2024-concerti\/","name":"Alfa, Russel Crowe, Achille Lauro e De Gregori in concerto al Castiglioncello Festival 2024 - intoscana","isPartOf":{"@id":"https:\/\/www.intoscana.it\/it\/#website"},"primaryImageOfPage":{"@id":"https:\/\/www.intoscana.it\/it\/castiglioncello-festival-agosto-2024-concerti\/#primaryimage"},"image":{"@id":"https:\/\/www.intoscana.it\/it\/castiglioncello-festival-agosto-2024-concerti\/#primaryimage"},"thumbnailUrl":"https:\/\/www.intoscana.it\/wp-content\/uploads\/achille-lauro_ph-luca-damelio-1-b-2.jpg","datePublished":"2024-03-12T14:02:19+00:00","dateModified":"2024-03-12T14:19:40+00:00","author":{"@id":"https:\/\/www.intoscana.it\/it\/#\/schema\/person\/9223810753230f20bd670fdd322661f8"},"description":"Dal 3 al 24 agosto nella splendida cornice del Castello Pasquini star del calibro di Russel Crow, Achille Lauro, Alfa, De Gregori, Mannoia","breadcrumb":{"@id":"https:\/\/www.intoscana.it\/it\/castiglioncello-festival-agosto-2024-concerti\/#breadcrumb"},"inLanguage":"it-IT","potentialAction":[{"@type":"ReadAction","target":["https:\/\/www.intoscana.it\/it\/castiglioncello-festival-agosto-2024-concerti\/"]}]},{"@type":"ImageObject","inLanguage":"it-IT","@id":"https:\/\/www.intoscana.it\/it\/castiglioncello-festival-agosto-2024-concerti\/#primaryimage","url":"https:\/\/www.intoscana.it\/wp-content\/uploads\/achille-lauro_ph-luca-damelio-1-b-2.jpg","contentUrl":"https:\/\/www.intoscana.it\/wp-content\/uploads\/achille-lauro_ph-luca-damelio-1-b-2.jpg","width":1024,"height":915,"caption":"Achille Lauro"},{"@type":"BreadcrumbList","@id":"https:\/\/www.intoscana.it\/it\/castiglioncello-festival-agosto-2024-concerti\/#breadcrumb","itemListElement":[{"@type":"ListItem","position":1,"name":"Home","item":"https:\/\/www.intoscana.it\/it\/"},{"@type":"ListItem","position":2,"name":"Alfa, Russel Crowe, Achille Lauro e De Gregori in concerto al Castiglioncello Festival 2024"}]},{"@type":"WebSite","@id":"https:\/\/www.intoscana.it\/it\/#website","url":"https:\/\/www.intoscana.it\/it\/","name":"intoscana","description":"","potentialAction":[{"@type":"SearchAction","target":{"@type":"EntryPoint","urlTemplate":"https:\/\/www.intoscana.it\/it\/?s={search_term_string}"},"query-input":{"@type":"PropertyValueSpecification","valueRequired":true,"valueName":"search_term_string"}}],"inLanguage":"it-IT"},{"@type":"Person","@id":"https:\/\/www.intoscana.it\/it\/#\/schema\/person\/9223810753230f20bd670fdd322661f8","name":"Redazione","url":"https:\/\/www.intoscana.it\/it\/author\/redazione\/"}]}},"_links":{"self":[{"href":"https:\/\/www.intoscana.it\/it\/wp-json\/wp\/v2\/posts\/331088","targetHints":{"allow":["GET"]}}],"collection":[{"href":"https:\/\/www.intoscana.it\/it\/wp-json\/wp\/v2\/posts"}],"about":[{"href":"https:\/\/www.intoscana.it\/it\/wp-json\/wp\/v2\/types\/post"}],"author":[{"embeddable":true,"href":"https:\/\/www.intoscana.it\/it\/wp-json\/wp\/v2\/users\/525"}],"replies":[{"embeddable":true,"href":"https:\/\/www.intoscana.it\/it\/wp-json\/wp\/v2\/comments?post=331088"}],"version-history":[{"count":17,"href":"https:\/\/www.intoscana.it\/it\/wp-json\/wp\/v2\/posts\/331088\/revisions"}],"predecessor-version":[{"id":331121,"href":"https:\/\/www.intoscana.it\/it\/wp-json\/wp\/v2\/posts\/331088\/revisions\/331121"}],"wp:featuredmedia":[{"embeddable":true,"href":"https:\/\/www.intoscana.it\/it\/wp-json\/wp\/v2\/media\/97997"}],"wp:attachment":[{"href":"https:\/\/www.intoscana.it\/it\/wp-json\/wp\/v2\/media?parent=331088"}],"wp:term":[{"taxonomy":"category","embeddable":true,"href":"https:\/\/www.intoscana.it\/it\/wp-json\/wp\/v2\/categories?post=331088"},{"taxonomy":"post_tag","embeddable":true,"href":"https:\/\/www.intoscana.it\/it\/wp-json\/wp\/v2\/tags?post=331088"}],"curies":[{"name":"wp","href":"https:\/\/api.w.org\/{rel}","templated":true}]}}