{"id":331486,"date":"2024-03-27T12:44:07","date_gmt":"2024-03-27T11:44:07","guid":{"rendered":"https:\/\/www.intoscana.it\/it\/?p=331486"},"modified":"2024-03-27T12:45:23","modified_gmt":"2024-03-27T11:45:23","slug":"vino-nasce-lassociazione-vignaioli-delle-colline-di-riparbella","status":"publish","type":"post","link":"https:\/\/www.intoscana.it\/it\/vino-nasce-lassociazione-vignaioli-delle-colline-di-riparbella\/","title":{"rendered":"Vino, nasce l\u2019Associazione Vignaioli delle Colline di Riparbella"},"content":{"rendered":"<p>La nuova <strong>frontiera del vino<\/strong> in Toscana passa per<strong> le colline di Riparbella<\/strong>. Ci troviamo nella <strong>Maremma Settentrionale<\/strong> ad appena 5 chilometri dalla Costa tirrenica. Una realt\u00e0 dove il vino ha origini antiche risalenti all&#8217;<strong>epoca etrusca<\/strong>.<\/p>\n<p>Un territorio che in tempi recenti ha sposato <strong>pratiche agricole<\/strong> nel rispetto dell&#8217;<strong>ambiente<\/strong> e della <strong>sostenibilit\u00e0<\/strong>. Valori in cui si rispecchiano otto aziende, le stesse che hanno dato vita all\u2019<strong>Associazione Vignaioli delle Colline di Riparbella<\/strong>.<\/p>\n<p>Le imprese vinicole: <mark>Podere La Regola, Duemani, Tenuta Pakravan Papi, Colline Albelle, Tenuta Prima Pietra, Urlari, Caiarossa e La Cava<\/mark> rappresentano nel loro insieme <strong>oltre 150 ettari<\/strong> di vigneti. La produzione sfiora le <strong>500mila bottiglie<\/strong> con molti <strong>vini di eccellenza<\/strong> apprezzati a livello nazionale e internazionale.<\/p>\n<h3>Cultura del vino e promozione di Riparbella<\/h3>\n<p>\u201c<em>I vignaioli delle Colline di Riparbella hanno sentito la necessit\u00e0 di dare vita a una associazione per mettere in atto un\u2019azione collettiva efficace di promozione e comunicazione del territorio e delle produzioni di qualit\u00e0 delle aziende vitivinicole e per valorizzare in maniera collettiva l\u2019immagine e la rappresentativit\u00e0 del terroir vitivinicolo nel suo complesso e coinvolgere anche tutta la collettivit\u00e0 di Riparbella<\/em>\u201d spiega il presidente dell&#8217;associazione <strong>Flavio Nuti<\/strong>, amministratore del <strong>Podere La Regola<\/strong>.<\/p>\n<figure id=\"post-333367 media-333367\" class=\"align-none\"><img decoding=\"async\" src=\"https:\/\/www.intoscana.it\/wp-content\/uploads\/Flavio-Nuti-presidente-AVCR-1-e1711539837165.jpg\" alt=\"\" \/><\/figure>\n<div class=\"titleimg\">Flavio Nuti, presidente AVCR e podere La Regola a Riparbella<\/div>\n<p>Nuti, avvocato, imprenditore vinicolo e delegato Fisar \u00e8 stato il primo a far conoscere questo territorio con la sua cantina a partire dai <strong>primi anni Novanta<\/strong>. Il suo esempio \u00e8 stato poi seguito da molti altri produttori. Nel corso degli ultimi <strong>25-30 anni<\/strong> sono nate e si sono affermate molte aziende con livelli di eccellenza paragonabili a quelli di territori pi\u00f9 famosi, come la <strong>vicina Bolgheri<\/strong>. Tanti gli investitori italiani e internazionali, che hanno scelto di puntare sulla produzione di <strong>vini di eccellenza<\/strong> a Riparbella.<\/p>\n<h3>Il cuore verde delle aziende vinicole<\/h3>\n<p>Le aziende dell&#8217;associazione portano avanti una attivit\u00e0 vitivinicola a <strong>basso impatto ambientale<\/strong> e seguono i canoni della <strong>sostenibilit\u00e0<\/strong> anche attraverso pratiche di <strong>agricoltura biologica e biodinamica<\/strong>. Al primo tutto della nuova realt\u00e0 la promozione della produzione di vini di altissima qualit\u00e0 e sostenibili e della forte specificit\u00e0 e identit\u00e0 del \u201c<em>terroir riparbellino<\/em>\u201d.<\/p>\n<h3>Un territorio dalle caratteristiche uniche<\/h3>\n<p>Riparbella presenta alcuni tratti distintivi: ad esempio la parte collinare a diverse quote e l\u2019esposizione al mare e al clima mediterraneo, inoltre l\u2019influenza benefica del fiume Cecina e della sua valle con la ventilazione naturale e le escursioni termiche notturne per creare un microclima temperato che favorisce, insieme ad una ottima esposizione solare, una perfetta maturazione delle uve conservandone delle acidit\u00e0.<\/p>\n<p>Uniche le caratteristiche delle <strong>tipologie dei suoli<\/strong>: si va <strong>dai gabbri ad argille alluvionali<\/strong> \u201ca palombini\u201d con scheletri rocciosi, a <strong>terreni calcarei <\/strong>e acciottolati ed a <strong>sabbie plioceniche<\/strong> ricche di fossili di conchiglia. Un patrimonio geologico che \u00e8 di solito sinonimo di produzione di vini di eccellenza. Infine non va sottovalutata la <strong>biodiversit\u00e0 spontanea<\/strong>. Le attivit\u00e0 agricole e viticole di Riparbella si integrano con <strong>bosco e macchia mediterranea<\/strong>.<\/p>\n","protected":false},"excerpt":{"rendered":"<p>Tra i territori in ascesa in Toscana grazie all&#8217;agricoltura bio, ai suoli dalle grandi potenzialit\u00e0 e ai vini di rara eccellenza<\/p>\n","protected":false},"author":554,"featured_media":331488,"comment_status":"open","ping_status":"open","sticky":false,"template":"","format":"standard","meta":{"_acf_changed":false,"footnotes":""},"categories":[8],"tags":[5604],"class_list":["post-331486","post","type-post","status-publish","format-standard","has-post-thumbnail","hentry","category-enogastronomia","tag-vini-toscani"],"acf":[],"yoast_head":"<!-- This site is optimized with the Yoast SEO Premium plugin v24.2 (Yoast SEO v25.6) - https:\/\/yoast.com\/wordpress\/plugins\/seo\/ -->\n<title>Vino, nasce l\u2019Associazione Vignaioli delle Colline di Riparbella - intoscana<\/title>\n<meta name=\"description\" content=\"Tra i territori in ascesa in Toscana grazie all&#039;agricoltura bio, ai suoli dalle grandi potenzialit\u00e0 e ai vini di rara eccellenza\" \/>\n<meta name=\"robots\" content=\"index, follow, max-snippet:-1, max-image-preview:large, max-video-preview:-1\" \/>\n<link rel=\"canonical\" href=\"https:\/\/www.intoscana.it\/it\/vino-nasce-lassociazione-vignaioli-delle-colline-di-riparbella\/\" \/>\n<meta property=\"og:locale\" content=\"it_IT\" \/>\n<meta property=\"og:type\" content=\"article\" \/>\n<meta property=\"og:title\" content=\"Vino, nasce l\u2019Associazione Vignaioli delle Colline di Riparbella\" \/>\n<meta property=\"og:description\" content=\"Tra i territori in ascesa in Toscana grazie all&#039;agricoltura bio, ai suoli dalle grandi potenzialit\u00e0 e ai vini di rara eccellenza\" \/>\n<meta property=\"og:url\" content=\"https:\/\/www.intoscana.it\/it\/vino-nasce-lassociazione-vignaioli-delle-colline-di-riparbella\/\" \/>\n<meta property=\"og:site_name\" content=\"intoscana\" \/>\n<meta property=\"article:publisher\" content=\"https:\/\/www.facebook.com\/intoscana.it\" \/>\n<meta property=\"article:published_time\" content=\"2024-03-27T11:44:07+00:00\" \/>\n<meta property=\"article:modified_time\" content=\"2024-03-27T11:45:23+00:00\" \/>\n<meta property=\"og:image\" content=\"https:\/\/www.intoscana.it\/wp-content\/uploads\/Collage-cantine-Associazione-Vignaioli-Colline-di-Riparbella-e1711539914958.jpg\" \/>\n\t<meta property=\"og:image:width\" content=\"1110\" \/>\n\t<meta property=\"og:image:height\" content=\"562\" \/>\n\t<meta property=\"og:image:type\" content=\"image\/jpeg\" \/>\n<meta name=\"author\" content=\"Raffaella Galamini\" \/>\n<meta name=\"twitter:card\" content=\"summary_large_image\" \/>\n<meta name=\"twitter:creator\" content=\"@orio\" \/>\n<meta name=\"twitter:site\" content=\"@intoscana\" \/>\n<meta name=\"twitter:label1\" content=\"Written by\" \/>\n\t<meta name=\"twitter:data1\" content=\"Raffaella Galamini\" \/>\n\t<meta name=\"twitter:label2\" content=\"Est. reading time\" \/>\n\t<meta name=\"twitter:data2\" content=\"3 minuti\" \/>\n<script type=\"application\/ld+json\" class=\"yoast-schema-graph\">{\"@context\":\"https:\/\/schema.org\",\"@graph\":[{\"@type\":\"WebPage\",\"@id\":\"https:\/\/www.intoscana.it\/it\/vino-nasce-lassociazione-vignaioli-delle-colline-di-riparbella\/\",\"url\":\"https:\/\/www.intoscana.it\/it\/vino-nasce-lassociazione-vignaioli-delle-colline-di-riparbella\/\",\"name\":\"Vino, nasce l\u2019Associazione Vignaioli delle Colline di Riparbella - intoscana\",\"isPartOf\":{\"@id\":\"https:\/\/www.intoscana.it\/it\/#website\"},\"primaryImageOfPage\":{\"@id\":\"https:\/\/www.intoscana.it\/it\/vino-nasce-lassociazione-vignaioli-delle-colline-di-riparbella\/#primaryimage\"},\"image\":{\"@id\":\"https:\/\/www.intoscana.it\/it\/vino-nasce-lassociazione-vignaioli-delle-colline-di-riparbella\/#primaryimage\"},\"thumbnailUrl\":\"https:\/\/www.intoscana.it\/wp-content\/uploads\/Collage-cantine-Associazione-Vignaioli-Colline-di-Riparbella-e1711539914958.jpg\",\"datePublished\":\"2024-03-27T11:44:07+00:00\",\"dateModified\":\"2024-03-27T11:45:23+00:00\",\"author\":{\"@id\":\"https:\/\/www.intoscana.it\/it\/#\/schema\/person\/9eb9daa846a49fe51af39a73d9d1986b\"},\"description\":\"Tra i territori in ascesa in Toscana grazie all'agricoltura bio, ai suoli dalle grandi potenzialit\u00e0 e ai vini di rara eccellenza\",\"breadcrumb\":{\"@id\":\"https:\/\/www.intoscana.it\/it\/vino-nasce-lassociazione-vignaioli-delle-colline-di-riparbella\/#breadcrumb\"},\"inLanguage\":\"it-IT\",\"potentialAction\":[{\"@type\":\"ReadAction\",\"target\":[\"https:\/\/www.intoscana.it\/it\/vino-nasce-lassociazione-vignaioli-delle-colline-di-riparbella\/\"]}]},{\"@type\":\"ImageObject\",\"inLanguage\":\"it-IT\",\"@id\":\"https:\/\/www.intoscana.it\/it\/vino-nasce-lassociazione-vignaioli-delle-colline-di-riparbella\/#primaryimage\",\"url\":\"https:\/\/www.intoscana.it\/wp-content\/uploads\/Collage-cantine-Associazione-Vignaioli-Colline-di-Riparbella-e1711539914958.jpg\",\"contentUrl\":\"https:\/\/www.intoscana.it\/wp-content\/uploads\/Collage-cantine-Associazione-Vignaioli-Colline-di-Riparbella-e1711539914958.jpg\",\"width\":1110,\"height\":562,\"caption\":\"Le cantine che costituiscono l'associazione Vignaioli Colline di Riparbella\"},{\"@type\":\"BreadcrumbList\",\"@id\":\"https:\/\/www.intoscana.it\/it\/vino-nasce-lassociazione-vignaioli-delle-colline-di-riparbella\/#breadcrumb\",\"itemListElement\":[{\"@type\":\"ListItem\",\"position\":1,\"name\":\"Home\",\"item\":\"https:\/\/www.intoscana.it\/it\/\"},{\"@type\":\"ListItem\",\"position\":2,\"name\":\"Vino, nasce l\u2019Associazione Vignaioli delle Colline di Riparbella\"}]},{\"@type\":\"WebSite\",\"@id\":\"https:\/\/www.intoscana.it\/it\/#website\",\"url\":\"https:\/\/www.intoscana.it\/it\/\",\"name\":\"intoscana\",\"description\":\"\",\"potentialAction\":[{\"@type\":\"SearchAction\",\"target\":{\"@type\":\"EntryPoint\",\"urlTemplate\":\"https:\/\/www.intoscana.it\/it\/?s={search_term_string}\"},\"query-input\":{\"@type\":\"PropertyValueSpecification\",\"valueRequired\":true,\"valueName\":\"search_term_string\"}}],\"inLanguage\":\"it-IT\"},{\"@type\":\"Person\",\"@id\":\"https:\/\/www.intoscana.it\/it\/#\/schema\/person\/9eb9daa846a49fe51af39a73d9d1986b\",\"name\":\"Raffaella Galamini\",\"sameAs\":[\"https:\/\/x.com\/orio\"],\"url\":\"https:\/\/www.intoscana.it\/it\/author\/r-galamini\/\"}]}<\/script>\n<!-- \/ Yoast SEO Premium plugin. -->","yoast_head_json":{"title":"Vino, nasce l\u2019Associazione Vignaioli delle Colline di Riparbella - intoscana","description":"Tra i territori in ascesa in Toscana grazie all'agricoltura bio, ai suoli dalle grandi potenzialit\u00e0 e ai vini di rara eccellenza","robots":{"index":"index","follow":"follow","max-snippet":"max-snippet:-1","max-image-preview":"max-image-preview:large","max-video-preview":"max-video-preview:-1"},"canonical":"https:\/\/www.intoscana.it\/it\/vino-nasce-lassociazione-vignaioli-delle-colline-di-riparbella\/","og_locale":"it_IT","og_type":"article","og_title":"Vino, nasce l\u2019Associazione Vignaioli delle Colline di Riparbella","og_description":"Tra i territori in ascesa in Toscana grazie all'agricoltura bio, ai suoli dalle grandi potenzialit\u00e0 e ai vini di rara eccellenza","og_url":"https:\/\/www.intoscana.it\/it\/vino-nasce-lassociazione-vignaioli-delle-colline-di-riparbella\/","og_site_name":"intoscana","article_publisher":"https:\/\/www.facebook.com\/intoscana.it","article_published_time":"2024-03-27T11:44:07+00:00","article_modified_time":"2024-03-27T11:45:23+00:00","og_image":[{"width":1110,"height":562,"url":"https:\/\/www.intoscana.it\/wp-content\/uploads\/Collage-cantine-Associazione-Vignaioli-Colline-di-Riparbella-e1711539914958.jpg","type":"image\/jpeg"}],"author":"Raffaella Galamini","twitter_card":"summary_large_image","twitter_creator":"@orio","twitter_site":"@intoscana","twitter_misc":{"Written by":"Raffaella Galamini","Est. reading time":"3 minuti"},"schema":{"@context":"https:\/\/schema.org","@graph":[{"@type":"WebPage","@id":"https:\/\/www.intoscana.it\/it\/vino-nasce-lassociazione-vignaioli-delle-colline-di-riparbella\/","url":"https:\/\/www.intoscana.it\/it\/vino-nasce-lassociazione-vignaioli-delle-colline-di-riparbella\/","name":"Vino, nasce l\u2019Associazione Vignaioli delle Colline di Riparbella - intoscana","isPartOf":{"@id":"https:\/\/www.intoscana.it\/it\/#website"},"primaryImageOfPage":{"@id":"https:\/\/www.intoscana.it\/it\/vino-nasce-lassociazione-vignaioli-delle-colline-di-riparbella\/#primaryimage"},"image":{"@id":"https:\/\/www.intoscana.it\/it\/vino-nasce-lassociazione-vignaioli-delle-colline-di-riparbella\/#primaryimage"},"thumbnailUrl":"https:\/\/www.intoscana.it\/wp-content\/uploads\/Collage-cantine-Associazione-Vignaioli-Colline-di-Riparbella-e1711539914958.jpg","datePublished":"2024-03-27T11:44:07+00:00","dateModified":"2024-03-27T11:45:23+00:00","author":{"@id":"https:\/\/www.intoscana.it\/it\/#\/schema\/person\/9eb9daa846a49fe51af39a73d9d1986b"},"description":"Tra i territori in ascesa in Toscana grazie all'agricoltura bio, ai suoli dalle grandi potenzialit\u00e0 e ai vini di rara eccellenza","breadcrumb":{"@id":"https:\/\/www.intoscana.it\/it\/vino-nasce-lassociazione-vignaioli-delle-colline-di-riparbella\/#breadcrumb"},"inLanguage":"it-IT","potentialAction":[{"@type":"ReadAction","target":["https:\/\/www.intoscana.it\/it\/vino-nasce-lassociazione-vignaioli-delle-colline-di-riparbella\/"]}]},{"@type":"ImageObject","inLanguage":"it-IT","@id":"https:\/\/www.intoscana.it\/it\/vino-nasce-lassociazione-vignaioli-delle-colline-di-riparbella\/#primaryimage","url":"https:\/\/www.intoscana.it\/wp-content\/uploads\/Collage-cantine-Associazione-Vignaioli-Colline-di-Riparbella-e1711539914958.jpg","contentUrl":"https:\/\/www.intoscana.it\/wp-content\/uploads\/Collage-cantine-Associazione-Vignaioli-Colline-di-Riparbella-e1711539914958.jpg","width":1110,"height":562,"caption":"Le cantine che costituiscono l'associazione Vignaioli Colline di Riparbella"},{"@type":"BreadcrumbList","@id":"https:\/\/www.intoscana.it\/it\/vino-nasce-lassociazione-vignaioli-delle-colline-di-riparbella\/#breadcrumb","itemListElement":[{"@type":"ListItem","position":1,"name":"Home","item":"https:\/\/www.intoscana.it\/it\/"},{"@type":"ListItem","position":2,"name":"Vino, nasce l\u2019Associazione Vignaioli delle Colline di Riparbella"}]},{"@type":"WebSite","@id":"https:\/\/www.intoscana.it\/it\/#website","url":"https:\/\/www.intoscana.it\/it\/","name":"intoscana","description":"","potentialAction":[{"@type":"SearchAction","target":{"@type":"EntryPoint","urlTemplate":"https:\/\/www.intoscana.it\/it\/?s={search_term_string}"},"query-input":{"@type":"PropertyValueSpecification","valueRequired":true,"valueName":"search_term_string"}}],"inLanguage":"it-IT"},{"@type":"Person","@id":"https:\/\/www.intoscana.it\/it\/#\/schema\/person\/9eb9daa846a49fe51af39a73d9d1986b","name":"Raffaella Galamini","sameAs":["https:\/\/x.com\/orio"],"url":"https:\/\/www.intoscana.it\/it\/author\/r-galamini\/"}]}},"_links":{"self":[{"href":"https:\/\/www.intoscana.it\/it\/wp-json\/wp\/v2\/posts\/331486","targetHints":{"allow":["GET"]}}],"collection":[{"href":"https:\/\/www.intoscana.it\/it\/wp-json\/wp\/v2\/posts"}],"about":[{"href":"https:\/\/www.intoscana.it\/it\/wp-json\/wp\/v2\/types\/post"}],"author":[{"embeddable":true,"href":"https:\/\/www.intoscana.it\/it\/wp-json\/wp\/v2\/users\/554"}],"replies":[{"embeddable":true,"href":"https:\/\/www.intoscana.it\/it\/wp-json\/wp\/v2\/comments?post=331486"}],"version-history":[{"count":4,"href":"https:\/\/www.intoscana.it\/it\/wp-json\/wp\/v2\/posts\/331486\/revisions"}],"predecessor-version":[{"id":333368,"href":"https:\/\/www.intoscana.it\/it\/wp-json\/wp\/v2\/posts\/331486\/revisions\/333368"}],"wp:featuredmedia":[{"embeddable":true,"href":"https:\/\/www.intoscana.it\/it\/wp-json\/wp\/v2\/media\/331488"}],"wp:attachment":[{"href":"https:\/\/www.intoscana.it\/it\/wp-json\/wp\/v2\/media?parent=331486"}],"wp:term":[{"taxonomy":"category","embeddable":true,"href":"https:\/\/www.intoscana.it\/it\/wp-json\/wp\/v2\/categories?post=331486"},{"taxonomy":"post_tag","embeddable":true,"href":"https:\/\/www.intoscana.it\/it\/wp-json\/wp\/v2\/tags?post=331486"}],"curies":[{"name":"wp","href":"https:\/\/api.w.org\/{rel}","templated":true}]}}