{"id":331549,"date":"2024-03-15T10:20:00","date_gmt":"2024-03-15T09:20:00","guid":{"rendered":"https:\/\/www.intoscana.it\/it\/?p=331549"},"modified":"2024-03-18T18:33:22","modified_gmt":"2024-03-18T17:33:22","slug":"la-toscana-alice-gennaro-e-la-prima-doppiatrice-in-italia-con-sindrome-di-down","status":"publish","type":"post","link":"https:\/\/www.intoscana.it\/it\/la-toscana-alice-gennaro-e-la-prima-doppiatrice-in-italia-con-sindrome-di-down\/","title":{"rendered":"La toscana Alice Gennaro \u00e8 la prima doppiatrice in Italia con sindrome di Down"},"content":{"rendered":"<p>Arriva da Prato la prima doppiatrice in Italia con sindrome di Down: <strong>Alice Gennaro <\/strong>ha 20 anni,\u00a0frequenta con successo l&#8217;ultimo anno dell&#8217;istituto professionale Marconi di Prato per grafico pubblicitario e\u00a0ha prestato la sua voce alla protagonista del <strong>film spagnolo &#8220;Valentina&#8221;,<\/strong> vincitore nel 2022 del premio Goya come miglior film d&#8217;animazione.<\/p>\n<h3>L&#8217;esperienza in sala doppiaggio<\/h3>\n<p><mark><em>&#8220;\u00c8 stato fantastico dare voce a Valentina perch\u00e9 \u00e8 simpatica e gioiosa. <\/em><\/mark><em>A volte \u00e8 stato difficile, per\u00f2 sono riuscita<\/em>&#8221; racconta Alice Gennaro, che ha seguito <strong>corsi di danza contemporanea e di nuoto<\/strong>, \u00e8 appassionata di musica, adora le serie tv americane e come tante sue coetanee posta i suoi selfie su Instagram e TikTok.<\/p>\n<p><em>&#8220;Per una settimana ha lavorato a Roma in sala di doppiaggio: faceva turni di tre ore la mattina ed il pomeriggio doveva rilassarsi perch\u00e9 aveva dato tanto<\/em>&#8221; aggiunge la mamma di Alice, Simona Becheri.<\/p>\n<p><em>&#8220;Lavorare con Alice \u00e8 stata una <strong>magnifica avventura<\/strong> che ha fatto crescere anche me umanamente e professionalmente<\/em> &#8211; spiega la <strong>direttrice del doppiaggio del film, Perla Liberatori<\/strong> &#8211; <em>tra di noi \u00e8 nato subito un rapporto di fiducia, complicit\u00e0 e affetto e questa \u00e8 la base per la buona riuscita di un lavoro.&#8221;<\/em><\/p>\n<figure id=\"post-331558 media-331558\" class=\"align-none\">\n<p><figure style=\"width: 600px\" class=\"wp-caption alignnone\"><img loading=\"lazy\" decoding=\"async\" src=\"https:\/\/www.intoscana.it\/wp-content\/uploads\/gennaro.jpeg\" alt=\"\" width=\"600\" height=\"600\" \/><figcaption class=\"wp-caption-text\">Alice Gennaro in sala doppiaggio \u00a9 Associazione Italiana Persone Down &#8211; AIPD Nazionale<\/figcaption><\/figure><\/figure>\n<h3>I sogni di Valentina e di Alice<\/h3>\n<p>&#8220;Valentina&#8221; racconta la storia di una bambina con la sindrome di Down che vuole <strong>diventare una trapezista<\/strong> ma ha paura di non riuscirci perch\u00e9 consapevole di essere diversa. Alla fine riuscir\u00e0 a realizzare il suo sogno grazie al forte rapporto con la sua famiglia e alla sua determinazione.<\/p>\n<p>Anche <mark>Alice Gennaro ha tanti sogni: <em>&#8220;Essere una star, una cantante, o una fotomodella<\/em> <\/mark>d<em>i marchi di lusso. Ora ho scoperto che mi piace fare anche il doppiaggio&#8221;<\/em> racconta.<\/p>\n<p>E della ventenne di Prato ha parlato in un post anche la <strong>ministra per le disabilit\u00e0 Alessandra Locatelli:<\/strong> <em>&#8220;\u00c8 una giornata speciale per il cinema italiano. Complimenti ad Alice e a tutti coloro che hanno reso questo film un successo!&#8221;. <\/em>Il film sar\u00e0 presentato \u00a0in anteprima alla Casa del Cinema a Roma luned\u00ec 18 marzo.<\/p>\n","protected":false},"excerpt":{"rendered":"<p>La ventenne di Prato ha prestato la sua voce alla protagonista della pellicola spagnola &#8220;Valentina&#8221;, che ha vinto nel 2022 il premio Goya come miglior film d&#8217;animazione<\/p>\n","protected":false},"author":502,"featured_media":331550,"comment_status":"open","ping_status":"open","sticky":false,"template":"","format":"standard","meta":{"_acf_changed":false,"footnotes":""},"categories":[4],"tags":[188,406,259],"class_list":["post-331549","post","type-post","status-publish","format-standard","has-post-thumbnail","hentry","category-storie","tag-cinema","tag-disabilita","tag-prato"],"acf":[],"yoast_head":"<!-- This site is optimized with the Yoast SEO Premium plugin v24.2 (Yoast SEO v25.6) - https:\/\/yoast.com\/wordpress\/plugins\/seo\/ -->\n<title>La toscana Alice Gennaro \u00e8 la prima doppiatrice in Italia con sindrome di Down - intoscana<\/title>\n<meta name=\"description\" content=\"Alice Gennaro di Prato \u00e8 la prima doppiatrice in Italia con sindrome di Down: ha dato la voce alla protagonista del film &quot;Valentina&quot;.\" \/>\n<meta name=\"robots\" content=\"index, follow, max-snippet:-1, max-image-preview:large, max-video-preview:-1\" \/>\n<link rel=\"canonical\" href=\"https:\/\/www.intoscana.it\/it\/la-toscana-alice-gennaro-e-la-prima-doppiatrice-in-italia-con-sindrome-di-down\/\" \/>\n<meta property=\"og:locale\" content=\"it_IT\" \/>\n<meta property=\"og:type\" content=\"article\" \/>\n<meta property=\"og:title\" content=\"La toscana Alice Gennaro \u00e8 la prima doppiatrice in Italia con sindrome di Down\" \/>\n<meta property=\"og:description\" content=\"Alice Gennaro di Prato \u00e8 la prima doppiatrice in Italia con sindrome di Down: ha dato la voce alla protagonista del film &quot;Valentina&quot;.\" \/>\n<meta property=\"og:url\" content=\"https:\/\/www.intoscana.it\/it\/la-toscana-alice-gennaro-e-la-prima-doppiatrice-in-italia-con-sindrome-di-down\/\" \/>\n<meta property=\"og:site_name\" content=\"intoscana\" \/>\n<meta property=\"article:publisher\" content=\"https:\/\/www.facebook.com\/intoscana.it\" \/>\n<meta property=\"article:published_time\" content=\"2024-03-15T09:20:00+00:00\" \/>\n<meta property=\"article:modified_time\" content=\"2024-03-18T17:33:22+00:00\" \/>\n<meta property=\"og:image\" content=\"https:\/\/www.intoscana.it\/wp-content\/uploads\/alice-gennaro-e1710783196998.jpeg\" \/>\n\t<meta property=\"og:image:width\" content=\"1200\" \/>\n\t<meta property=\"og:image:height\" content=\"837\" \/>\n\t<meta property=\"og:image:type\" content=\"image\/jpeg\" \/>\n<meta name=\"author\" content=\"Ilaria Giannini\" \/>\n<meta name=\"twitter:card\" content=\"summary_large_image\" \/>\n<meta name=\"twitter:creator\" content=\"@i.giannini@fst.it\" \/>\n<meta name=\"twitter:site\" content=\"@intoscana\" \/>\n<meta name=\"twitter:label1\" content=\"Written by\" \/>\n\t<meta name=\"twitter:data1\" content=\"Ilaria Giannini\" \/>\n\t<meta name=\"twitter:label2\" content=\"Est. reading time\" \/>\n\t<meta name=\"twitter:data2\" content=\"3 minuti\" \/>\n<script type=\"application\/ld+json\" class=\"yoast-schema-graph\">{\"@context\":\"https:\/\/schema.org\",\"@graph\":[{\"@type\":\"WebPage\",\"@id\":\"https:\/\/www.intoscana.it\/it\/la-toscana-alice-gennaro-e-la-prima-doppiatrice-in-italia-con-sindrome-di-down\/\",\"url\":\"https:\/\/www.intoscana.it\/it\/la-toscana-alice-gennaro-e-la-prima-doppiatrice-in-italia-con-sindrome-di-down\/\",\"name\":\"La toscana Alice Gennaro \u00e8 la prima doppiatrice in Italia con sindrome di Down - intoscana\",\"isPartOf\":{\"@id\":\"https:\/\/www.intoscana.it\/it\/#website\"},\"primaryImageOfPage\":{\"@id\":\"https:\/\/www.intoscana.it\/it\/la-toscana-alice-gennaro-e-la-prima-doppiatrice-in-italia-con-sindrome-di-down\/#primaryimage\"},\"image\":{\"@id\":\"https:\/\/www.intoscana.it\/it\/la-toscana-alice-gennaro-e-la-prima-doppiatrice-in-italia-con-sindrome-di-down\/#primaryimage\"},\"thumbnailUrl\":\"https:\/\/www.intoscana.it\/wp-content\/uploads\/alice-gennaro-e1710783196998.jpeg\",\"datePublished\":\"2024-03-15T09:20:00+00:00\",\"dateModified\":\"2024-03-18T17:33:22+00:00\",\"author\":{\"@id\":\"https:\/\/www.intoscana.it\/it\/#\/schema\/person\/de95e1ed2c1c8c30a6922bbba3a90185\"},\"description\":\"Alice Gennaro di Prato \u00e8 la prima doppiatrice in Italia con sindrome di Down: ha dato la voce alla protagonista del film \\\"Valentina\\\".\",\"breadcrumb\":{\"@id\":\"https:\/\/www.intoscana.it\/it\/la-toscana-alice-gennaro-e-la-prima-doppiatrice-in-italia-con-sindrome-di-down\/#breadcrumb\"},\"inLanguage\":\"it-IT\",\"potentialAction\":[{\"@type\":\"ReadAction\",\"target\":[\"https:\/\/www.intoscana.it\/it\/la-toscana-alice-gennaro-e-la-prima-doppiatrice-in-italia-con-sindrome-di-down\/\"]}]},{\"@type\":\"ImageObject\",\"inLanguage\":\"it-IT\",\"@id\":\"https:\/\/www.intoscana.it\/it\/la-toscana-alice-gennaro-e-la-prima-doppiatrice-in-italia-con-sindrome-di-down\/#primaryimage\",\"url\":\"https:\/\/www.intoscana.it\/wp-content\/uploads\/alice-gennaro-e1710783196998.jpeg\",\"contentUrl\":\"https:\/\/www.intoscana.it\/wp-content\/uploads\/alice-gennaro-e1710783196998.jpeg\",\"width\":1200,\"height\":837,\"caption\":\"Alice Gennaro\"},{\"@type\":\"BreadcrumbList\",\"@id\":\"https:\/\/www.intoscana.it\/it\/la-toscana-alice-gennaro-e-la-prima-doppiatrice-in-italia-con-sindrome-di-down\/#breadcrumb\",\"itemListElement\":[{\"@type\":\"ListItem\",\"position\":1,\"name\":\"Home\",\"item\":\"https:\/\/www.intoscana.it\/it\/\"},{\"@type\":\"ListItem\",\"position\":2,\"name\":\"La toscana Alice Gennaro \u00e8 la prima doppiatrice in Italia con sindrome di Down\"}]},{\"@type\":\"WebSite\",\"@id\":\"https:\/\/www.intoscana.it\/it\/#website\",\"url\":\"https:\/\/www.intoscana.it\/it\/\",\"name\":\"intoscana\",\"description\":\"\",\"potentialAction\":[{\"@type\":\"SearchAction\",\"target\":{\"@type\":\"EntryPoint\",\"urlTemplate\":\"https:\/\/www.intoscana.it\/it\/?s={search_term_string}\"},\"query-input\":{\"@type\":\"PropertyValueSpecification\",\"valueRequired\":true,\"valueName\":\"search_term_string\"}}],\"inLanguage\":\"it-IT\"},{\"@type\":\"Person\",\"@id\":\"https:\/\/www.intoscana.it\/it\/#\/schema\/person\/de95e1ed2c1c8c30a6922bbba3a90185\",\"name\":\"Ilaria Giannini\",\"sameAs\":[\"https:\/\/x.com\/i.giannini@fst.it\"],\"url\":\"https:\/\/www.intoscana.it\/it\/author\/ilaria-giannini\/\"}]}<\/script>\n<!-- \/ Yoast SEO Premium plugin. -->","yoast_head_json":{"title":"La toscana Alice Gennaro \u00e8 la prima doppiatrice in Italia con sindrome di Down - intoscana","description":"Alice Gennaro di Prato \u00e8 la prima doppiatrice in Italia con sindrome di Down: ha dato la voce alla protagonista del film \"Valentina\".","robots":{"index":"index","follow":"follow","max-snippet":"max-snippet:-1","max-image-preview":"max-image-preview:large","max-video-preview":"max-video-preview:-1"},"canonical":"https:\/\/www.intoscana.it\/it\/la-toscana-alice-gennaro-e-la-prima-doppiatrice-in-italia-con-sindrome-di-down\/","og_locale":"it_IT","og_type":"article","og_title":"La toscana Alice Gennaro \u00e8 la prima doppiatrice in Italia con sindrome di Down","og_description":"Alice Gennaro di Prato \u00e8 la prima doppiatrice in Italia con sindrome di Down: ha dato la voce alla protagonista del film \"Valentina\".","og_url":"https:\/\/www.intoscana.it\/it\/la-toscana-alice-gennaro-e-la-prima-doppiatrice-in-italia-con-sindrome-di-down\/","og_site_name":"intoscana","article_publisher":"https:\/\/www.facebook.com\/intoscana.it","article_published_time":"2024-03-15T09:20:00+00:00","article_modified_time":"2024-03-18T17:33:22+00:00","og_image":[{"width":1200,"height":837,"url":"https:\/\/www.intoscana.it\/wp-content\/uploads\/alice-gennaro-e1710783196998.jpeg","type":"image\/jpeg"}],"author":"Ilaria Giannini","twitter_card":"summary_large_image","twitter_creator":"@i.giannini@fst.it","twitter_site":"@intoscana","twitter_misc":{"Written by":"Ilaria Giannini","Est. reading time":"3 minuti"},"schema":{"@context":"https:\/\/schema.org","@graph":[{"@type":"WebPage","@id":"https:\/\/www.intoscana.it\/it\/la-toscana-alice-gennaro-e-la-prima-doppiatrice-in-italia-con-sindrome-di-down\/","url":"https:\/\/www.intoscana.it\/it\/la-toscana-alice-gennaro-e-la-prima-doppiatrice-in-italia-con-sindrome-di-down\/","name":"La toscana Alice Gennaro \u00e8 la prima doppiatrice in Italia con sindrome di Down - intoscana","isPartOf":{"@id":"https:\/\/www.intoscana.it\/it\/#website"},"primaryImageOfPage":{"@id":"https:\/\/www.intoscana.it\/it\/la-toscana-alice-gennaro-e-la-prima-doppiatrice-in-italia-con-sindrome-di-down\/#primaryimage"},"image":{"@id":"https:\/\/www.intoscana.it\/it\/la-toscana-alice-gennaro-e-la-prima-doppiatrice-in-italia-con-sindrome-di-down\/#primaryimage"},"thumbnailUrl":"https:\/\/www.intoscana.it\/wp-content\/uploads\/alice-gennaro-e1710783196998.jpeg","datePublished":"2024-03-15T09:20:00+00:00","dateModified":"2024-03-18T17:33:22+00:00","author":{"@id":"https:\/\/www.intoscana.it\/it\/#\/schema\/person\/de95e1ed2c1c8c30a6922bbba3a90185"},"description":"Alice Gennaro di Prato \u00e8 la prima doppiatrice in Italia con sindrome di Down: ha dato la voce alla protagonista del film \"Valentina\".","breadcrumb":{"@id":"https:\/\/www.intoscana.it\/it\/la-toscana-alice-gennaro-e-la-prima-doppiatrice-in-italia-con-sindrome-di-down\/#breadcrumb"},"inLanguage":"it-IT","potentialAction":[{"@type":"ReadAction","target":["https:\/\/www.intoscana.it\/it\/la-toscana-alice-gennaro-e-la-prima-doppiatrice-in-italia-con-sindrome-di-down\/"]}]},{"@type":"ImageObject","inLanguage":"it-IT","@id":"https:\/\/www.intoscana.it\/it\/la-toscana-alice-gennaro-e-la-prima-doppiatrice-in-italia-con-sindrome-di-down\/#primaryimage","url":"https:\/\/www.intoscana.it\/wp-content\/uploads\/alice-gennaro-e1710783196998.jpeg","contentUrl":"https:\/\/www.intoscana.it\/wp-content\/uploads\/alice-gennaro-e1710783196998.jpeg","width":1200,"height":837,"caption":"Alice Gennaro"},{"@type":"BreadcrumbList","@id":"https:\/\/www.intoscana.it\/it\/la-toscana-alice-gennaro-e-la-prima-doppiatrice-in-italia-con-sindrome-di-down\/#breadcrumb","itemListElement":[{"@type":"ListItem","position":1,"name":"Home","item":"https:\/\/www.intoscana.it\/it\/"},{"@type":"ListItem","position":2,"name":"La toscana Alice Gennaro \u00e8 la prima doppiatrice in Italia con sindrome di Down"}]},{"@type":"WebSite","@id":"https:\/\/www.intoscana.it\/it\/#website","url":"https:\/\/www.intoscana.it\/it\/","name":"intoscana","description":"","potentialAction":[{"@type":"SearchAction","target":{"@type":"EntryPoint","urlTemplate":"https:\/\/www.intoscana.it\/it\/?s={search_term_string}"},"query-input":{"@type":"PropertyValueSpecification","valueRequired":true,"valueName":"search_term_string"}}],"inLanguage":"it-IT"},{"@type":"Person","@id":"https:\/\/www.intoscana.it\/it\/#\/schema\/person\/de95e1ed2c1c8c30a6922bbba3a90185","name":"Ilaria Giannini","sameAs":["https:\/\/x.com\/i.giannini@fst.it"],"url":"https:\/\/www.intoscana.it\/it\/author\/ilaria-giannini\/"}]}},"_links":{"self":[{"href":"https:\/\/www.intoscana.it\/it\/wp-json\/wp\/v2\/posts\/331549","targetHints":{"allow":["GET"]}}],"collection":[{"href":"https:\/\/www.intoscana.it\/it\/wp-json\/wp\/v2\/posts"}],"about":[{"href":"https:\/\/www.intoscana.it\/it\/wp-json\/wp\/v2\/types\/post"}],"author":[{"embeddable":true,"href":"https:\/\/www.intoscana.it\/it\/wp-json\/wp\/v2\/users\/502"}],"replies":[{"embeddable":true,"href":"https:\/\/www.intoscana.it\/it\/wp-json\/wp\/v2\/comments?post=331549"}],"version-history":[{"count":9,"href":"https:\/\/www.intoscana.it\/it\/wp-json\/wp\/v2\/posts\/331549\/revisions"}],"predecessor-version":[{"id":331560,"href":"https:\/\/www.intoscana.it\/it\/wp-json\/wp\/v2\/posts\/331549\/revisions\/331560"}],"wp:featuredmedia":[{"embeddable":true,"href":"https:\/\/www.intoscana.it\/it\/wp-json\/wp\/v2\/media\/331550"}],"wp:attachment":[{"href":"https:\/\/www.intoscana.it\/it\/wp-json\/wp\/v2\/media?parent=331549"}],"wp:term":[{"taxonomy":"category","embeddable":true,"href":"https:\/\/www.intoscana.it\/it\/wp-json\/wp\/v2\/categories?post=331549"},{"taxonomy":"post_tag","embeddable":true,"href":"https:\/\/www.intoscana.it\/it\/wp-json\/wp\/v2\/tags?post=331549"}],"curies":[{"name":"wp","href":"https:\/\/api.w.org\/{rel}","templated":true}]}}