{"id":331817,"date":"2024-03-18T14:25:44","date_gmt":"2024-03-18T13:25:44","guid":{"rendered":"https:\/\/www.intoscana.it\/it\/?p=331817"},"modified":"2024-03-18T14:58:08","modified_gmt":"2024-03-18T13:58:08","slug":"dustin-hoffman-a-lucca-a-giorni-il-via-al-film-di-greenway","status":"publish","type":"post","link":"https:\/\/www.intoscana.it\/it\/dustin-hoffman-a-lucca-a-giorni-il-via-al-film-di-greenway\/","title":{"rendered":"Dustin Hoffman a Lucca, a giorni il via al film di Greenway"},"content":{"rendered":"<p><strong>Dustin Hoffman<\/strong>, due volte <strong>premio Oscar<\/strong> con &#8220;<em>Kramer contro Kramer<\/em>&#8221; e &#8220;<em>Rain Man<\/em>&#8221; \u00e8 a Lucca da venerd\u00ec e domenica scorsa in tanti l&#8217;hanno incrociato a fare due passi <strong>lungo via Fillungo<\/strong> come un normale turista. Lucca attende con una buona dose di eccitazione <strong>il via alle riprese<\/strong>, gioved\u00ec 21 marzo, con il primo c<strong>iak del film<\/strong> di <strong>Peter Greenaway<\/strong>. Accanto a Hoffman, sul set, anche l&#8217;attrice <strong>Helen Hunt<\/strong>.<\/p>\n<p>&#8220;<em>Welcome in Lucca, mister Dustin Hoffman<\/em> \u2013 il saluto che l\u2019assessore comunale al turismo <strong>Remo Santini<\/strong> ha rivolto su Facebook all&#8217;attore -. <em>Che onore averlo qui: il modo migliore di iniziare a conoscere la citt\u00e0 \u00e8 proprio una passeggiata sulle Mura&#8221;.<\/em><\/p>\n<p>Dopo settimane di <strong>sopralluoghi e pre-produzione<\/strong> l&#8217;attivit\u00e0 della produzione internazionale entra ora nella fase pi\u00f9 strettamente operativa con le riprese che coinvolgeranno gran parte del centro storico. Nel piano condiviso dalla produzione, che si svilupper\u00e0 fino al mese di maggio, sono molti i <strong>luoghi selezionati.<\/strong><\/p>\n<h3>Dove sar\u00e0 girato il film<\/h3>\n<p><mark>La produzione del film rappresenta il progetto cinematografico pi\u00f9 grande nella storia della citt\u00e0 di Lucca<\/mark> e c&#8217;\u00e8 molta attesa. <strong>Le riprese<\/strong> si svolgeranno interamente <strong>in centro storico<\/strong> ed i <strong>principali set<\/strong> saranno la celebre <mark>Torre Guinigi, via Sant&#8217;Andrea, via del Fosso, via della Zecca, piazza San Francesco, la Cattedrale di San Martino, via Cenami, baluardo Santa Croce, baluardo e sotterraneo San Martino<\/mark>, e cos\u00ec altre piazze, piazzette, scorci e vie iconici lucchesi.<\/p>\n<h3>Tutte le modifiche al traffico<\/h3>\n<p>Preparato anche un vasto piano per le modifiche al traffico necessarie via via durante la preparazione del film. &#8220;<em>L&#8217;amministrazione comunale<\/em> &#8211; dichiarano il sindaco <strong>Mario Pardini<\/strong> e l&#8217;assessore<strong> Remo Santini<\/strong> &#8211; <em>ha ricevuto dalla produzione internazionale il piano delle riprese e la macchina organizzativa si \u00e8 quindi messa in moto per garantire la piena operativit\u00e0 per quello che sar\u00e0 il pi\u00f9 grande progetto cinematografico nella storia di Lucca&#8221;.<\/em><\/p>\n","protected":false},"excerpt":{"rendered":"<p>Nel cast presente anche l&#8217;attrice Helen Hunt. Le riprese della pellicola nelle strade e nelle vie del centro storico. Una grande promozione per la citt\u00e0<\/p>\n","protected":false},"author":525,"featured_media":331832,"comment_status":"open","ping_status":"open","sticky":false,"template":"","format":"standard","meta":{"_acf_changed":false,"footnotes":""},"categories":[493],"tags":[188,170],"class_list":["post-331817","post","type-post","status-publish","format-standard","has-post-thumbnail","hentry","category-cultura","tag-cinema","tag-lucca"],"acf":[],"yoast_head":"<!-- This site is optimized with the Yoast SEO Premium plugin v24.2 (Yoast SEO v25.6) - https:\/\/yoast.com\/wordpress\/plugins\/seo\/ -->\n<title>Dustin Hoffman a Lucca, a giorni il via al film di Greenway - intoscana<\/title>\n<meta name=\"description\" content=\"Nel cast presente anche l&#039;attrice Helen Hunt. Le riprese della pellicola nelle strade e nelle vie del centro storico\" \/>\n<meta name=\"robots\" content=\"index, follow, max-snippet:-1, max-image-preview:large, max-video-preview:-1\" \/>\n<link rel=\"canonical\" href=\"https:\/\/www.intoscana.it\/it\/dustin-hoffman-a-lucca-a-giorni-il-via-al-film-di-greenway\/\" \/>\n<meta property=\"og:locale\" content=\"it_IT\" \/>\n<meta property=\"og:type\" content=\"article\" \/>\n<meta property=\"og:title\" content=\"Dustin Hoffman a Lucca, a giorni il via al film di Greenway\" \/>\n<meta property=\"og:description\" content=\"Nel cast presente anche l&#039;attrice Helen Hunt. Le riprese della pellicola nelle strade e nelle vie del centro storico\" \/>\n<meta property=\"og:url\" content=\"https:\/\/www.intoscana.it\/it\/dustin-hoffman-a-lucca-a-giorni-il-via-al-film-di-greenway\/\" \/>\n<meta property=\"og:site_name\" content=\"intoscana\" \/>\n<meta property=\"article:publisher\" content=\"https:\/\/www.facebook.com\/intoscana.it\" \/>\n<meta property=\"article:published_time\" content=\"2024-03-18T13:25:44+00:00\" \/>\n<meta property=\"article:modified_time\" content=\"2024-03-18T13:58:08+00:00\" \/>\n<meta property=\"og:image\" content=\"https:\/\/www.intoscana.it\/wp-content\/uploads\/Il-sopralluogo-di-Dustin-Hoffman-sulle-mure-di-Lucca-FB-Remo-Santini-assessore-e1710770283123.jpeg\" \/>\n\t<meta property=\"og:image:width\" content=\"570\" \/>\n\t<meta property=\"og:image:height\" content=\"362\" \/>\n\t<meta property=\"og:image:type\" content=\"image\/jpeg\" \/>\n<meta name=\"author\" content=\"Redazione\" \/>\n<meta name=\"twitter:card\" content=\"summary_large_image\" \/>\n<meta name=\"twitter:creator\" content=\"@intoscana\" \/>\n<meta name=\"twitter:site\" content=\"@intoscana\" \/>\n<meta name=\"twitter:label1\" content=\"Written by\" \/>\n\t<meta name=\"twitter:data1\" content=\"Redazione\" \/>\n\t<meta name=\"twitter:label2\" content=\"Est. reading time\" \/>\n\t<meta name=\"twitter:data2\" content=\"2 minuti\" \/>\n<script type=\"application\/ld+json\" class=\"yoast-schema-graph\">{\"@context\":\"https:\/\/schema.org\",\"@graph\":[{\"@type\":\"WebPage\",\"@id\":\"https:\/\/www.intoscana.it\/it\/dustin-hoffman-a-lucca-a-giorni-il-via-al-film-di-greenway\/\",\"url\":\"https:\/\/www.intoscana.it\/it\/dustin-hoffman-a-lucca-a-giorni-il-via-al-film-di-greenway\/\",\"name\":\"Dustin Hoffman a Lucca, a giorni il via al film di Greenway - intoscana\",\"isPartOf\":{\"@id\":\"https:\/\/www.intoscana.it\/it\/#website\"},\"primaryImageOfPage\":{\"@id\":\"https:\/\/www.intoscana.it\/it\/dustin-hoffman-a-lucca-a-giorni-il-via-al-film-di-greenway\/#primaryimage\"},\"image\":{\"@id\":\"https:\/\/www.intoscana.it\/it\/dustin-hoffman-a-lucca-a-giorni-il-via-al-film-di-greenway\/#primaryimage\"},\"thumbnailUrl\":\"https:\/\/www.intoscana.it\/wp-content\/uploads\/Il-sopralluogo-di-Dustin-Hoffman-sulle-mure-di-Lucca-FB-Remo-Santini-assessore-e1710770283123.jpeg\",\"datePublished\":\"2024-03-18T13:25:44+00:00\",\"dateModified\":\"2024-03-18T13:58:08+00:00\",\"author\":{\"@id\":\"https:\/\/www.intoscana.it\/it\/#\/schema\/person\/9223810753230f20bd670fdd322661f8\"},\"description\":\"Nel cast presente anche l'attrice Helen Hunt. Le riprese della pellicola nelle strade e nelle vie del centro storico\",\"breadcrumb\":{\"@id\":\"https:\/\/www.intoscana.it\/it\/dustin-hoffman-a-lucca-a-giorni-il-via-al-film-di-greenway\/#breadcrumb\"},\"inLanguage\":\"it-IT\",\"potentialAction\":[{\"@type\":\"ReadAction\",\"target\":[\"https:\/\/www.intoscana.it\/it\/dustin-hoffman-a-lucca-a-giorni-il-via-al-film-di-greenway\/\"]}]},{\"@type\":\"ImageObject\",\"inLanguage\":\"it-IT\",\"@id\":\"https:\/\/www.intoscana.it\/it\/dustin-hoffman-a-lucca-a-giorni-il-via-al-film-di-greenway\/#primaryimage\",\"url\":\"https:\/\/www.intoscana.it\/wp-content\/uploads\/Il-sopralluogo-di-Dustin-Hoffman-sulle-mure-di-Lucca-FB-Remo-Santini-assessore-e1710770283123.jpeg\",\"contentUrl\":\"https:\/\/www.intoscana.it\/wp-content\/uploads\/Il-sopralluogo-di-Dustin-Hoffman-sulle-mure-di-Lucca-FB-Remo-Santini-assessore-e1710770283123.jpeg\",\"width\":570,\"height\":362},{\"@type\":\"BreadcrumbList\",\"@id\":\"https:\/\/www.intoscana.it\/it\/dustin-hoffman-a-lucca-a-giorni-il-via-al-film-di-greenway\/#breadcrumb\",\"itemListElement\":[{\"@type\":\"ListItem\",\"position\":1,\"name\":\"Home\",\"item\":\"https:\/\/www.intoscana.it\/it\/\"},{\"@type\":\"ListItem\",\"position\":2,\"name\":\"Dustin Hoffman a Lucca, a giorni il via al film di Greenway\"}]},{\"@type\":\"WebSite\",\"@id\":\"https:\/\/www.intoscana.it\/it\/#website\",\"url\":\"https:\/\/www.intoscana.it\/it\/\",\"name\":\"intoscana\",\"description\":\"\",\"potentialAction\":[{\"@type\":\"SearchAction\",\"target\":{\"@type\":\"EntryPoint\",\"urlTemplate\":\"https:\/\/www.intoscana.it\/it\/?s={search_term_string}\"},\"query-input\":{\"@type\":\"PropertyValueSpecification\",\"valueRequired\":true,\"valueName\":\"search_term_string\"}}],\"inLanguage\":\"it-IT\"},{\"@type\":\"Person\",\"@id\":\"https:\/\/www.intoscana.it\/it\/#\/schema\/person\/9223810753230f20bd670fdd322661f8\",\"name\":\"Redazione\",\"url\":\"https:\/\/www.intoscana.it\/it\/author\/redazione\/\"}]}<\/script>\n<!-- \/ Yoast SEO Premium plugin. -->","yoast_head_json":{"title":"Dustin Hoffman a Lucca, a giorni il via al film di Greenway - intoscana","description":"Nel cast presente anche l'attrice Helen Hunt. Le riprese della pellicola nelle strade e nelle vie del centro storico","robots":{"index":"index","follow":"follow","max-snippet":"max-snippet:-1","max-image-preview":"max-image-preview:large","max-video-preview":"max-video-preview:-1"},"canonical":"https:\/\/www.intoscana.it\/it\/dustin-hoffman-a-lucca-a-giorni-il-via-al-film-di-greenway\/","og_locale":"it_IT","og_type":"article","og_title":"Dustin Hoffman a Lucca, a giorni il via al film di Greenway","og_description":"Nel cast presente anche l'attrice Helen Hunt. Le riprese della pellicola nelle strade e nelle vie del centro storico","og_url":"https:\/\/www.intoscana.it\/it\/dustin-hoffman-a-lucca-a-giorni-il-via-al-film-di-greenway\/","og_site_name":"intoscana","article_publisher":"https:\/\/www.facebook.com\/intoscana.it","article_published_time":"2024-03-18T13:25:44+00:00","article_modified_time":"2024-03-18T13:58:08+00:00","og_image":[{"width":570,"height":362,"url":"https:\/\/www.intoscana.it\/wp-content\/uploads\/Il-sopralluogo-di-Dustin-Hoffman-sulle-mure-di-Lucca-FB-Remo-Santini-assessore-e1710770283123.jpeg","type":"image\/jpeg"}],"author":"Redazione","twitter_card":"summary_large_image","twitter_creator":"@intoscana","twitter_site":"@intoscana","twitter_misc":{"Written by":"Redazione","Est. reading time":"2 minuti"},"schema":{"@context":"https:\/\/schema.org","@graph":[{"@type":"WebPage","@id":"https:\/\/www.intoscana.it\/it\/dustin-hoffman-a-lucca-a-giorni-il-via-al-film-di-greenway\/","url":"https:\/\/www.intoscana.it\/it\/dustin-hoffman-a-lucca-a-giorni-il-via-al-film-di-greenway\/","name":"Dustin Hoffman a Lucca, a giorni il via al film di Greenway - intoscana","isPartOf":{"@id":"https:\/\/www.intoscana.it\/it\/#website"},"primaryImageOfPage":{"@id":"https:\/\/www.intoscana.it\/it\/dustin-hoffman-a-lucca-a-giorni-il-via-al-film-di-greenway\/#primaryimage"},"image":{"@id":"https:\/\/www.intoscana.it\/it\/dustin-hoffman-a-lucca-a-giorni-il-via-al-film-di-greenway\/#primaryimage"},"thumbnailUrl":"https:\/\/www.intoscana.it\/wp-content\/uploads\/Il-sopralluogo-di-Dustin-Hoffman-sulle-mure-di-Lucca-FB-Remo-Santini-assessore-e1710770283123.jpeg","datePublished":"2024-03-18T13:25:44+00:00","dateModified":"2024-03-18T13:58:08+00:00","author":{"@id":"https:\/\/www.intoscana.it\/it\/#\/schema\/person\/9223810753230f20bd670fdd322661f8"},"description":"Nel cast presente anche l'attrice Helen Hunt. Le riprese della pellicola nelle strade e nelle vie del centro storico","breadcrumb":{"@id":"https:\/\/www.intoscana.it\/it\/dustin-hoffman-a-lucca-a-giorni-il-via-al-film-di-greenway\/#breadcrumb"},"inLanguage":"it-IT","potentialAction":[{"@type":"ReadAction","target":["https:\/\/www.intoscana.it\/it\/dustin-hoffman-a-lucca-a-giorni-il-via-al-film-di-greenway\/"]}]},{"@type":"ImageObject","inLanguage":"it-IT","@id":"https:\/\/www.intoscana.it\/it\/dustin-hoffman-a-lucca-a-giorni-il-via-al-film-di-greenway\/#primaryimage","url":"https:\/\/www.intoscana.it\/wp-content\/uploads\/Il-sopralluogo-di-Dustin-Hoffman-sulle-mure-di-Lucca-FB-Remo-Santini-assessore-e1710770283123.jpeg","contentUrl":"https:\/\/www.intoscana.it\/wp-content\/uploads\/Il-sopralluogo-di-Dustin-Hoffman-sulle-mure-di-Lucca-FB-Remo-Santini-assessore-e1710770283123.jpeg","width":570,"height":362},{"@type":"BreadcrumbList","@id":"https:\/\/www.intoscana.it\/it\/dustin-hoffman-a-lucca-a-giorni-il-via-al-film-di-greenway\/#breadcrumb","itemListElement":[{"@type":"ListItem","position":1,"name":"Home","item":"https:\/\/www.intoscana.it\/it\/"},{"@type":"ListItem","position":2,"name":"Dustin Hoffman a Lucca, a giorni il via al film di Greenway"}]},{"@type":"WebSite","@id":"https:\/\/www.intoscana.it\/it\/#website","url":"https:\/\/www.intoscana.it\/it\/","name":"intoscana","description":"","potentialAction":[{"@type":"SearchAction","target":{"@type":"EntryPoint","urlTemplate":"https:\/\/www.intoscana.it\/it\/?s={search_term_string}"},"query-input":{"@type":"PropertyValueSpecification","valueRequired":true,"valueName":"search_term_string"}}],"inLanguage":"it-IT"},{"@type":"Person","@id":"https:\/\/www.intoscana.it\/it\/#\/schema\/person\/9223810753230f20bd670fdd322661f8","name":"Redazione","url":"https:\/\/www.intoscana.it\/it\/author\/redazione\/"}]}},"_links":{"self":[{"href":"https:\/\/www.intoscana.it\/it\/wp-json\/wp\/v2\/posts\/331817","targetHints":{"allow":["GET"]}}],"collection":[{"href":"https:\/\/www.intoscana.it\/it\/wp-json\/wp\/v2\/posts"}],"about":[{"href":"https:\/\/www.intoscana.it\/it\/wp-json\/wp\/v2\/types\/post"}],"author":[{"embeddable":true,"href":"https:\/\/www.intoscana.it\/it\/wp-json\/wp\/v2\/users\/525"}],"replies":[{"embeddable":true,"href":"https:\/\/www.intoscana.it\/it\/wp-json\/wp\/v2\/comments?post=331817"}],"version-history":[{"count":6,"href":"https:\/\/www.intoscana.it\/it\/wp-json\/wp\/v2\/posts\/331817\/revisions"}],"predecessor-version":[{"id":331902,"href":"https:\/\/www.intoscana.it\/it\/wp-json\/wp\/v2\/posts\/331817\/revisions\/331902"}],"wp:featuredmedia":[{"embeddable":true,"href":"https:\/\/www.intoscana.it\/it\/wp-json\/wp\/v2\/media\/331832"}],"wp:attachment":[{"href":"https:\/\/www.intoscana.it\/it\/wp-json\/wp\/v2\/media?parent=331817"}],"wp:term":[{"taxonomy":"category","embeddable":true,"href":"https:\/\/www.intoscana.it\/it\/wp-json\/wp\/v2\/categories?post=331817"},{"taxonomy":"post_tag","embeddable":true,"href":"https:\/\/www.intoscana.it\/it\/wp-json\/wp\/v2\/tags?post=331817"}],"curies":[{"name":"wp","href":"https:\/\/api.w.org\/{rel}","templated":true}]}}