{"id":332002,"date":"2024-03-19T15:05:33","date_gmt":"2024-03-19T14:05:33","guid":{"rendered":"https:\/\/www.intoscana.it\/it\/?p=332002"},"modified":"2024-03-19T15:48:08","modified_gmt":"2024-03-19T14:48:08","slug":"la-musica-di-provincia-degli-esterina-da-massarosa-in-concerto-a-firenze","status":"publish","type":"post","link":"https:\/\/www.intoscana.it\/it\/la-musica-di-provincia-degli-esterina-da-massarosa-in-concerto-a-firenze\/","title":{"rendered":"La &#8220;Musica di Provincia&#8221; degli Esterina: da Massarosa in concerto a Firenze"},"content":{"rendered":"<p><strong>Fabio Angeli, Daniele Pacini, Massimiliano Grasso e il batterista &#8220;contadino&#8221; Giovanni Bianchini <\/strong>sono gli <strong>Esterina,<\/strong> una band di <strong>Massarosa<\/strong> che \u00e8 nata nel 2007-2008 dalle ceneri di un gruppo post-adolescenziale che si chiamava <strong>Apeiron.<\/strong><\/p>\n<p>Il nome<strong> &#8220;Esterina&#8221;<\/strong> viene da una poesia di <strong>Eugenio Montale<\/strong> &#8220;<strong><em>Falsetto&#8221;<\/em> <\/strong>che inizia con la frase<strong><em> &#8220;Esterina i vent&#8217;anni ti minacciano&#8221;.<\/em><\/strong><\/p>\n<p>Il loro \u00e8 <strong>un rock &#8220;autoctono&#8221; fatto di suoni vintage e elettronica<\/strong> che racconta storie &#8216;minori&#8217; che come pietre preziose si incastrano nella <strong>storia pi\u00f9 grande<\/strong> di cui siamo tutti attori e responsabili.<\/p>\n<p>Gi\u00e0 cinque album in studio di cui il primo <em><strong>Diferoedibotte<\/strong><\/em> \u00e8 stato realizzato con<strong> Guido Elmi<\/strong> gi\u00e0 produttore di <strong>Vasco Rossi,<\/strong> e <em><strong>Dio ti salvi<\/strong><\/em> il terzo che \u00e8 stato registrato e prodotto con <strong>Ale Sportelli<\/strong> (Raw Power, Prozac+) al West Link Studio.<p><span class=\"citazione\">Suonare \u00a0\u00e8 il modo che abbiamo trovato per rimanere amici. Se non fossimo musicisti ognuno si perderebbe sul suo divano<\/span><\/p><\/p>\n<p>A fine 2016 hanno vinto il <strong>Premio Ciampi<\/strong> per la miglior cover interpretando<em><strong> Fino all\u2019ultimo minuto<\/strong><\/em>. Poi il quarto album <em><strong>Canzoni per esseri umani<\/strong><\/em> prodotto e mixato con <strong>Marco Lega<\/strong> (CCCP, Marlene Kuntz), di cui il primo singolo estratto, <strong><em>Santo amore degli abissi<\/em><\/strong>, \u00e8 stato mixato da <strong>Gareth Jones<\/strong> (Depeche Mode, Interpol, Mogwai).<\/p>\n<p><strong>Nel 2024<\/strong> \u00e8 uscito il quinto album<strong><em>\u00a0&#8220;Musica di provincia&#8221; <\/em><\/strong>che si apre con la canzone <strong><em>&#8220;Open to Massarosa&#8221; <\/em><\/strong>a voler sottolineare le origini della band, senza vergognarsene anzi facendosene\u00a0<strong>bandiera.<\/strong><\/p>\n<p>&#8220;<strong>Open to Massarosa<\/strong> \u00e8 un tributo al nostro paese <strong>&#8211; ci ha raccontato Fabio Angeli<\/strong> &#8211; per\u00f2 \u00e8 anche un po&#8217; un prendere in giro la campagna &#8216;<strong>Open to Meraviglia&#8217;, <\/strong>\u00a0anche per ridimensionare questa <strong>tendenza al nazionale dell&#8217;altisonanza turbocapitalista<\/strong> sulle cose. Suonare in un gruppo \u00e8 il modo che abbiamo trovato per rimanere amici. Se non fossimo musicisti ognuno si perderebbe sul suo divano, invece la musica ci porta a stare fuori e uscire e questa per noi \u00e8 una grandissima fortuna. Nella <strong>provincia cosmica<\/strong> diventa necessario perch\u00e8 non ci sono tantissime cose da fare.&#8221;<\/p>\n<figure id=\"post-332013 media-332013\" class=\"align-none\"><img decoding=\"async\" src=\"https:\/\/www.intoscana.it\/wp-content\/uploads\/musica-di-provincia-esterina-cover-ts1709175612.jpeg.webp\" alt=\"\" \/><\/figure>\n<p><strong>Esterina, Musica di Provincia<\/strong><\/p>\n<h3>L&#8217;esperienza dei concerti di Rietto<\/h3>\n<p>Il disco \u00e8 stato interamente prodotto nella loro<strong> sala prove a Rietto<\/strong>, in un fienile recuperato in cui durante la pandemia gli <strong>Esterina<\/strong> sono riusciti a organizzare piccoli concerti.<p><span class=\"citazione\">Le nostre canzoni parlano di storie minori non ci interessano le cose eclatanti, la protervia, la potenza<\/span><\/p><\/p>\n<p>&#8220;Nel titolo del disco &#8216;<em><strong>Musica di Provincia<\/strong><\/em>&#8216; c&#8217;\u00e8 una piccola provocazione, perch\u00e8 noi non facciamo musica folk o revival &#8211; <strong>ha proseguito Fabio<\/strong> &#8211; ascoltiamo moltissima musica che viene da molto lontano e non tutta dalle province dell&#8217;Idaho. Abbiamo realizzato il disco nella <strong>nostra sala prove che \u00e8 quella stalla che appare sulla copertina<\/strong>, in continuit\u00e0 con quella che \u00e8 stata un&#8217;esperienza nuova per noi. Nel 2020 in piena pandemia nel campo l\u00ec davanti, abbiamo organizzato una serie di piccoli concerti che si chiamavano <strong><em>&#8216;Concerti di Rietto&#8217;<\/em> <\/strong>per 50, massimo 60 persone contingentate. Abbiamo registrato un disco live in quell&#8217;occasione e l&#8217;abbiamo chiamato &#8216;<strong><em>Concerto per esseri umani&#8217;. <\/em><\/strong>Noi non siamo nessuno,<strong> siamo un gruppo irrilevante sulla scena musicale italiana,<\/strong> eppure siamo riusciti a organizzare una cosa importante. Ci siamo divertiti molto e la gente \u00e8 venuta anche da molto lontano per ascoltarci.&#8221;<\/p>\n<p>&#8220;Cos\u00ec abbiamo deciso di restare l\u00ec anche per registrare il disco. Ci siamo fatti prestare un po&#8217; di apparecchiature dagli amici per registrare con qualit\u00e0 buona: microfoni vintage, convertitori eccetera e in circa un anno siamo riusciti a fare il disco. <strong>Le nostre canzoni parlano di storie minori non ci interessano le cose eclatanti, la protervia, la potenza. <\/strong>Siamo molto contenti di poter suonare al <strong>Glue di Firenze sabato 23 marzo<\/strong>\u00a0era un nostro desiderio. <strong>L&#8217;idea \u00e8 nata dal fotografo Antonio Viscido che \u00e8 venuto a Rietto a vedere uno dei nostri concerti&#8221;.<\/strong><\/p>\n<p><strong>Sabato 23 marzo gli Esterina<\/strong> saranno in concerto al<strong> Glue Alternative Concept Space di Firenze<\/strong>, in apertura <strong>Tutte le cose inutili.<\/strong><\/p>\n<p><iframe loading=\"lazy\" title=\"YouTube video player\" src=\"https:\/\/www.youtube.com\/embed\/kMfpm7Qv09U?si=ZmvkTA6AxrOzaXmv\" width=\"800\" height=\"450\" frameborder=\"0\" allowfullscreen=\"allowfullscreen\"><span data-mce-type=\"bookmark\" style=\"display: inline-block; width: 0px; overflow: hidden; line-height: 0;\" class=\"mce_SELRES_start\">\ufeff<\/span><\/iframe><\/p>\n<p><strong>Esterina+Tutte le Cose Inutili live<\/strong><br \/>\n<strong>Aftershow djset<\/strong><br \/>\n<strong>Ingresso gratuito per i soci Glue\/US Affrico<\/strong><br \/>\n<strong>(costo della tessera annuale 15\u20ac)<\/strong><\/p>\n","protected":false},"excerpt":{"rendered":"<p>Sabato 23 marzo al Glue Alternative Concept Space di Firenze doppia concerto con gli Esterina che presenteranno il nuovo disco e in apertura Tutte le cose inutili<\/p>\n","protected":false},"author":518,"featured_media":332116,"comment_status":"open","ping_status":"open","sticky":false,"template":"","format":"standard","meta":{"_acf_changed":false,"footnotes":""},"categories":[14],"tags":[216,4474,202,3138],"class_list":["post-332002","post","type-post","status-publish","format-standard","has-post-thumbnail","hentry","category-musica","tag-concerti","tag-eventi","tag-firenze","tag-interviste-agli-artisti"],"acf":[],"yoast_head":"<!-- This site is optimized with the Yoast SEO Premium plugin v24.2 (Yoast SEO v25.6) - https:\/\/yoast.com\/wordpress\/plugins\/seo\/ -->\n<title>La &quot;Musica di Provincia&quot; degli Esterina: da Massarosa in concerto a Firenze - intoscana<\/title>\n<meta name=\"description\" content=\"Sabato 23 marzo al Glue Alternative Concept Space di Firenze doppia concerto con gli Esterina che presenteranno e Tutte le cose inutili\" \/>\n<meta name=\"robots\" content=\"index, follow, max-snippet:-1, max-image-preview:large, max-video-preview:-1\" \/>\n<link rel=\"canonical\" href=\"https:\/\/www.intoscana.it\/it\/la-musica-di-provincia-degli-esterina-da-massarosa-in-concerto-a-firenze\/\" \/>\n<meta property=\"og:locale\" content=\"it_IT\" \/>\n<meta property=\"og:type\" content=\"article\" \/>\n<meta property=\"og:title\" content=\"La &quot;Musica di Provincia&quot; degli Esterina: da Massarosa in concerto a Firenze\" \/>\n<meta property=\"og:description\" content=\"Sabato 23 marzo al Glue Alternative Concept Space di Firenze doppia concerto con gli Esterina che presenteranno e Tutte le cose inutili\" \/>\n<meta property=\"og:url\" content=\"https:\/\/www.intoscana.it\/it\/la-musica-di-provincia-degli-esterina-da-massarosa-in-concerto-a-firenze\/\" \/>\n<meta property=\"og:site_name\" content=\"intoscana\" \/>\n<meta property=\"article:publisher\" content=\"https:\/\/www.facebook.com\/intoscana.it\" \/>\n<meta property=\"article:published_time\" content=\"2024-03-19T14:05:33+00:00\" \/>\n<meta property=\"article:modified_time\" content=\"2024-03-19T14:48:08+00:00\" \/>\n<meta property=\"og:image\" content=\"https:\/\/www.intoscana.it\/wp-content\/uploads\/IMG_0319.jpg\" \/>\n\t<meta property=\"og:image:width\" content=\"2000\" \/>\n\t<meta property=\"og:image:height\" content=\"1333\" \/>\n\t<meta property=\"og:image:type\" content=\"image\/jpeg\" \/>\n<meta name=\"author\" content=\"Costanza Baldini\" \/>\n<meta name=\"twitter:card\" content=\"summary_large_image\" \/>\n<meta name=\"twitter:creator\" content=\"@intoscana\" \/>\n<meta name=\"twitter:site\" content=\"@intoscana\" \/>\n<meta name=\"twitter:label1\" content=\"Written by\" \/>\n\t<meta name=\"twitter:data1\" content=\"Costanza Baldini\" \/>\n\t<meta name=\"twitter:label2\" content=\"Est. reading time\" \/>\n\t<meta name=\"twitter:data2\" content=\"4 minuti\" \/>\n<script type=\"application\/ld+json\" class=\"yoast-schema-graph\">{\"@context\":\"https:\/\/schema.org\",\"@graph\":[{\"@type\":\"WebPage\",\"@id\":\"https:\/\/www.intoscana.it\/it\/la-musica-di-provincia-degli-esterina-da-massarosa-in-concerto-a-firenze\/\",\"url\":\"https:\/\/www.intoscana.it\/it\/la-musica-di-provincia-degli-esterina-da-massarosa-in-concerto-a-firenze\/\",\"name\":\"La \\\"Musica di Provincia\\\" degli Esterina: da Massarosa in concerto a Firenze - intoscana\",\"isPartOf\":{\"@id\":\"https:\/\/www.intoscana.it\/it\/#website\"},\"primaryImageOfPage\":{\"@id\":\"https:\/\/www.intoscana.it\/it\/la-musica-di-provincia-degli-esterina-da-massarosa-in-concerto-a-firenze\/#primaryimage\"},\"image\":{\"@id\":\"https:\/\/www.intoscana.it\/it\/la-musica-di-provincia-degli-esterina-da-massarosa-in-concerto-a-firenze\/#primaryimage\"},\"thumbnailUrl\":\"https:\/\/www.intoscana.it\/wp-content\/uploads\/IMG_0319.jpg\",\"datePublished\":\"2024-03-19T14:05:33+00:00\",\"dateModified\":\"2024-03-19T14:48:08+00:00\",\"author\":{\"@id\":\"https:\/\/www.intoscana.it\/it\/#\/schema\/person\/d469f35f09739bdf00bf5dd3f0647a82\"},\"description\":\"Sabato 23 marzo al Glue Alternative Concept Space di Firenze doppia concerto con gli Esterina che presenteranno e Tutte le cose inutili\",\"breadcrumb\":{\"@id\":\"https:\/\/www.intoscana.it\/it\/la-musica-di-provincia-degli-esterina-da-massarosa-in-concerto-a-firenze\/#breadcrumb\"},\"inLanguage\":\"it-IT\",\"potentialAction\":[{\"@type\":\"ReadAction\",\"target\":[\"https:\/\/www.intoscana.it\/it\/la-musica-di-provincia-degli-esterina-da-massarosa-in-concerto-a-firenze\/\"]}]},{\"@type\":\"ImageObject\",\"inLanguage\":\"it-IT\",\"@id\":\"https:\/\/www.intoscana.it\/it\/la-musica-di-provincia-degli-esterina-da-massarosa-in-concerto-a-firenze\/#primaryimage\",\"url\":\"https:\/\/www.intoscana.it\/wp-content\/uploads\/IMG_0319.jpg\",\"contentUrl\":\"https:\/\/www.intoscana.it\/wp-content\/uploads\/IMG_0319.jpg\",\"width\":2000,\"height\":1333,\"caption\":\"Esterina\"},{\"@type\":\"BreadcrumbList\",\"@id\":\"https:\/\/www.intoscana.it\/it\/la-musica-di-provincia-degli-esterina-da-massarosa-in-concerto-a-firenze\/#breadcrumb\",\"itemListElement\":[{\"@type\":\"ListItem\",\"position\":1,\"name\":\"Home\",\"item\":\"https:\/\/www.intoscana.it\/it\/\"},{\"@type\":\"ListItem\",\"position\":2,\"name\":\"La &#8220;Musica di Provincia&#8221; degli Esterina: da Massarosa in concerto a Firenze\"}]},{\"@type\":\"WebSite\",\"@id\":\"https:\/\/www.intoscana.it\/it\/#website\",\"url\":\"https:\/\/www.intoscana.it\/it\/\",\"name\":\"intoscana\",\"description\":\"\",\"potentialAction\":[{\"@type\":\"SearchAction\",\"target\":{\"@type\":\"EntryPoint\",\"urlTemplate\":\"https:\/\/www.intoscana.it\/it\/?s={search_term_string}\"},\"query-input\":{\"@type\":\"PropertyValueSpecification\",\"valueRequired\":true,\"valueName\":\"search_term_string\"}}],\"inLanguage\":\"it-IT\"},{\"@type\":\"Person\",\"@id\":\"https:\/\/www.intoscana.it\/it\/#\/schema\/person\/d469f35f09739bdf00bf5dd3f0647a82\",\"name\":\"Costanza Baldini\",\"url\":\"https:\/\/www.intoscana.it\/it\/author\/costanza-baldini\/\"}]}<\/script>\n<!-- \/ Yoast SEO Premium plugin. -->","yoast_head_json":{"title":"La \"Musica di Provincia\" degli Esterina: da Massarosa in concerto a Firenze - intoscana","description":"Sabato 23 marzo al Glue Alternative Concept Space di Firenze doppia concerto con gli Esterina che presenteranno e Tutte le cose inutili","robots":{"index":"index","follow":"follow","max-snippet":"max-snippet:-1","max-image-preview":"max-image-preview:large","max-video-preview":"max-video-preview:-1"},"canonical":"https:\/\/www.intoscana.it\/it\/la-musica-di-provincia-degli-esterina-da-massarosa-in-concerto-a-firenze\/","og_locale":"it_IT","og_type":"article","og_title":"La \"Musica di Provincia\" degli Esterina: da Massarosa in concerto a Firenze","og_description":"Sabato 23 marzo al Glue Alternative Concept Space di Firenze doppia concerto con gli Esterina che presenteranno e Tutte le cose inutili","og_url":"https:\/\/www.intoscana.it\/it\/la-musica-di-provincia-degli-esterina-da-massarosa-in-concerto-a-firenze\/","og_site_name":"intoscana","article_publisher":"https:\/\/www.facebook.com\/intoscana.it","article_published_time":"2024-03-19T14:05:33+00:00","article_modified_time":"2024-03-19T14:48:08+00:00","og_image":[{"width":2000,"height":1333,"url":"https:\/\/www.intoscana.it\/wp-content\/uploads\/IMG_0319.jpg","type":"image\/jpeg"}],"author":"Costanza Baldini","twitter_card":"summary_large_image","twitter_creator":"@intoscana","twitter_site":"@intoscana","twitter_misc":{"Written by":"Costanza Baldini","Est. reading time":"4 minuti"},"schema":{"@context":"https:\/\/schema.org","@graph":[{"@type":"WebPage","@id":"https:\/\/www.intoscana.it\/it\/la-musica-di-provincia-degli-esterina-da-massarosa-in-concerto-a-firenze\/","url":"https:\/\/www.intoscana.it\/it\/la-musica-di-provincia-degli-esterina-da-massarosa-in-concerto-a-firenze\/","name":"La \"Musica di Provincia\" degli Esterina: da Massarosa in concerto a Firenze - intoscana","isPartOf":{"@id":"https:\/\/www.intoscana.it\/it\/#website"},"primaryImageOfPage":{"@id":"https:\/\/www.intoscana.it\/it\/la-musica-di-provincia-degli-esterina-da-massarosa-in-concerto-a-firenze\/#primaryimage"},"image":{"@id":"https:\/\/www.intoscana.it\/it\/la-musica-di-provincia-degli-esterina-da-massarosa-in-concerto-a-firenze\/#primaryimage"},"thumbnailUrl":"https:\/\/www.intoscana.it\/wp-content\/uploads\/IMG_0319.jpg","datePublished":"2024-03-19T14:05:33+00:00","dateModified":"2024-03-19T14:48:08+00:00","author":{"@id":"https:\/\/www.intoscana.it\/it\/#\/schema\/person\/d469f35f09739bdf00bf5dd3f0647a82"},"description":"Sabato 23 marzo al Glue Alternative Concept Space di Firenze doppia concerto con gli Esterina che presenteranno e Tutte le cose inutili","breadcrumb":{"@id":"https:\/\/www.intoscana.it\/it\/la-musica-di-provincia-degli-esterina-da-massarosa-in-concerto-a-firenze\/#breadcrumb"},"inLanguage":"it-IT","potentialAction":[{"@type":"ReadAction","target":["https:\/\/www.intoscana.it\/it\/la-musica-di-provincia-degli-esterina-da-massarosa-in-concerto-a-firenze\/"]}]},{"@type":"ImageObject","inLanguage":"it-IT","@id":"https:\/\/www.intoscana.it\/it\/la-musica-di-provincia-degli-esterina-da-massarosa-in-concerto-a-firenze\/#primaryimage","url":"https:\/\/www.intoscana.it\/wp-content\/uploads\/IMG_0319.jpg","contentUrl":"https:\/\/www.intoscana.it\/wp-content\/uploads\/IMG_0319.jpg","width":2000,"height":1333,"caption":"Esterina"},{"@type":"BreadcrumbList","@id":"https:\/\/www.intoscana.it\/it\/la-musica-di-provincia-degli-esterina-da-massarosa-in-concerto-a-firenze\/#breadcrumb","itemListElement":[{"@type":"ListItem","position":1,"name":"Home","item":"https:\/\/www.intoscana.it\/it\/"},{"@type":"ListItem","position":2,"name":"La &#8220;Musica di Provincia&#8221; degli Esterina: da Massarosa in concerto a Firenze"}]},{"@type":"WebSite","@id":"https:\/\/www.intoscana.it\/it\/#website","url":"https:\/\/www.intoscana.it\/it\/","name":"intoscana","description":"","potentialAction":[{"@type":"SearchAction","target":{"@type":"EntryPoint","urlTemplate":"https:\/\/www.intoscana.it\/it\/?s={search_term_string}"},"query-input":{"@type":"PropertyValueSpecification","valueRequired":true,"valueName":"search_term_string"}}],"inLanguage":"it-IT"},{"@type":"Person","@id":"https:\/\/www.intoscana.it\/it\/#\/schema\/person\/d469f35f09739bdf00bf5dd3f0647a82","name":"Costanza Baldini","url":"https:\/\/www.intoscana.it\/it\/author\/costanza-baldini\/"}]}},"_links":{"self":[{"href":"https:\/\/www.intoscana.it\/it\/wp-json\/wp\/v2\/posts\/332002","targetHints":{"allow":["GET"]}}],"collection":[{"href":"https:\/\/www.intoscana.it\/it\/wp-json\/wp\/v2\/posts"}],"about":[{"href":"https:\/\/www.intoscana.it\/it\/wp-json\/wp\/v2\/types\/post"}],"author":[{"embeddable":true,"href":"https:\/\/www.intoscana.it\/it\/wp-json\/wp\/v2\/users\/518"}],"replies":[{"embeddable":true,"href":"https:\/\/www.intoscana.it\/it\/wp-json\/wp\/v2\/comments?post=332002"}],"version-history":[{"count":15,"href":"https:\/\/www.intoscana.it\/it\/wp-json\/wp\/v2\/posts\/332002\/revisions"}],"predecessor-version":[{"id":332111,"href":"https:\/\/www.intoscana.it\/it\/wp-json\/wp\/v2\/posts\/332002\/revisions\/332111"}],"wp:featuredmedia":[{"embeddable":true,"href":"https:\/\/www.intoscana.it\/it\/wp-json\/wp\/v2\/media\/332116"}],"wp:attachment":[{"href":"https:\/\/www.intoscana.it\/it\/wp-json\/wp\/v2\/media?parent=332002"}],"wp:term":[{"taxonomy":"category","embeddable":true,"href":"https:\/\/www.intoscana.it\/it\/wp-json\/wp\/v2\/categories?post=332002"},{"taxonomy":"post_tag","embeddable":true,"href":"https:\/\/www.intoscana.it\/it\/wp-json\/wp\/v2\/tags?post=332002"}],"curies":[{"name":"wp","href":"https:\/\/api.w.org\/{rel}","templated":true}]}}