{"id":332040,"date":"2024-03-19T11:35:27","date_gmt":"2024-03-19T10:35:27","guid":{"rendered":"https:\/\/www.intoscana.it\/it\/?p=332040"},"modified":"2024-03-19T11:35:27","modified_gmt":"2024-03-19T10:35:27","slug":"le-gallerie-degli-uffizi-sempre-piu-digitali-il-biglietto-si-fa-tramite-smartphone","status":"publish","type":"post","link":"https:\/\/www.intoscana.it\/it\/le-gallerie-degli-uffizi-sempre-piu-digitali-il-biglietto-si-fa-tramite-smartphone\/","title":{"rendered":"Le Gallerie degli Uffizi sempre pi\u00f9 digitali: il biglietto si fa tramite smartphone"},"content":{"rendered":"<p>Novit\u00e0 in arrivo per la <strong>primavera delle Gallerie degli Uffizi<\/strong>, sono in arrivo <strong>aperture serali e di luned\u00ec dedicate ai fiorentini<\/strong> e, a partire da maggio <strong>un biglietto virtuale<\/strong>, con cui si potr\u00e0 entrare semplicemente <strong>mostrando un QR Code sul cellulare.\u00a0<\/strong><\/p>\n<p><em>\u201cLa smaterializzazione del biglietto \u2013 <\/em><strong>spiega il direttore Simone Verde \u2013 <\/strong><em>fluidificher\u00e0 l\u2019ingresso dei visitatori in museo, andando a costituire il primo passo verso la liberazione del piazzale degli Uffizi da tutto ci\u00f2 che lo ingombra. L\u2019obiettivo \u00e8 far risplendere di nuovo questo luogo in modo che torni ad essere ci\u00f2 che era: il salotto della citt\u00e0 ed uno dei luoghi pi\u00f9 belli del mondo\u201d.<\/em><\/p>\n<p><strong>Quanto alle visite serali, pensate per i fiorentini, aggiunge Verde,<\/strong><em> \u201csono state ideate per agevolare e incentivare in particolar modo i cittadini di Firenze a \u2018riappropriarsi\u2019 e riscoprire il loro principale e pi\u00f9 identitario museo, la Galleria degli Uffizi, mettendo a disposizione un orario pi\u00f9 compatibile con le dinamiche e le esigenze di chi vive e lavora in citt\u00e0\u201d.<\/em><\/p>\n<h3>Il biglietto &#8220;smaterializzato&#8221;<\/h3>\n<p>Entro maggio il sistema per fare il biglietto cambia: <strong>chi prenota la propria visita alle Gallerie<\/strong> attraverso il call center (055\/294883) o il sito del museo (www.uffizi.it)<strong> ricever\u00e0 via email un codice da scaricare direttamente sul proprio smartphone<\/strong> che costituir\u00e0 il titolo d\u2019accesso al museo consentendo l\u2019accesso senza dover esibire il biglietto fisico.<\/p>\n<p>Il <strong>nuovo sistema del biglietto \u2018smaterializzato\u2019<\/strong> \u00e8 curato e gestito, come l\u2019ambito delle prenotazioni, dalla societ\u00e0 concessionaria dei servizi aggiuntivi delle Gallerie, <strong>Opera Laboratori Fiorentini. <\/strong><\/p>\n<p><strong>Per i biglietti acquistati in prevendita<\/strong>, fino all\u2019entrata in vigore del nuovo sistema <strong>continueranno a valere le regole attuali<\/strong> previste per la loro validazione.<\/p>\n<h3>Nuove aperture serali e di luned\u00ec<\/h3>\n<p><strong>Tutti i martedi, dal 26 marzo al 17 dicembre,<\/strong> la Galleria delle Statue e delle Pitture rester\u00e0 accessibile di sera, offrendo ai visitatori l\u2019<strong>esperienza magica dei capolavori<\/strong> dell\u2019arte da ammirare nella<strong> luce del tramonto.<\/strong><\/p>\n<p>In queste occasioni <strong>l\u2019orario di apertura del museo si allungher\u00e0<\/strong> dalle 18,30 (normale momento di chiusura) alle 21,30, (con ultimo ingresso consentito alle 20,30)\u2028\u2028.<\/p>\n<p>Oltre ai martedi di speciali aperture serali, ce ne saranno anche <strong>altre straordinarie in programma il lunedi,<\/strong> ordinariamente giorno di chiusura settimanale delle Gallerie.<\/p>\n<p>L\u2019iniziativa riguarder\u00e0 <strong>Uffizi e Giardino di Boboli,<\/strong> che saranno aperti in orario ordinario nelle date del primo e del 29 aprile, del 24 giugno (Festa di San Giovanni, Santo Patrono di Firenze) e del 30 dicembre.<\/p>\n<p>&nbsp;<\/p>\n","protected":false},"excerpt":{"rendered":"<p>Una primavera di novit\u00e0 per il museo fiorentino che vedr\u00e0 anche l&#8217;arrivo di un nuovo biglietto &#8220;virtuale&#8221; e non pi\u00f9 cartaceo, oltre ad aperture serali e di luned\u00ec pensate per i fiorentini<\/p>\n","protected":false},"author":525,"featured_media":332041,"comment_status":"open","ping_status":"open","sticky":false,"template":"","format":"standard","meta":{"_acf_changed":false,"footnotes":""},"categories":[493],"tags":[4568,202,226,207],"class_list":["post-332040","post","type-post","status-publish","format-standard","has-post-thumbnail","hentry","category-cultura","tag-digitale","tag-firenze","tag-musei","tag-uffizi"],"acf":[],"yoast_head":"<!-- This site is optimized with the Yoast SEO Premium plugin v24.2 (Yoast SEO v25.6) - https:\/\/yoast.com\/wordpress\/plugins\/seo\/ -->\n<title>Le Gallerie degli Uffizi sempre pi\u00f9 digitali: il biglietto si fa tramite smartphone - intoscana<\/title>\n<meta name=\"description\" content=\"Una primavera di novit\u00e0 per il museo fiorentino che vedr\u00e0 anche l&#039;arrivo di un nuovo biglietto &quot;virtuale&quot; e non pi\u00f9 cartaceo\" \/>\n<meta name=\"robots\" content=\"index, follow, max-snippet:-1, max-image-preview:large, max-video-preview:-1\" \/>\n<link rel=\"canonical\" href=\"https:\/\/www.intoscana.it\/it\/le-gallerie-degli-uffizi-sempre-piu-digitali-il-biglietto-si-fa-tramite-smartphone\/\" \/>\n<meta property=\"og:locale\" content=\"it_IT\" \/>\n<meta property=\"og:type\" content=\"article\" \/>\n<meta property=\"og:title\" content=\"Le Gallerie degli Uffizi sempre pi\u00f9 digitali: il biglietto si fa tramite smartphone\" \/>\n<meta property=\"og:description\" content=\"Una primavera di novit\u00e0 per il museo fiorentino che vedr\u00e0 anche l&#039;arrivo di un nuovo biglietto &quot;virtuale&quot; e non pi\u00f9 cartaceo\" \/>\n<meta property=\"og:url\" content=\"https:\/\/www.intoscana.it\/it\/le-gallerie-degli-uffizi-sempre-piu-digitali-il-biglietto-si-fa-tramite-smartphone\/\" \/>\n<meta property=\"og:site_name\" content=\"intoscana\" \/>\n<meta property=\"article:publisher\" content=\"https:\/\/www.facebook.com\/intoscana.it\" \/>\n<meta property=\"article:published_time\" content=\"2024-03-19T10:35:27+00:00\" \/>\n<meta property=\"og:image\" content=\"https:\/\/www.intoscana.it\/wp-content\/uploads\/Lad-di-Opera-Daniele-Petrucci-il-direttore-degli-Uffizi-Simone-Verde-il-funzionario-informatico-delle-Gallerie-Gianluca-Ciccardi.jpg\" \/>\n\t<meta property=\"og:image:width\" content=\"2004\" \/>\n\t<meta property=\"og:image:height\" content=\"1796\" \/>\n\t<meta property=\"og:image:type\" content=\"image\/jpeg\" \/>\n<meta name=\"author\" content=\"Redazione\" \/>\n<meta name=\"twitter:card\" content=\"summary_large_image\" \/>\n<meta name=\"twitter:creator\" content=\"@intoscana\" \/>\n<meta name=\"twitter:site\" content=\"@intoscana\" \/>\n<meta name=\"twitter:label1\" content=\"Written by\" \/>\n\t<meta name=\"twitter:data1\" content=\"Redazione\" \/>\n\t<meta name=\"twitter:label2\" content=\"Est. reading time\" \/>\n\t<meta name=\"twitter:data2\" content=\"3 minuti\" \/>\n<script type=\"application\/ld+json\" class=\"yoast-schema-graph\">{\"@context\":\"https:\/\/schema.org\",\"@graph\":[{\"@type\":\"WebPage\",\"@id\":\"https:\/\/www.intoscana.it\/it\/le-gallerie-degli-uffizi-sempre-piu-digitali-il-biglietto-si-fa-tramite-smartphone\/\",\"url\":\"https:\/\/www.intoscana.it\/it\/le-gallerie-degli-uffizi-sempre-piu-digitali-il-biglietto-si-fa-tramite-smartphone\/\",\"name\":\"Le Gallerie degli Uffizi sempre pi\u00f9 digitali: il biglietto si fa tramite smartphone - intoscana\",\"isPartOf\":{\"@id\":\"https:\/\/www.intoscana.it\/it\/#website\"},\"primaryImageOfPage\":{\"@id\":\"https:\/\/www.intoscana.it\/it\/le-gallerie-degli-uffizi-sempre-piu-digitali-il-biglietto-si-fa-tramite-smartphone\/#primaryimage\"},\"image\":{\"@id\":\"https:\/\/www.intoscana.it\/it\/le-gallerie-degli-uffizi-sempre-piu-digitali-il-biglietto-si-fa-tramite-smartphone\/#primaryimage\"},\"thumbnailUrl\":\"https:\/\/www.intoscana.it\/wp-content\/uploads\/Lad-di-Opera-Daniele-Petrucci-il-direttore-degli-Uffizi-Simone-Verde-il-funzionario-informatico-delle-Gallerie-Gianluca-Ciccardi.jpg\",\"datePublished\":\"2024-03-19T10:35:27+00:00\",\"author\":{\"@id\":\"https:\/\/www.intoscana.it\/it\/#\/schema\/person\/9223810753230f20bd670fdd322661f8\"},\"description\":\"Una primavera di novit\u00e0 per il museo fiorentino che vedr\u00e0 anche l'arrivo di un nuovo biglietto \\\"virtuale\\\" e non pi\u00f9 cartaceo\",\"breadcrumb\":{\"@id\":\"https:\/\/www.intoscana.it\/it\/le-gallerie-degli-uffizi-sempre-piu-digitali-il-biglietto-si-fa-tramite-smartphone\/#breadcrumb\"},\"inLanguage\":\"it-IT\",\"potentialAction\":[{\"@type\":\"ReadAction\",\"target\":[\"https:\/\/www.intoscana.it\/it\/le-gallerie-degli-uffizi-sempre-piu-digitali-il-biglietto-si-fa-tramite-smartphone\/\"]}]},{\"@type\":\"ImageObject\",\"inLanguage\":\"it-IT\",\"@id\":\"https:\/\/www.intoscana.it\/it\/le-gallerie-degli-uffizi-sempre-piu-digitali-il-biglietto-si-fa-tramite-smartphone\/#primaryimage\",\"url\":\"https:\/\/www.intoscana.it\/wp-content\/uploads\/Lad-di-Opera-Daniele-Petrucci-il-direttore-degli-Uffizi-Simone-Verde-il-funzionario-informatico-delle-Gallerie-Gianluca-Ciccardi.jpg\",\"contentUrl\":\"https:\/\/www.intoscana.it\/wp-content\/uploads\/Lad-di-Opera-Daniele-Petrucci-il-direttore-degli-Uffizi-Simone-Verde-il-funzionario-informatico-delle-Gallerie-Gianluca-Ciccardi.jpg\",\"width\":2004,\"height\":1796},{\"@type\":\"BreadcrumbList\",\"@id\":\"https:\/\/www.intoscana.it\/it\/le-gallerie-degli-uffizi-sempre-piu-digitali-il-biglietto-si-fa-tramite-smartphone\/#breadcrumb\",\"itemListElement\":[{\"@type\":\"ListItem\",\"position\":1,\"name\":\"Home\",\"item\":\"https:\/\/www.intoscana.it\/it\/\"},{\"@type\":\"ListItem\",\"position\":2,\"name\":\"Le Gallerie degli Uffizi sempre pi\u00f9 digitali: il biglietto si fa tramite smartphone\"}]},{\"@type\":\"WebSite\",\"@id\":\"https:\/\/www.intoscana.it\/it\/#website\",\"url\":\"https:\/\/www.intoscana.it\/it\/\",\"name\":\"intoscana\",\"description\":\"\",\"potentialAction\":[{\"@type\":\"SearchAction\",\"target\":{\"@type\":\"EntryPoint\",\"urlTemplate\":\"https:\/\/www.intoscana.it\/it\/?s={search_term_string}\"},\"query-input\":{\"@type\":\"PropertyValueSpecification\",\"valueRequired\":true,\"valueName\":\"search_term_string\"}}],\"inLanguage\":\"it-IT\"},{\"@type\":\"Person\",\"@id\":\"https:\/\/www.intoscana.it\/it\/#\/schema\/person\/9223810753230f20bd670fdd322661f8\",\"name\":\"Redazione\",\"url\":\"https:\/\/www.intoscana.it\/it\/author\/redazione\/\"}]}<\/script>\n<!-- \/ Yoast SEO Premium plugin. -->","yoast_head_json":{"title":"Le Gallerie degli Uffizi sempre pi\u00f9 digitali: il biglietto si fa tramite smartphone - intoscana","description":"Una primavera di novit\u00e0 per il museo fiorentino che vedr\u00e0 anche l'arrivo di un nuovo biglietto \"virtuale\" e non pi\u00f9 cartaceo","robots":{"index":"index","follow":"follow","max-snippet":"max-snippet:-1","max-image-preview":"max-image-preview:large","max-video-preview":"max-video-preview:-1"},"canonical":"https:\/\/www.intoscana.it\/it\/le-gallerie-degli-uffizi-sempre-piu-digitali-il-biglietto-si-fa-tramite-smartphone\/","og_locale":"it_IT","og_type":"article","og_title":"Le Gallerie degli Uffizi sempre pi\u00f9 digitali: il biglietto si fa tramite smartphone","og_description":"Una primavera di novit\u00e0 per il museo fiorentino che vedr\u00e0 anche l'arrivo di un nuovo biglietto \"virtuale\" e non pi\u00f9 cartaceo","og_url":"https:\/\/www.intoscana.it\/it\/le-gallerie-degli-uffizi-sempre-piu-digitali-il-biglietto-si-fa-tramite-smartphone\/","og_site_name":"intoscana","article_publisher":"https:\/\/www.facebook.com\/intoscana.it","article_published_time":"2024-03-19T10:35:27+00:00","og_image":[{"width":2004,"height":1796,"url":"https:\/\/www.intoscana.it\/wp-content\/uploads\/Lad-di-Opera-Daniele-Petrucci-il-direttore-degli-Uffizi-Simone-Verde-il-funzionario-informatico-delle-Gallerie-Gianluca-Ciccardi.jpg","type":"image\/jpeg"}],"author":"Redazione","twitter_card":"summary_large_image","twitter_creator":"@intoscana","twitter_site":"@intoscana","twitter_misc":{"Written by":"Redazione","Est. reading time":"3 minuti"},"schema":{"@context":"https:\/\/schema.org","@graph":[{"@type":"WebPage","@id":"https:\/\/www.intoscana.it\/it\/le-gallerie-degli-uffizi-sempre-piu-digitali-il-biglietto-si-fa-tramite-smartphone\/","url":"https:\/\/www.intoscana.it\/it\/le-gallerie-degli-uffizi-sempre-piu-digitali-il-biglietto-si-fa-tramite-smartphone\/","name":"Le Gallerie degli Uffizi sempre pi\u00f9 digitali: il biglietto si fa tramite smartphone - intoscana","isPartOf":{"@id":"https:\/\/www.intoscana.it\/it\/#website"},"primaryImageOfPage":{"@id":"https:\/\/www.intoscana.it\/it\/le-gallerie-degli-uffizi-sempre-piu-digitali-il-biglietto-si-fa-tramite-smartphone\/#primaryimage"},"image":{"@id":"https:\/\/www.intoscana.it\/it\/le-gallerie-degli-uffizi-sempre-piu-digitali-il-biglietto-si-fa-tramite-smartphone\/#primaryimage"},"thumbnailUrl":"https:\/\/www.intoscana.it\/wp-content\/uploads\/Lad-di-Opera-Daniele-Petrucci-il-direttore-degli-Uffizi-Simone-Verde-il-funzionario-informatico-delle-Gallerie-Gianluca-Ciccardi.jpg","datePublished":"2024-03-19T10:35:27+00:00","author":{"@id":"https:\/\/www.intoscana.it\/it\/#\/schema\/person\/9223810753230f20bd670fdd322661f8"},"description":"Una primavera di novit\u00e0 per il museo fiorentino che vedr\u00e0 anche l'arrivo di un nuovo biglietto \"virtuale\" e non pi\u00f9 cartaceo","breadcrumb":{"@id":"https:\/\/www.intoscana.it\/it\/le-gallerie-degli-uffizi-sempre-piu-digitali-il-biglietto-si-fa-tramite-smartphone\/#breadcrumb"},"inLanguage":"it-IT","potentialAction":[{"@type":"ReadAction","target":["https:\/\/www.intoscana.it\/it\/le-gallerie-degli-uffizi-sempre-piu-digitali-il-biglietto-si-fa-tramite-smartphone\/"]}]},{"@type":"ImageObject","inLanguage":"it-IT","@id":"https:\/\/www.intoscana.it\/it\/le-gallerie-degli-uffizi-sempre-piu-digitali-il-biglietto-si-fa-tramite-smartphone\/#primaryimage","url":"https:\/\/www.intoscana.it\/wp-content\/uploads\/Lad-di-Opera-Daniele-Petrucci-il-direttore-degli-Uffizi-Simone-Verde-il-funzionario-informatico-delle-Gallerie-Gianluca-Ciccardi.jpg","contentUrl":"https:\/\/www.intoscana.it\/wp-content\/uploads\/Lad-di-Opera-Daniele-Petrucci-il-direttore-degli-Uffizi-Simone-Verde-il-funzionario-informatico-delle-Gallerie-Gianluca-Ciccardi.jpg","width":2004,"height":1796},{"@type":"BreadcrumbList","@id":"https:\/\/www.intoscana.it\/it\/le-gallerie-degli-uffizi-sempre-piu-digitali-il-biglietto-si-fa-tramite-smartphone\/#breadcrumb","itemListElement":[{"@type":"ListItem","position":1,"name":"Home","item":"https:\/\/www.intoscana.it\/it\/"},{"@type":"ListItem","position":2,"name":"Le Gallerie degli Uffizi sempre pi\u00f9 digitali: il biglietto si fa tramite smartphone"}]},{"@type":"WebSite","@id":"https:\/\/www.intoscana.it\/it\/#website","url":"https:\/\/www.intoscana.it\/it\/","name":"intoscana","description":"","potentialAction":[{"@type":"SearchAction","target":{"@type":"EntryPoint","urlTemplate":"https:\/\/www.intoscana.it\/it\/?s={search_term_string}"},"query-input":{"@type":"PropertyValueSpecification","valueRequired":true,"valueName":"search_term_string"}}],"inLanguage":"it-IT"},{"@type":"Person","@id":"https:\/\/www.intoscana.it\/it\/#\/schema\/person\/9223810753230f20bd670fdd322661f8","name":"Redazione","url":"https:\/\/www.intoscana.it\/it\/author\/redazione\/"}]}},"_links":{"self":[{"href":"https:\/\/www.intoscana.it\/it\/wp-json\/wp\/v2\/posts\/332040","targetHints":{"allow":["GET"]}}],"collection":[{"href":"https:\/\/www.intoscana.it\/it\/wp-json\/wp\/v2\/posts"}],"about":[{"href":"https:\/\/www.intoscana.it\/it\/wp-json\/wp\/v2\/types\/post"}],"author":[{"embeddable":true,"href":"https:\/\/www.intoscana.it\/it\/wp-json\/wp\/v2\/users\/525"}],"replies":[{"embeddable":true,"href":"https:\/\/www.intoscana.it\/it\/wp-json\/wp\/v2\/comments?post=332040"}],"version-history":[{"count":5,"href":"https:\/\/www.intoscana.it\/it\/wp-json\/wp\/v2\/posts\/332040\/revisions"}],"predecessor-version":[{"id":332047,"href":"https:\/\/www.intoscana.it\/it\/wp-json\/wp\/v2\/posts\/332040\/revisions\/332047"}],"wp:featuredmedia":[{"embeddable":true,"href":"https:\/\/www.intoscana.it\/it\/wp-json\/wp\/v2\/media\/332041"}],"wp:attachment":[{"href":"https:\/\/www.intoscana.it\/it\/wp-json\/wp\/v2\/media?parent=332040"}],"wp:term":[{"taxonomy":"category","embeddable":true,"href":"https:\/\/www.intoscana.it\/it\/wp-json\/wp\/v2\/categories?post=332040"},{"taxonomy":"post_tag","embeddable":true,"href":"https:\/\/www.intoscana.it\/it\/wp-json\/wp\/v2\/tags?post=332040"}],"curies":[{"name":"wp","href":"https:\/\/api.w.org\/{rel}","templated":true}]}}