{"id":332063,"date":"2024-03-19T14:03:52","date_gmt":"2024-03-19T13:03:52","guid":{"rendered":"https:\/\/www.intoscana.it\/it\/?p=332063"},"modified":"2024-03-19T15:12:38","modified_gmt":"2024-03-19T14:12:38","slug":"luniversita-di-siena-aderisce-alla-comunita-energetica-rinnovabile-sienaenergie","status":"publish","type":"post","link":"https:\/\/www.intoscana.it\/it\/luniversita-di-siena-aderisce-alla-comunita-energetica-rinnovabile-sienaenergie\/","title":{"rendered":"L\u2019Universit\u00e0 di Siena aderisce alla Comunit\u00e0 Energetica Rinnovabile \u201cSienaenergie&#8221;"},"content":{"rendered":"<p>Marted\u00ec 19 marzo l\u2019<strong>Universit\u00e0 di Siena<\/strong> rappresentata dal <strong>Rettore Roberto Di Pietra<\/strong> ha siglato un accordo con la <strong>Comunit\u00e0 Energetica Rinnovabile (CER) \u201cSienaenergie&#8221;<\/strong> , per cui era presente il <strong>presidente Alessandro Vigni.<\/strong><\/p>\n<p><strong><a href=\"https:\/\/www.sienaenergie.it\" target=\"_blank\" rel=\"noopener\">Sienaaenergie<\/a> rappresenta la prima Comunit\u00e0 Energetica Rinnovabile<\/strong> della provincia di Siena, <strong>conta oltre centocinquanta associati,<\/strong> ed ha l\u2019obiettivo di <strong>produrre, scambiare e consumare energia da fonti rinnovabili.<\/strong><\/p>\n<h3>In cosa consiste l&#8217;accordo<\/h3>\n<p>Il primo impegno sar\u00e0 quello di <strong>collaborare alla elaborazione di un atto ricognitivo<\/strong> per valutare le possibilit\u00e0 di<strong> installazione di impianti ad energie rinnovabili<\/strong> sugli immobili dell&#8217;Universit\u00e0, anche in vista dei prossimi <strong>bandi di finanziamento pubblico.<\/strong><\/p>\n<p>L\u2019accordo permetter\u00e0 all&#8217;Universit\u00e0 di<strong> usufruire di fonti energetiche aggiuntive<\/strong>, favorendo la <strong>transizione energetica<\/strong> con un passaggio da un sistema incentrato sullo sfruttamento intensivo dei <strong>combustibili fossili<\/strong> ad un modello di partecipazione che potr\u00e0 prevedere la produzione, gestione e autoconsumo di <strong>energia da fonti rinnovabili, al fine di abbattere i costi energetici, le emissioni di CO2<\/strong> e di altri gas climalteranti.<\/p>\n<p><em>\u201cL\u2019Adesione alla CER rappresenta un altro passaggio del cammino intrapreso ormai da anni dall\u2019Universit\u00e0 di Siena verso un orizzonte di sostenibilit\u00e0 \u2013 <\/em><strong>ha detto il Rettore Roberto Di Pietra <\/strong><em>-. Ringrazio Sienaenergie e il suo presidente Alessandro Vigni per l\u2019opportunit\u00e0, certi che insieme faremo un importante cammino per un Ateneo sempre pi\u00f9 virtuoso\u201d.<\/em><\/p>\n<h3>Cosa far\u00e0 l&#8217;Universit\u00e0 di Siena<\/h3>\n<p>L&#8217;<strong>Universit\u00e0 di Siena<\/strong> da parte sua <strong>mette a disposizione della CER le proprie competenze<\/strong> per la progettazione della <strong>piattaforma di raccolta, analisi e visualizzazione dei dati di generazione e consumo<\/strong> per ciascun membro e a livello aggregato, nonch\u00e9 degli algoritmi per la gestione e l&#8217;ottimizzazione dei flussi energetici scambiati virtualmente all&#8217;interno della comunit\u00e0 stessa.<\/p>\n<p>I gruppi di ricerca del <strong>Dipartimento di Ingegneria dell&#8217;Informazione e Scienze Matematiche e del Dipartimento di Scienze Sociali, Politiche e Cognitive<\/strong> hanno gi\u00e0 in atto una collaborazione che ha prodotto i primi risultati.<\/p>\n<p>Inoltre, l&#8217;Universit\u00e0 di Siena si \u00e8 gi\u00e0 occupata di realizzare <strong>il sito web dell&#8217;Associazione Sienaenergie<\/strong>, dotando cos\u00ec la CER di un canale online sia per informare e aggiornare la collettivit\u00e0 sullo stato di avanzamento del progetto, che per raccogliere le adesioni da parte dei soggetti privati e pubblici interessati a partecipare.<\/p>\n<p><strong>Spiega Alessandro Vigni:<\/strong> <em>\u201cSienaenergie \u00e8 nata nel 2023, quando il quadro di riferimento per le CER era ancora molto incerto. La partecipazione dell&#8217;Universit\u00e0 di Siena \u00e8 stato uno degli obiettivi che ci siamo posti fin dall&#8217;inizio. Perci\u00f2 abbiamo lavorato intensamente per ottenere il riconoscimento della personalit\u00e0 giuridica ed l&#8217;iscrizione al registro unico nazionale del Terzo settore, a cui siamo arrivati tra le primissime CER in Italia. Questi presupposti erano necessari per poter formalizzare l&#8217;adesione ufficiale dell&#8217;Universit\u00e0 alla nostra iniziativa e ora stiamo lavorando per estendere questa partecipazione anche ad altri enti pubblici, soprattutto le amministrazioni comunali. Contiamo cos\u00ec di poter sviluppare pienamente due temi, su cui peraltro con pi\u00f9 dipartimenti dell&#8217;Universit\u00e0 abbiamo lavorato assieme fin dall&#8217;inizio. Il primo \u00e8 quello della diffusione della cultura del risparmio energetico e dell&#8217;uso delle energie rinnovabili, della lotta contro i cambiamenti climatici e della difesa attiva dell&#8217;ambiente; il secondo \u00e8 quello della concreta progettazione e realizzazione di impianti che possano consentire fin da subito di fornire esempi concreti di riduzione delle emissioni climalteranti ed ottenere gratuitamente, dal sole e dal sottosuolo, le energie di cui abbiamo bisogno\u201d<\/em><\/p>\n<p>&nbsp;<\/p>\n","protected":false},"excerpt":{"rendered":"<p>Il primo impegno sar\u00e0 quello di collaborare alla elaborazione di un atto ricognitivo per valutare le possibilit\u00e0 di installazione di impianti ad energie rinnovabili sugli immobili dell&#8217;Universit\u00e0, anche in vista dei prossimi bandi di finanziamento pubblico<\/p>\n","protected":false},"author":525,"featured_media":332064,"comment_status":"open","ping_status":"open","sticky":false,"template":"","format":"standard","meta":{"_acf_changed":false,"footnotes":""},"categories":[19],"tags":[400,164,378],"class_list":["post-332063","post","type-post","status-publish","format-standard","has-post-thumbnail","hentry","category-ambiente","tag-energie-rinnovabili","tag-siena","tag-universita-di-siena"],"acf":[],"yoast_head":"<!-- This site is optimized with the Yoast SEO Premium plugin v24.2 (Yoast SEO v25.6) - https:\/\/yoast.com\/wordpress\/plugins\/seo\/ -->\n<title>L\u2019Universit\u00e0 di Siena aderisce alla Comunit\u00e0 Energetica Rinnovabile \u201cSienaenergie&quot; - intoscana<\/title>\n<meta name=\"description\" content=\"Il primo impegno sar\u00e0 quello di collaborare per valutare le possibilit\u00e0 di installazione di impianti ad energie rinnovabili sugli immobili\" \/>\n<meta name=\"robots\" content=\"index, follow, max-snippet:-1, max-image-preview:large, max-video-preview:-1\" \/>\n<link rel=\"canonical\" href=\"https:\/\/www.intoscana.it\/it\/luniversita-di-siena-aderisce-alla-comunita-energetica-rinnovabile-sienaenergie\/\" \/>\n<meta property=\"og:locale\" content=\"it_IT\" \/>\n<meta property=\"og:type\" content=\"article\" \/>\n<meta property=\"og:title\" content=\"L\u2019Universit\u00e0 di Siena aderisce alla Comunit\u00e0 Energetica Rinnovabile \u201cSienaenergie&quot;\" \/>\n<meta property=\"og:description\" content=\"Il primo impegno sar\u00e0 quello di collaborare per valutare le possibilit\u00e0 di installazione di impianti ad energie rinnovabili sugli immobili\" \/>\n<meta property=\"og:url\" content=\"https:\/\/www.intoscana.it\/it\/luniversita-di-siena-aderisce-alla-comunita-energetica-rinnovabile-sienaenergie\/\" \/>\n<meta property=\"og:site_name\" content=\"intoscana\" \/>\n<meta property=\"article:publisher\" content=\"https:\/\/www.facebook.com\/intoscana.it\" \/>\n<meta property=\"article:published_time\" content=\"2024-03-19T13:03:52+00:00\" \/>\n<meta property=\"article:modified_time\" content=\"2024-03-19T14:12:38+00:00\" \/>\n<meta property=\"og:image\" content=\"https:\/\/www.intoscana.it\/wp-content\/uploads\/UNISI_adesioneCER_01-scaled.jpg\" \/>\n\t<meta property=\"og:image:width\" content=\"2048\" \/>\n\t<meta property=\"og:image:height\" content=\"1365\" \/>\n\t<meta property=\"og:image:type\" content=\"image\/jpeg\" \/>\n<meta name=\"author\" content=\"Redazione\" \/>\n<meta name=\"twitter:card\" content=\"summary_large_image\" \/>\n<meta name=\"twitter:creator\" content=\"@intoscana\" \/>\n<meta name=\"twitter:site\" content=\"@intoscana\" \/>\n<meta name=\"twitter:label1\" content=\"Written by\" \/>\n\t<meta name=\"twitter:data1\" content=\"Redazione\" \/>\n\t<meta name=\"twitter:label2\" content=\"Est. reading time\" \/>\n\t<meta name=\"twitter:data2\" content=\"4 minuti\" \/>\n<script type=\"application\/ld+json\" class=\"yoast-schema-graph\">{\"@context\":\"https:\/\/schema.org\",\"@graph\":[{\"@type\":\"WebPage\",\"@id\":\"https:\/\/www.intoscana.it\/it\/luniversita-di-siena-aderisce-alla-comunita-energetica-rinnovabile-sienaenergie\/\",\"url\":\"https:\/\/www.intoscana.it\/it\/luniversita-di-siena-aderisce-alla-comunita-energetica-rinnovabile-sienaenergie\/\",\"name\":\"L\u2019Universit\u00e0 di Siena aderisce alla Comunit\u00e0 Energetica Rinnovabile \u201cSienaenergie\\\" - intoscana\",\"isPartOf\":{\"@id\":\"https:\/\/www.intoscana.it\/it\/#website\"},\"primaryImageOfPage\":{\"@id\":\"https:\/\/www.intoscana.it\/it\/luniversita-di-siena-aderisce-alla-comunita-energetica-rinnovabile-sienaenergie\/#primaryimage\"},\"image\":{\"@id\":\"https:\/\/www.intoscana.it\/it\/luniversita-di-siena-aderisce-alla-comunita-energetica-rinnovabile-sienaenergie\/#primaryimage\"},\"thumbnailUrl\":\"https:\/\/www.intoscana.it\/wp-content\/uploads\/UNISI_adesioneCER_01-scaled.jpg\",\"datePublished\":\"2024-03-19T13:03:52+00:00\",\"dateModified\":\"2024-03-19T14:12:38+00:00\",\"author\":{\"@id\":\"https:\/\/www.intoscana.it\/it\/#\/schema\/person\/9223810753230f20bd670fdd322661f8\"},\"description\":\"Il primo impegno sar\u00e0 quello di collaborare per valutare le possibilit\u00e0 di installazione di impianti ad energie rinnovabili sugli immobili\",\"breadcrumb\":{\"@id\":\"https:\/\/www.intoscana.it\/it\/luniversita-di-siena-aderisce-alla-comunita-energetica-rinnovabile-sienaenergie\/#breadcrumb\"},\"inLanguage\":\"it-IT\",\"potentialAction\":[{\"@type\":\"ReadAction\",\"target\":[\"https:\/\/www.intoscana.it\/it\/luniversita-di-siena-aderisce-alla-comunita-energetica-rinnovabile-sienaenergie\/\"]}]},{\"@type\":\"ImageObject\",\"inLanguage\":\"it-IT\",\"@id\":\"https:\/\/www.intoscana.it\/it\/luniversita-di-siena-aderisce-alla-comunita-energetica-rinnovabile-sienaenergie\/#primaryimage\",\"url\":\"https:\/\/www.intoscana.it\/wp-content\/uploads\/UNISI_adesioneCER_01-scaled.jpg\",\"contentUrl\":\"https:\/\/www.intoscana.it\/wp-content\/uploads\/UNISI_adesioneCER_01-scaled.jpg\",\"width\":2048,\"height\":1365},{\"@type\":\"BreadcrumbList\",\"@id\":\"https:\/\/www.intoscana.it\/it\/luniversita-di-siena-aderisce-alla-comunita-energetica-rinnovabile-sienaenergie\/#breadcrumb\",\"itemListElement\":[{\"@type\":\"ListItem\",\"position\":1,\"name\":\"Home\",\"item\":\"https:\/\/www.intoscana.it\/it\/\"},{\"@type\":\"ListItem\",\"position\":2,\"name\":\"L\u2019Universit\u00e0 di Siena aderisce alla Comunit\u00e0 Energetica Rinnovabile \u201cSienaenergie&#8221;\"}]},{\"@type\":\"WebSite\",\"@id\":\"https:\/\/www.intoscana.it\/it\/#website\",\"url\":\"https:\/\/www.intoscana.it\/it\/\",\"name\":\"intoscana\",\"description\":\"\",\"potentialAction\":[{\"@type\":\"SearchAction\",\"target\":{\"@type\":\"EntryPoint\",\"urlTemplate\":\"https:\/\/www.intoscana.it\/it\/?s={search_term_string}\"},\"query-input\":{\"@type\":\"PropertyValueSpecification\",\"valueRequired\":true,\"valueName\":\"search_term_string\"}}],\"inLanguage\":\"it-IT\"},{\"@type\":\"Person\",\"@id\":\"https:\/\/www.intoscana.it\/it\/#\/schema\/person\/9223810753230f20bd670fdd322661f8\",\"name\":\"Redazione\",\"url\":\"https:\/\/www.intoscana.it\/it\/author\/redazione\/\"}]}<\/script>\n<!-- \/ Yoast SEO Premium plugin. -->","yoast_head_json":{"title":"L\u2019Universit\u00e0 di Siena aderisce alla Comunit\u00e0 Energetica Rinnovabile \u201cSienaenergie\" - intoscana","description":"Il primo impegno sar\u00e0 quello di collaborare per valutare le possibilit\u00e0 di installazione di impianti ad energie rinnovabili sugli immobili","robots":{"index":"index","follow":"follow","max-snippet":"max-snippet:-1","max-image-preview":"max-image-preview:large","max-video-preview":"max-video-preview:-1"},"canonical":"https:\/\/www.intoscana.it\/it\/luniversita-di-siena-aderisce-alla-comunita-energetica-rinnovabile-sienaenergie\/","og_locale":"it_IT","og_type":"article","og_title":"L\u2019Universit\u00e0 di Siena aderisce alla Comunit\u00e0 Energetica Rinnovabile \u201cSienaenergie\"","og_description":"Il primo impegno sar\u00e0 quello di collaborare per valutare le possibilit\u00e0 di installazione di impianti ad energie rinnovabili sugli immobili","og_url":"https:\/\/www.intoscana.it\/it\/luniversita-di-siena-aderisce-alla-comunita-energetica-rinnovabile-sienaenergie\/","og_site_name":"intoscana","article_publisher":"https:\/\/www.facebook.com\/intoscana.it","article_published_time":"2024-03-19T13:03:52+00:00","article_modified_time":"2024-03-19T14:12:38+00:00","og_image":[{"width":2048,"height":1365,"url":"https:\/\/www.intoscana.it\/wp-content\/uploads\/UNISI_adesioneCER_01-scaled.jpg","type":"image\/jpeg"}],"author":"Redazione","twitter_card":"summary_large_image","twitter_creator":"@intoscana","twitter_site":"@intoscana","twitter_misc":{"Written by":"Redazione","Est. reading time":"4 minuti"},"schema":{"@context":"https:\/\/schema.org","@graph":[{"@type":"WebPage","@id":"https:\/\/www.intoscana.it\/it\/luniversita-di-siena-aderisce-alla-comunita-energetica-rinnovabile-sienaenergie\/","url":"https:\/\/www.intoscana.it\/it\/luniversita-di-siena-aderisce-alla-comunita-energetica-rinnovabile-sienaenergie\/","name":"L\u2019Universit\u00e0 di Siena aderisce alla Comunit\u00e0 Energetica Rinnovabile \u201cSienaenergie\" - intoscana","isPartOf":{"@id":"https:\/\/www.intoscana.it\/it\/#website"},"primaryImageOfPage":{"@id":"https:\/\/www.intoscana.it\/it\/luniversita-di-siena-aderisce-alla-comunita-energetica-rinnovabile-sienaenergie\/#primaryimage"},"image":{"@id":"https:\/\/www.intoscana.it\/it\/luniversita-di-siena-aderisce-alla-comunita-energetica-rinnovabile-sienaenergie\/#primaryimage"},"thumbnailUrl":"https:\/\/www.intoscana.it\/wp-content\/uploads\/UNISI_adesioneCER_01-scaled.jpg","datePublished":"2024-03-19T13:03:52+00:00","dateModified":"2024-03-19T14:12:38+00:00","author":{"@id":"https:\/\/www.intoscana.it\/it\/#\/schema\/person\/9223810753230f20bd670fdd322661f8"},"description":"Il primo impegno sar\u00e0 quello di collaborare per valutare le possibilit\u00e0 di installazione di impianti ad energie rinnovabili sugli immobili","breadcrumb":{"@id":"https:\/\/www.intoscana.it\/it\/luniversita-di-siena-aderisce-alla-comunita-energetica-rinnovabile-sienaenergie\/#breadcrumb"},"inLanguage":"it-IT","potentialAction":[{"@type":"ReadAction","target":["https:\/\/www.intoscana.it\/it\/luniversita-di-siena-aderisce-alla-comunita-energetica-rinnovabile-sienaenergie\/"]}]},{"@type":"ImageObject","inLanguage":"it-IT","@id":"https:\/\/www.intoscana.it\/it\/luniversita-di-siena-aderisce-alla-comunita-energetica-rinnovabile-sienaenergie\/#primaryimage","url":"https:\/\/www.intoscana.it\/wp-content\/uploads\/UNISI_adesioneCER_01-scaled.jpg","contentUrl":"https:\/\/www.intoscana.it\/wp-content\/uploads\/UNISI_adesioneCER_01-scaled.jpg","width":2048,"height":1365},{"@type":"BreadcrumbList","@id":"https:\/\/www.intoscana.it\/it\/luniversita-di-siena-aderisce-alla-comunita-energetica-rinnovabile-sienaenergie\/#breadcrumb","itemListElement":[{"@type":"ListItem","position":1,"name":"Home","item":"https:\/\/www.intoscana.it\/it\/"},{"@type":"ListItem","position":2,"name":"L\u2019Universit\u00e0 di Siena aderisce alla Comunit\u00e0 Energetica Rinnovabile \u201cSienaenergie&#8221;"}]},{"@type":"WebSite","@id":"https:\/\/www.intoscana.it\/it\/#website","url":"https:\/\/www.intoscana.it\/it\/","name":"intoscana","description":"","potentialAction":[{"@type":"SearchAction","target":{"@type":"EntryPoint","urlTemplate":"https:\/\/www.intoscana.it\/it\/?s={search_term_string}"},"query-input":{"@type":"PropertyValueSpecification","valueRequired":true,"valueName":"search_term_string"}}],"inLanguage":"it-IT"},{"@type":"Person","@id":"https:\/\/www.intoscana.it\/it\/#\/schema\/person\/9223810753230f20bd670fdd322661f8","name":"Redazione","url":"https:\/\/www.intoscana.it\/it\/author\/redazione\/"}]}},"_links":{"self":[{"href":"https:\/\/www.intoscana.it\/it\/wp-json\/wp\/v2\/posts\/332063","targetHints":{"allow":["GET"]}}],"collection":[{"href":"https:\/\/www.intoscana.it\/it\/wp-json\/wp\/v2\/posts"}],"about":[{"href":"https:\/\/www.intoscana.it\/it\/wp-json\/wp\/v2\/types\/post"}],"author":[{"embeddable":true,"href":"https:\/\/www.intoscana.it\/it\/wp-json\/wp\/v2\/users\/525"}],"replies":[{"embeddable":true,"href":"https:\/\/www.intoscana.it\/it\/wp-json\/wp\/v2\/comments?post=332063"}],"version-history":[{"count":7,"href":"https:\/\/www.intoscana.it\/it\/wp-json\/wp\/v2\/posts\/332063\/revisions"}],"predecessor-version":[{"id":332077,"href":"https:\/\/www.intoscana.it\/it\/wp-json\/wp\/v2\/posts\/332063\/revisions\/332077"}],"wp:featuredmedia":[{"embeddable":true,"href":"https:\/\/www.intoscana.it\/it\/wp-json\/wp\/v2\/media\/332064"}],"wp:attachment":[{"href":"https:\/\/www.intoscana.it\/it\/wp-json\/wp\/v2\/media?parent=332063"}],"wp:term":[{"taxonomy":"category","embeddable":true,"href":"https:\/\/www.intoscana.it\/it\/wp-json\/wp\/v2\/categories?post=332063"},{"taxonomy":"post_tag","embeddable":true,"href":"https:\/\/www.intoscana.it\/it\/wp-json\/wp\/v2\/tags?post=332063"}],"curies":[{"name":"wp","href":"https:\/\/api.w.org\/{rel}","templated":true}]}}