{"id":332106,"date":"2024-03-19T15:47:42","date_gmt":"2024-03-19T14:47:42","guid":{"rendered":"https:\/\/www.intoscana.it\/it\/?p=332106"},"modified":"2024-03-19T15:47:42","modified_gmt":"2024-03-19T14:47:42","slug":"festival-dellidentita-toscana-transizione-economica-e-digitale-la-regione-al-fianco-delle-imprese","status":"publish","type":"post","link":"https:\/\/www.intoscana.it\/it\/festival-dellidentita-toscana-transizione-economica-e-digitale-la-regione-al-fianco-delle-imprese\/","title":{"rendered":"Festival dell&#8217;identit\u00e0 toscana, transizione economica e digitale: la Regione al fianco delle imprese"},"content":{"rendered":"<p>Sostenere la transizione economica e digitale del sistema produttivo toscano, puntando su ricerca, innovazione, digitalizzazione e competitivit\u00e0. Una missione su cui la Regione ha fatto il punto nella seconda giornata del <strong>Festival dell&#8217;identit\u00e0 toscana<\/strong> in corso a Firenze, all\u2019incontro &#8220;La Toscana fa impresa&#8221;.<\/p>\n<h3>Fondi europei per 500 milioni<\/h3>\n<p>Tante le attivit\u00e0 portate avanti dalla <strong>Regione Toscana<\/strong> negli ultimi anni. Nel nuovo settennato 2021-2027 del Fondo europeo di sviluppo regionale (Fesr) sono a disposizione della Toscana oltre 500 milioni di euro, quasi 100 milioni in pi\u00f9 rispetto alla programmazione precedente, da 426,9 milioni. <mark>Se nel precedente settennato questi finanziamenti pubblici hanno attivato investimenti per quasi 1,2 miliardi, si stima che con il nuovo ciclo Fesr si possa arrivare ad oltre 2,7 miliardi.<\/mark><\/p>\n<p>\u201cSaremo ancora di pi\u00f9 al fianco delle nostre imprese \u2013 ha detto il presidente della Regione <strong>Eugenio Giani<\/strong> nel suo intervento &#8211; Spesso nel mondo si identifica la Toscana con il turismo, che certo rappresenta una voce importante ed essenziale del nostro Pil, ma la reale essenza della regione \u00e8 rappresentata anche da quel tessuto di piccole e medie imprese, industriali ma ancora pi\u00f9 spesso artigianali, creative, di servizio, che \u00e8 la vera forza della nostra terra. <mark>In questi anni difficili la Regione ha utilizzato le risorse provenienti dall\u2019Unione europea, ben superiori a quelle ricevute dal Governo centrale, per rafforzare questo tessuto, sostenerlo, aiutarlo ad innovarsi e ad affrontare le nuove sfide della globalizzazione. E la nostra attenzione non va solo ai grandi centri ed alle grandi produzioni, ma a tutta la Toscana diffusa\u201d.<\/mark><\/p>\n<p>Nell\u2019incontro di questa mattina l\u2019assessore <strong>Leonardo Marras<\/strong> ha presentato <mark>21 realt\u00e0 toscane, di vario genere e situate in territori diversi e distanti tra loro, che grazie alle risorse europee messe a disposizione dalla Regione hanno potuto progredire su vari fronti:<\/mark> digitalizzazione, innovazione, ricerca di nuovi mercati, acquisto di nuovi macchinari, applicazione di sistemi produttivi pi\u00f9 ecologici ed altro ancora.<\/p>\n<p>\u201cL\u2019identit\u00e0 del tessuto economico toscano non \u00e8 fatta solo dalle imprese pi\u00f9 note e dalle storie pi\u00f9 conosciute, ma da un tessuto di realt\u00e0 varie, strettamente intrecciate tra loro e radicate sul territorio &#8211; ha detto Marras &#8211;\u00a0 Con questa iniziativa abbiamo voluto mostrare i risultati prodotti grazie agli investimenti europei di precedenti sette anni, che in molti casi hanno permesso a queste realt\u00e0 medio piccole di compiere quel passo in avanti necessario per affermarsi o innovare i sistemi produttivi. <mark>Questi 21 esempi offrono uno spaccato della societ\u00e0 di tutta la Toscana: dalle aree pi\u00f9 sviluppate a quelle pi\u00f9 difficili, dalle cooperative di comunit\u00e0, peculiarit\u00e0 tutta toscana, ai centri commerciali naturali, industrie chimiche, ditte artigianali, agriturismi, imprese specializzate nelle nuove tecnologie e molto altro\u201d.<\/mark><\/p>\n<p>&nbsp;<\/p>\n","protected":false},"excerpt":{"rendered":"<p>Nel nuovo settennato del Fondo europeo di sviluppo regionale sono a disposizione oltre 500 milioni di euro: 2,7 miliardi la stima degli investimenti da attivare. Giani: &#8220;La nostra attenzione non va solo ai grandi centri, ma a tutta la Toscana diffusa&#8221;<\/p>\n<p>&nbsp;<\/p>\n","protected":false},"author":525,"featured_media":332080,"comment_status":"open","ping_status":"open","sticky":false,"template":"","format":"standard","meta":{"_acf_changed":false,"footnotes":""},"categories":[9],"tags":[211,158,6704,5008],"class_list":["post-332106","post","type-post","status-publish","format-standard","has-post-thumbnail","hentry","category-made-in-toscana","tag-economia","tag-eugenio-giani","tag-festival-dellidentita-toscana","tag-leonardo-marras"],"acf":[],"yoast_head":"<!-- This site is optimized with the Yoast SEO Premium plugin v24.2 (Yoast SEO v25.6) - https:\/\/yoast.com\/wordpress\/plugins\/seo\/ -->\n<title>Festival dell&#039;identit\u00e0 toscana, transizione economica e digitale: la Regione al fianco delle imprese - intoscana<\/title>\n<meta name=\"description\" content=\"Nel nuovo settennato del Fondo europeo di sviluppo regionale sono a disposizione oltre 500 milioni di euro: 2,7 miliardi la stima degli investimenti da attivare. Giani: &quot;La nostra attenzione non va solo ai grandi centri, ma a tutta la Toscana diffusa&quot;\" \/>\n<meta name=\"robots\" content=\"index, follow, max-snippet:-1, max-image-preview:large, max-video-preview:-1\" \/>\n<link rel=\"canonical\" href=\"https:\/\/www.intoscana.it\/it\/festival-dellidentita-toscana-transizione-economica-e-digitale-la-regione-al-fianco-delle-imprese\/\" \/>\n<meta property=\"og:locale\" content=\"it_IT\" \/>\n<meta property=\"og:type\" content=\"article\" \/>\n<meta property=\"og:title\" content=\"Festival dell&#039;identit\u00e0 toscana, transizione economica e digitale: la Regione al fianco delle imprese\" \/>\n<meta property=\"og:description\" content=\"Nel nuovo settennato del Fondo europeo di sviluppo regionale sono a disposizione oltre 500 milioni di euro: 2,7 miliardi la stima degli investimenti da attivare. Giani: &quot;La nostra attenzione non va solo ai grandi centri, ma a tutta la Toscana diffusa&quot;\" \/>\n<meta property=\"og:url\" content=\"https:\/\/www.intoscana.it\/it\/festival-dellidentita-toscana-transizione-economica-e-digitale-la-regione-al-fianco-delle-imprese\/\" \/>\n<meta property=\"og:site_name\" content=\"intoscana\" \/>\n<meta property=\"article:publisher\" content=\"https:\/\/www.facebook.com\/intoscana.it\" \/>\n<meta property=\"article:published_time\" content=\"2024-03-19T14:47:42+00:00\" \/>\n<meta property=\"og:image\" content=\"https:\/\/www.intoscana.it\/wp-content\/uploads\/PLR_0779.jpg\" \/>\n\t<meta property=\"og:image:width\" content=\"1200\" \/>\n\t<meta property=\"og:image:height\" content=\"800\" \/>\n\t<meta property=\"og:image:type\" content=\"image\/jpeg\" \/>\n<meta name=\"author\" content=\"Redazione\" \/>\n<meta name=\"twitter:card\" content=\"summary_large_image\" \/>\n<meta name=\"twitter:creator\" content=\"@intoscana\" \/>\n<meta name=\"twitter:site\" content=\"@intoscana\" \/>\n<meta name=\"twitter:label1\" content=\"Written by\" \/>\n\t<meta name=\"twitter:data1\" content=\"Redazione\" \/>\n\t<meta name=\"twitter:label2\" content=\"Est. reading time\" \/>\n\t<meta name=\"twitter:data2\" content=\"3 minuti\" \/>\n<script type=\"application\/ld+json\" class=\"yoast-schema-graph\">{\"@context\":\"https:\/\/schema.org\",\"@graph\":[{\"@type\":\"WebPage\",\"@id\":\"https:\/\/www.intoscana.it\/it\/festival-dellidentita-toscana-transizione-economica-e-digitale-la-regione-al-fianco-delle-imprese\/\",\"url\":\"https:\/\/www.intoscana.it\/it\/festival-dellidentita-toscana-transizione-economica-e-digitale-la-regione-al-fianco-delle-imprese\/\",\"name\":\"Festival dell'identit\u00e0 toscana, transizione economica e digitale: la Regione al fianco delle imprese - intoscana\",\"isPartOf\":{\"@id\":\"https:\/\/www.intoscana.it\/it\/#website\"},\"primaryImageOfPage\":{\"@id\":\"https:\/\/www.intoscana.it\/it\/festival-dellidentita-toscana-transizione-economica-e-digitale-la-regione-al-fianco-delle-imprese\/#primaryimage\"},\"image\":{\"@id\":\"https:\/\/www.intoscana.it\/it\/festival-dellidentita-toscana-transizione-economica-e-digitale-la-regione-al-fianco-delle-imprese\/#primaryimage\"},\"thumbnailUrl\":\"https:\/\/www.intoscana.it\/wp-content\/uploads\/PLR_0779.jpg\",\"datePublished\":\"2024-03-19T14:47:42+00:00\",\"author\":{\"@id\":\"https:\/\/www.intoscana.it\/it\/#\/schema\/person\/9223810753230f20bd670fdd322661f8\"},\"description\":\"Nel nuovo settennato del Fondo europeo di sviluppo regionale sono a disposizione oltre 500 milioni di euro: 2,7 miliardi la stima degli investimenti da attivare. Giani: \\\"La nostra attenzione non va solo ai grandi centri, ma a tutta la Toscana diffusa\\\"\",\"breadcrumb\":{\"@id\":\"https:\/\/www.intoscana.it\/it\/festival-dellidentita-toscana-transizione-economica-e-digitale-la-regione-al-fianco-delle-imprese\/#breadcrumb\"},\"inLanguage\":\"it-IT\",\"potentialAction\":[{\"@type\":\"ReadAction\",\"target\":[\"https:\/\/www.intoscana.it\/it\/festival-dellidentita-toscana-transizione-economica-e-digitale-la-regione-al-fianco-delle-imprese\/\"]}]},{\"@type\":\"ImageObject\",\"inLanguage\":\"it-IT\",\"@id\":\"https:\/\/www.intoscana.it\/it\/festival-dellidentita-toscana-transizione-economica-e-digitale-la-regione-al-fianco-delle-imprese\/#primaryimage\",\"url\":\"https:\/\/www.intoscana.it\/wp-content\/uploads\/PLR_0779.jpg\",\"contentUrl\":\"https:\/\/www.intoscana.it\/wp-content\/uploads\/PLR_0779.jpg\",\"width\":1200,\"height\":800,\"caption\":\"PRESIDENTE\"},{\"@type\":\"BreadcrumbList\",\"@id\":\"https:\/\/www.intoscana.it\/it\/festival-dellidentita-toscana-transizione-economica-e-digitale-la-regione-al-fianco-delle-imprese\/#breadcrumb\",\"itemListElement\":[{\"@type\":\"ListItem\",\"position\":1,\"name\":\"Home\",\"item\":\"https:\/\/www.intoscana.it\/it\/\"},{\"@type\":\"ListItem\",\"position\":2,\"name\":\"Festival dell&#8217;identit\u00e0 toscana, transizione economica e digitale: la Regione al fianco delle imprese\"}]},{\"@type\":\"WebSite\",\"@id\":\"https:\/\/www.intoscana.it\/it\/#website\",\"url\":\"https:\/\/www.intoscana.it\/it\/\",\"name\":\"intoscana\",\"description\":\"\",\"potentialAction\":[{\"@type\":\"SearchAction\",\"target\":{\"@type\":\"EntryPoint\",\"urlTemplate\":\"https:\/\/www.intoscana.it\/it\/?s={search_term_string}\"},\"query-input\":{\"@type\":\"PropertyValueSpecification\",\"valueRequired\":true,\"valueName\":\"search_term_string\"}}],\"inLanguage\":\"it-IT\"},{\"@type\":\"Person\",\"@id\":\"https:\/\/www.intoscana.it\/it\/#\/schema\/person\/9223810753230f20bd670fdd322661f8\",\"name\":\"Redazione\",\"url\":\"https:\/\/www.intoscana.it\/it\/author\/redazione\/\"}]}<\/script>\n<!-- \/ Yoast SEO Premium plugin. -->","yoast_head_json":{"title":"Festival dell'identit\u00e0 toscana, transizione economica e digitale: la Regione al fianco delle imprese - intoscana","description":"Nel nuovo settennato del Fondo europeo di sviluppo regionale sono a disposizione oltre 500 milioni di euro: 2,7 miliardi la stima degli investimenti da attivare. Giani: \"La nostra attenzione non va solo ai grandi centri, ma a tutta la Toscana diffusa\"","robots":{"index":"index","follow":"follow","max-snippet":"max-snippet:-1","max-image-preview":"max-image-preview:large","max-video-preview":"max-video-preview:-1"},"canonical":"https:\/\/www.intoscana.it\/it\/festival-dellidentita-toscana-transizione-economica-e-digitale-la-regione-al-fianco-delle-imprese\/","og_locale":"it_IT","og_type":"article","og_title":"Festival dell'identit\u00e0 toscana, transizione economica e digitale: la Regione al fianco delle imprese","og_description":"Nel nuovo settennato del Fondo europeo di sviluppo regionale sono a disposizione oltre 500 milioni di euro: 2,7 miliardi la stima degli investimenti da attivare. Giani: \"La nostra attenzione non va solo ai grandi centri, ma a tutta la Toscana diffusa\"","og_url":"https:\/\/www.intoscana.it\/it\/festival-dellidentita-toscana-transizione-economica-e-digitale-la-regione-al-fianco-delle-imprese\/","og_site_name":"intoscana","article_publisher":"https:\/\/www.facebook.com\/intoscana.it","article_published_time":"2024-03-19T14:47:42+00:00","og_image":[{"width":1200,"height":800,"url":"https:\/\/www.intoscana.it\/wp-content\/uploads\/PLR_0779.jpg","type":"image\/jpeg"}],"author":"Redazione","twitter_card":"summary_large_image","twitter_creator":"@intoscana","twitter_site":"@intoscana","twitter_misc":{"Written by":"Redazione","Est. reading time":"3 minuti"},"schema":{"@context":"https:\/\/schema.org","@graph":[{"@type":"WebPage","@id":"https:\/\/www.intoscana.it\/it\/festival-dellidentita-toscana-transizione-economica-e-digitale-la-regione-al-fianco-delle-imprese\/","url":"https:\/\/www.intoscana.it\/it\/festival-dellidentita-toscana-transizione-economica-e-digitale-la-regione-al-fianco-delle-imprese\/","name":"Festival dell'identit\u00e0 toscana, transizione economica e digitale: la Regione al fianco delle imprese - intoscana","isPartOf":{"@id":"https:\/\/www.intoscana.it\/it\/#website"},"primaryImageOfPage":{"@id":"https:\/\/www.intoscana.it\/it\/festival-dellidentita-toscana-transizione-economica-e-digitale-la-regione-al-fianco-delle-imprese\/#primaryimage"},"image":{"@id":"https:\/\/www.intoscana.it\/it\/festival-dellidentita-toscana-transizione-economica-e-digitale-la-regione-al-fianco-delle-imprese\/#primaryimage"},"thumbnailUrl":"https:\/\/www.intoscana.it\/wp-content\/uploads\/PLR_0779.jpg","datePublished":"2024-03-19T14:47:42+00:00","author":{"@id":"https:\/\/www.intoscana.it\/it\/#\/schema\/person\/9223810753230f20bd670fdd322661f8"},"description":"Nel nuovo settennato del Fondo europeo di sviluppo regionale sono a disposizione oltre 500 milioni di euro: 2,7 miliardi la stima degli investimenti da attivare. Giani: \"La nostra attenzione non va solo ai grandi centri, ma a tutta la Toscana diffusa\"","breadcrumb":{"@id":"https:\/\/www.intoscana.it\/it\/festival-dellidentita-toscana-transizione-economica-e-digitale-la-regione-al-fianco-delle-imprese\/#breadcrumb"},"inLanguage":"it-IT","potentialAction":[{"@type":"ReadAction","target":["https:\/\/www.intoscana.it\/it\/festival-dellidentita-toscana-transizione-economica-e-digitale-la-regione-al-fianco-delle-imprese\/"]}]},{"@type":"ImageObject","inLanguage":"it-IT","@id":"https:\/\/www.intoscana.it\/it\/festival-dellidentita-toscana-transizione-economica-e-digitale-la-regione-al-fianco-delle-imprese\/#primaryimage","url":"https:\/\/www.intoscana.it\/wp-content\/uploads\/PLR_0779.jpg","contentUrl":"https:\/\/www.intoscana.it\/wp-content\/uploads\/PLR_0779.jpg","width":1200,"height":800,"caption":"PRESIDENTE"},{"@type":"BreadcrumbList","@id":"https:\/\/www.intoscana.it\/it\/festival-dellidentita-toscana-transizione-economica-e-digitale-la-regione-al-fianco-delle-imprese\/#breadcrumb","itemListElement":[{"@type":"ListItem","position":1,"name":"Home","item":"https:\/\/www.intoscana.it\/it\/"},{"@type":"ListItem","position":2,"name":"Festival dell&#8217;identit\u00e0 toscana, transizione economica e digitale: la Regione al fianco delle imprese"}]},{"@type":"WebSite","@id":"https:\/\/www.intoscana.it\/it\/#website","url":"https:\/\/www.intoscana.it\/it\/","name":"intoscana","description":"","potentialAction":[{"@type":"SearchAction","target":{"@type":"EntryPoint","urlTemplate":"https:\/\/www.intoscana.it\/it\/?s={search_term_string}"},"query-input":{"@type":"PropertyValueSpecification","valueRequired":true,"valueName":"search_term_string"}}],"inLanguage":"it-IT"},{"@type":"Person","@id":"https:\/\/www.intoscana.it\/it\/#\/schema\/person\/9223810753230f20bd670fdd322661f8","name":"Redazione","url":"https:\/\/www.intoscana.it\/it\/author\/redazione\/"}]}},"_links":{"self":[{"href":"https:\/\/www.intoscana.it\/it\/wp-json\/wp\/v2\/posts\/332106","targetHints":{"allow":["GET"]}}],"collection":[{"href":"https:\/\/www.intoscana.it\/it\/wp-json\/wp\/v2\/posts"}],"about":[{"href":"https:\/\/www.intoscana.it\/it\/wp-json\/wp\/v2\/types\/post"}],"author":[{"embeddable":true,"href":"https:\/\/www.intoscana.it\/it\/wp-json\/wp\/v2\/users\/525"}],"replies":[{"embeddable":true,"href":"https:\/\/www.intoscana.it\/it\/wp-json\/wp\/v2\/comments?post=332106"}],"version-history":[{"count":5,"href":"https:\/\/www.intoscana.it\/it\/wp-json\/wp\/v2\/posts\/332106\/revisions"}],"predecessor-version":[{"id":332114,"href":"https:\/\/www.intoscana.it\/it\/wp-json\/wp\/v2\/posts\/332106\/revisions\/332114"}],"wp:featuredmedia":[{"embeddable":true,"href":"https:\/\/www.intoscana.it\/it\/wp-json\/wp\/v2\/media\/332080"}],"wp:attachment":[{"href":"https:\/\/www.intoscana.it\/it\/wp-json\/wp\/v2\/media?parent=332106"}],"wp:term":[{"taxonomy":"category","embeddable":true,"href":"https:\/\/www.intoscana.it\/it\/wp-json\/wp\/v2\/categories?post=332106"},{"taxonomy":"post_tag","embeddable":true,"href":"https:\/\/www.intoscana.it\/it\/wp-json\/wp\/v2\/tags?post=332106"}],"curies":[{"name":"wp","href":"https:\/\/api.w.org\/{rel}","templated":true}]}}