{"id":332115,"date":"2024-03-19T16:12:14","date_gmt":"2024-03-19T15:12:14","guid":{"rendered":"https:\/\/www.intoscana.it\/it\/?p=332115"},"modified":"2024-03-19T16:12:14","modified_gmt":"2024-03-19T15:12:14","slug":"scomparsa-joe-barone","status":"publish","type":"post","link":"https:\/\/www.intoscana.it\/it\/scomparsa-joe-barone\/","title":{"rendered":"Addio a Joe Barone, punto di riferimento della Fiorentina"},"content":{"rendered":"<p>Non ce l&#8217;ha fatta <strong>Joe Barone<\/strong>, direttore generale della <strong>Fiorentina<\/strong>, dopo il malore accusato domenica poco prima della partita di campionato contro <strong>l&#8217;Atalanta<\/strong>. Fin da subito le condizioni di Barone era apparse molto gravi, aveva infatti subito un intervento al cuore ed era ricoverato nella terapia intensiva cardiochirurgica dell&#8217;ospedale <strong>San Raffaele di Milano, <\/strong>dove \u00e8 venuto oggi a mancare.<\/p>\n<p>A darne la notizia la squadra viola sul proprio sito dove si legge: &#8220;<em>Con un dolore profondo e immensa tristezza, la Fiorentina oggi <strong>perde un suo punto di riferimento<\/strong>, una figura che ha segnato la storia recente del Club e che non sar\u00e0 mai dimenticata. Il Direttore Generale Giuseppe Barone, dopo il malore occorso domenica, \u00e8 venuto a mancare oggi presso l\u2019ospedale \u201cSan Raffaele\u201d di Milano. Rocco Commisso e la sua famiglia, Daniele Prad\u00e8, Nicolas Burdisso, Alessandro Ferrari, Vincenzo Italiano, Cristiano Biraghi e tutta la Fiorentina sono distrutti per la <strong>terribile perdita<\/strong> di un uomo che ha offerto la sua <strong>grande professionalit\u00e0<\/strong>, il suo cuore e la sua passione per questi colori, di un amico disponibile e sempre vicino in tutti i momenti, sia quelli pi\u00f9 felici e, soprattutto, quelli pi\u00f9 difficili. Tutto il mondo viola si stringe in un abbraccio commosso alla moglie Camilla, ai suoi figli e a tutta la famiglia Barone in questo momento di enorme sconforto&#8221;<\/em>.<\/p>\n<p>Proprio domani Joe Barone avrebbe compiuto 58 anni, se ne va cos\u00ec il braccio destro di <strong>Rocco Commisso<\/strong>, patron viola, dopo una vita dedicata al calcio, prima seguendo i New York Comos e poi la Fiorentina.\u00a0Nato a Pozzallo, in Sicilia, il 20 marzo 1966 Barone all&#8217;et\u00e0 di otto anni si trasferisce con la famiglia negli Stati Uniti, a Brooklyn. Terminati gli studi, l&#8217;incontro con Rocco Commisso con cui prima ha lavorato nella societ\u00e0 di telecomunicazioni <strong>Mediacom<\/strong> per poi dedicarsi al calcio. Fu proprio Barone ha concludere la trattativa con i <strong>Della Valle<\/strong> per l&#8217;acquisto della squadra viola e poi si \u00e8 occupato di tutto il progetto del <strong>Viola Park,<\/strong> il grande impianto sportivo realizzato a Bagno a Ripoli.<\/p>\n<p>Sui social tantissimi i messaggi di cordoglio dalle istituzioni e dal popolo viola. Per il presidente <strong>Eugenio Giani<\/strong>: &#8220;<em>La scomparsa di Joe Barone mi rattrista profondamente. Ha dedicato tanta energia e passione per il calcio e per la Fiorentina. Un abbraccio forte alla sua famiglia e a tutti i tifosi viola<\/em>&#8221; a cui fa eco il sindaco <strong>Dario Nardella<\/strong>: &#8220;<em>Siamo increduli e pieni di dolore. Tutta la mia vicinanza e quella della citt\u00e0 di Firenze alla famiglia Barone, al presidente Commisso e a tutti i dirigenti, dipendenti e giocatori della Fiorentina. Addio Joe, non ti dimenticheremo. Riposa in pace<\/em>&#8220;. A questi si aggiunge <strong>Francesco Casini<\/strong>, sindaco di Bagno a Ripoli che lo ricorda proprio con un aneddoto sul Viola Park: &#8220;<em>Non dimenticher\u00f2 mai quella mattina di inizio luglio del 2019. Erano pi\u00f9 o meno le 9 e mi squillo al telefono un numero anonimo. \u201cBuongiorno Sindaco, sono Giuseppe\u201d. \u201cGiuseppe chi?\u201d, chiesi io. \u201cGiuseppe Barone\u2026.\u201d. \u201cAh, Joe Barone!\u201d. \u201cSindaco possiamo parlare di quell\u2019idea di cui ci hai parlato\u2026\u201d. Da l\u00ec parte la nostra amicizia che insieme a Rocco e a tutti gli altri protagonisti ha portato a realizzare il Viola Park. La casa del popolo Viola come amava ripetere Joe. Perch\u00e9 Joe si era innamorato della Fiorentina e il suo intento, come per la societ\u00e0, \u00e8 sempre stato quello e solo quello di far crescere il club e di portare la Fiorentina in alto dove si merita. Da Rocco parte certamente tutto, senza contare il lavoro di tanti collaboratori, ma \u00e8 merito primario di Joe, della sua tenacia, della sua voglia di non fermarsi davanti agli ostacoli, se oggi c\u2019\u00e8 il Viola Park, il pi\u00f9 grande e pi\u00f9 bel centro sportivo di Europa. \u00c8 merito di Joe e anche delle sue \u201cincazzature\u201d se \u00e8 stato realizzato tutto questo, se la Fiorentina si \u00e8 stabilmente riposizionata in Europa. Sono stati fatti passi di crescita incredibile ed \u00e8 grazie a Joe, al suo lavorare 20 ore al giorno senza sosta con sacrificio e con passione, mettendoci tutto quello che aveva e anche di pi\u00f9. <strong>Un innamorato folle della Viola<\/strong><\/em>&#8220;.<\/p>\n<p>&nbsp;<\/p>\n","protected":false},"excerpt":{"rendered":"<p>Si \u00e8 spento all&#8217;ospedale San Raffaele di Milano il direttore generale della squadra viola dopo il malore accusato domenica<\/p>\n","protected":false},"author":507,"featured_media":332118,"comment_status":"open","ping_status":"open","sticky":false,"template":"","format":"standard","meta":{"_acf_changed":false,"footnotes":""},"categories":[494],"tags":[290,199],"class_list":["post-332115","post","type-post","status-publish","format-standard","has-post-thumbnail","hentry","category-attualita","tag-calcio","tag-fiorentina"],"acf":[],"yoast_head":"<!-- This site is optimized with the Yoast SEO Premium plugin v24.2 (Yoast SEO v25.6) - https:\/\/yoast.com\/wordpress\/plugins\/seo\/ -->\n<title>Addio a Joe Barone, punto di riferimento della Fiorentina - intoscana<\/title>\n<meta name=\"robots\" content=\"index, follow, max-snippet:-1, max-image-preview:large, max-video-preview:-1\" \/>\n<link rel=\"canonical\" href=\"https:\/\/www.intoscana.it\/it\/scomparsa-joe-barone\/\" \/>\n<meta property=\"og:locale\" content=\"it_IT\" \/>\n<meta property=\"og:type\" content=\"article\" \/>\n<meta property=\"og:title\" content=\"Addio a Joe Barone, punto di riferimento della Fiorentina\" \/>\n<meta property=\"og:description\" content=\"Si \u00e8 spento all&#039;ospedale San Raffaele di Milano il direttore generale della squadra viola dopo il malore accusato domenica\" \/>\n<meta property=\"og:url\" content=\"https:\/\/www.intoscana.it\/it\/scomparsa-joe-barone\/\" \/>\n<meta property=\"og:site_name\" content=\"intoscana\" \/>\n<meta property=\"article:publisher\" content=\"https:\/\/www.facebook.com\/intoscana.it\" \/>\n<meta property=\"article:published_time\" content=\"2024-03-19T15:12:14+00:00\" \/>\n<meta property=\"og:image\" content=\"https:\/\/www.intoscana.it\/wp-content\/uploads\/joe-barone-fiorentina.jpeg\" \/>\n\t<meta property=\"og:image:width\" content=\"1694\" \/>\n\t<meta property=\"og:image:height\" content=\"953\" \/>\n\t<meta property=\"og:image:type\" content=\"image\/jpeg\" \/>\n<meta name=\"author\" content=\"Chiara Bianchini\" \/>\n<meta name=\"twitter:card\" content=\"summary_large_image\" \/>\n<meta name=\"twitter:creator\" content=\"@intoscana\" \/>\n<meta name=\"twitter:site\" content=\"@intoscana\" \/>\n<meta name=\"twitter:label1\" content=\"Written by\" \/>\n\t<meta name=\"twitter:data1\" content=\"Chiara Bianchini\" \/>\n\t<meta name=\"twitter:label2\" content=\"Est. reading time\" \/>\n\t<meta name=\"twitter:data2\" content=\"4 minuti\" \/>\n<script type=\"application\/ld+json\" class=\"yoast-schema-graph\">{\"@context\":\"https:\/\/schema.org\",\"@graph\":[{\"@type\":\"WebPage\",\"@id\":\"https:\/\/www.intoscana.it\/it\/scomparsa-joe-barone\/\",\"url\":\"https:\/\/www.intoscana.it\/it\/scomparsa-joe-barone\/\",\"name\":\"Addio a Joe Barone, punto di riferimento della Fiorentina - intoscana\",\"isPartOf\":{\"@id\":\"https:\/\/www.intoscana.it\/it\/#website\"},\"primaryImageOfPage\":{\"@id\":\"https:\/\/www.intoscana.it\/it\/scomparsa-joe-barone\/#primaryimage\"},\"image\":{\"@id\":\"https:\/\/www.intoscana.it\/it\/scomparsa-joe-barone\/#primaryimage\"},\"thumbnailUrl\":\"https:\/\/www.intoscana.it\/wp-content\/uploads\/joe-barone-fiorentina.jpeg\",\"datePublished\":\"2024-03-19T15:12:14+00:00\",\"author\":{\"@id\":\"https:\/\/www.intoscana.it\/it\/#\/schema\/person\/010af92117f50561886339ad5b873a41\"},\"breadcrumb\":{\"@id\":\"https:\/\/www.intoscana.it\/it\/scomparsa-joe-barone\/#breadcrumb\"},\"inLanguage\":\"it-IT\",\"potentialAction\":[{\"@type\":\"ReadAction\",\"target\":[\"https:\/\/www.intoscana.it\/it\/scomparsa-joe-barone\/\"]}]},{\"@type\":\"ImageObject\",\"inLanguage\":\"it-IT\",\"@id\":\"https:\/\/www.intoscana.it\/it\/scomparsa-joe-barone\/#primaryimage\",\"url\":\"https:\/\/www.intoscana.it\/wp-content\/uploads\/joe-barone-fiorentina.jpeg\",\"contentUrl\":\"https:\/\/www.intoscana.it\/wp-content\/uploads\/joe-barone-fiorentina.jpeg\",\"width\":1694,\"height\":953,\"caption\":\"Joe Barone\"},{\"@type\":\"BreadcrumbList\",\"@id\":\"https:\/\/www.intoscana.it\/it\/scomparsa-joe-barone\/#breadcrumb\",\"itemListElement\":[{\"@type\":\"ListItem\",\"position\":1,\"name\":\"Home\",\"item\":\"https:\/\/www.intoscana.it\/it\/\"},{\"@type\":\"ListItem\",\"position\":2,\"name\":\"Addio a Joe Barone, punto di riferimento della Fiorentina\"}]},{\"@type\":\"WebSite\",\"@id\":\"https:\/\/www.intoscana.it\/it\/#website\",\"url\":\"https:\/\/www.intoscana.it\/it\/\",\"name\":\"intoscana\",\"description\":\"\",\"potentialAction\":[{\"@type\":\"SearchAction\",\"target\":{\"@type\":\"EntryPoint\",\"urlTemplate\":\"https:\/\/www.intoscana.it\/it\/?s={search_term_string}\"},\"query-input\":{\"@type\":\"PropertyValueSpecification\",\"valueRequired\":true,\"valueName\":\"search_term_string\"}}],\"inLanguage\":\"it-IT\"},{\"@type\":\"Person\",\"@id\":\"https:\/\/www.intoscana.it\/it\/#\/schema\/person\/010af92117f50561886339ad5b873a41\",\"name\":\"Chiara Bianchini\",\"sameAs\":[\"c.bianchini@fst.it\"],\"url\":\"https:\/\/www.intoscana.it\/it\/author\/chiara-bianchini\/\"}]}<\/script>\n<!-- \/ Yoast SEO Premium plugin. -->","yoast_head_json":{"title":"Addio a Joe Barone, punto di riferimento della Fiorentina - intoscana","robots":{"index":"index","follow":"follow","max-snippet":"max-snippet:-1","max-image-preview":"max-image-preview:large","max-video-preview":"max-video-preview:-1"},"canonical":"https:\/\/www.intoscana.it\/it\/scomparsa-joe-barone\/","og_locale":"it_IT","og_type":"article","og_title":"Addio a Joe Barone, punto di riferimento della Fiorentina","og_description":"Si \u00e8 spento all'ospedale San Raffaele di Milano il direttore generale della squadra viola dopo il malore accusato domenica","og_url":"https:\/\/www.intoscana.it\/it\/scomparsa-joe-barone\/","og_site_name":"intoscana","article_publisher":"https:\/\/www.facebook.com\/intoscana.it","article_published_time":"2024-03-19T15:12:14+00:00","og_image":[{"width":1694,"height":953,"url":"https:\/\/www.intoscana.it\/wp-content\/uploads\/joe-barone-fiorentina.jpeg","type":"image\/jpeg"}],"author":"Chiara Bianchini","twitter_card":"summary_large_image","twitter_creator":"@intoscana","twitter_site":"@intoscana","twitter_misc":{"Written by":"Chiara Bianchini","Est. reading time":"4 minuti"},"schema":{"@context":"https:\/\/schema.org","@graph":[{"@type":"WebPage","@id":"https:\/\/www.intoscana.it\/it\/scomparsa-joe-barone\/","url":"https:\/\/www.intoscana.it\/it\/scomparsa-joe-barone\/","name":"Addio a Joe Barone, punto di riferimento della Fiorentina - intoscana","isPartOf":{"@id":"https:\/\/www.intoscana.it\/it\/#website"},"primaryImageOfPage":{"@id":"https:\/\/www.intoscana.it\/it\/scomparsa-joe-barone\/#primaryimage"},"image":{"@id":"https:\/\/www.intoscana.it\/it\/scomparsa-joe-barone\/#primaryimage"},"thumbnailUrl":"https:\/\/www.intoscana.it\/wp-content\/uploads\/joe-barone-fiorentina.jpeg","datePublished":"2024-03-19T15:12:14+00:00","author":{"@id":"https:\/\/www.intoscana.it\/it\/#\/schema\/person\/010af92117f50561886339ad5b873a41"},"breadcrumb":{"@id":"https:\/\/www.intoscana.it\/it\/scomparsa-joe-barone\/#breadcrumb"},"inLanguage":"it-IT","potentialAction":[{"@type":"ReadAction","target":["https:\/\/www.intoscana.it\/it\/scomparsa-joe-barone\/"]}]},{"@type":"ImageObject","inLanguage":"it-IT","@id":"https:\/\/www.intoscana.it\/it\/scomparsa-joe-barone\/#primaryimage","url":"https:\/\/www.intoscana.it\/wp-content\/uploads\/joe-barone-fiorentina.jpeg","contentUrl":"https:\/\/www.intoscana.it\/wp-content\/uploads\/joe-barone-fiorentina.jpeg","width":1694,"height":953,"caption":"Joe Barone"},{"@type":"BreadcrumbList","@id":"https:\/\/www.intoscana.it\/it\/scomparsa-joe-barone\/#breadcrumb","itemListElement":[{"@type":"ListItem","position":1,"name":"Home","item":"https:\/\/www.intoscana.it\/it\/"},{"@type":"ListItem","position":2,"name":"Addio a Joe Barone, punto di riferimento della Fiorentina"}]},{"@type":"WebSite","@id":"https:\/\/www.intoscana.it\/it\/#website","url":"https:\/\/www.intoscana.it\/it\/","name":"intoscana","description":"","potentialAction":[{"@type":"SearchAction","target":{"@type":"EntryPoint","urlTemplate":"https:\/\/www.intoscana.it\/it\/?s={search_term_string}"},"query-input":{"@type":"PropertyValueSpecification","valueRequired":true,"valueName":"search_term_string"}}],"inLanguage":"it-IT"},{"@type":"Person","@id":"https:\/\/www.intoscana.it\/it\/#\/schema\/person\/010af92117f50561886339ad5b873a41","name":"Chiara Bianchini","sameAs":["c.bianchini@fst.it"],"url":"https:\/\/www.intoscana.it\/it\/author\/chiara-bianchini\/"}]}},"_links":{"self":[{"href":"https:\/\/www.intoscana.it\/it\/wp-json\/wp\/v2\/posts\/332115","targetHints":{"allow":["GET"]}}],"collection":[{"href":"https:\/\/www.intoscana.it\/it\/wp-json\/wp\/v2\/posts"}],"about":[{"href":"https:\/\/www.intoscana.it\/it\/wp-json\/wp\/v2\/types\/post"}],"author":[{"embeddable":true,"href":"https:\/\/www.intoscana.it\/it\/wp-json\/wp\/v2\/users\/507"}],"replies":[{"embeddable":true,"href":"https:\/\/www.intoscana.it\/it\/wp-json\/wp\/v2\/comments?post=332115"}],"version-history":[{"count":1,"href":"https:\/\/www.intoscana.it\/it\/wp-json\/wp\/v2\/posts\/332115\/revisions"}],"predecessor-version":[{"id":332123,"href":"https:\/\/www.intoscana.it\/it\/wp-json\/wp\/v2\/posts\/332115\/revisions\/332123"}],"wp:featuredmedia":[{"embeddable":true,"href":"https:\/\/www.intoscana.it\/it\/wp-json\/wp\/v2\/media\/332118"}],"wp:attachment":[{"href":"https:\/\/www.intoscana.it\/it\/wp-json\/wp\/v2\/media?parent=332115"}],"wp:term":[{"taxonomy":"category","embeddable":true,"href":"https:\/\/www.intoscana.it\/it\/wp-json\/wp\/v2\/categories?post=332115"},{"taxonomy":"post_tag","embeddable":true,"href":"https:\/\/www.intoscana.it\/it\/wp-json\/wp\/v2\/tags?post=332115"}],"curies":[{"name":"wp","href":"https:\/\/api.w.org\/{rel}","templated":true}]}}