{"id":332161,"date":"2024-03-20T10:24:32","date_gmt":"2024-03-20T09:24:32","guid":{"rendered":"https:\/\/www.intoscana.it\/it\/?p=332161"},"modified":"2024-03-20T10:24:32","modified_gmt":"2024-03-20T09:24:32","slug":"a-maggio-tornano-i-poeti-del-piano-solo-a-firenze-in-concerto-klein-privat-hersch-e-tallini","status":"publish","type":"post","link":"https:\/\/www.intoscana.it\/it\/a-maggio-tornano-i-poeti-del-piano-solo-a-firenze-in-concerto-klein-privat-hersch-e-tallini\/","title":{"rendered":"A maggio tornano &#8220;I Poeti del Piano Solo&#8221;: a Firenze in concerto Klein, Privat, Hersch e Tallini"},"content":{"rendered":"<p>Per il quinto anno consecutivo torna a Firenze il festival <strong><em>&#8220;I Poeti del Piano Solo&#8221;<\/em><\/strong> dedicato ai <strong>grandi maestri del pianoforte contemporaneo<\/strong>, organizzato da <a href=\"https:\/\/www.musicusconcentus.com\" target=\"_blank\" rel=\"noopener\"><strong>Musicus Concentus<\/strong><\/a> in collaborazione con l<strong>\u2019Associazione Something Like This.<\/strong><\/p>\n<p>La rassegna che ha direzione artistica del pianista <strong>Stefano Maurizi e di Fernando Fanutti<\/strong>\u00a0presidente del Musicus Concentus, si svolger\u00e0 in <strong>quattro giornate dal 9 al 12 maggio<\/strong>.<\/p>\n<p>I concerti si terranno il diverse location: oltre alla<strong> Sala Vanni e al Museo dell&#8217;Opera del Duomo,<\/strong> per la quinta edizione si aggiunge la <strong>Terrazza Belvedere del Giardino Bardini<\/strong>, gioiello nascosto che offre una prospettiva unica su Firenze.<\/p>\n<p>Il festival prende il via<strong> gioved\u00ec 9 maggio al <a href=\"https:\/\/duomo.firenze.it\/it\/home\" target=\"_blank\" rel=\"noopener\" class=\"broken_link\">Museo dell\u2019Opera del Duomo<\/a><\/strong> di Firenze con il concerto di <strong>Omer Klein.<\/strong><\/p>\n<p><strong>Omer Klein \u00e8 un pianista e compositore jazz<\/strong> nato in Israele nel 1982. Sin da giovane ha dimostrato<strong> un talento eccezionale per la musica,<\/strong> ricevendo una formazione classica e sviluppando un interesse per il jazz durante l\u2019adolescenza. Ha studiato al New England Conservatory di Boston, affinando la sua tecnica e la sua comprensione del linguaggio musicale, per poi trasferirsi a New York, dove ha studiato con<strong> Fred Hersch<\/strong> e ha consolidato la sua reputazione sulla scena jazzistica internazionale.<\/p>\n<p>La sua musica \u00e8 una fusione unica di <strong>jazz, influenze etniche e tradizioni musicali ebraiche:<\/strong> un mix che riflette la sua diversificata formazione e la sua vasta gamma di interessi musicali. <strong>La sua tecnica pianistica \u00e8 virtuosistica,<\/strong> ma \u00e8 la sua capacit\u00e0 di comunicare emozioni profonde e la sua creativit\u00e0 nell\u2019improvvisazione che lo distinguono come musicista.<\/p>\n<figure id=\"post-332165 media-332165\" class=\"align-none\"><img decoding=\"async\" src=\"https:\/\/www.intoscana.it\/wp-content\/uploads\/Omer-Klein-cover-1024x512-1.png\" alt=\"\" \/><\/figure>\n<div class=\"titleimg\">Omer Klein<\/div>\n<p><strong>Venerd\u00ec 10 maggio<\/strong> in Sala Vanni arriva<strong> Gr\u00e9gory Privat.<\/strong> Nato a Martinica nel dicembre 1984, Gr\u00e9gory Privat \u00e8<strong> il figlio del pianista Jos\u00e9 Privat,<\/strong> componente del gruppo caraibico<strong> Malavoi,<\/strong> riconosciuto a livello internazionale. Attratto dal pianoforte sin da giovane, ha preso lezioni private da quando aveva 6 anni e si \u00e8 dedicato all\u2019apprendimento classico prima di concentrarsi sulle<strong> tecniche di improvvisazione e sul jazz.<\/strong><\/p>\n<p>In seguito alla sua partecipazione al <strong>Montreux Jazz Festival <\/strong>e alla <strong>Martial Solal Competition,<\/strong> nel 2011 pubblica il suo primo album <em><strong>Ki Kot\u00e9<\/strong><\/em>. \u00c8 per\u00f2 con <strong><em>Tales of Cyparis<\/em><\/strong>, album del 2013 ispirato alla storia di <strong>Louis-Auguste Cyparis<\/strong>, unico prigioniero a sopravvivere all\u2019eruzione del Mountain Pel\u00e9e nel 1902 poi entrato a far parte del Barnum Circus, che <strong>Gr\u00e9gory Privat<\/strong> inizia a essere considerato <strong>uno dei pi\u00f9 promettenti musicisti della nuova scena jazz.<\/strong> Status poi confermato dall\u2019uscita nel 2015 del suo terzo album <strong><em>Luminescence<\/em> <\/strong>in duo con <strong>Sonny Troup\u00e9,<\/strong> percussionista e partner fedele, grande maestro della musica Gwoka.<\/p>\n<p>Nello stesso anno, Gr\u00e9gory entra a far parte del <strong>quartetto Liberetto del bassista svedese Lars Danielsson<\/strong>, che lo esorta a firmare con l\u2019etichetta ACT: l\u2019album<strong><em> Family Tree<\/em> <\/strong>con il suo primo trio composto da Tilo Bertholo alla batteria e Linley Marthe al basso, viene pubblicato da questa prestigiosa etichetta a ottobre 2016. Tre anni dopo, alla ricerca di libert\u00e0 e indipendenza artistica,<strong> Gr\u00e9gory crea la sua propria label Buddham Jazz,<\/strong> con la quale produce e registra l\u2019album <strong><em>Soley<\/em><\/strong> nel 2020 con Chris Jennings al bass e Tilo Bertholo alla batteria. Nel 2022, Gregory Privat ha pubblicato l\u2019album<strong><em> Yonn,<\/em><\/strong> che significa \u201cUno\u201d in creolo: \u00e8 la prima volta che il pianista martinicano realizza un album di pianoforte solo. Il 2 febbraio 2024 \u00e8 uscito il suo nuovo album in trio <strong>Phoenix <\/strong>e nel mese di marzo \u00e8 stato insignito del prestigioso <strong>Prix Django Reinhardt dall\u2019Acad\u00e9mie du Jazz<\/strong> come musicista francese dell\u2019anno.<\/p>\n<figure id=\"post-332164 media-332164\" class=\"align-none\"><img decoding=\"async\" src=\"https:\/\/www.intoscana.it\/wp-content\/uploads\/Gregory-Privat-1024x512-1.png\" alt=\"\" \/><\/figure>\n<div class=\"titleimg\">Gr\u00e9gory Privat<\/div>\n<p>Il giorno dopo<strong> sabato 11 maggio Fred Hersch<\/strong> in concerto sempre alla Sala Vanni. <strong>Fred Hersch \u00e8 una forza creativa che ha plasmato il corso della musica<\/strong> per oltre tre decenni come<strong> improvvisatore, compositore, educatore, bandleader, collaboratore e artista<\/strong> discografico. \u00c8 stato proclamato <em>\u201cil pianista pi\u00f9 sorprendentemente innovativo del jazz nell\u2019ultimo decennio\u201d<\/em> da <strong>Vanity Fair<\/strong>\u00a0e <em>\u201cuna leggenda vivente\u201d <\/em>dal <strong>New Yorker.<\/strong><\/p>\n<p><strong>Quindici volte candidato ai Grammy,<\/strong> Hersch ha regolarmente ottenuto i premi pi\u00f9 prestigiosi del jazz. Per quanto versatili ed esplorative possano essere le sue escursioni in trio e in duo, come quella con il <strong>trombettista Enrico Rava,<\/strong> in nessun altro luogo la gamma sconfinata e la diversit\u00e0 emotiva dell\u2019arte di Hersch sono cos\u00ec evidenti come nelle sue <strong>performance solistiche mozzafiato<\/strong>.<\/p>\n<p>Il<strong> JazzTimes<\/strong> ha salutato il suo modo di suonare senza accompagnamento come <em>\u201cuna forma d\u2019arte completa, autosufficiente e unicamente pura\u201d,<\/em> mentre <strong>All About Jazz<\/strong> ha osservato che \u201cquando si tratta dell\u2019arte del pianoforte solista nel jazz, ci sono <em><strong>due classi di esecutori: Fred Hersch e tutti gli altri\u201d.<\/strong><\/em><\/p>\n<figure id=\"post-332163 media-332163\" class=\"align-none\"><img decoding=\"async\" src=\"https:\/\/www.intoscana.it\/wp-content\/uploads\/fred-hersch-cover-sito-1024x512-1.png\" alt=\"\" \/><\/figure>\n<div class=\"titleimg\">Fred Hersch<\/div>\n<p>Conclude al rassegna al tramonto, <strong>domenica 12 maggio Stefania Tallini<\/strong> nella splendida location della <strong>Terrazza Belvedere del Giardino Bardini.<\/strong><\/p>\n<p><strong>Stefania Tallini<\/strong> \u00e8 <strong>una delle pi\u00f9 apprezzate pianiste e compositrici jazz,<\/strong> per il suo<strong>\u00a0originale linguaggio pianistico e compositivo<\/strong> in cui si fondono influenze provenienti dal jazz, dalla musica classica e da quella<strong> brasiliana.<\/strong><\/p>\n<p><strong>Autrice di 12 dischi a suo nome,<\/strong> nella sua carriera ha collaborato con grandi personalit\u00e0 del panorama mondiale (tra cui <strong>Jaques Morelenbaum, Gregory Hutchinson, John Taylor ed Enrico Pieranunzi<\/strong>) e si \u00e8 esibita pi\u00f9 volte nell\u2019ambito dei <strong>Concerti del Quirinale<\/strong> oltre che nei pi\u00f9 importanti festival internazionali in <strong>Italia, Francia, Germania, Lituania, Stati Uniti ed Israele.<\/strong><\/p>\n<p>Nelle sue esibizioni in piano solo esprime al meglio <strong>il suo peculiare mondo compositivo,<\/strong> oggi sempre pi\u00f9 maturo e personale. <strong>Un caleidoscopio di sonorit\u00e0 diverse<\/strong> che, unito a un <strong>impeccabile padronanza tecnica e una profonda interpretazione emotiva,<\/strong> l\u2019hanno resa <em>\u201cuna compositrice di grande inventiva\u201d,<\/em> come l\u2019ha definita la rivista<strong> The Wire.<\/strong><\/p>\n<figure id=\"post-332210 media-332210\" class=\"align-none\"><img decoding=\"async\" src=\"https:\/\/www.intoscana.it\/wp-content\/uploads\/cover-sito-poeti.jpg\" alt=\"\" \/><\/figure>\n<div class=\"titleimg\"><em>I Poeti del piano Solo<\/em><\/div>\n","protected":false},"excerpt":{"rendered":"<p>Da gioved\u00ec 9 \u00a0a domenica 12 maggio a Firenze quattro giornate di musica con quattro grandi maestri del pianoforte contemporaneo a cura di Musicus Concentus<\/p>\n","protected":false},"author":525,"featured_media":332162,"comment_status":"open","ping_status":"open","sticky":false,"template":"","format":"standard","meta":{"_acf_changed":false,"footnotes":""},"categories":[14],"tags":[216,4474,202,277,258],"class_list":["post-332161","post","type-post","status-publish","format-standard","has-post-thumbnail","hentry","category-musica","tag-concerti","tag-eventi","tag-firenze","tag-musica-classica","tag-musicus-concentus"],"acf":[],"yoast_head":"<!-- This site is optimized with the Yoast SEO Premium plugin v24.2 (Yoast SEO v25.6) - https:\/\/yoast.com\/wordpress\/plugins\/seo\/ -->\n<title>A maggio tornano &quot;I Poeti del Piano Solo&quot;: a Firenze in concerto Klein, Privat, Hersch e Tallini - intoscana<\/title>\n<meta name=\"description\" content=\"Da gioved\u00ec 9 \u00a0a domenica 12 maggio a Firenze quattro giornate di musica con quattro grandi maestri del pianoforte contemporaneo\u00a0\" \/>\n<meta name=\"robots\" content=\"index, follow, max-snippet:-1, max-image-preview:large, max-video-preview:-1\" \/>\n<link rel=\"canonical\" href=\"https:\/\/www.intoscana.it\/it\/a-maggio-tornano-i-poeti-del-piano-solo-a-firenze-in-concerto-klein-privat-hersch-e-tallini\/\" \/>\n<meta property=\"og:locale\" content=\"it_IT\" \/>\n<meta property=\"og:type\" content=\"article\" \/>\n<meta property=\"og:title\" content=\"A maggio tornano &quot;I Poeti del Piano Solo&quot;: a Firenze in concerto Klein, Privat, Hersch e Tallini\" \/>\n<meta property=\"og:description\" content=\"Da gioved\u00ec 9 \u00a0a domenica 12 maggio a Firenze quattro giornate di musica con quattro grandi maestri del pianoforte contemporaneo\u00a0\" \/>\n<meta property=\"og:url\" content=\"https:\/\/www.intoscana.it\/it\/a-maggio-tornano-i-poeti-del-piano-solo-a-firenze-in-concerto-klein-privat-hersch-e-tallini\/\" \/>\n<meta property=\"og:site_name\" content=\"intoscana\" \/>\n<meta property=\"article:publisher\" content=\"https:\/\/www.facebook.com\/intoscana.it\" \/>\n<meta property=\"article:published_time\" content=\"2024-03-20T09:24:32+00:00\" \/>\n<meta property=\"og:image\" content=\"https:\/\/www.intoscana.it\/wp-content\/uploads\/Stefania-Tallini-cover-1024x512-1.png\" \/>\n\t<meta property=\"og:image:width\" content=\"1024\" \/>\n\t<meta property=\"og:image:height\" content=\"512\" \/>\n\t<meta property=\"og:image:type\" content=\"image\/png\" \/>\n<meta name=\"author\" content=\"Redazione\" \/>\n<meta name=\"twitter:card\" content=\"summary_large_image\" \/>\n<meta name=\"twitter:creator\" content=\"@intoscana\" \/>\n<meta name=\"twitter:site\" content=\"@intoscana\" \/>\n<meta name=\"twitter:label1\" content=\"Written by\" \/>\n\t<meta name=\"twitter:data1\" content=\"Redazione\" \/>\n\t<meta name=\"twitter:label2\" content=\"Est. reading time\" \/>\n\t<meta name=\"twitter:data2\" content=\"6 minuti\" \/>\n<script type=\"application\/ld+json\" class=\"yoast-schema-graph\">{\"@context\":\"https:\/\/schema.org\",\"@graph\":[{\"@type\":\"WebPage\",\"@id\":\"https:\/\/www.intoscana.it\/it\/a-maggio-tornano-i-poeti-del-piano-solo-a-firenze-in-concerto-klein-privat-hersch-e-tallini\/\",\"url\":\"https:\/\/www.intoscana.it\/it\/a-maggio-tornano-i-poeti-del-piano-solo-a-firenze-in-concerto-klein-privat-hersch-e-tallini\/\",\"name\":\"A maggio tornano \\\"I Poeti del Piano Solo\\\": a Firenze in concerto Klein, Privat, Hersch e Tallini - intoscana\",\"isPartOf\":{\"@id\":\"https:\/\/www.intoscana.it\/it\/#website\"},\"primaryImageOfPage\":{\"@id\":\"https:\/\/www.intoscana.it\/it\/a-maggio-tornano-i-poeti-del-piano-solo-a-firenze-in-concerto-klein-privat-hersch-e-tallini\/#primaryimage\"},\"image\":{\"@id\":\"https:\/\/www.intoscana.it\/it\/a-maggio-tornano-i-poeti-del-piano-solo-a-firenze-in-concerto-klein-privat-hersch-e-tallini\/#primaryimage\"},\"thumbnailUrl\":\"https:\/\/www.intoscana.it\/wp-content\/uploads\/Stefania-Tallini-cover-1024x512-1.png\",\"datePublished\":\"2024-03-20T09:24:32+00:00\",\"author\":{\"@id\":\"https:\/\/www.intoscana.it\/it\/#\/schema\/person\/9223810753230f20bd670fdd322661f8\"},\"description\":\"Da gioved\u00ec 9 \u00a0a domenica 12 maggio a Firenze quattro giornate di musica con quattro grandi maestri del pianoforte contemporaneo\u00a0\",\"breadcrumb\":{\"@id\":\"https:\/\/www.intoscana.it\/it\/a-maggio-tornano-i-poeti-del-piano-solo-a-firenze-in-concerto-klein-privat-hersch-e-tallini\/#breadcrumb\"},\"inLanguage\":\"it-IT\",\"potentialAction\":[{\"@type\":\"ReadAction\",\"target\":[\"https:\/\/www.intoscana.it\/it\/a-maggio-tornano-i-poeti-del-piano-solo-a-firenze-in-concerto-klein-privat-hersch-e-tallini\/\"]}]},{\"@type\":\"ImageObject\",\"inLanguage\":\"it-IT\",\"@id\":\"https:\/\/www.intoscana.it\/it\/a-maggio-tornano-i-poeti-del-piano-solo-a-firenze-in-concerto-klein-privat-hersch-e-tallini\/#primaryimage\",\"url\":\"https:\/\/www.intoscana.it\/wp-content\/uploads\/Stefania-Tallini-cover-1024x512-1.png\",\"contentUrl\":\"https:\/\/www.intoscana.it\/wp-content\/uploads\/Stefania-Tallini-cover-1024x512-1.png\",\"width\":1024,\"height\":512,\"caption\":\"Stefania Tallini\"},{\"@type\":\"BreadcrumbList\",\"@id\":\"https:\/\/www.intoscana.it\/it\/a-maggio-tornano-i-poeti-del-piano-solo-a-firenze-in-concerto-klein-privat-hersch-e-tallini\/#breadcrumb\",\"itemListElement\":[{\"@type\":\"ListItem\",\"position\":1,\"name\":\"Home\",\"item\":\"https:\/\/www.intoscana.it\/it\/\"},{\"@type\":\"ListItem\",\"position\":2,\"name\":\"A maggio tornano &#8220;I Poeti del Piano Solo&#8221;: a Firenze in concerto Klein, Privat, Hersch e Tallini\"}]},{\"@type\":\"WebSite\",\"@id\":\"https:\/\/www.intoscana.it\/it\/#website\",\"url\":\"https:\/\/www.intoscana.it\/it\/\",\"name\":\"intoscana\",\"description\":\"\",\"potentialAction\":[{\"@type\":\"SearchAction\",\"target\":{\"@type\":\"EntryPoint\",\"urlTemplate\":\"https:\/\/www.intoscana.it\/it\/?s={search_term_string}\"},\"query-input\":{\"@type\":\"PropertyValueSpecification\",\"valueRequired\":true,\"valueName\":\"search_term_string\"}}],\"inLanguage\":\"it-IT\"},{\"@type\":\"Person\",\"@id\":\"https:\/\/www.intoscana.it\/it\/#\/schema\/person\/9223810753230f20bd670fdd322661f8\",\"name\":\"Redazione\",\"url\":\"https:\/\/www.intoscana.it\/it\/author\/redazione\/\"}]}<\/script>\n<!-- \/ Yoast SEO Premium plugin. -->","yoast_head_json":{"title":"A maggio tornano \"I Poeti del Piano Solo\": a Firenze in concerto Klein, Privat, Hersch e Tallini - intoscana","description":"Da gioved\u00ec 9 \u00a0a domenica 12 maggio a Firenze quattro giornate di musica con quattro grandi maestri del pianoforte contemporaneo\u00a0","robots":{"index":"index","follow":"follow","max-snippet":"max-snippet:-1","max-image-preview":"max-image-preview:large","max-video-preview":"max-video-preview:-1"},"canonical":"https:\/\/www.intoscana.it\/it\/a-maggio-tornano-i-poeti-del-piano-solo-a-firenze-in-concerto-klein-privat-hersch-e-tallini\/","og_locale":"it_IT","og_type":"article","og_title":"A maggio tornano \"I Poeti del Piano Solo\": a Firenze in concerto Klein, Privat, Hersch e Tallini","og_description":"Da gioved\u00ec 9 \u00a0a domenica 12 maggio a Firenze quattro giornate di musica con quattro grandi maestri del pianoforte contemporaneo\u00a0","og_url":"https:\/\/www.intoscana.it\/it\/a-maggio-tornano-i-poeti-del-piano-solo-a-firenze-in-concerto-klein-privat-hersch-e-tallini\/","og_site_name":"intoscana","article_publisher":"https:\/\/www.facebook.com\/intoscana.it","article_published_time":"2024-03-20T09:24:32+00:00","og_image":[{"width":1024,"height":512,"url":"https:\/\/www.intoscana.it\/wp-content\/uploads\/Stefania-Tallini-cover-1024x512-1.png","type":"image\/png"}],"author":"Redazione","twitter_card":"summary_large_image","twitter_creator":"@intoscana","twitter_site":"@intoscana","twitter_misc":{"Written by":"Redazione","Est. reading time":"6 minuti"},"schema":{"@context":"https:\/\/schema.org","@graph":[{"@type":"WebPage","@id":"https:\/\/www.intoscana.it\/it\/a-maggio-tornano-i-poeti-del-piano-solo-a-firenze-in-concerto-klein-privat-hersch-e-tallini\/","url":"https:\/\/www.intoscana.it\/it\/a-maggio-tornano-i-poeti-del-piano-solo-a-firenze-in-concerto-klein-privat-hersch-e-tallini\/","name":"A maggio tornano \"I Poeti del Piano Solo\": a Firenze in concerto Klein, Privat, Hersch e Tallini - intoscana","isPartOf":{"@id":"https:\/\/www.intoscana.it\/it\/#website"},"primaryImageOfPage":{"@id":"https:\/\/www.intoscana.it\/it\/a-maggio-tornano-i-poeti-del-piano-solo-a-firenze-in-concerto-klein-privat-hersch-e-tallini\/#primaryimage"},"image":{"@id":"https:\/\/www.intoscana.it\/it\/a-maggio-tornano-i-poeti-del-piano-solo-a-firenze-in-concerto-klein-privat-hersch-e-tallini\/#primaryimage"},"thumbnailUrl":"https:\/\/www.intoscana.it\/wp-content\/uploads\/Stefania-Tallini-cover-1024x512-1.png","datePublished":"2024-03-20T09:24:32+00:00","author":{"@id":"https:\/\/www.intoscana.it\/it\/#\/schema\/person\/9223810753230f20bd670fdd322661f8"},"description":"Da gioved\u00ec 9 \u00a0a domenica 12 maggio a Firenze quattro giornate di musica con quattro grandi maestri del pianoforte contemporaneo\u00a0","breadcrumb":{"@id":"https:\/\/www.intoscana.it\/it\/a-maggio-tornano-i-poeti-del-piano-solo-a-firenze-in-concerto-klein-privat-hersch-e-tallini\/#breadcrumb"},"inLanguage":"it-IT","potentialAction":[{"@type":"ReadAction","target":["https:\/\/www.intoscana.it\/it\/a-maggio-tornano-i-poeti-del-piano-solo-a-firenze-in-concerto-klein-privat-hersch-e-tallini\/"]}]},{"@type":"ImageObject","inLanguage":"it-IT","@id":"https:\/\/www.intoscana.it\/it\/a-maggio-tornano-i-poeti-del-piano-solo-a-firenze-in-concerto-klein-privat-hersch-e-tallini\/#primaryimage","url":"https:\/\/www.intoscana.it\/wp-content\/uploads\/Stefania-Tallini-cover-1024x512-1.png","contentUrl":"https:\/\/www.intoscana.it\/wp-content\/uploads\/Stefania-Tallini-cover-1024x512-1.png","width":1024,"height":512,"caption":"Stefania Tallini"},{"@type":"BreadcrumbList","@id":"https:\/\/www.intoscana.it\/it\/a-maggio-tornano-i-poeti-del-piano-solo-a-firenze-in-concerto-klein-privat-hersch-e-tallini\/#breadcrumb","itemListElement":[{"@type":"ListItem","position":1,"name":"Home","item":"https:\/\/www.intoscana.it\/it\/"},{"@type":"ListItem","position":2,"name":"A maggio tornano &#8220;I Poeti del Piano Solo&#8221;: a Firenze in concerto Klein, Privat, Hersch e Tallini"}]},{"@type":"WebSite","@id":"https:\/\/www.intoscana.it\/it\/#website","url":"https:\/\/www.intoscana.it\/it\/","name":"intoscana","description":"","potentialAction":[{"@type":"SearchAction","target":{"@type":"EntryPoint","urlTemplate":"https:\/\/www.intoscana.it\/it\/?s={search_term_string}"},"query-input":{"@type":"PropertyValueSpecification","valueRequired":true,"valueName":"search_term_string"}}],"inLanguage":"it-IT"},{"@type":"Person","@id":"https:\/\/www.intoscana.it\/it\/#\/schema\/person\/9223810753230f20bd670fdd322661f8","name":"Redazione","url":"https:\/\/www.intoscana.it\/it\/author\/redazione\/"}]}},"_links":{"self":[{"href":"https:\/\/www.intoscana.it\/it\/wp-json\/wp\/v2\/posts\/332161","targetHints":{"allow":["GET"]}}],"collection":[{"href":"https:\/\/www.intoscana.it\/it\/wp-json\/wp\/v2\/posts"}],"about":[{"href":"https:\/\/www.intoscana.it\/it\/wp-json\/wp\/v2\/types\/post"}],"author":[{"embeddable":true,"href":"https:\/\/www.intoscana.it\/it\/wp-json\/wp\/v2\/users\/525"}],"replies":[{"embeddable":true,"href":"https:\/\/www.intoscana.it\/it\/wp-json\/wp\/v2\/comments?post=332161"}],"version-history":[{"count":11,"href":"https:\/\/www.intoscana.it\/it\/wp-json\/wp\/v2\/posts\/332161\/revisions"}],"predecessor-version":[{"id":332225,"href":"https:\/\/www.intoscana.it\/it\/wp-json\/wp\/v2\/posts\/332161\/revisions\/332225"}],"wp:featuredmedia":[{"embeddable":true,"href":"https:\/\/www.intoscana.it\/it\/wp-json\/wp\/v2\/media\/332162"}],"wp:attachment":[{"href":"https:\/\/www.intoscana.it\/it\/wp-json\/wp\/v2\/media?parent=332161"}],"wp:term":[{"taxonomy":"category","embeddable":true,"href":"https:\/\/www.intoscana.it\/it\/wp-json\/wp\/v2\/categories?post=332161"},{"taxonomy":"post_tag","embeddable":true,"href":"https:\/\/www.intoscana.it\/it\/wp-json\/wp\/v2\/tags?post=332161"}],"curies":[{"name":"wp","href":"https:\/\/api.w.org\/{rel}","templated":true}]}}