{"id":332230,"date":"2024-03-20T14:31:18","date_gmt":"2024-03-20T13:31:18","guid":{"rendered":"https:\/\/www.intoscana.it\/it\/?p=332230"},"modified":"2024-03-21T12:21:59","modified_gmt":"2024-03-21T11:21:59","slug":"anselm-kiefer-mostra-palazzo-strozzi-firenze","status":"publish","type":"post","link":"https:\/\/www.intoscana.it\/it\/anselm-kiefer-mostra-palazzo-strozzi-firenze\/","title":{"rendered":"Dal nero del piombo ai bagliori dell&#8217;oro: a Firenze l&#8217;arte alchemica di Anselm Kiefer"},"content":{"rendered":"<p><strong>Dal 22 marzo al 21 luglio 2024<\/strong> Palazzo Strozzi ospita<strong> <em>&#8220;Angeli caduti&#8221;<\/em> <\/strong>una grande mostra dedicata all&#8217;opera del <strong>grande artista tedesco Anselm Kiefer.<\/strong><\/p>\n<p>Il titolo dell&#8217;esposizione indica <strong>gli angeli cacciati dal Paradiso<\/strong> a seguito della loro ribellione contro Dio. Quest&#8217;immagine simbolica, rappresentazione dell&#8217;intera umanit\u00e0, diventa punto di partenza di un viaggio attraverso <strong>allegorie, figure e forme<\/strong> che riflettono sull<strong>&#8216;identit\u00e0, la poesia, la storia, il mito, la filosofia e la religione.<\/strong><p><span class=\"citazione\"><em>A Palazzo Strozzi le sue opere sono messe in dialogo con l&#8217;architettura rinascimentale, amplificando le stratificazioni dei loro significati intorno a temi come la memoria, la storia e la guerra<\/em><\/span><\/p><\/p>\n<p>Attraverso <strong>venticinque opere storiche e di recente produzione<\/strong>\u00a0l&#8217;esposizione permette di esplorare la produzione dell&#8217;artista che abbraccia <strong>pittura, scultura, installazione e fotografia<\/strong>, esplorando le connessioni tra <strong>passato, presente e futuro.<\/strong><\/p>\n<p>\u00c8 la mastodontica <strong>&#8220;Engelssturz&#8221;<\/strong><em><strong>\u00a0Caduta dell&#8217;angelo<\/strong><\/em> ad aprire nel cortile di<strong> Palazzo Strozzi<\/strong> la mostra. L&#8217;opera che si ispira all&#8217;<strong>Apocalisse<\/strong> e al quadro<strong><em> &#8220;San Michele Arcangelo&#8221;<\/em> <\/strong>del napoletano <strong>Luca Giordano<\/strong>, vuole spiegare <strong>come il male sia arrivato nel mondo<\/strong> e abbia dato origine al peccato originale, un&#8217;immagine molto potente e drammatica.<\/p>\n<p><em>&#8220;Anselm Kiefer ha lavorato a Palazzo Strozzi realizzando un progetto espositivo totalmente nuovo che esalta la forte vitalit\u00e0 della sua arte- <\/em><strong>ha<\/strong> <strong>dichiarato Arturo Galansino, Direttore della Fondazione Palazzo Strozzi e curatore della mostra &#8211;<\/strong><em>Kiefer \u00e8 uno dei massimi artisti viventi e la sua ricerca attinge dalla letteratura, dalla filosofia e dalla storia, in una riflessione continua sulla natura dell&#8217;essere umano. A Palazzo Strozzi le sue opere sono messe in dialogo con l&#8217;architettura rinascimentale, amplificando le stratificazioni dei loro significati intorno a temi come la memoria, la storia e la guerra. La mostra diviene un invito a tutti visitatori a investigare la complessit\u00e0 dell&#8217;esistenza tra passato, presente e futuro e nella dialettica tra spiritualit\u00e0 e materialit\u00e0&#8221;.<\/em><\/p>\n<div class=\"titleimg\">\n<figure id=\"post-332289 media-332289\" class=\"align-none\"><img decoding=\"async\" src=\"https:\/\/www.intoscana.it\/wp-content\/uploads\/07DS_07823\u00a9photoElaBialkowskaOKNOstudio-2.jpg\" alt=\"\" \/><\/figure>\n<div class=\"titleimg\">Anselm Kiefer a Palazzo Strozzi<\/div>\n<\/div>\n<h3>I dipinti irradiati<\/h3>\n<p>L&#8217;installazione immersiva <strong><em>Verstrahlte Bilder<\/em> <\/strong>(Dipinti irradiati) \u00e8 composta da <strong>60 dipinti realizzati dall&#8217;artista tra il 1983 e il 2023,<\/strong>\u00a0che riempiono completamente le pareti di una delle sale pi\u00f9 grandi di Palazzo Strozzi.<p><span class=\"citazione\">la distruzione \u00e8 un mezzo per fare arte<\/span><\/p><\/p>\n<p>I &#8220;dipinti irradiati&#8221;, <strong>scarificati e scoloriti da radiazioni al plutonio<\/strong>, invitano a<strong> una riflessione sulla fragilit\u00e0 della vita<\/strong> e sul potere dell&#8217;arte.<\/p>\n<p><strong>Olio su tela, gommalacca e tessuto<\/strong> sono solo alcuni dei materiali utilizzati per creare <strong>un&#8217;esplorazione inquietante<\/strong> sui temi della<strong> distruzione e del decadimento, <\/strong>simbolo della condizione umana stessa.<\/p>\n<p>L&#8217;arte di Kiefer <strong>rifiuta ogni limite, spaziale e temporale,<\/strong> e per volere dell&#8217;artista stessa non \u00e8 mai finita, ma <strong>sempre in costante mutazione.\u00a0<\/strong><\/p>\n<p>Secondo l&#8217;artista, <em><strong>&#8220;la distruzione \u00e8 un mezzo per fare arte.<\/strong> lo metto i miei dipinti all&#8217;aperto, li metto in una vasca di elettrolisi. La scorsa settimana ho esposto una serie di dipinti che per anni sono stati sottoposti a una sorta di &#8220;radiazione nucleare&#8221; all&#8217;interno di container. Ora soffrono di malattie da radiazione e sono diventati temporaneamente meravigliosi&#8221;.<\/em><\/p>\n<div class=\"titleimg\">\n<figure id=\"post-332290 media-332290\" class=\"align-none\"><img decoding=\"async\" src=\"https:\/\/www.intoscana.it\/wp-content\/uploads\/23DS_08119\u00a9photoElaBialkowskaOKNOstudio-1.jpg\" alt=\"\" \/><\/figure>\n<div class=\"titleimg\">Anselm Kiefer a Palazzo Strozzi<\/div>\n<\/div>\n","protected":false},"excerpt":{"rendered":"<p>Dal 22 marzo al 21 luglio Palazzo Strozzi ospita uno dei pi\u00f9 importanti artisti contemporanei in un viaggio tra passato, presente e futuro<\/p>\n","protected":false},"author":518,"featured_media":332367,"comment_status":"open","ping_status":"open","sticky":false,"template":"","format":"standard","meta":{"_acf_changed":false,"footnotes":""},"categories":[493],"tags":[227,4474,202,222,225],"class_list":["post-332230","post","type-post","status-publish","format-standard","has-post-thumbnail","hentry","category-cultura","tag-arte-contemporanea","tag-eventi","tag-firenze","tag-mostre","tag-palazzo-strozzi"],"acf":[],"yoast_head":"<!-- This site is optimized with the Yoast SEO Premium plugin v24.2 (Yoast SEO v25.6) - https:\/\/yoast.com\/wordpress\/plugins\/seo\/ -->\n<title>Dal nero del piombo ai bagliori dell&#039;oro: a Firenze l&#039;arte alchemica di Anselm Kiefer - intoscana<\/title>\n<meta name=\"description\" content=\"Dal 22 marzo al 21 luglio Palazzo Strozzi ospita uno dei pi\u00f9 importanti artisti contemporanei in un viaggio tra passato, presente e futuro\" \/>\n<meta name=\"robots\" content=\"index, follow, max-snippet:-1, max-image-preview:large, max-video-preview:-1\" \/>\n<link rel=\"canonical\" href=\"https:\/\/www.intoscana.it\/it\/anselm-kiefer-mostra-palazzo-strozzi-firenze\/\" \/>\n<meta property=\"og:locale\" content=\"it_IT\" \/>\n<meta property=\"og:type\" content=\"article\" \/>\n<meta property=\"og:title\" content=\"Dal nero del piombo ai bagliori dell&#039;oro: a Firenze l&#039;arte alchemica di Anselm Kiefer\" \/>\n<meta property=\"og:description\" content=\"Dal 22 marzo al 21 luglio Palazzo Strozzi ospita uno dei pi\u00f9 importanti artisti contemporanei in un viaggio tra passato, presente e futuro\" \/>\n<meta property=\"og:url\" content=\"https:\/\/www.intoscana.it\/it\/anselm-kiefer-mostra-palazzo-strozzi-firenze\/\" \/>\n<meta property=\"og:site_name\" content=\"intoscana\" \/>\n<meta property=\"article:publisher\" content=\"https:\/\/www.facebook.com\/intoscana.it\" \/>\n<meta property=\"article:published_time\" content=\"2024-03-20T13:31:18+00:00\" \/>\n<meta property=\"article:modified_time\" content=\"2024-03-21T11:21:59+00:00\" \/>\n<meta property=\"og:image\" content=\"https:\/\/www.intoscana.it\/wp-content\/uploads\/Anselm-Kiefer-Palazzo-Strozzi.jpeg\" \/>\n\t<meta property=\"og:image:width\" content=\"1082\" \/>\n\t<meta property=\"og:image:height\" content=\"679\" \/>\n\t<meta property=\"og:image:type\" content=\"image\/jpeg\" \/>\n<meta name=\"author\" content=\"Costanza Baldini\" \/>\n<meta name=\"twitter:card\" content=\"summary_large_image\" \/>\n<meta name=\"twitter:creator\" content=\"@intoscana\" \/>\n<meta name=\"twitter:site\" content=\"@intoscana\" \/>\n<meta name=\"twitter:label1\" content=\"Written by\" \/>\n\t<meta name=\"twitter:data1\" content=\"Costanza Baldini\" \/>\n\t<meta name=\"twitter:label2\" content=\"Est. reading time\" \/>\n\t<meta name=\"twitter:data2\" content=\"3 minuti\" \/>\n<script type=\"application\/ld+json\" class=\"yoast-schema-graph\">{\"@context\":\"https:\/\/schema.org\",\"@graph\":[{\"@type\":\"WebPage\",\"@id\":\"https:\/\/www.intoscana.it\/it\/anselm-kiefer-mostra-palazzo-strozzi-firenze\/\",\"url\":\"https:\/\/www.intoscana.it\/it\/anselm-kiefer-mostra-palazzo-strozzi-firenze\/\",\"name\":\"Dal nero del piombo ai bagliori dell'oro: a Firenze l'arte alchemica di Anselm Kiefer - intoscana\",\"isPartOf\":{\"@id\":\"https:\/\/www.intoscana.it\/it\/#website\"},\"primaryImageOfPage\":{\"@id\":\"https:\/\/www.intoscana.it\/it\/anselm-kiefer-mostra-palazzo-strozzi-firenze\/#primaryimage\"},\"image\":{\"@id\":\"https:\/\/www.intoscana.it\/it\/anselm-kiefer-mostra-palazzo-strozzi-firenze\/#primaryimage\"},\"thumbnailUrl\":\"https:\/\/www.intoscana.it\/wp-content\/uploads\/Anselm-Kiefer-Palazzo-Strozzi.jpeg\",\"datePublished\":\"2024-03-20T13:31:18+00:00\",\"dateModified\":\"2024-03-21T11:21:59+00:00\",\"author\":{\"@id\":\"https:\/\/www.intoscana.it\/it\/#\/schema\/person\/d469f35f09739bdf00bf5dd3f0647a82\"},\"description\":\"Dal 22 marzo al 21 luglio Palazzo Strozzi ospita uno dei pi\u00f9 importanti artisti contemporanei in un viaggio tra passato, presente e futuro\",\"breadcrumb\":{\"@id\":\"https:\/\/www.intoscana.it\/it\/anselm-kiefer-mostra-palazzo-strozzi-firenze\/#breadcrumb\"},\"inLanguage\":\"it-IT\",\"potentialAction\":[{\"@type\":\"ReadAction\",\"target\":[\"https:\/\/www.intoscana.it\/it\/anselm-kiefer-mostra-palazzo-strozzi-firenze\/\"]}]},{\"@type\":\"ImageObject\",\"inLanguage\":\"it-IT\",\"@id\":\"https:\/\/www.intoscana.it\/it\/anselm-kiefer-mostra-palazzo-strozzi-firenze\/#primaryimage\",\"url\":\"https:\/\/www.intoscana.it\/wp-content\/uploads\/Anselm-Kiefer-Palazzo-Strozzi.jpeg\",\"contentUrl\":\"https:\/\/www.intoscana.it\/wp-content\/uploads\/Anselm-Kiefer-Palazzo-Strozzi.jpeg\",\"width\":1082,\"height\":679,\"caption\":\"Anselm Kiefer, Palazzo Strozzi\"},{\"@type\":\"BreadcrumbList\",\"@id\":\"https:\/\/www.intoscana.it\/it\/anselm-kiefer-mostra-palazzo-strozzi-firenze\/#breadcrumb\",\"itemListElement\":[{\"@type\":\"ListItem\",\"position\":1,\"name\":\"Home\",\"item\":\"https:\/\/www.intoscana.it\/it\/\"},{\"@type\":\"ListItem\",\"position\":2,\"name\":\"Dal nero del piombo ai bagliori dell&#8217;oro: a Firenze l&#8217;arte alchemica di Anselm Kiefer\"}]},{\"@type\":\"WebSite\",\"@id\":\"https:\/\/www.intoscana.it\/it\/#website\",\"url\":\"https:\/\/www.intoscana.it\/it\/\",\"name\":\"intoscana\",\"description\":\"\",\"potentialAction\":[{\"@type\":\"SearchAction\",\"target\":{\"@type\":\"EntryPoint\",\"urlTemplate\":\"https:\/\/www.intoscana.it\/it\/?s={search_term_string}\"},\"query-input\":{\"@type\":\"PropertyValueSpecification\",\"valueRequired\":true,\"valueName\":\"search_term_string\"}}],\"inLanguage\":\"it-IT\"},{\"@type\":\"Person\",\"@id\":\"https:\/\/www.intoscana.it\/it\/#\/schema\/person\/d469f35f09739bdf00bf5dd3f0647a82\",\"name\":\"Costanza Baldini\",\"url\":\"https:\/\/www.intoscana.it\/it\/author\/costanza-baldini\/\"}]}<\/script>\n<!-- \/ Yoast SEO Premium plugin. -->","yoast_head_json":{"title":"Dal nero del piombo ai bagliori dell'oro: a Firenze l'arte alchemica di Anselm Kiefer - intoscana","description":"Dal 22 marzo al 21 luglio Palazzo Strozzi ospita uno dei pi\u00f9 importanti artisti contemporanei in un viaggio tra passato, presente e futuro","robots":{"index":"index","follow":"follow","max-snippet":"max-snippet:-1","max-image-preview":"max-image-preview:large","max-video-preview":"max-video-preview:-1"},"canonical":"https:\/\/www.intoscana.it\/it\/anselm-kiefer-mostra-palazzo-strozzi-firenze\/","og_locale":"it_IT","og_type":"article","og_title":"Dal nero del piombo ai bagliori dell'oro: a Firenze l'arte alchemica di Anselm Kiefer","og_description":"Dal 22 marzo al 21 luglio Palazzo Strozzi ospita uno dei pi\u00f9 importanti artisti contemporanei in un viaggio tra passato, presente e futuro","og_url":"https:\/\/www.intoscana.it\/it\/anselm-kiefer-mostra-palazzo-strozzi-firenze\/","og_site_name":"intoscana","article_publisher":"https:\/\/www.facebook.com\/intoscana.it","article_published_time":"2024-03-20T13:31:18+00:00","article_modified_time":"2024-03-21T11:21:59+00:00","og_image":[{"width":1082,"height":679,"url":"https:\/\/www.intoscana.it\/wp-content\/uploads\/Anselm-Kiefer-Palazzo-Strozzi.jpeg","type":"image\/jpeg"}],"author":"Costanza Baldini","twitter_card":"summary_large_image","twitter_creator":"@intoscana","twitter_site":"@intoscana","twitter_misc":{"Written by":"Costanza Baldini","Est. reading time":"3 minuti"},"schema":{"@context":"https:\/\/schema.org","@graph":[{"@type":"WebPage","@id":"https:\/\/www.intoscana.it\/it\/anselm-kiefer-mostra-palazzo-strozzi-firenze\/","url":"https:\/\/www.intoscana.it\/it\/anselm-kiefer-mostra-palazzo-strozzi-firenze\/","name":"Dal nero del piombo ai bagliori dell'oro: a Firenze l'arte alchemica di Anselm Kiefer - intoscana","isPartOf":{"@id":"https:\/\/www.intoscana.it\/it\/#website"},"primaryImageOfPage":{"@id":"https:\/\/www.intoscana.it\/it\/anselm-kiefer-mostra-palazzo-strozzi-firenze\/#primaryimage"},"image":{"@id":"https:\/\/www.intoscana.it\/it\/anselm-kiefer-mostra-palazzo-strozzi-firenze\/#primaryimage"},"thumbnailUrl":"https:\/\/www.intoscana.it\/wp-content\/uploads\/Anselm-Kiefer-Palazzo-Strozzi.jpeg","datePublished":"2024-03-20T13:31:18+00:00","dateModified":"2024-03-21T11:21:59+00:00","author":{"@id":"https:\/\/www.intoscana.it\/it\/#\/schema\/person\/d469f35f09739bdf00bf5dd3f0647a82"},"description":"Dal 22 marzo al 21 luglio Palazzo Strozzi ospita uno dei pi\u00f9 importanti artisti contemporanei in un viaggio tra passato, presente e futuro","breadcrumb":{"@id":"https:\/\/www.intoscana.it\/it\/anselm-kiefer-mostra-palazzo-strozzi-firenze\/#breadcrumb"},"inLanguage":"it-IT","potentialAction":[{"@type":"ReadAction","target":["https:\/\/www.intoscana.it\/it\/anselm-kiefer-mostra-palazzo-strozzi-firenze\/"]}]},{"@type":"ImageObject","inLanguage":"it-IT","@id":"https:\/\/www.intoscana.it\/it\/anselm-kiefer-mostra-palazzo-strozzi-firenze\/#primaryimage","url":"https:\/\/www.intoscana.it\/wp-content\/uploads\/Anselm-Kiefer-Palazzo-Strozzi.jpeg","contentUrl":"https:\/\/www.intoscana.it\/wp-content\/uploads\/Anselm-Kiefer-Palazzo-Strozzi.jpeg","width":1082,"height":679,"caption":"Anselm Kiefer, Palazzo Strozzi"},{"@type":"BreadcrumbList","@id":"https:\/\/www.intoscana.it\/it\/anselm-kiefer-mostra-palazzo-strozzi-firenze\/#breadcrumb","itemListElement":[{"@type":"ListItem","position":1,"name":"Home","item":"https:\/\/www.intoscana.it\/it\/"},{"@type":"ListItem","position":2,"name":"Dal nero del piombo ai bagliori dell&#8217;oro: a Firenze l&#8217;arte alchemica di Anselm Kiefer"}]},{"@type":"WebSite","@id":"https:\/\/www.intoscana.it\/it\/#website","url":"https:\/\/www.intoscana.it\/it\/","name":"intoscana","description":"","potentialAction":[{"@type":"SearchAction","target":{"@type":"EntryPoint","urlTemplate":"https:\/\/www.intoscana.it\/it\/?s={search_term_string}"},"query-input":{"@type":"PropertyValueSpecification","valueRequired":true,"valueName":"search_term_string"}}],"inLanguage":"it-IT"},{"@type":"Person","@id":"https:\/\/www.intoscana.it\/it\/#\/schema\/person\/d469f35f09739bdf00bf5dd3f0647a82","name":"Costanza Baldini","url":"https:\/\/www.intoscana.it\/it\/author\/costanza-baldini\/"}]}},"_links":{"self":[{"href":"https:\/\/www.intoscana.it\/it\/wp-json\/wp\/v2\/posts\/332230","targetHints":{"allow":["GET"]}}],"collection":[{"href":"https:\/\/www.intoscana.it\/it\/wp-json\/wp\/v2\/posts"}],"about":[{"href":"https:\/\/www.intoscana.it\/it\/wp-json\/wp\/v2\/types\/post"}],"author":[{"embeddable":true,"href":"https:\/\/www.intoscana.it\/it\/wp-json\/wp\/v2\/users\/518"}],"replies":[{"embeddable":true,"href":"https:\/\/www.intoscana.it\/it\/wp-json\/wp\/v2\/comments?post=332230"}],"version-history":[{"count":19,"href":"https:\/\/www.intoscana.it\/it\/wp-json\/wp\/v2\/posts\/332230\/revisions"}],"predecessor-version":[{"id":332292,"href":"https:\/\/www.intoscana.it\/it\/wp-json\/wp\/v2\/posts\/332230\/revisions\/332292"}],"wp:featuredmedia":[{"embeddable":true,"href":"https:\/\/www.intoscana.it\/it\/wp-json\/wp\/v2\/media\/332367"}],"wp:attachment":[{"href":"https:\/\/www.intoscana.it\/it\/wp-json\/wp\/v2\/media?parent=332230"}],"wp:term":[{"taxonomy":"category","embeddable":true,"href":"https:\/\/www.intoscana.it\/it\/wp-json\/wp\/v2\/categories?post=332230"},{"taxonomy":"post_tag","embeddable":true,"href":"https:\/\/www.intoscana.it\/it\/wp-json\/wp\/v2\/tags?post=332230"}],"curies":[{"name":"wp","href":"https:\/\/api.w.org\/{rel}","templated":true}]}}