{"id":332828,"date":"2024-03-23T12:36:50","date_gmt":"2024-03-23T11:36:50","guid":{"rendered":"https:\/\/www.intoscana.it\/it\/?p=332828"},"modified":"2024-03-23T12:39:48","modified_gmt":"2024-03-23T11:39:48","slug":"capodanno-pisano-25-marzo","status":"publish","type":"post","link":"https:\/\/www.intoscana.it\/it\/capodanno-pisano-25-marzo\/","title":{"rendered":"Capodanno Pisano: il 25 marzo la citt\u00e0 entra nel 2025"},"content":{"rendered":"<p>Inizia oggi il lungo weekend che <strong>porter\u00e0 Pisa nel 2025<\/strong>, nove mesi prima di tutti il resto del mondo. Luned\u00ec prossimo, infatti, con la cerimonia del raggio di sole alle ore 12 in Duomo, si celebra il <strong>Capodanno Pisano<\/strong>, ovvero &#8220;ab incarnatione Domini&#8221;, secondo la <strong>tradizione che sin dal Medioevo<\/strong> nella citt\u00e0 toscana faceva iniziare l&#8217;anno nuovo il 25 marzo, il giorno in cui si festeggia l&#8217;Annunciazione a Maria Vergine.<\/p>\n<h3>Il programma di eventi del weekend<\/h3>\n<p>Il Comune ha organizzato un ricco programma di iniziative che inizia oggi con l&#8217;esposizione agli <strong>Arsenali Repubblicani<\/strong> del plastico che raffigura Pisa com&#8217;era ai tempi della <strong>Repubblica marinara, <\/strong>realizzato nel 2003 e restaurato per l&#8217;occasione.<\/p>\n<p>Alle 11 alla chiesa della Spina sar\u00e0 invece visibile l&#8217;<strong>Infiorata dell&#8217;Annunciazione, <\/strong>una suggestiva riproduzione con petali di un&#8217;immagine dell&#8217;Annunciazione. Nel pomeriggio a Palazzo Gambacorti (sala Baleari, ore 16.30) si svolger\u00e0 invece la cerimonia per i 50 anni dell&#8217;associazione musici sbandieratori &#8220;Citt\u00e0 di Pisa&#8221;.<br \/>\nPoi la sera in piazza dei Cavalieri, si terr\u00e0 lo <mark>spettacolo teatrale di strada &#8220;Aurora&#8221; a cura della compagnia &#8216;Piccolo Teatro Nuovo&#8221;, con attori, trampolieri, musica ed effetti pirotecnici.<\/mark><\/p>\n<p>La domenica sar\u00e0 dedicata ai festeggiamenti per i <strong>50 anni dell&#8217;associazione sbandieratori di Pisa<\/strong> (alle 11 e alle 15) con spettacoli insieme ai loro omologhi provenienti da tutta la Toscana.<\/p>\n<figure id=\"post-171640 media-171640\" class=\"align-none\">\n<figure id=\"post-279083 media-279083\" class=\"align-none\">\n<p><figure style=\"width: 800px\" class=\"wp-caption alignnone\"><img loading=\"lazy\" decoding=\"async\" src=\"https:\/\/www.intoscana.it\/wp-content\/uploads\/2023-03-25-Capodfanno-2024-S-12.jpeg\" alt=\"\" width=\"800\" height=\"533\" \/><figcaption class=\"wp-caption-text\">Il corteo storico del Capodanno Pisano<\/figcaption><\/figure><\/figure>\n<\/figure>\n<h3>La cerimonia del raggio di sole in Duomo<\/h3>\n<p>Infine, luned\u00ec 25 marzo, l&#8217;appuntamento \u00e8 come da tradizione nella Cattedrale in Piazza dei Miracoli. Il <strong>corteo storico della Rappresentanza pisana<\/strong> sfiler\u00e0 da piazza XX Settembre (alle 11) per arrivare al Duomo alle 11.30, quando si svolger\u00e0 <mark>la cerimonia del raggio di sole che segna, a mezzogiorno, il passaggio al nuovo anno.<\/mark><\/p>\n<p>Nei giorni del Capodanno pisano i palazzi comunali saranno addobbati con i vessilli storici di Pisa, mentre il Ponte di Mezzo mostrer\u00e0 i vessilli degli antichi quartieri medievali.<\/p>\n","protected":false},"excerpt":{"rendered":"<p>Un weekend di eventi speciali a Pisa in preparazione della storica cerimonia di luned\u00ec quando con l&#8217;ingresso del raggio di sole a mezzogiorno nel Duomo inizier\u00e0 il nuovo anno<\/p>\n","protected":false},"author":525,"featured_media":279084,"comment_status":"open","ping_status":"open","sticky":false,"template":"","format":"standard","meta":{"_acf_changed":false,"footnotes":""},"categories":[493],"tags":[5629,203,1999],"class_list":["post-332828","post","type-post","status-publish","format-standard","has-post-thumbnail","hentry","category-cultura","tag-capodanno-pisano","tag-pisa","tag-tradizioni"],"acf":[],"yoast_head":"<!-- This site is optimized with the Yoast SEO Premium plugin v24.2 (Yoast SEO v25.6) - https:\/\/yoast.com\/wordpress\/plugins\/seo\/ -->\n<title>Capodanno Pisano: il 25 marzo la citt\u00e0 entra nel 2025 - intoscana<\/title>\n<meta name=\"robots\" content=\"index, follow, max-snippet:-1, max-image-preview:large, max-video-preview:-1\" \/>\n<link rel=\"canonical\" href=\"https:\/\/www.intoscana.it\/it\/capodanno-pisano-25-marzo\/\" \/>\n<meta property=\"og:locale\" content=\"it_IT\" \/>\n<meta property=\"og:type\" content=\"article\" \/>\n<meta property=\"og:title\" content=\"Capodanno Pisano: il 25 marzo la citt\u00e0 entra nel 2025\" \/>\n<meta property=\"og:description\" content=\"Un weekend di eventi speciali a Pisa in preparazione della storica cerimonia di luned\u00ec quando con l&#039;ingresso del raggio di sole a mezzogiorno nel Duomo inizier\u00e0 il nuovo anno\" \/>\n<meta property=\"og:url\" content=\"https:\/\/www.intoscana.it\/it\/capodanno-pisano-25-marzo\/\" \/>\n<meta property=\"og:site_name\" content=\"intoscana\" \/>\n<meta property=\"article:publisher\" content=\"https:\/\/www.facebook.com\/intoscana.it\" \/>\n<meta property=\"article:published_time\" content=\"2024-03-23T11:36:50+00:00\" \/>\n<meta property=\"article:modified_time\" content=\"2024-03-23T11:39:48+00:00\" \/>\n<meta property=\"og:image\" content=\"https:\/\/www.intoscana.it\/wp-content\/uploads\/Capodanno-Pisano.jpeg\" \/>\n\t<meta property=\"og:image:width\" content=\"1024\" \/>\n\t<meta property=\"og:image:height\" content=\"768\" \/>\n\t<meta property=\"og:image:type\" content=\"image\/jpeg\" \/>\n<meta name=\"author\" content=\"Redazione\" \/>\n<meta name=\"twitter:card\" content=\"summary_large_image\" \/>\n<meta name=\"twitter:creator\" content=\"@intoscana\" \/>\n<meta name=\"twitter:site\" content=\"@intoscana\" \/>\n<meta name=\"twitter:label1\" content=\"Written by\" \/>\n\t<meta name=\"twitter:data1\" content=\"Redazione\" \/>\n\t<meta name=\"twitter:label2\" content=\"Est. reading time\" \/>\n\t<meta name=\"twitter:data2\" content=\"3 minuti\" \/>\n<script type=\"application\/ld+json\" class=\"yoast-schema-graph\">{\"@context\":\"https:\/\/schema.org\",\"@graph\":[{\"@type\":\"WebPage\",\"@id\":\"https:\/\/www.intoscana.it\/it\/capodanno-pisano-25-marzo\/\",\"url\":\"https:\/\/www.intoscana.it\/it\/capodanno-pisano-25-marzo\/\",\"name\":\"Capodanno Pisano: il 25 marzo la citt\u00e0 entra nel 2025 - intoscana\",\"isPartOf\":{\"@id\":\"https:\/\/www.intoscana.it\/it\/#website\"},\"primaryImageOfPage\":{\"@id\":\"https:\/\/www.intoscana.it\/it\/capodanno-pisano-25-marzo\/#primaryimage\"},\"image\":{\"@id\":\"https:\/\/www.intoscana.it\/it\/capodanno-pisano-25-marzo\/#primaryimage\"},\"thumbnailUrl\":\"https:\/\/www.intoscana.it\/wp-content\/uploads\/Capodanno-Pisano.jpeg\",\"datePublished\":\"2024-03-23T11:36:50+00:00\",\"dateModified\":\"2024-03-23T11:39:48+00:00\",\"author\":{\"@id\":\"https:\/\/www.intoscana.it\/it\/#\/schema\/person\/9223810753230f20bd670fdd322661f8\"},\"breadcrumb\":{\"@id\":\"https:\/\/www.intoscana.it\/it\/capodanno-pisano-25-marzo\/#breadcrumb\"},\"inLanguage\":\"it-IT\",\"potentialAction\":[{\"@type\":\"ReadAction\",\"target\":[\"https:\/\/www.intoscana.it\/it\/capodanno-pisano-25-marzo\/\"]}]},{\"@type\":\"ImageObject\",\"inLanguage\":\"it-IT\",\"@id\":\"https:\/\/www.intoscana.it\/it\/capodanno-pisano-25-marzo\/#primaryimage\",\"url\":\"https:\/\/www.intoscana.it\/wp-content\/uploads\/Capodanno-Pisano.jpeg\",\"contentUrl\":\"https:\/\/www.intoscana.it\/wp-content\/uploads\/Capodanno-Pisano.jpeg\",\"width\":1024,\"height\":768},{\"@type\":\"BreadcrumbList\",\"@id\":\"https:\/\/www.intoscana.it\/it\/capodanno-pisano-25-marzo\/#breadcrumb\",\"itemListElement\":[{\"@type\":\"ListItem\",\"position\":1,\"name\":\"Home\",\"item\":\"https:\/\/www.intoscana.it\/it\/\"},{\"@type\":\"ListItem\",\"position\":2,\"name\":\"Capodanno Pisano: il 25 marzo la citt\u00e0 entra nel 2025\"}]},{\"@type\":\"WebSite\",\"@id\":\"https:\/\/www.intoscana.it\/it\/#website\",\"url\":\"https:\/\/www.intoscana.it\/it\/\",\"name\":\"intoscana\",\"description\":\"\",\"potentialAction\":[{\"@type\":\"SearchAction\",\"target\":{\"@type\":\"EntryPoint\",\"urlTemplate\":\"https:\/\/www.intoscana.it\/it\/?s={search_term_string}\"},\"query-input\":{\"@type\":\"PropertyValueSpecification\",\"valueRequired\":true,\"valueName\":\"search_term_string\"}}],\"inLanguage\":\"it-IT\"},{\"@type\":\"Person\",\"@id\":\"https:\/\/www.intoscana.it\/it\/#\/schema\/person\/9223810753230f20bd670fdd322661f8\",\"name\":\"Redazione\",\"url\":\"https:\/\/www.intoscana.it\/it\/author\/redazione\/\"}]}<\/script>\n<!-- \/ Yoast SEO Premium plugin. -->","yoast_head_json":{"title":"Capodanno Pisano: il 25 marzo la citt\u00e0 entra nel 2025 - intoscana","robots":{"index":"index","follow":"follow","max-snippet":"max-snippet:-1","max-image-preview":"max-image-preview:large","max-video-preview":"max-video-preview:-1"},"canonical":"https:\/\/www.intoscana.it\/it\/capodanno-pisano-25-marzo\/","og_locale":"it_IT","og_type":"article","og_title":"Capodanno Pisano: il 25 marzo la citt\u00e0 entra nel 2025","og_description":"Un weekend di eventi speciali a Pisa in preparazione della storica cerimonia di luned\u00ec quando con l'ingresso del raggio di sole a mezzogiorno nel Duomo inizier\u00e0 il nuovo anno","og_url":"https:\/\/www.intoscana.it\/it\/capodanno-pisano-25-marzo\/","og_site_name":"intoscana","article_publisher":"https:\/\/www.facebook.com\/intoscana.it","article_published_time":"2024-03-23T11:36:50+00:00","article_modified_time":"2024-03-23T11:39:48+00:00","og_image":[{"width":1024,"height":768,"url":"https:\/\/www.intoscana.it\/wp-content\/uploads\/Capodanno-Pisano.jpeg","type":"image\/jpeg"}],"author":"Redazione","twitter_card":"summary_large_image","twitter_creator":"@intoscana","twitter_site":"@intoscana","twitter_misc":{"Written by":"Redazione","Est. reading time":"3 minuti"},"schema":{"@context":"https:\/\/schema.org","@graph":[{"@type":"WebPage","@id":"https:\/\/www.intoscana.it\/it\/capodanno-pisano-25-marzo\/","url":"https:\/\/www.intoscana.it\/it\/capodanno-pisano-25-marzo\/","name":"Capodanno Pisano: il 25 marzo la citt\u00e0 entra nel 2025 - intoscana","isPartOf":{"@id":"https:\/\/www.intoscana.it\/it\/#website"},"primaryImageOfPage":{"@id":"https:\/\/www.intoscana.it\/it\/capodanno-pisano-25-marzo\/#primaryimage"},"image":{"@id":"https:\/\/www.intoscana.it\/it\/capodanno-pisano-25-marzo\/#primaryimage"},"thumbnailUrl":"https:\/\/www.intoscana.it\/wp-content\/uploads\/Capodanno-Pisano.jpeg","datePublished":"2024-03-23T11:36:50+00:00","dateModified":"2024-03-23T11:39:48+00:00","author":{"@id":"https:\/\/www.intoscana.it\/it\/#\/schema\/person\/9223810753230f20bd670fdd322661f8"},"breadcrumb":{"@id":"https:\/\/www.intoscana.it\/it\/capodanno-pisano-25-marzo\/#breadcrumb"},"inLanguage":"it-IT","potentialAction":[{"@type":"ReadAction","target":["https:\/\/www.intoscana.it\/it\/capodanno-pisano-25-marzo\/"]}]},{"@type":"ImageObject","inLanguage":"it-IT","@id":"https:\/\/www.intoscana.it\/it\/capodanno-pisano-25-marzo\/#primaryimage","url":"https:\/\/www.intoscana.it\/wp-content\/uploads\/Capodanno-Pisano.jpeg","contentUrl":"https:\/\/www.intoscana.it\/wp-content\/uploads\/Capodanno-Pisano.jpeg","width":1024,"height":768},{"@type":"BreadcrumbList","@id":"https:\/\/www.intoscana.it\/it\/capodanno-pisano-25-marzo\/#breadcrumb","itemListElement":[{"@type":"ListItem","position":1,"name":"Home","item":"https:\/\/www.intoscana.it\/it\/"},{"@type":"ListItem","position":2,"name":"Capodanno Pisano: il 25 marzo la citt\u00e0 entra nel 2025"}]},{"@type":"WebSite","@id":"https:\/\/www.intoscana.it\/it\/#website","url":"https:\/\/www.intoscana.it\/it\/","name":"intoscana","description":"","potentialAction":[{"@type":"SearchAction","target":{"@type":"EntryPoint","urlTemplate":"https:\/\/www.intoscana.it\/it\/?s={search_term_string}"},"query-input":{"@type":"PropertyValueSpecification","valueRequired":true,"valueName":"search_term_string"}}],"inLanguage":"it-IT"},{"@type":"Person","@id":"https:\/\/www.intoscana.it\/it\/#\/schema\/person\/9223810753230f20bd670fdd322661f8","name":"Redazione","url":"https:\/\/www.intoscana.it\/it\/author\/redazione\/"}]}},"_links":{"self":[{"href":"https:\/\/www.intoscana.it\/it\/wp-json\/wp\/v2\/posts\/332828","targetHints":{"allow":["GET"]}}],"collection":[{"href":"https:\/\/www.intoscana.it\/it\/wp-json\/wp\/v2\/posts"}],"about":[{"href":"https:\/\/www.intoscana.it\/it\/wp-json\/wp\/v2\/types\/post"}],"author":[{"embeddable":true,"href":"https:\/\/www.intoscana.it\/it\/wp-json\/wp\/v2\/users\/525"}],"replies":[{"embeddable":true,"href":"https:\/\/www.intoscana.it\/it\/wp-json\/wp\/v2\/comments?post=332828"}],"version-history":[{"count":6,"href":"https:\/\/www.intoscana.it\/it\/wp-json\/wp\/v2\/posts\/332828\/revisions"}],"predecessor-version":[{"id":332835,"href":"https:\/\/www.intoscana.it\/it\/wp-json\/wp\/v2\/posts\/332828\/revisions\/332835"}],"wp:featuredmedia":[{"embeddable":true,"href":"https:\/\/www.intoscana.it\/it\/wp-json\/wp\/v2\/media\/279084"}],"wp:attachment":[{"href":"https:\/\/www.intoscana.it\/it\/wp-json\/wp\/v2\/media?parent=332828"}],"wp:term":[{"taxonomy":"category","embeddable":true,"href":"https:\/\/www.intoscana.it\/it\/wp-json\/wp\/v2\/categories?post=332828"},{"taxonomy":"post_tag","embeddable":true,"href":"https:\/\/www.intoscana.it\/it\/wp-json\/wp\/v2\/tags?post=332828"}],"curies":[{"name":"wp","href":"https:\/\/api.w.org\/{rel}","templated":true}]}}