{"id":332900,"date":"2024-03-25T11:24:43","date_gmt":"2024-03-25T10:24:43","guid":{"rendered":"https:\/\/www.intoscana.it\/it\/?p=332900"},"modified":"2024-03-25T13:16:57","modified_gmt":"2024-03-25T12:16:57","slug":"volley-scandicci-chiude-al-secondo-posto-la-regular-season-e-vola-ai-playoff","status":"publish","type":"post","link":"https:\/\/www.intoscana.it\/it\/volley-scandicci-chiude-al-secondo-posto-la-regular-season-e-vola-ai-playoff\/","title":{"rendered":"Volley, Scandicci chiude al secondo posto la regular season e vola ai playoff"},"content":{"rendered":"<p>Si chiude con una vittoria il cammino della <strong>Savino del Bene<\/strong> nella regular season del campionato 2023-2024 di seria A1 di volley femminile. Le atlete allenate da coach <strong>Barbolini<\/strong>, all&#8217;ultima stagione in Italia prima di volare negli Stati Uniti, hanno vinto al tie break la partita contro le padrone di casa di <strong>Bergamo<\/strong>, agguerritissime per conquistare la salvezza, poi riuscita. Arriva cos\u00ec la vittoria numero 22 in campionato, conquistata grazie ai 30 punti di una <strong>Ekaterina Antropova<\/strong> eletta MVP, ma anche grazie ad una bella prova di Martina Armini entrata in corso d&#8217;opera e subito pronta a dare il suo contributo alla squadra.<\/p>\n<p>La Savino Del Bene Volley quindi, anche in virt\u00f9 della sconfitta 3-0 subita da Milano sul campo di Vallefoglia, bissa il secondo posto in classifica conquistato la scorsa stagione e lo fa pareggiando il massimo di punti conquistati in una regular season di Serie A1. Riscritto invece il <strong>record di vittorie<\/strong>, dato che nella passata annata la squadra di Barbolini si era fermata a quota ventuno successi.<\/p>\n<figure id=\"post-332925 media-332925\" class=\"align-none\"><img decoding=\"async\" src=\"https:\/\/www.intoscana.it\/wp-content\/uploads\/MRZ_2497-dimensioni-grandi.jpeg\" alt=\"\" \/><\/figure>\n<div class=\"titleimg\">Savino Del Bene \u2013 LegaVolley Femminile 2023-24 Tigot\u00e0 \u2013 Pala Facchetti\u00a0 \u00a9 Maurizio Anatrini<\/div>\n<p>Scandicci raggiunge cos\u00ec l&#8217;obiettivo dei play off scudetto e al primo turno dovr\u00e0 vedersela con la Megabox Ondulati Del Savio <strong>Vallefoglia<\/strong>, formazione che al termine della stagione regolare si \u00e8 piazzata al settimo posto. La serie dei quarti di finale prender\u00e0 il via <strong>mercoled\u00ec 27 marzo<\/strong> alle 20.30 a Palazzo Wanny. La formula per la conquista dello scudetto \u00e8 quella solita: le prime otto squadre classificate si sfideranno nei quarti di finale al meglio delle due gare vinte su tre, per poi accedere alle semifinali, che si disputeranno sempre al meglio delle due gare su tre mentre la finale sar\u00e0 al meglio delle tre gare vinte su cinque.<\/p>\n<h3>Il Bisonte Firenze<\/h3>\n<figure id=\"post-332926 media-332926\" class=\"align-none\"><img decoding=\"async\" src=\"https:\/\/www.intoscana.it\/wp-content\/uploads\/MG_9114.jpg\" alt=\"\" \/><\/figure>\n<div class=\"titleimg\">Il Bisonte Firenze &#8211; \u00a9 Il Bisonte Firenze<\/div>\n<p>A Palazzo Wanny si \u00e8 chiuso il campionato del Bisonte che ha conquistato l\u2019undicesimo successo in campionato grazie al 3-1 di Palazzo Wanny contro la Honda Olivero San Bernardo Cuneo, che tra l\u2019altro costa la retrocessione in serie A2 alla squadra piemontese. <strong>Firenze<\/strong> si posiziona cos\u00ec al decimo posto in classifica con 30 punti. &#8220;<em>Oggi le motivazioni contavano tanto e le nostre erano motivazioni diverse, perch\u00e9 non avevamo niente da chiedere alla classifica ma avevamo un grande desiderio di chiudere al meglio la stagione e onorare il lavoro fatto durante l\u2019anno. Voglio vedere la parte positiva di una stagione come questa: ci siamo ritrovate all\u2019ultimo momento, con una <strong>squadra rifondata da zero<\/strong> e tante giocatrici alla prima esperienza in A1, ma il modo di allenarsi nel quotidiano non \u00e8 mai stato in discussione ed \u00e8 stato un piacere stare in palestra con le ragazze. Io vedo il bicchiere mezzo pieno e colgo l\u2019occasione per salutare i tifosi de Il Bisonte e questo ambiente in cui \u00e8 sempre bello lavorare e vivere<\/em>\u201d ha commentato coach Carlo Parisi, al termine della partita.<\/p>\n<h3>Emma Villas Siena<\/h3>\n<figure id=\"post-332927 media-332927\" class=\"align-none\"><img decoding=\"async\" src=\"https:\/\/www.intoscana.it\/wp-content\/uploads\/Kemas-Lamipel-Santa-Croce-Emma-Villas-Siena_foto12.jpg\" alt=\"\" \/><\/figure>\n<div class=\"titleimg\">Kemas Lamipel Santa Croce \u2013 Emma Villas Siena &#8211; \u00a9 Emma Villas Siena<\/div>\n<p>Nel campionato maschile, la regular season di <strong>serie A2<\/strong> si \u00e8 conclusa con il derby toscano tra <strong>Siena e Santa Croce<\/strong>. Al PalaParenti va in scena una partita bella ed emozionante, con la Kemas Lamipel che vince i primi due set e la Emma Villas che si aggiudica terzo e quarto parziale. Dopo pi\u00f9 di due ore di gioco, il match si decide al tie break, che viene vinto dalla squadra di casa. Siena chiude cos\u00ec la regular season in <strong>terza posizione<\/strong> di classifica e accede ai playoff per la promozione in serie A1. Mercoled\u00ec <strong>27 marzo<\/strong> alle 20:30 Siena affronter\u00e0 il primo turno dei playoff nel palazzetto di casa contro Brescia che \u00e8 arrivata sesta.<\/p>\n<p>&nbsp;<\/p>\n","protected":false},"excerpt":{"rendered":"<p>Il 27 marzo la Savino del Bene affronta Vallefoglia nei quarti dei play off scudetto, Firenze resta in serie A1 mentre Siena, nel campionato maschile, sfider\u00e0 Brescia nei quarti dei play off per la promozione in serie A1<\/p>\n","protected":false},"author":507,"featured_media":332924,"comment_status":"open","ping_status":"open","sticky":false,"template":"","format":"standard","meta":{"_acf_changed":false,"footnotes":""},"categories":[494],"tags":[202,6234,401,164,159],"class_list":["post-332900","post","type-post","status-publish","format-standard","has-post-thumbnail","hentry","category-attualita","tag-firenze","tag-pallavolo","tag-scandicci","tag-siena","tag-sport"],"acf":[],"yoast_head":"<!-- This site is optimized with the Yoast SEO Premium plugin v24.2 (Yoast SEO v25.6) - https:\/\/yoast.com\/wordpress\/plugins\/seo\/ -->\n<title>Volley, Scandicci chiude al secondo posto la regular season e vola ai playoff - intoscana<\/title>\n<meta name=\"robots\" content=\"index, follow, max-snippet:-1, max-image-preview:large, max-video-preview:-1\" \/>\n<link rel=\"canonical\" href=\"https:\/\/www.intoscana.it\/it\/volley-scandicci-chiude-al-secondo-posto-la-regular-season-e-vola-ai-playoff\/\" \/>\n<meta property=\"og:locale\" content=\"it_IT\" \/>\n<meta property=\"og:type\" content=\"article\" \/>\n<meta property=\"og:title\" content=\"Volley, Scandicci chiude al secondo posto la regular season e vola ai playoff\" \/>\n<meta property=\"og:description\" content=\"Il 27 marzo la Savino del Bene affronta Vallefoglia nei quarti dei play off scudetto, Firenze resta in serie A1 mentre Siena, nel campionato maschile, sfider\u00e0 Brescia nei quarti dei play off per la promozione in serie A1\" \/>\n<meta property=\"og:url\" content=\"https:\/\/www.intoscana.it\/it\/volley-scandicci-chiude-al-secondo-posto-la-regular-season-e-vola-ai-playoff\/\" \/>\n<meta property=\"og:site_name\" content=\"intoscana\" \/>\n<meta property=\"article:publisher\" content=\"https:\/\/www.facebook.com\/intoscana.it\" \/>\n<meta property=\"article:published_time\" content=\"2024-03-25T10:24:43+00:00\" \/>\n<meta property=\"article:modified_time\" content=\"2024-03-25T12:16:57+00:00\" \/>\n<meta property=\"og:image\" content=\"https:\/\/www.intoscana.it\/wp-content\/uploads\/MRZ_1052.jpg\" \/>\n\t<meta property=\"og:image:width\" content=\"2048\" \/>\n\t<meta property=\"og:image:height\" content=\"1362\" \/>\n\t<meta property=\"og:image:type\" content=\"image\/jpeg\" \/>\n<meta name=\"author\" content=\"Chiara Bianchini\" \/>\n<meta name=\"twitter:card\" content=\"summary_large_image\" \/>\n<meta name=\"twitter:creator\" content=\"@intoscana\" \/>\n<meta name=\"twitter:site\" content=\"@intoscana\" \/>\n<meta name=\"twitter:label1\" content=\"Written by\" \/>\n\t<meta name=\"twitter:data1\" content=\"Chiara Bianchini\" \/>\n\t<meta name=\"twitter:label2\" content=\"Est. reading time\" \/>\n\t<meta name=\"twitter:data2\" content=\"5 minuti\" \/>\n<script type=\"application\/ld+json\" class=\"yoast-schema-graph\">{\"@context\":\"https:\/\/schema.org\",\"@graph\":[{\"@type\":\"WebPage\",\"@id\":\"https:\/\/www.intoscana.it\/it\/volley-scandicci-chiude-al-secondo-posto-la-regular-season-e-vola-ai-playoff\/\",\"url\":\"https:\/\/www.intoscana.it\/it\/volley-scandicci-chiude-al-secondo-posto-la-regular-season-e-vola-ai-playoff\/\",\"name\":\"Volley, Scandicci chiude al secondo posto la regular season e vola ai playoff - intoscana\",\"isPartOf\":{\"@id\":\"https:\/\/www.intoscana.it\/it\/#website\"},\"primaryImageOfPage\":{\"@id\":\"https:\/\/www.intoscana.it\/it\/volley-scandicci-chiude-al-secondo-posto-la-regular-season-e-vola-ai-playoff\/#primaryimage\"},\"image\":{\"@id\":\"https:\/\/www.intoscana.it\/it\/volley-scandicci-chiude-al-secondo-posto-la-regular-season-e-vola-ai-playoff\/#primaryimage\"},\"thumbnailUrl\":\"https:\/\/www.intoscana.it\/wp-content\/uploads\/MRZ_1052.jpg\",\"datePublished\":\"2024-03-25T10:24:43+00:00\",\"dateModified\":\"2024-03-25T12:16:57+00:00\",\"author\":{\"@id\":\"https:\/\/www.intoscana.it\/it\/#\/schema\/person\/010af92117f50561886339ad5b873a41\"},\"breadcrumb\":{\"@id\":\"https:\/\/www.intoscana.it\/it\/volley-scandicci-chiude-al-secondo-posto-la-regular-season-e-vola-ai-playoff\/#breadcrumb\"},\"inLanguage\":\"it-IT\",\"potentialAction\":[{\"@type\":\"ReadAction\",\"target\":[\"https:\/\/www.intoscana.it\/it\/volley-scandicci-chiude-al-secondo-posto-la-regular-season-e-vola-ai-playoff\/\"]}]},{\"@type\":\"ImageObject\",\"inLanguage\":\"it-IT\",\"@id\":\"https:\/\/www.intoscana.it\/it\/volley-scandicci-chiude-al-secondo-posto-la-regular-season-e-vola-ai-playoff\/#primaryimage\",\"url\":\"https:\/\/www.intoscana.it\/wp-content\/uploads\/MRZ_1052.jpg\",\"contentUrl\":\"https:\/\/www.intoscana.it\/wp-content\/uploads\/MRZ_1052.jpg\",\"width\":2048,\"height\":1362,\"caption\":\"Ekaterina Antropova - Savino del Bene Scandicci\"},{\"@type\":\"BreadcrumbList\",\"@id\":\"https:\/\/www.intoscana.it\/it\/volley-scandicci-chiude-al-secondo-posto-la-regular-season-e-vola-ai-playoff\/#breadcrumb\",\"itemListElement\":[{\"@type\":\"ListItem\",\"position\":1,\"name\":\"Home\",\"item\":\"https:\/\/www.intoscana.it\/it\/\"},{\"@type\":\"ListItem\",\"position\":2,\"name\":\"Volley, Scandicci chiude al secondo posto la regular season e vola ai playoff\"}]},{\"@type\":\"WebSite\",\"@id\":\"https:\/\/www.intoscana.it\/it\/#website\",\"url\":\"https:\/\/www.intoscana.it\/it\/\",\"name\":\"intoscana\",\"description\":\"\",\"potentialAction\":[{\"@type\":\"SearchAction\",\"target\":{\"@type\":\"EntryPoint\",\"urlTemplate\":\"https:\/\/www.intoscana.it\/it\/?s={search_term_string}\"},\"query-input\":{\"@type\":\"PropertyValueSpecification\",\"valueRequired\":true,\"valueName\":\"search_term_string\"}}],\"inLanguage\":\"it-IT\"},{\"@type\":\"Person\",\"@id\":\"https:\/\/www.intoscana.it\/it\/#\/schema\/person\/010af92117f50561886339ad5b873a41\",\"name\":\"Chiara Bianchini\",\"sameAs\":[\"c.bianchini@fst.it\"],\"url\":\"https:\/\/www.intoscana.it\/it\/author\/chiara-bianchini\/\"}]}<\/script>\n<!-- \/ Yoast SEO Premium plugin. -->","yoast_head_json":{"title":"Volley, Scandicci chiude al secondo posto la regular season e vola ai playoff - intoscana","robots":{"index":"index","follow":"follow","max-snippet":"max-snippet:-1","max-image-preview":"max-image-preview:large","max-video-preview":"max-video-preview:-1"},"canonical":"https:\/\/www.intoscana.it\/it\/volley-scandicci-chiude-al-secondo-posto-la-regular-season-e-vola-ai-playoff\/","og_locale":"it_IT","og_type":"article","og_title":"Volley, Scandicci chiude al secondo posto la regular season e vola ai playoff","og_description":"Il 27 marzo la Savino del Bene affronta Vallefoglia nei quarti dei play off scudetto, Firenze resta in serie A1 mentre Siena, nel campionato maschile, sfider\u00e0 Brescia nei quarti dei play off per la promozione in serie A1","og_url":"https:\/\/www.intoscana.it\/it\/volley-scandicci-chiude-al-secondo-posto-la-regular-season-e-vola-ai-playoff\/","og_site_name":"intoscana","article_publisher":"https:\/\/www.facebook.com\/intoscana.it","article_published_time":"2024-03-25T10:24:43+00:00","article_modified_time":"2024-03-25T12:16:57+00:00","og_image":[{"width":2048,"height":1362,"url":"https:\/\/www.intoscana.it\/wp-content\/uploads\/MRZ_1052.jpg","type":"image\/jpeg"}],"author":"Chiara Bianchini","twitter_card":"summary_large_image","twitter_creator":"@intoscana","twitter_site":"@intoscana","twitter_misc":{"Written by":"Chiara Bianchini","Est. reading time":"5 minuti"},"schema":{"@context":"https:\/\/schema.org","@graph":[{"@type":"WebPage","@id":"https:\/\/www.intoscana.it\/it\/volley-scandicci-chiude-al-secondo-posto-la-regular-season-e-vola-ai-playoff\/","url":"https:\/\/www.intoscana.it\/it\/volley-scandicci-chiude-al-secondo-posto-la-regular-season-e-vola-ai-playoff\/","name":"Volley, Scandicci chiude al secondo posto la regular season e vola ai playoff - intoscana","isPartOf":{"@id":"https:\/\/www.intoscana.it\/it\/#website"},"primaryImageOfPage":{"@id":"https:\/\/www.intoscana.it\/it\/volley-scandicci-chiude-al-secondo-posto-la-regular-season-e-vola-ai-playoff\/#primaryimage"},"image":{"@id":"https:\/\/www.intoscana.it\/it\/volley-scandicci-chiude-al-secondo-posto-la-regular-season-e-vola-ai-playoff\/#primaryimage"},"thumbnailUrl":"https:\/\/www.intoscana.it\/wp-content\/uploads\/MRZ_1052.jpg","datePublished":"2024-03-25T10:24:43+00:00","dateModified":"2024-03-25T12:16:57+00:00","author":{"@id":"https:\/\/www.intoscana.it\/it\/#\/schema\/person\/010af92117f50561886339ad5b873a41"},"breadcrumb":{"@id":"https:\/\/www.intoscana.it\/it\/volley-scandicci-chiude-al-secondo-posto-la-regular-season-e-vola-ai-playoff\/#breadcrumb"},"inLanguage":"it-IT","potentialAction":[{"@type":"ReadAction","target":["https:\/\/www.intoscana.it\/it\/volley-scandicci-chiude-al-secondo-posto-la-regular-season-e-vola-ai-playoff\/"]}]},{"@type":"ImageObject","inLanguage":"it-IT","@id":"https:\/\/www.intoscana.it\/it\/volley-scandicci-chiude-al-secondo-posto-la-regular-season-e-vola-ai-playoff\/#primaryimage","url":"https:\/\/www.intoscana.it\/wp-content\/uploads\/MRZ_1052.jpg","contentUrl":"https:\/\/www.intoscana.it\/wp-content\/uploads\/MRZ_1052.jpg","width":2048,"height":1362,"caption":"Ekaterina Antropova - Savino del Bene Scandicci"},{"@type":"BreadcrumbList","@id":"https:\/\/www.intoscana.it\/it\/volley-scandicci-chiude-al-secondo-posto-la-regular-season-e-vola-ai-playoff\/#breadcrumb","itemListElement":[{"@type":"ListItem","position":1,"name":"Home","item":"https:\/\/www.intoscana.it\/it\/"},{"@type":"ListItem","position":2,"name":"Volley, Scandicci chiude al secondo posto la regular season e vola ai playoff"}]},{"@type":"WebSite","@id":"https:\/\/www.intoscana.it\/it\/#website","url":"https:\/\/www.intoscana.it\/it\/","name":"intoscana","description":"","potentialAction":[{"@type":"SearchAction","target":{"@type":"EntryPoint","urlTemplate":"https:\/\/www.intoscana.it\/it\/?s={search_term_string}"},"query-input":{"@type":"PropertyValueSpecification","valueRequired":true,"valueName":"search_term_string"}}],"inLanguage":"it-IT"},{"@type":"Person","@id":"https:\/\/www.intoscana.it\/it\/#\/schema\/person\/010af92117f50561886339ad5b873a41","name":"Chiara Bianchini","sameAs":["c.bianchini@fst.it"],"url":"https:\/\/www.intoscana.it\/it\/author\/chiara-bianchini\/"}]}},"_links":{"self":[{"href":"https:\/\/www.intoscana.it\/it\/wp-json\/wp\/v2\/posts\/332900","targetHints":{"allow":["GET"]}}],"collection":[{"href":"https:\/\/www.intoscana.it\/it\/wp-json\/wp\/v2\/posts"}],"about":[{"href":"https:\/\/www.intoscana.it\/it\/wp-json\/wp\/v2\/types\/post"}],"author":[{"embeddable":true,"href":"https:\/\/www.intoscana.it\/it\/wp-json\/wp\/v2\/users\/507"}],"replies":[{"embeddable":true,"href":"https:\/\/www.intoscana.it\/it\/wp-json\/wp\/v2\/comments?post=332900"}],"version-history":[{"count":3,"href":"https:\/\/www.intoscana.it\/it\/wp-json\/wp\/v2\/posts\/332900\/revisions"}],"predecessor-version":[{"id":332961,"href":"https:\/\/www.intoscana.it\/it\/wp-json\/wp\/v2\/posts\/332900\/revisions\/332961"}],"wp:featuredmedia":[{"embeddable":true,"href":"https:\/\/www.intoscana.it\/it\/wp-json\/wp\/v2\/media\/332924"}],"wp:attachment":[{"href":"https:\/\/www.intoscana.it\/it\/wp-json\/wp\/v2\/media?parent=332900"}],"wp:term":[{"taxonomy":"category","embeddable":true,"href":"https:\/\/www.intoscana.it\/it\/wp-json\/wp\/v2\/categories?post=332900"},{"taxonomy":"post_tag","embeddable":true,"href":"https:\/\/www.intoscana.it\/it\/wp-json\/wp\/v2\/tags?post=332900"}],"curies":[{"name":"wp","href":"https:\/\/api.w.org\/{rel}","templated":true}]}}