{"id":332941,"date":"2024-04-05T13:00:54","date_gmt":"2024-04-05T11:00:54","guid":{"rendered":"https:\/\/www.intoscana.it\/it\/?p=332941"},"modified":"2024-04-05T14:07:15","modified_gmt":"2024-04-05T12:07:15","slug":"il-museo-della-collegiata-di-empoli-dedica-una-grande-mostra-a-masolino-da-panicale","status":"publish","type":"post","link":"https:\/\/www.intoscana.it\/it\/il-museo-della-collegiata-di-empoli-dedica-una-grande-mostra-a-masolino-da-panicale\/","title":{"rendered":"Masolino da Panicale tra Gotico e Rinascimento protagonista di una grande mostra a Empoli"},"content":{"rendered":"<p>A 600 anni dalla realizzazione del <strong>Ciclo con le storie della Vera Croce<\/strong> (1424) per la chiesa di <strong>Santo Stefano a Empoli, <\/strong>il <a href=\"https:\/\/www.intoscana.it\/it\/grazie-al-pnrr-il-museo-della-collegiata-di-empoli-riapre-e-diventa-piu-accessibile\/\" target=\"_blank\" rel=\"noopener\"><strong>Museo della Collegiata di Sant\u2019Andrea<\/strong><\/a>\u00a0 ospita <strong>dal 6 aprile<\/strong> <strong>al 7 luglio 2024<\/strong> una grande mostra dedicata a <strong>Masolino da Panicale.\u00a0<\/strong><\/p>\n<p>L&#8217;esposizione raccoglie il maggior numero di opere, mai presentato finora, dell\u2019artista che, insieme a <strong>Masaccio e al Beato Angelico,<\/strong> ha contribuito, in maniera decisiva, al <strong>passaggio dal Tardo Gotico al Rinascimento a Firenze<\/strong> nel Quattrocento.<\/p>\n<p>Obiettivo della rassegna \u00e8 <strong>ricostruire il contesto culturale in cui si mosse Masolino<\/strong>, i cui lavori saranno affiancati da quelli di pittori che condividevano la sua stessa apertura verso nuove soluzioni stilistiche, quali <strong>Lorenzo Monaco, Gherardo Starnina, Giovanni Toscan<\/strong>i e altri.<\/p>\n<p>A Empoli <strong>Masolino<\/strong> ha lasciato alcune prove capitali come il<strong> Compianto sul Cristo morto<\/strong> nel battistero della collegiata di Sant\u2019Andrea e altri affreschi nel transetto destro della <strong>chiesa di Santo Stefano.<\/strong><\/p>\n<p>La mostra dal titolo<strong><em> &#8220;Empoli 1424. Masolino e gli albori del Rinascimento&#8221; <\/em><\/strong>raduna opere provenienti da prestigiose istituzioni come le<strong> Gallerie degli Uffizi<\/strong> a Firenze, il <strong>Museo del Bargello<\/strong> a Firenze, la <strong>Pinacoteca Vaticana, il Mus\u00e9e Ingres di Montauban, la chiesa di Santa Maria del Carmine<\/strong> a Firenze, il <strong>Museo di Palazzo Venezia<\/strong> a Roma, il <strong>Museo di San Matteo<\/strong> a Pisa e molti altri ancora.<\/p>\n<p><em>\u201cQuesta mostra rappresenta una tappa fondamentale del mio percorso decennale come sindaca di Empoli &#8211; <\/em><strong>commenta Brenda Barnini &#8211;<\/strong><em>. Il titolo dell\u2019esposizione pone l\u2019accento sulla nostra citt\u00e0, spalancando le porte sul suo passato, su un periodo storico in cui artisti straordinari si sono incontrati e hanno realizzato qualcosa di unico. La mostra mette al centro Empoli, ci ricorda cos\u2019era e cos\u2019\u00e8 oggi. Trovo straordinario il fatto che un luogo come la chiesa di Santo Stefano degli Agostiniani sia stato scelto come spazio espositivo e il lavoro svolto con impegno e rigore scientifico dalla direttrice e dai curatori della mostra. La sua realizzazione \u00e8 stata possibile grazie al fondamentale supporto della Fondazione CR Firenze che, comprendendo il valore del progetto, lo ha sostenuto e promosso con noi, fin dalla sua ideazione. Un ringraziamento particolare va a don Guido Engels e a tutte le imprese del territorio che hanno dimostrato attenzione nei confronti del progetto, sostenendolo. Mi aspetto una vasta risposta di interesse e curiosit\u00e0 da parte del pubblico, che non potr\u00e0 non stupirsi di fronte alla quantit\u00e0 e alla qualit\u00e0 delle opere esposte\u201d.<\/em><\/p>\n<figure id=\"post-332937 media-332937\" class=\"align-none\"><img decoding=\"async\" src=\"https:\/\/www.intoscana.it\/wp-content\/uploads\/19_Masolino_Compianto-Intero-1281x1920_Foto_di_Rabatti_e_Domingie.jpg\" alt=\"\" \/><\/figure>\n<div class=\"titleimg\">Masolino, Compianto &#8211; \u00a9 Rabatti e Domingie<\/div>\n<h3>Il percorso della mostra<\/h3>\n<p>Negli anni <strong>a cavallo tra Trecento e Quattrocento<\/strong>, Empoli visse un periodo di<strong> grande sviluppo economico<\/strong> diventando punto di riferimento di una vasta area che coincideva con la parte centro-occidentale della Toscana, grazie alla posizione lungo l\u2019arteria stradale e fluviale pi\u00f9 importante della regione.<\/p>\n<p>Empoli divent\u00f2 un punto di attrazione per i <strong>migliori artisti <\/strong>del <strong>gotico internazionale,<\/strong> come: <strong>Lorenzo Monaco<\/strong> (nel 1404) e <strong>Gherardo Starnina<\/strong> (nel 1409), il giovane <strong>Donatello e Giovanni di Francesco Toscani,<\/strong> infine <strong>Masolino,<\/strong> attorniato da una schiera di pittori, da <strong>Bicci di Lorenzo a Rossello di Jacopo Franchi, da Francesco d\u2019Antonio a Borghese di Pietro.<\/strong><\/p>\n<p>Il percorso della mostra prende avvio\u00a0in un momento segnato da gravi epidemie e dalla nascita di<strong> confraternite laiche che esortavano alla penitenza.<\/strong> Una di queste, la<strong> Compagnia dei Bianchi,<\/strong> commission\u00f2 un polittico per inquadrare il miracoloso <strong>Crocifisso dei Bianchi. <\/strong><\/p>\n<p>Tra le mani degli autori, si riconoscono quelle del fiorentino <strong>Niccol\u00f2 di Pietro Gerini,<\/strong> autore che perpetuava la tradizione trecentesca di rigore formale e quelle di <strong>Lorenzo di Bicci,<\/strong> che passer\u00e0 poi il testimone al figlio Bicci di Lorenzo, che cercava di mediare tra tradizione e innovazione.<\/p>\n<p>La svolta avviene con <strong>Lorenzo Monaco, massimo protagonista del tardogotico<\/strong> toscano, a lato di <strong>Lorenzo Ghiberti,<\/strong> di cui viene esposto il <strong>Trittico di San Donnino<\/strong>, con al centro una Madonna dell\u2019Umilt\u00e0, accasciata su un cuscino dorato, dal timido sorriso, in dialogo con santi infinitamente pi\u00f9 piccoli di lei, avvolti da ampi mantelli, che segna il suo passaggio alle delicatezze estreme e alle accese calligrafie importate dalla Spagna da <strong>Gherardo Starnina.<\/strong><\/p>\n<p>Questa apertura di gusto verso <strong>nuove soluzioni stilistiche<\/strong> convinse i committenti empolesi a chiamare in citt\u00e0 autori della nuova generazione. Tutto era pronto per accogliere <strong>Masolino<\/strong> che sar\u00e0 protagonista della sezione attorno cui si costruisce tutta la rassegna.<\/p>\n<p>Oltre al <strong>Compianto su Cristo morto<\/strong> si possono ammirare altri capolavori del maestro toscano, come l\u2019elegante <strong>Madonna dell\u2019Umilt\u00e0 degli Uffizi,<\/strong> un<strong> San Francesco<\/strong> inedito di collezione provata, o la<strong> Dormitio Virginis e la Crocifissione<\/strong>, entrambi provenienti dai Musei Vaticani, o ancora la sinopia con <strong>Pasce oves meas<\/strong>, dal ciclo della Cappella Brancacci.<\/p>\n<p>La mostra si completa con le opere di quei pittori che condividevano con Masolino l\u2019apertura a una pittura pi\u00f9 carnosa e sensibile. \u00c8 il caso di <strong>Giovanni di Francesco Toscani,<\/strong> che verso il 1410 dipinse un polittico per<strong> San Martino a Pontorme<\/strong>, probabilmente per racchiudere una Madonna giovanile di Donatello di <strong>Francesco d\u2019Antonio<\/strong>, allievo di Lorenzo Monaco, documentato a fianco di Masolino, a Empoli nel 1424, qui con la <strong>Madonna della Cintola di Loppiano.<\/strong><\/p>\n<figure id=\"post-334594 media-334594\" class=\"align-none\"><img decoding=\"async\" src=\"https:\/\/www.intoscana.it\/wp-content\/uploads\/8_LorenzoMonaco_TritticodiSanDonnino_RabattiEDomingie_HD.jpg\" alt=\"\" \/><\/figure>\n<div class=\"titleimg\">Lorenzo Monaco, Trittico di San Donnino<\/div>\n","protected":false},"excerpt":{"rendered":"<p>Dal 6 aprile al 7 luglio 2024 il Museo della Collegiata di Sant\u2019Andrea e la Chiesa di Santo Stefano a Empoli ospiteranno una grande mostra dedicata a Masolino da Panicale, maestro antesignano del Rinascimento<\/p>\n","protected":false},"author":525,"featured_media":332935,"comment_status":"open","ping_status":"open","sticky":false,"template":"","format":"standard","meta":{"_acf_changed":false,"footnotes":""},"categories":[493],"tags":[4904,222],"class_list":["post-332941","post","type-post","status-publish","format-standard","has-post-thumbnail","hentry","category-cultura","tag-empoli","tag-mostre"],"acf":[],"yoast_head":"<!-- This site is optimized with the Yoast SEO Premium plugin v24.2 (Yoast SEO v25.6) - https:\/\/yoast.com\/wordpress\/plugins\/seo\/ -->\n<title>Masolino da Panicale tra Gotico e Rinascimento protagonista di una grande mostra a Empoli - intoscana<\/title>\n<meta name=\"description\" content=\"Dal 6 aprile al 7 luglio 2024 presso il Museo della Collegiata di Sant\u2019Andrea e la Chiesa di Santo Stefano una mostra dedicata a Masolino\" \/>\n<meta name=\"robots\" content=\"index, follow, max-snippet:-1, max-image-preview:large, max-video-preview:-1\" \/>\n<link rel=\"canonical\" href=\"https:\/\/www.intoscana.it\/it\/il-museo-della-collegiata-di-empoli-dedica-una-grande-mostra-a-masolino-da-panicale\/\" \/>\n<meta property=\"og:locale\" content=\"it_IT\" \/>\n<meta property=\"og:type\" content=\"article\" \/>\n<meta property=\"og:title\" content=\"Masolino da Panicale tra Gotico e Rinascimento protagonista di una grande mostra a Empoli\" \/>\n<meta property=\"og:description\" content=\"Dal 6 aprile al 7 luglio 2024 presso il Museo della Collegiata di Sant\u2019Andrea e la Chiesa di Santo Stefano una mostra dedicata a Masolino\" \/>\n<meta property=\"og:url\" content=\"https:\/\/www.intoscana.it\/it\/il-museo-della-collegiata-di-empoli-dedica-una-grande-mostra-a-masolino-da-panicale\/\" \/>\n<meta property=\"og:site_name\" content=\"intoscana\" \/>\n<meta property=\"article:publisher\" content=\"https:\/\/www.facebook.com\/intoscana.it\" \/>\n<meta property=\"article:published_time\" content=\"2024-04-05T11:00:54+00:00\" \/>\n<meta property=\"article:modified_time\" content=\"2024-04-05T12:07:15+00:00\" \/>\n<meta property=\"og:image\" content=\"https:\/\/www.intoscana.it\/wp-content\/uploads\/19_Masolino_Compianto_Part-3_Foto_di_Rabatti_e_Domingie.jpg\" \/>\n\t<meta property=\"og:image:width\" content=\"1772\" \/>\n\t<meta property=\"og:image:height\" content=\"1181\" \/>\n\t<meta property=\"og:image:type\" content=\"image\/jpeg\" \/>\n<meta name=\"author\" content=\"Redazione\" \/>\n<meta name=\"twitter:card\" content=\"summary_large_image\" \/>\n<meta name=\"twitter:creator\" content=\"@intoscana\" \/>\n<meta name=\"twitter:site\" content=\"@intoscana\" \/>\n<meta name=\"twitter:label1\" content=\"Written by\" \/>\n\t<meta name=\"twitter:data1\" content=\"Redazione\" \/>\n\t<meta name=\"twitter:label2\" content=\"Est. reading time\" \/>\n\t<meta name=\"twitter:data2\" content=\"6 minuti\" \/>\n<script type=\"application\/ld+json\" class=\"yoast-schema-graph\">{\"@context\":\"https:\/\/schema.org\",\"@graph\":[{\"@type\":\"WebPage\",\"@id\":\"https:\/\/www.intoscana.it\/it\/il-museo-della-collegiata-di-empoli-dedica-una-grande-mostra-a-masolino-da-panicale\/\",\"url\":\"https:\/\/www.intoscana.it\/it\/il-museo-della-collegiata-di-empoli-dedica-una-grande-mostra-a-masolino-da-panicale\/\",\"name\":\"Masolino da Panicale tra Gotico e Rinascimento protagonista di una grande mostra a Empoli - intoscana\",\"isPartOf\":{\"@id\":\"https:\/\/www.intoscana.it\/it\/#website\"},\"primaryImageOfPage\":{\"@id\":\"https:\/\/www.intoscana.it\/it\/il-museo-della-collegiata-di-empoli-dedica-una-grande-mostra-a-masolino-da-panicale\/#primaryimage\"},\"image\":{\"@id\":\"https:\/\/www.intoscana.it\/it\/il-museo-della-collegiata-di-empoli-dedica-una-grande-mostra-a-masolino-da-panicale\/#primaryimage\"},\"thumbnailUrl\":\"https:\/\/www.intoscana.it\/wp-content\/uploads\/19_Masolino_Compianto_Part-3_Foto_di_Rabatti_e_Domingie.jpg\",\"datePublished\":\"2024-04-05T11:00:54+00:00\",\"dateModified\":\"2024-04-05T12:07:15+00:00\",\"author\":{\"@id\":\"https:\/\/www.intoscana.it\/it\/#\/schema\/person\/9223810753230f20bd670fdd322661f8\"},\"description\":\"Dal 6 aprile al 7 luglio 2024 presso il Museo della Collegiata di Sant\u2019Andrea e la Chiesa di Santo Stefano una mostra dedicata a Masolino\",\"breadcrumb\":{\"@id\":\"https:\/\/www.intoscana.it\/it\/il-museo-della-collegiata-di-empoli-dedica-una-grande-mostra-a-masolino-da-panicale\/#breadcrumb\"},\"inLanguage\":\"it-IT\",\"potentialAction\":[{\"@type\":\"ReadAction\",\"target\":[\"https:\/\/www.intoscana.it\/it\/il-museo-della-collegiata-di-empoli-dedica-una-grande-mostra-a-masolino-da-panicale\/\"]}]},{\"@type\":\"ImageObject\",\"inLanguage\":\"it-IT\",\"@id\":\"https:\/\/www.intoscana.it\/it\/il-museo-della-collegiata-di-empoli-dedica-una-grande-mostra-a-masolino-da-panicale\/#primaryimage\",\"url\":\"https:\/\/www.intoscana.it\/wp-content\/uploads\/19_Masolino_Compianto_Part-3_Foto_di_Rabatti_e_Domingie.jpg\",\"contentUrl\":\"https:\/\/www.intoscana.it\/wp-content\/uploads\/19_Masolino_Compianto_Part-3_Foto_di_Rabatti_e_Domingie.jpg\",\"width\":1772,\"height\":1181,\"caption\":\"Masolino, Compianto\"},{\"@type\":\"BreadcrumbList\",\"@id\":\"https:\/\/www.intoscana.it\/it\/il-museo-della-collegiata-di-empoli-dedica-una-grande-mostra-a-masolino-da-panicale\/#breadcrumb\",\"itemListElement\":[{\"@type\":\"ListItem\",\"position\":1,\"name\":\"Home\",\"item\":\"https:\/\/www.intoscana.it\/it\/\"},{\"@type\":\"ListItem\",\"position\":2,\"name\":\"Masolino da Panicale tra Gotico e Rinascimento protagonista di una grande mostra a Empoli\"}]},{\"@type\":\"WebSite\",\"@id\":\"https:\/\/www.intoscana.it\/it\/#website\",\"url\":\"https:\/\/www.intoscana.it\/it\/\",\"name\":\"intoscana\",\"description\":\"\",\"potentialAction\":[{\"@type\":\"SearchAction\",\"target\":{\"@type\":\"EntryPoint\",\"urlTemplate\":\"https:\/\/www.intoscana.it\/it\/?s={search_term_string}\"},\"query-input\":{\"@type\":\"PropertyValueSpecification\",\"valueRequired\":true,\"valueName\":\"search_term_string\"}}],\"inLanguage\":\"it-IT\"},{\"@type\":\"Person\",\"@id\":\"https:\/\/www.intoscana.it\/it\/#\/schema\/person\/9223810753230f20bd670fdd322661f8\",\"name\":\"Redazione\",\"url\":\"https:\/\/www.intoscana.it\/it\/author\/redazione\/\"}]}<\/script>\n<!-- \/ Yoast SEO Premium plugin. -->","yoast_head_json":{"title":"Masolino da Panicale tra Gotico e Rinascimento protagonista di una grande mostra a Empoli - intoscana","description":"Dal 6 aprile al 7 luglio 2024 presso il Museo della Collegiata di Sant\u2019Andrea e la Chiesa di Santo Stefano una mostra dedicata a Masolino","robots":{"index":"index","follow":"follow","max-snippet":"max-snippet:-1","max-image-preview":"max-image-preview:large","max-video-preview":"max-video-preview:-1"},"canonical":"https:\/\/www.intoscana.it\/it\/il-museo-della-collegiata-di-empoli-dedica-una-grande-mostra-a-masolino-da-panicale\/","og_locale":"it_IT","og_type":"article","og_title":"Masolino da Panicale tra Gotico e Rinascimento protagonista di una grande mostra a Empoli","og_description":"Dal 6 aprile al 7 luglio 2024 presso il Museo della Collegiata di Sant\u2019Andrea e la Chiesa di Santo Stefano una mostra dedicata a Masolino","og_url":"https:\/\/www.intoscana.it\/it\/il-museo-della-collegiata-di-empoli-dedica-una-grande-mostra-a-masolino-da-panicale\/","og_site_name":"intoscana","article_publisher":"https:\/\/www.facebook.com\/intoscana.it","article_published_time":"2024-04-05T11:00:54+00:00","article_modified_time":"2024-04-05T12:07:15+00:00","og_image":[{"width":1772,"height":1181,"url":"https:\/\/www.intoscana.it\/wp-content\/uploads\/19_Masolino_Compianto_Part-3_Foto_di_Rabatti_e_Domingie.jpg","type":"image\/jpeg"}],"author":"Redazione","twitter_card":"summary_large_image","twitter_creator":"@intoscana","twitter_site":"@intoscana","twitter_misc":{"Written by":"Redazione","Est. reading time":"6 minuti"},"schema":{"@context":"https:\/\/schema.org","@graph":[{"@type":"WebPage","@id":"https:\/\/www.intoscana.it\/it\/il-museo-della-collegiata-di-empoli-dedica-una-grande-mostra-a-masolino-da-panicale\/","url":"https:\/\/www.intoscana.it\/it\/il-museo-della-collegiata-di-empoli-dedica-una-grande-mostra-a-masolino-da-panicale\/","name":"Masolino da Panicale tra Gotico e Rinascimento protagonista di una grande mostra a Empoli - intoscana","isPartOf":{"@id":"https:\/\/www.intoscana.it\/it\/#website"},"primaryImageOfPage":{"@id":"https:\/\/www.intoscana.it\/it\/il-museo-della-collegiata-di-empoli-dedica-una-grande-mostra-a-masolino-da-panicale\/#primaryimage"},"image":{"@id":"https:\/\/www.intoscana.it\/it\/il-museo-della-collegiata-di-empoli-dedica-una-grande-mostra-a-masolino-da-panicale\/#primaryimage"},"thumbnailUrl":"https:\/\/www.intoscana.it\/wp-content\/uploads\/19_Masolino_Compianto_Part-3_Foto_di_Rabatti_e_Domingie.jpg","datePublished":"2024-04-05T11:00:54+00:00","dateModified":"2024-04-05T12:07:15+00:00","author":{"@id":"https:\/\/www.intoscana.it\/it\/#\/schema\/person\/9223810753230f20bd670fdd322661f8"},"description":"Dal 6 aprile al 7 luglio 2024 presso il Museo della Collegiata di Sant\u2019Andrea e la Chiesa di Santo Stefano una mostra dedicata a Masolino","breadcrumb":{"@id":"https:\/\/www.intoscana.it\/it\/il-museo-della-collegiata-di-empoli-dedica-una-grande-mostra-a-masolino-da-panicale\/#breadcrumb"},"inLanguage":"it-IT","potentialAction":[{"@type":"ReadAction","target":["https:\/\/www.intoscana.it\/it\/il-museo-della-collegiata-di-empoli-dedica-una-grande-mostra-a-masolino-da-panicale\/"]}]},{"@type":"ImageObject","inLanguage":"it-IT","@id":"https:\/\/www.intoscana.it\/it\/il-museo-della-collegiata-di-empoli-dedica-una-grande-mostra-a-masolino-da-panicale\/#primaryimage","url":"https:\/\/www.intoscana.it\/wp-content\/uploads\/19_Masolino_Compianto_Part-3_Foto_di_Rabatti_e_Domingie.jpg","contentUrl":"https:\/\/www.intoscana.it\/wp-content\/uploads\/19_Masolino_Compianto_Part-3_Foto_di_Rabatti_e_Domingie.jpg","width":1772,"height":1181,"caption":"Masolino, Compianto"},{"@type":"BreadcrumbList","@id":"https:\/\/www.intoscana.it\/it\/il-museo-della-collegiata-di-empoli-dedica-una-grande-mostra-a-masolino-da-panicale\/#breadcrumb","itemListElement":[{"@type":"ListItem","position":1,"name":"Home","item":"https:\/\/www.intoscana.it\/it\/"},{"@type":"ListItem","position":2,"name":"Masolino da Panicale tra Gotico e Rinascimento protagonista di una grande mostra a Empoli"}]},{"@type":"WebSite","@id":"https:\/\/www.intoscana.it\/it\/#website","url":"https:\/\/www.intoscana.it\/it\/","name":"intoscana","description":"","potentialAction":[{"@type":"SearchAction","target":{"@type":"EntryPoint","urlTemplate":"https:\/\/www.intoscana.it\/it\/?s={search_term_string}"},"query-input":{"@type":"PropertyValueSpecification","valueRequired":true,"valueName":"search_term_string"}}],"inLanguage":"it-IT"},{"@type":"Person","@id":"https:\/\/www.intoscana.it\/it\/#\/schema\/person\/9223810753230f20bd670fdd322661f8","name":"Redazione","url":"https:\/\/www.intoscana.it\/it\/author\/redazione\/"}]}},"_links":{"self":[{"href":"https:\/\/www.intoscana.it\/it\/wp-json\/wp\/v2\/posts\/332941","targetHints":{"allow":["GET"]}}],"collection":[{"href":"https:\/\/www.intoscana.it\/it\/wp-json\/wp\/v2\/posts"}],"about":[{"href":"https:\/\/www.intoscana.it\/it\/wp-json\/wp\/v2\/types\/post"}],"author":[{"embeddable":true,"href":"https:\/\/www.intoscana.it\/it\/wp-json\/wp\/v2\/users\/525"}],"replies":[{"embeddable":true,"href":"https:\/\/www.intoscana.it\/it\/wp-json\/wp\/v2\/comments?post=332941"}],"version-history":[{"count":11,"href":"https:\/\/www.intoscana.it\/it\/wp-json\/wp\/v2\/posts\/332941\/revisions"}],"predecessor-version":[{"id":334603,"href":"https:\/\/www.intoscana.it\/it\/wp-json\/wp\/v2\/posts\/332941\/revisions\/334603"}],"wp:featuredmedia":[{"embeddable":true,"href":"https:\/\/www.intoscana.it\/it\/wp-json\/wp\/v2\/media\/332935"}],"wp:attachment":[{"href":"https:\/\/www.intoscana.it\/it\/wp-json\/wp\/v2\/media?parent=332941"}],"wp:term":[{"taxonomy":"category","embeddable":true,"href":"https:\/\/www.intoscana.it\/it\/wp-json\/wp\/v2\/categories?post=332941"},{"taxonomy":"post_tag","embeddable":true,"href":"https:\/\/www.intoscana.it\/it\/wp-json\/wp\/v2\/tags?post=332941"}],"curies":[{"name":"wp","href":"https:\/\/api.w.org\/{rel}","templated":true}]}}