{"id":333186,"date":"2024-03-28T12:02:43","date_gmt":"2024-03-28T11:02:43","guid":{"rendered":"https:\/\/www.intoscana.it\/it\/?p=333186"},"modified":"2024-03-28T14:10:40","modified_gmt":"2024-03-28T13:10:40","slug":"jonathan-clancy-sprecato-concerto-firenze-2024","status":"publish","type":"post","link":"https:\/\/www.intoscana.it\/it\/jonathan-clancy-sprecato-concerto-firenze-2024\/","title":{"rendered":"&#8220;Sprecato&#8221;: il viaggio in solitaria di James Jonathan Clancy per ritrovare se stesso"},"content":{"rendered":"<p>Dopo aver archiviato l&#8217;esperienza con il progetto <strong>His Clancyness<\/strong> e un silenzio durato ben sette anni, <strong>James Jonathan\u00a0Clancy<\/strong> \u00e8 tornato con un nuovo disco, un debutto solista che segna per il musicista italo-canadese <strong>un nuovo inizio.<\/strong><\/p>\n<p><strong><em>&#8220;Sprecato&#8221;<\/em> <\/strong>\u00e8 un album nato in maniera singolare, a partire dai disegni che l<strong>&#8216;illustratore Michelangelo\u00a0Setola<\/strong> ha inviato a Clancy, in un vero e proprio dialogo tra china e chitarra.<\/p>\n<p>Per finire il lavoro \u00e8 stato necessario l&#8217;aiuto anche di altri amici di vecchia data: <strong>Stefano Pilia<\/strong> alla produzione e al mixaggio, <a href=\"https:\/\/www.intoscana.it\/it\/podcast\/dallitalia-a-berlino-il-compositore-e-musicista-sperimentale-andrea-belfi\/\" target=\"_blank\" rel=\"noopener\"><strong>Andrea Belfi<\/strong> <\/a>(batteria), <strong>Enrico Gabrielli<\/strong> (flauti), <strong>Francesca Bono<\/strong> (piano), mentre la band che accompagner\u00e0 Jonathan nei live \u00e8 formata da <strong>Dominique Vaccaro<\/strong> (chitarre), <strong>Andrea De Franco<\/strong> (synths) e <strong>Kyle Knapp<\/strong> (sax).<\/p>\n<p>Il risultato \u00e8 <strong>un disco di rara bellezza<\/strong> tra <strong>folk-rock, psichedelia ed elettronica<\/strong>, il racconto di qualcuno che si \u00e8 perso e che <strong>attraversa la notte dell&#8217;anima<\/strong>, passando da momenti lirici e poetici ad altri di follia e perdizione, per cui \u00e8 stata coniata la definizione di<strong><em> &#8220;pastorale urbana&#8221;.<\/em><\/strong><\/p>\n<p><strong>James Jonathan Clancy<\/strong> sar\u00e0 in concerto<strong> sabato 6 aprile in Sala Vanni a Firenze<\/strong>, in collaborazione con <a href=\"https:\/\/www.intoscana.it\/it\/a-maggio-tornano-i-poeti-del-piano-solo-a-firenze-in-concerto-klein-privat-hersch-e-tallini\/\" target=\"_blank\" rel=\"noopener\"><strong>Musicus Concentus.<\/strong><\/a><\/p>\n<figure id=\"post-333151 media-333151\" class=\"align-none\"><img decoding=\"async\" src=\"https:\/\/www.intoscana.it\/wp-content\/uploads\/JJC-Press-Shot-2.jpg\" alt=\"\" \/><\/figure>\n<div class=\"titleimg\"><em>James Jonathan Clancy &#8211; \u00a9 Foto di Luca Mazzieri<\/em><\/div>\n<h3>Ecco la nostra intervista a James Jonathan Clancy<\/h3>\n<p><iframe loading=\"lazy\" src=\"https:\/\/omny.fm\/shows\/intoscana\/jonathan-clancy-affronta-i-demoni-nel-suo-primo-di\/embed\" allow=\"autoplay; clipboard-write\" width=\"100%\" height=\"180\" frameborder=\"0\" title=\"Jonathan Clancy affronta i demoni nel suo primo disco solista \\\"Sprecato\\\"\"><\/iframe><\/p>\n<p><b>Ciao Jonathan!<\/b>\u00a0<strong>\u00c8\u00a0<\/strong><b>la prima volta che fai <\/b><strong>un disco solista, \u00e8 un po&#8217; come buttarsi da un aereo col paracadute. Per\u00f2 <em>&#8220;Sprecato&#8221;<\/em> non nasce proprio in solitudine, ci sono tanti amici che ti hanno aiutato a realizzare questo disco, a partire da Michelangelo Setola l&#8217;illustratore che ti ha mandato i disegni da cui poi \u00e8 nato il disco<\/strong><\/p>\n<p>Il disco nasce da lui perch\u00e9 io ero in un momento un po&#8217; difficile della mia vita, c&#8217;erano stati tanti cambiamenti, mi ero trasferito a Londra e non stavo scrivendo. <strong>Michelangelo<\/strong> autore per <a href=\"https:\/\/www.canicola.net\" target=\"_blank\" rel=\"noopener\"><strong>Canicola<\/strong> <\/a>voleva spronarmi a tornare a scrivere e cos\u00ec si \u00e8 inventato questo stratagemma: mandarmi dei disegni su cui realizzare delle musiche. <strong>Non c&#8217;era un&#8217;idea chiara di dove sarebbe andata a finire questa musica<\/strong>, forse anche questo mentalmente mi ha liberato.<strong> Non avevo la pressione di fare un disco.<\/strong> Semplicemente lui mi mandava\u00a0durante la notte delle scansioni dei suoi disegni e io il giorno dopo cercavo di rispondere mandando piccoli frammenti\u00a0di canzoni che registravo in casa. Cos\u00ec sono nati i primi tre-quattro pezzi del disco. In particolare i primi minuti della prima canzone che apre il disco <strong><em>&#8220;Castle Night&#8221;<\/em> <\/strong>\u00e8 esattamente quello che io gli ho mandato in risposta a una tavola. Piano piano sono tornato a scrivere e ho cominciato a raccogliere queste canzoni, finch\u00e8 ad un certo punto mi sono trovato a un bivio. <strong>Non volevo proseguire da solo perch\u00e9 senn\u00f2 non avrei mai portato a termine il disco<\/strong>, e quindi ho iniziato a coinvolgere altri musicisti.<p><span class=\"citazione\">Sicuramente la situazione non \u00e8 delle migliori dal punto di vista della discografia soprattutto per i piccoli. Per\u00f2 al tempo stesso mai come adesso in Italia ci sono cose interessanti nell&#8217;underground. Non vedo una situazione negativa dal punto di vista della qualit\u00e0 delle produzioni musicali, secondo me ci sono un sacco di cose interessanti<\/span><\/p><\/p>\n<p><strong>Ho letto che a un certo punto hai messo tutto da parte finch\u00e8 non \u00e8 arrivato Stefano Pilia che ti ha aiutato a finire il lavoro<\/strong><\/p>\n<p>Ero un po&#8217; ossessionato dall&#8217;idea di fare tutto da solo, <strong>mi ero autoimposto di suonarlo tutto io<\/strong> e mixarlo io, era <strong>una sfida contro me stesso.<\/strong> Per\u00f2 sono arrivato a un punto in cui non riuscivo pi\u00f9 ad andare avanti, io sono uno che anche nei gruppi o progetti precedenti alla fine amo pi\u00f9 la dimensione di band, di collettivo. Stefano che \u00e8 un amico da quando siamo adolescenti, mi ha offerto il suo aiuto. <strong>All&#8217;inizio ero un po&#8217; scettico all&#8217;idea di mettere in mano le mie cose ad altri<\/strong> e farmi aiutare, invece dal primo giorno in cui abbiamo messo mano al disco <strong>tutto \u00e8 stato non facile, di pi\u00f9.<\/strong> Sono riuscito a concentrarmi su quello che volevo mettere nel disco, sulle parti della voce.<\/p>\n<p><strong>Ascoltando il disco mi sembra di cogliere la storia di un personaggio, un <em>&#8220;viandante silenzioso che si affaccia sul precipizio&#8221;<\/em> come canti in una canzone, me lo sono immaginato mentre attraversa la notte<\/strong><\/p>\n<p>Quando Michelangelo\u00a0mi mandava le tavole <strong>io non sapevo come avrebbe composto il suo romanzo<\/strong> che si chiama <a href=\"https:\/\/www.canicola.net\/prodotto\/gli-sprecati\/\" target=\"_blank\" rel=\"noopener\"><strong><em>&#8220;Gli sprecati&#8221;,<\/em><\/strong><\/a> quindi come dici te ho traslato queste immagini, che non avevano neanche il baloon, su di me e su quello che stavo vivendo. In quel momento <strong>mi trovavo in viaggio, spesso di notte, da solo a Londra<\/strong>, ho legato tutto e alla fine<strong> \u00e8 uscita una storia che mescola il mondo alienante del suo fumetto con quello che stavo vivendo\u00a0io.<\/strong> Per la sequenza delle canzoni del disco ho messo un ordine preciso nella mia testa per cercare di creare<strong> un viaggio, un flusso.<\/strong><\/p>\n<p><iframe loading=\"lazy\" title=\"YouTube video player\" src=\"https:\/\/www.youtube.com\/embed\/U-8MuZTfcOE?si=orz4_49TXWSxBhcZ\" width=\"800\" height=\"450\" frameborder=\"0\" allowfullscreen=\"allowfullscreen\"><\/iframe><\/p>\n<p><strong>Il disco ha una grande tensione emotiva, si va dalla disperazione alla speranza, da momenti di rabbia a canzoni di grande pace e pienezza, \u00e8 come se attraverso la musica tu sia riuscito a tirare fuori situazioni di ansia o cose che ti preoccupavano, come per esempio in<em> &#8220;Had it All&#8221;<\/em><\/strong><\/p>\n<p>Questo disco \u00e8 sicuramente quello mio pi\u00f9 personale,<strong>\u00a0forse crescendo si diventa pi\u00f9 saggi, sicuramente mi sentivo molto libero, nei testi ho messo determinate fragilit\u00e0<\/strong>. <strong><em>Had it All<\/em> <\/strong>\u00e8 uno dei primi pezzi che ho scritto non pensavo che lo avrebbero ascoltato altre persone, non sapevo che sarebbe finito in un disco, quindi erano <strong>piccole esortazioni che facevo a me stesso in momenti difficili,<\/strong> per cercare di ricordare quali erano le cose positive della mia vita, quindi \u00e8 come dici. <p><span class=\"citazione\">Fare cultura \u00e8 gi\u00e0 fare politica, a me piace l&#8217;idea di fare le cose in maniera concreta. Per esempio se io organizzo un festival voglio che dietro non ci siano sponsor, non voglio vedere sul palco lo striscione della Jack Daniels o della Heineken. L&#8217;arte \u00e8 arte e la cultura \u00e8 cultura, non deve mai essere incrociata con il marketing<\/span><\/p><\/p>\n<p><strong>Il titolo <em>&#8220;Sprecato&#8221;<\/em> mi ha fatto pensare a un modo di dire che abbiamo qui in Toscana, il cui significato \u00e8 il contrario di quello letterale. Diciamo &#8220;Ti sei sprecato&#8221; a una persona che in realt\u00e0 non si \u00e8 impegnata per niente. Per te e Michelangelo qual \u00e8 il senso invece?<\/strong><\/p>\n<p>Io e Michelangelo scherziamo spesso sul fatto di essere sprecati, nel senso che <strong>non arriviamo mai a cento nelle cose, ci auto-sabotiamo, ci buttiamo un po&#8217; via.<\/strong> Mi piaceva usare come titolo una parola in italiano perch\u00e9 ho sempre suonato fuori dall&#8217;Italia e mi piaceva l&#8217;idea che le persone di un&#8217;altra lingua dovessero pronunciare questa parola. Era un titolo netto ma anche un modo per prendermi in giro. <strong>Sprecato \u00e8 una parola seria ma toglie anche un po&#8217; dalla seriet\u00e0.<\/strong><\/p>\n<p><strong>Sono tantissimi anni che lavori nel campo della musica, anche dalla parte di chi la promuove, non solo di chi la fa, con la tua etichetta Maple Death. Mi sembra che negli ultimi anni sia cambiato molto non solo il modo di farla, ma proprio quello di promuoverla, di parlarne, in un modo che non sempre fa &#8216;bene&#8217; alla musica, cosa ne pensi?<\/strong><\/p>\n<p>Mah, la mia risposta \u00e8 il fare, anche con<a href=\"http:\/\/www.mapledeathrecords.com\" target=\"_blank\" rel=\"noopener\"> <strong>Maple Death<\/strong> <strong>Records<\/strong> <\/a>ho sempre cercato la strada di fare, organizzare cose. Sicuramente la situazione non \u00e8 delle migliori dal punto di vista della discografia soprattutto per i piccoli. Per\u00f2 al tempo stesso <strong>mai come adesso in Italia ci sono cose interessanti nell&#8217;underground.<\/strong> Forse quando una scena musicale come quella indipendente italiana viene schiacciata o mangiata dal mainstream e dai grandi numeri succede che<strong> i piccoli tirano fuori cose pi\u00f9 interessanti e spazi nuovi. <\/strong>Mi sembra quello che sta succedendo negli ultimi tre anni. <strong>Non vedo una situazione negativa dal punto di vista della qualit\u00e0 delle produzioni musicali,<\/strong> secondo me ci sono un sacco di cose interessanti, che non abbiano molto spazio o che non siano riconosciute questo s\u00ec.<\/p>\n<p><strong>Come scegli un progetto per la Maple Death? Immagino che ti arrivino tante richieste<\/strong><\/p>\n<p>Questo \u00e8 un momento in cui mi arrivano tantissimi demo e dischi, spesso le cose arrivano anche da amici perch\u00e9<strong> la Maple Death ha costruito intorno a se una comunit\u00e0 di musicisti sparsi intorno al mondo<\/strong>, e succede spesso che mi girino progetti di altri artisti, questo \u00e8 sicuramente uno dei modi pi\u00f9 frequenti. Io devo dire che per fare uscire un disco mi devo innamorare al 110%, <strong>sono io quello che poi va in trincea a battersi per quel disco quindi devo esserne innamorato<\/strong> e deve raccontarmi una storia. Penso che una delle particolarit\u00e0 di <strong>Maple Death<\/strong> \u00e8 il fatto che non \u00e8 un&#8217;etichetta di genere, non facciamo solo dark-wave o solo folk. <strong>Quello che lega tutti i dischi \u00e8 di avere una forte narrativa dietro o un forte immaginario.<\/strong> Ogni disco ha una sua particolarit\u00e0.<\/p>\n<p><strong>So che vieni da una famiglia di attivisti, persone abituate a scendere in piazza per i cortei, in che modo secondo te la musica pu\u00f2 essere politica?<\/strong><\/p>\n<p><strong>Fare cultura \u00e8 gi\u00e0 fare politica,<\/strong> a me piace\u00a0l&#8217;idea di fare le cose in maniera concreta. Per esempio se io organizzo un festival voglio che dietro non ci siano sponsor, <strong>non voglio vedere sul palco lo striscione della Jack Daniels o della Heineken<\/strong>. Gi\u00e0 piccole azioni di questo tipo fanno tanto perch\u00e9 i ragazzini di oggi sono abituati ad avere branding ovunque. Nel caso di <strong>Maple Death<\/strong> sto super attento che questo non ci sia in nessun modo.<strong> L&#8217;arte \u00e8 arte e la cultura \u00e8 cultura, non deve mai essere incrociata con il marketing.\u00a0<\/strong>Nel mio campo lo declino cos\u00ec, con l&#8217;etichetta poi cerco di fare pi\u00f9 cose possibili. Ultimamente stiamo organizzando <strong>una raccolta per i medici in Palestina,<\/strong> cerchiamo di stare sulle tematiche che ci interessano. Sono tantissime quelle a cui vorremmo dedicare attenzione e nel nostro piccolo ci proviamo, perch\u00e9 fanno parte della nostra vita quotidiana.<\/p>\n<p><strong><em>&#8220;Sprecato&#8221;<\/em> \u00e8 uscito da poco ma le recensioni sono state tutte ottime, il tour sta andando\u00a0benissimo, come ti senti dopo aver finalmente fatto uscire questo disco?<\/strong><\/p>\n<p>\u00c8 strano,<strong> in realt\u00e0\u00a0prima di farlo uscire non ci pensavo troppo.<\/strong> Ero contentissimo, non vedevo l&#8217;ora, perch\u00e9 sono soddisfatto del disco e di com&#8217;\u00e8 venuto, per\u00f2 non sapevo cosa aspettarmi. <strong>Sono felicissimo della risposta che ha avuto e mi piace tantissimo portare dal vivo questo live<\/strong> perch\u00e9 ha una band con cui \u00e8 bellissimo suonare. <strong>\u00c8\u00a0un live &#8220;challenging&#8221;<\/strong> per me, nel senso positivo, perch\u00e9 facciamo tutto il disco che \u00e8 molto denso e ha tante parti diverse. <strong>Ogni concerto mi torna qualcosa\u00a0indietro, \u00e8 bello.<\/strong><\/p>\n<div class=\"titleimg\">\n<figure id=\"post-333158 media-333158\" class=\"align-none\"><img decoding=\"async\" src=\"https:\/\/www.intoscana.it\/wp-content\/uploads\/JJC-Press-Shot-4-BW-scaled.jpeg\" alt=\"\" \/><\/figure>\n<div class=\"titleimg\">James Jonathan Clancy &#8211; \u00a9 Foto di Carolina Martines<\/div>\n<\/div>\n","protected":false},"excerpt":{"rendered":"<p>Jonathan Clancy sar\u00e0 in concerto sabato 6 aprile in Sala Vanni a Firenze, in collaborazione con Musicus Concentus, per presentare per la prima volta il suo ultimo disco &#8220;Sprecato&#8221;<\/p>\n","protected":false},"author":518,"featured_media":333152,"comment_status":"open","ping_status":"open","sticky":false,"template":"","format":"standard","meta":{"_acf_changed":false,"footnotes":""},"categories":[14],"tags":[216,4474,202,3138,258],"class_list":["post-333186","post","type-post","status-publish","format-standard","has-post-thumbnail","hentry","category-musica","tag-concerti","tag-eventi","tag-firenze","tag-interviste-agli-artisti","tag-musicus-concentus"],"acf":[],"yoast_head":"<!-- This site is optimized with the Yoast SEO Premium plugin v24.2 (Yoast SEO v25.6) - https:\/\/yoast.com\/wordpress\/plugins\/seo\/ -->\n<title>&quot;Sprecato&quot;: il viaggio in solitaria di James Jonathan Clancy per ritrovare se stesso - intoscana<\/title>\n<meta name=\"description\" content=\"Jonathan Clancy sar\u00e0 in concerto sabato 6 aprile in Sala Vanni a Firenze per presentare per la prima volta il suo ultimo disco &quot;Sprecato&quot;\" \/>\n<meta name=\"robots\" content=\"index, follow, max-snippet:-1, max-image-preview:large, max-video-preview:-1\" \/>\n<link rel=\"canonical\" href=\"https:\/\/www.intoscana.it\/it\/jonathan-clancy-sprecato-concerto-firenze-2024\/\" \/>\n<meta property=\"og:locale\" content=\"it_IT\" \/>\n<meta property=\"og:type\" content=\"article\" \/>\n<meta property=\"og:title\" content=\"&quot;Sprecato&quot;: il viaggio in solitaria di James Jonathan Clancy per ritrovare se stesso\" \/>\n<meta property=\"og:description\" content=\"Jonathan Clancy sar\u00e0 in concerto sabato 6 aprile in Sala Vanni a Firenze per presentare per la prima volta il suo ultimo disco &quot;Sprecato&quot;\" \/>\n<meta property=\"og:url\" content=\"https:\/\/www.intoscana.it\/it\/jonathan-clancy-sprecato-concerto-firenze-2024\/\" \/>\n<meta property=\"og:site_name\" content=\"intoscana\" \/>\n<meta property=\"article:publisher\" content=\"https:\/\/www.facebook.com\/intoscana.it\" \/>\n<meta property=\"article:published_time\" content=\"2024-03-28T11:02:43+00:00\" \/>\n<meta property=\"article:modified_time\" content=\"2024-03-28T13:10:40+00:00\" \/>\n<meta property=\"og:image\" content=\"https:\/\/www.intoscana.it\/wp-content\/uploads\/JJC-Press-Shot-B.jpg\" \/>\n\t<meta property=\"og:image:width\" content=\"1627\" \/>\n\t<meta property=\"og:image:height\" content=\"1151\" \/>\n\t<meta property=\"og:image:type\" content=\"image\/jpeg\" \/>\n<meta name=\"author\" content=\"Costanza Baldini\" \/>\n<meta name=\"twitter:card\" content=\"summary_large_image\" \/>\n<meta name=\"twitter:creator\" content=\"@intoscana\" \/>\n<meta name=\"twitter:site\" content=\"@intoscana\" \/>\n<meta name=\"twitter:label1\" content=\"Written by\" \/>\n\t<meta name=\"twitter:data1\" content=\"Costanza Baldini\" \/>\n\t<meta name=\"twitter:label2\" content=\"Est. reading time\" \/>\n\t<meta name=\"twitter:data2\" content=\"10 minuti\" \/>\n<script type=\"application\/ld+json\" class=\"yoast-schema-graph\">{\"@context\":\"https:\/\/schema.org\",\"@graph\":[{\"@type\":\"WebPage\",\"@id\":\"https:\/\/www.intoscana.it\/it\/jonathan-clancy-sprecato-concerto-firenze-2024\/\",\"url\":\"https:\/\/www.intoscana.it\/it\/jonathan-clancy-sprecato-concerto-firenze-2024\/\",\"name\":\"\\\"Sprecato\\\": il viaggio in solitaria di James Jonathan Clancy per ritrovare se stesso - intoscana\",\"isPartOf\":{\"@id\":\"https:\/\/www.intoscana.it\/it\/#website\"},\"primaryImageOfPage\":{\"@id\":\"https:\/\/www.intoscana.it\/it\/jonathan-clancy-sprecato-concerto-firenze-2024\/#primaryimage\"},\"image\":{\"@id\":\"https:\/\/www.intoscana.it\/it\/jonathan-clancy-sprecato-concerto-firenze-2024\/#primaryimage\"},\"thumbnailUrl\":\"https:\/\/www.intoscana.it\/wp-content\/uploads\/JJC-Press-Shot-B.jpg\",\"datePublished\":\"2024-03-28T11:02:43+00:00\",\"dateModified\":\"2024-03-28T13:10:40+00:00\",\"author\":{\"@id\":\"https:\/\/www.intoscana.it\/it\/#\/schema\/person\/d469f35f09739bdf00bf5dd3f0647a82\"},\"description\":\"Jonathan Clancy sar\u00e0 in concerto sabato 6 aprile in Sala Vanni a Firenze per presentare per la prima volta il suo ultimo disco \\\"Sprecato\\\"\",\"breadcrumb\":{\"@id\":\"https:\/\/www.intoscana.it\/it\/jonathan-clancy-sprecato-concerto-firenze-2024\/#breadcrumb\"},\"inLanguage\":\"it-IT\",\"potentialAction\":[{\"@type\":\"ReadAction\",\"target\":[\"https:\/\/www.intoscana.it\/it\/jonathan-clancy-sprecato-concerto-firenze-2024\/\"]}]},{\"@type\":\"ImageObject\",\"inLanguage\":\"it-IT\",\"@id\":\"https:\/\/www.intoscana.it\/it\/jonathan-clancy-sprecato-concerto-firenze-2024\/#primaryimage\",\"url\":\"https:\/\/www.intoscana.it\/wp-content\/uploads\/JJC-Press-Shot-B.jpg\",\"contentUrl\":\"https:\/\/www.intoscana.it\/wp-content\/uploads\/JJC-Press-Shot-B.jpg\",\"width\":1627,\"height\":1151,\"caption\":\"James Jonathan Clancy\"},{\"@type\":\"BreadcrumbList\",\"@id\":\"https:\/\/www.intoscana.it\/it\/jonathan-clancy-sprecato-concerto-firenze-2024\/#breadcrumb\",\"itemListElement\":[{\"@type\":\"ListItem\",\"position\":1,\"name\":\"Home\",\"item\":\"https:\/\/www.intoscana.it\/it\/\"},{\"@type\":\"ListItem\",\"position\":2,\"name\":\"&#8220;Sprecato&#8221;: il viaggio in solitaria di James Jonathan Clancy per ritrovare se stesso\"}]},{\"@type\":\"WebSite\",\"@id\":\"https:\/\/www.intoscana.it\/it\/#website\",\"url\":\"https:\/\/www.intoscana.it\/it\/\",\"name\":\"intoscana\",\"description\":\"\",\"potentialAction\":[{\"@type\":\"SearchAction\",\"target\":{\"@type\":\"EntryPoint\",\"urlTemplate\":\"https:\/\/www.intoscana.it\/it\/?s={search_term_string}\"},\"query-input\":{\"@type\":\"PropertyValueSpecification\",\"valueRequired\":true,\"valueName\":\"search_term_string\"}}],\"inLanguage\":\"it-IT\"},{\"@type\":\"Person\",\"@id\":\"https:\/\/www.intoscana.it\/it\/#\/schema\/person\/d469f35f09739bdf00bf5dd3f0647a82\",\"name\":\"Costanza Baldini\",\"url\":\"https:\/\/www.intoscana.it\/it\/author\/costanza-baldini\/\"}]}<\/script>\n<!-- \/ Yoast SEO Premium plugin. -->","yoast_head_json":{"title":"\"Sprecato\": il viaggio in solitaria di James Jonathan Clancy per ritrovare se stesso - intoscana","description":"Jonathan Clancy sar\u00e0 in concerto sabato 6 aprile in Sala Vanni a Firenze per presentare per la prima volta il suo ultimo disco \"Sprecato\"","robots":{"index":"index","follow":"follow","max-snippet":"max-snippet:-1","max-image-preview":"max-image-preview:large","max-video-preview":"max-video-preview:-1"},"canonical":"https:\/\/www.intoscana.it\/it\/jonathan-clancy-sprecato-concerto-firenze-2024\/","og_locale":"it_IT","og_type":"article","og_title":"\"Sprecato\": il viaggio in solitaria di James Jonathan Clancy per ritrovare se stesso","og_description":"Jonathan Clancy sar\u00e0 in concerto sabato 6 aprile in Sala Vanni a Firenze per presentare per la prima volta il suo ultimo disco \"Sprecato\"","og_url":"https:\/\/www.intoscana.it\/it\/jonathan-clancy-sprecato-concerto-firenze-2024\/","og_site_name":"intoscana","article_publisher":"https:\/\/www.facebook.com\/intoscana.it","article_published_time":"2024-03-28T11:02:43+00:00","article_modified_time":"2024-03-28T13:10:40+00:00","og_image":[{"width":1627,"height":1151,"url":"https:\/\/www.intoscana.it\/wp-content\/uploads\/JJC-Press-Shot-B.jpg","type":"image\/jpeg"}],"author":"Costanza Baldini","twitter_card":"summary_large_image","twitter_creator":"@intoscana","twitter_site":"@intoscana","twitter_misc":{"Written by":"Costanza Baldini","Est. reading time":"10 minuti"},"schema":{"@context":"https:\/\/schema.org","@graph":[{"@type":"WebPage","@id":"https:\/\/www.intoscana.it\/it\/jonathan-clancy-sprecato-concerto-firenze-2024\/","url":"https:\/\/www.intoscana.it\/it\/jonathan-clancy-sprecato-concerto-firenze-2024\/","name":"\"Sprecato\": il viaggio in solitaria di James Jonathan Clancy per ritrovare se stesso - intoscana","isPartOf":{"@id":"https:\/\/www.intoscana.it\/it\/#website"},"primaryImageOfPage":{"@id":"https:\/\/www.intoscana.it\/it\/jonathan-clancy-sprecato-concerto-firenze-2024\/#primaryimage"},"image":{"@id":"https:\/\/www.intoscana.it\/it\/jonathan-clancy-sprecato-concerto-firenze-2024\/#primaryimage"},"thumbnailUrl":"https:\/\/www.intoscana.it\/wp-content\/uploads\/JJC-Press-Shot-B.jpg","datePublished":"2024-03-28T11:02:43+00:00","dateModified":"2024-03-28T13:10:40+00:00","author":{"@id":"https:\/\/www.intoscana.it\/it\/#\/schema\/person\/d469f35f09739bdf00bf5dd3f0647a82"},"description":"Jonathan Clancy sar\u00e0 in concerto sabato 6 aprile in Sala Vanni a Firenze per presentare per la prima volta il suo ultimo disco \"Sprecato\"","breadcrumb":{"@id":"https:\/\/www.intoscana.it\/it\/jonathan-clancy-sprecato-concerto-firenze-2024\/#breadcrumb"},"inLanguage":"it-IT","potentialAction":[{"@type":"ReadAction","target":["https:\/\/www.intoscana.it\/it\/jonathan-clancy-sprecato-concerto-firenze-2024\/"]}]},{"@type":"ImageObject","inLanguage":"it-IT","@id":"https:\/\/www.intoscana.it\/it\/jonathan-clancy-sprecato-concerto-firenze-2024\/#primaryimage","url":"https:\/\/www.intoscana.it\/wp-content\/uploads\/JJC-Press-Shot-B.jpg","contentUrl":"https:\/\/www.intoscana.it\/wp-content\/uploads\/JJC-Press-Shot-B.jpg","width":1627,"height":1151,"caption":"James Jonathan Clancy"},{"@type":"BreadcrumbList","@id":"https:\/\/www.intoscana.it\/it\/jonathan-clancy-sprecato-concerto-firenze-2024\/#breadcrumb","itemListElement":[{"@type":"ListItem","position":1,"name":"Home","item":"https:\/\/www.intoscana.it\/it\/"},{"@type":"ListItem","position":2,"name":"&#8220;Sprecato&#8221;: il viaggio in solitaria di James Jonathan Clancy per ritrovare se stesso"}]},{"@type":"WebSite","@id":"https:\/\/www.intoscana.it\/it\/#website","url":"https:\/\/www.intoscana.it\/it\/","name":"intoscana","description":"","potentialAction":[{"@type":"SearchAction","target":{"@type":"EntryPoint","urlTemplate":"https:\/\/www.intoscana.it\/it\/?s={search_term_string}"},"query-input":{"@type":"PropertyValueSpecification","valueRequired":true,"valueName":"search_term_string"}}],"inLanguage":"it-IT"},{"@type":"Person","@id":"https:\/\/www.intoscana.it\/it\/#\/schema\/person\/d469f35f09739bdf00bf5dd3f0647a82","name":"Costanza Baldini","url":"https:\/\/www.intoscana.it\/it\/author\/costanza-baldini\/"}]}},"_links":{"self":[{"href":"https:\/\/www.intoscana.it\/it\/wp-json\/wp\/v2\/posts\/333186","targetHints":{"allow":["GET"]}}],"collection":[{"href":"https:\/\/www.intoscana.it\/it\/wp-json\/wp\/v2\/posts"}],"about":[{"href":"https:\/\/www.intoscana.it\/it\/wp-json\/wp\/v2\/types\/post"}],"author":[{"embeddable":true,"href":"https:\/\/www.intoscana.it\/it\/wp-json\/wp\/v2\/users\/518"}],"replies":[{"embeddable":true,"href":"https:\/\/www.intoscana.it\/it\/wp-json\/wp\/v2\/comments?post=333186"}],"version-history":[{"count":26,"href":"https:\/\/www.intoscana.it\/it\/wp-json\/wp\/v2\/posts\/333186\/revisions"}],"predecessor-version":[{"id":333484,"href":"https:\/\/www.intoscana.it\/it\/wp-json\/wp\/v2\/posts\/333186\/revisions\/333484"}],"wp:featuredmedia":[{"embeddable":true,"href":"https:\/\/www.intoscana.it\/it\/wp-json\/wp\/v2\/media\/333152"}],"wp:attachment":[{"href":"https:\/\/www.intoscana.it\/it\/wp-json\/wp\/v2\/media?parent=333186"}],"wp:term":[{"taxonomy":"category","embeddable":true,"href":"https:\/\/www.intoscana.it\/it\/wp-json\/wp\/v2\/categories?post=333186"},{"taxonomy":"post_tag","embeddable":true,"href":"https:\/\/www.intoscana.it\/it\/wp-json\/wp\/v2\/tags?post=333186"}],"curies":[{"name":"wp","href":"https:\/\/api.w.org\/{rel}","templated":true}]}}