{"id":333373,"date":"2024-03-27T13:56:35","date_gmt":"2024-03-27T12:56:35","guid":{"rendered":"https:\/\/www.intoscana.it\/it\/?p=333373"},"modified":"2024-03-27T13:57:30","modified_gmt":"2024-03-27T12:57:30","slug":"covidsono-36-i-casi-negli-ultimi-sette-giorni","status":"publish","type":"post","link":"https:\/\/www.intoscana.it\/it\/covidsono-36-i-casi-negli-ultimi-sette-giorni\/","title":{"rendered":"Covid,sono 36 i casi negli ultimi sette giorni"},"content":{"rendered":"<p>Negli ultimi sette giorni si sono registrati in Toscana <strong>36 nuovi casi di Covid-1<\/strong>9: 26 confermati con tampone molecolare e gli altri 10 con test rapido.<\/p>\n<p>Il numero dei contagiati rilevati in regione dall&#8217;inizio della pandemia sale dunque a 1.653.620. A oggi in 185 risultano ancora positivi. I guariti crescono dello 0,00% (60 persone) e raggiungono quota 1.640.934 (99,2% dei casi totali).<\/p>\n<p>A oggi sono <strong>ricoverate<\/strong> in ospedale 10 persone (1 in pi\u00f9 rispetto alla settimana precedente, pi\u00f9 11,1%), di cui nessuno (1 in meno) si trova in terapia intensiva. In 175 sono in isolamento a casa, perch\u00e9 presentano sintomi lievi che non richiedono cure ospedaliere o risultano prive di sintomi (28 in meno rispetto alla settimana precedente, meno 13,8%).<\/p>\n<h3>L&#8217;andamento per provincia<\/h3>\n<p>Con gli ultimi casi salgono a 441.588 i positivi dall&#8217;inizio dell&#8217;emergenza nei comuni della Citt\u00e0 metropolitana di Firenze (10 in pi\u00f9 rispetto alla settimana precedente), 107.111 in provincia di Prato (3 in pi\u00f9), 128.072 a Pistoia (1 in pi\u00f9), 86.844 a Massa Carrara (2 in pi\u00f9), 180.067 a Lucca (1 in pi\u00f9), 194.461 a Pisa (6 in pi\u00f9), 152.831 a Livorno (3 in pi\u00f9), 149.480 ad Arezzo (7 in pi\u00f9), 118.673 a Siena (3 in pi\u00f9) e 92.896 a Grosseto. A questi vanno aggiunti 571 casi di positivit\u00e0 notificati in Toscana ma che riguardano residenti in altre regioni.<\/p>\n<p>La Toscana ha circa 45.156 casi complessivi ogni 100.000 abitanti dall&#8217;inizio della pandemia (tra residenti e non residenti). Al momento la provincia di notifica con il tasso pi\u00f9 alto \u00e9 Lucca (con 47.115 casi ogni 100 mila abitanti), seguita da Livorno (46.794) e Pisa (46.614). La pi\u00f9 bassa concentrazione si riscontra a Prato (con un tasso di 41.317).<\/p>\n<h3>I decessi<\/h3>\n<p>La lista dei decessi si aggiorna con <strong>3 nuovi decessi<\/strong>: un uomo e 2 donne con un&#8217;et\u00e0 media di 86 anni.<\/p>\n<p>Relativamente alla provincia di residenza, le persone decedute sono: 1 a Firenze, 1 a Prato, 1 a Pisa.<\/p>\n<p>Sono 12.501 i deceduti dall&#8217;inizio dell&#8217;epidemia: 3.921 nella Citt\u00e0 metropolitana di Firenze, 988 in provincia di Prato, 1.137 a Pistoia, 750 a Massa Carrara, 1.118 a Lucca, 1.415 a Pisa, 939 a Livorno, 814 ad Arezzo, 732 a Siena, 473 a Grosseto. Vanno aggiunte 214 persone decedute sul suolo toscano ma erano residenti fuori regione.<\/p>\n<p>Il tasso grezzo di mortalit\u00e0 per Covid-19 (numero di deceduti\/popolazione residente) \u00e8 al momento 341,4 ogni 100 mila residenti. Per quanto riguarda le province, il tasso di mortalit\u00e0 pi\u00f9 alto si riscontra a Massa Carrara (399,8 ogni 100 mila abitanti), seguita da Firenze (396,8 x100.000) e Pistoia (392,4 x100.000), mentre il pi\u00f9 basso \u00e8 a Grosseto (218,3 x100.000).<\/p>\n<p>Ogni venerd\u00ec sul sito dell&#8217;Agenzia Regionale di Sanit\u00e0 saranno pubblicati all&#8217;indirizzo\u00a0www.ars.toscana.it\/covid19\u00a0i confronti con l&#8217;andamento della pandemia nelle altre regioni italiane.<\/p>\n<p>&nbsp;<\/p>\n","protected":false},"excerpt":{"rendered":"<p>A oggi sono ricoverate in ospedale 10 persone (1 in pi\u00f9 rispetto alla settimana precedente. Sono tre i decessi questa settimana con un&#8217;et\u00e0 media di 86 anni<\/p>\n","protected":false},"author":525,"featured_media":260000,"comment_status":"open","ping_status":"open","sticky":false,"template":"","format":"standard","meta":{"_acf_changed":false,"footnotes":""},"categories":[494],"tags":[4868,4809,349],"class_list":["post-333373","post","type-post","status-publish","format-standard","has-post-thumbnail","hentry","category-attualita","tag-bollettino-covid-toscana","tag-covid","tag-sanita"],"acf":[],"yoast_head":"<!-- This site is optimized with the Yoast SEO Premium plugin v24.2 (Yoast SEO v25.6) - https:\/\/yoast.com\/wordpress\/plugins\/seo\/ -->\n<title>Covid,sono 36 i casi negli ultimi sette giorni - intoscana<\/title>\n<meta name=\"description\" content=\"A oggi sono ricoverate in ospedale 10 persone. Sono tre i decessi questa settimana con un&#039;et\u00e0 media di 86 anni\" \/>\n<meta name=\"robots\" content=\"index, follow, max-snippet:-1, max-image-preview:large, max-video-preview:-1\" \/>\n<link rel=\"canonical\" href=\"https:\/\/www.intoscana.it\/it\/covidsono-36-i-casi-negli-ultimi-sette-giorni\/\" \/>\n<meta property=\"og:locale\" content=\"it_IT\" \/>\n<meta property=\"og:type\" content=\"article\" \/>\n<meta property=\"og:title\" content=\"Covid,sono 36 i casi negli ultimi sette giorni\" \/>\n<meta property=\"og:description\" content=\"A oggi sono ricoverate in ospedale 10 persone. Sono tre i decessi questa settimana con un&#039;et\u00e0 media di 86 anni\" \/>\n<meta property=\"og:url\" content=\"https:\/\/www.intoscana.it\/it\/covidsono-36-i-casi-negli-ultimi-sette-giorni\/\" \/>\n<meta property=\"og:site_name\" content=\"intoscana\" \/>\n<meta property=\"article:publisher\" content=\"https:\/\/www.facebook.com\/intoscana.it\" \/>\n<meta property=\"article:published_time\" content=\"2024-03-27T12:56:35+00:00\" \/>\n<meta property=\"article:modified_time\" content=\"2024-03-27T12:57:30+00:00\" \/>\n<meta property=\"og:image\" content=\"https:\/\/www.intoscana.it\/wp-content\/uploads\/antigen-6939138_1920.jpg\" \/>\n\t<meta property=\"og:image:width\" content=\"1920\" \/>\n\t<meta property=\"og:image:height\" content=\"1081\" \/>\n\t<meta property=\"og:image:type\" content=\"image\/jpeg\" \/>\n<meta name=\"author\" content=\"Redazione\" \/>\n<meta name=\"twitter:card\" content=\"summary_large_image\" \/>\n<meta name=\"twitter:creator\" content=\"@intoscana\" \/>\n<meta name=\"twitter:site\" content=\"@intoscana\" \/>\n<meta name=\"twitter:label1\" content=\"Written by\" \/>\n\t<meta name=\"twitter:data1\" content=\"Redazione\" \/>\n\t<meta name=\"twitter:label2\" content=\"Est. reading time\" \/>\n\t<meta name=\"twitter:data2\" content=\"3 minuti\" \/>\n<script type=\"application\/ld+json\" class=\"yoast-schema-graph\">{\"@context\":\"https:\/\/schema.org\",\"@graph\":[{\"@type\":\"WebPage\",\"@id\":\"https:\/\/www.intoscana.it\/it\/covidsono-36-i-casi-negli-ultimi-sette-giorni\/\",\"url\":\"https:\/\/www.intoscana.it\/it\/covidsono-36-i-casi-negli-ultimi-sette-giorni\/\",\"name\":\"Covid,sono 36 i casi negli ultimi sette giorni - intoscana\",\"isPartOf\":{\"@id\":\"https:\/\/www.intoscana.it\/it\/#website\"},\"primaryImageOfPage\":{\"@id\":\"https:\/\/www.intoscana.it\/it\/covidsono-36-i-casi-negli-ultimi-sette-giorni\/#primaryimage\"},\"image\":{\"@id\":\"https:\/\/www.intoscana.it\/it\/covidsono-36-i-casi-negli-ultimi-sette-giorni\/#primaryimage\"},\"thumbnailUrl\":\"https:\/\/www.intoscana.it\/wp-content\/uploads\/antigen-6939138_1920.jpg\",\"datePublished\":\"2024-03-27T12:56:35+00:00\",\"dateModified\":\"2024-03-27T12:57:30+00:00\",\"author\":{\"@id\":\"https:\/\/www.intoscana.it\/it\/#\/schema\/person\/9223810753230f20bd670fdd322661f8\"},\"description\":\"A oggi sono ricoverate in ospedale 10 persone. Sono tre i decessi questa settimana con un'et\u00e0 media di 86 anni\",\"breadcrumb\":{\"@id\":\"https:\/\/www.intoscana.it\/it\/covidsono-36-i-casi-negli-ultimi-sette-giorni\/#breadcrumb\"},\"inLanguage\":\"it-IT\",\"potentialAction\":[{\"@type\":\"ReadAction\",\"target\":[\"https:\/\/www.intoscana.it\/it\/covidsono-36-i-casi-negli-ultimi-sette-giorni\/\"]}]},{\"@type\":\"ImageObject\",\"inLanguage\":\"it-IT\",\"@id\":\"https:\/\/www.intoscana.it\/it\/covidsono-36-i-casi-negli-ultimi-sette-giorni\/#primaryimage\",\"url\":\"https:\/\/www.intoscana.it\/wp-content\/uploads\/antigen-6939138_1920.jpg\",\"contentUrl\":\"https:\/\/www.intoscana.it\/wp-content\/uploads\/antigen-6939138_1920.jpg\",\"width\":1920,\"height\":1081,\"caption\":\"Un test rapido per il Covid-19\"},{\"@type\":\"BreadcrumbList\",\"@id\":\"https:\/\/www.intoscana.it\/it\/covidsono-36-i-casi-negli-ultimi-sette-giorni\/#breadcrumb\",\"itemListElement\":[{\"@type\":\"ListItem\",\"position\":1,\"name\":\"Home\",\"item\":\"https:\/\/www.intoscana.it\/it\/\"},{\"@type\":\"ListItem\",\"position\":2,\"name\":\"Covid,sono 36 i casi negli ultimi sette giorni\"}]},{\"@type\":\"WebSite\",\"@id\":\"https:\/\/www.intoscana.it\/it\/#website\",\"url\":\"https:\/\/www.intoscana.it\/it\/\",\"name\":\"intoscana\",\"description\":\"\",\"potentialAction\":[{\"@type\":\"SearchAction\",\"target\":{\"@type\":\"EntryPoint\",\"urlTemplate\":\"https:\/\/www.intoscana.it\/it\/?s={search_term_string}\"},\"query-input\":{\"@type\":\"PropertyValueSpecification\",\"valueRequired\":true,\"valueName\":\"search_term_string\"}}],\"inLanguage\":\"it-IT\"},{\"@type\":\"Person\",\"@id\":\"https:\/\/www.intoscana.it\/it\/#\/schema\/person\/9223810753230f20bd670fdd322661f8\",\"name\":\"Redazione\",\"url\":\"https:\/\/www.intoscana.it\/it\/author\/redazione\/\"}]}<\/script>\n<!-- \/ Yoast SEO Premium plugin. -->","yoast_head_json":{"title":"Covid,sono 36 i casi negli ultimi sette giorni - intoscana","description":"A oggi sono ricoverate in ospedale 10 persone. Sono tre i decessi questa settimana con un'et\u00e0 media di 86 anni","robots":{"index":"index","follow":"follow","max-snippet":"max-snippet:-1","max-image-preview":"max-image-preview:large","max-video-preview":"max-video-preview:-1"},"canonical":"https:\/\/www.intoscana.it\/it\/covidsono-36-i-casi-negli-ultimi-sette-giorni\/","og_locale":"it_IT","og_type":"article","og_title":"Covid,sono 36 i casi negli ultimi sette giorni","og_description":"A oggi sono ricoverate in ospedale 10 persone. Sono tre i decessi questa settimana con un'et\u00e0 media di 86 anni","og_url":"https:\/\/www.intoscana.it\/it\/covidsono-36-i-casi-negli-ultimi-sette-giorni\/","og_site_name":"intoscana","article_publisher":"https:\/\/www.facebook.com\/intoscana.it","article_published_time":"2024-03-27T12:56:35+00:00","article_modified_time":"2024-03-27T12:57:30+00:00","og_image":[{"width":1920,"height":1081,"url":"https:\/\/www.intoscana.it\/wp-content\/uploads\/antigen-6939138_1920.jpg","type":"image\/jpeg"}],"author":"Redazione","twitter_card":"summary_large_image","twitter_creator":"@intoscana","twitter_site":"@intoscana","twitter_misc":{"Written by":"Redazione","Est. reading time":"3 minuti"},"schema":{"@context":"https:\/\/schema.org","@graph":[{"@type":"WebPage","@id":"https:\/\/www.intoscana.it\/it\/covidsono-36-i-casi-negli-ultimi-sette-giorni\/","url":"https:\/\/www.intoscana.it\/it\/covidsono-36-i-casi-negli-ultimi-sette-giorni\/","name":"Covid,sono 36 i casi negli ultimi sette giorni - intoscana","isPartOf":{"@id":"https:\/\/www.intoscana.it\/it\/#website"},"primaryImageOfPage":{"@id":"https:\/\/www.intoscana.it\/it\/covidsono-36-i-casi-negli-ultimi-sette-giorni\/#primaryimage"},"image":{"@id":"https:\/\/www.intoscana.it\/it\/covidsono-36-i-casi-negli-ultimi-sette-giorni\/#primaryimage"},"thumbnailUrl":"https:\/\/www.intoscana.it\/wp-content\/uploads\/antigen-6939138_1920.jpg","datePublished":"2024-03-27T12:56:35+00:00","dateModified":"2024-03-27T12:57:30+00:00","author":{"@id":"https:\/\/www.intoscana.it\/it\/#\/schema\/person\/9223810753230f20bd670fdd322661f8"},"description":"A oggi sono ricoverate in ospedale 10 persone. Sono tre i decessi questa settimana con un'et\u00e0 media di 86 anni","breadcrumb":{"@id":"https:\/\/www.intoscana.it\/it\/covidsono-36-i-casi-negli-ultimi-sette-giorni\/#breadcrumb"},"inLanguage":"it-IT","potentialAction":[{"@type":"ReadAction","target":["https:\/\/www.intoscana.it\/it\/covidsono-36-i-casi-negli-ultimi-sette-giorni\/"]}]},{"@type":"ImageObject","inLanguage":"it-IT","@id":"https:\/\/www.intoscana.it\/it\/covidsono-36-i-casi-negli-ultimi-sette-giorni\/#primaryimage","url":"https:\/\/www.intoscana.it\/wp-content\/uploads\/antigen-6939138_1920.jpg","contentUrl":"https:\/\/www.intoscana.it\/wp-content\/uploads\/antigen-6939138_1920.jpg","width":1920,"height":1081,"caption":"Un test rapido per il Covid-19"},{"@type":"BreadcrumbList","@id":"https:\/\/www.intoscana.it\/it\/covidsono-36-i-casi-negli-ultimi-sette-giorni\/#breadcrumb","itemListElement":[{"@type":"ListItem","position":1,"name":"Home","item":"https:\/\/www.intoscana.it\/it\/"},{"@type":"ListItem","position":2,"name":"Covid,sono 36 i casi negli ultimi sette giorni"}]},{"@type":"WebSite","@id":"https:\/\/www.intoscana.it\/it\/#website","url":"https:\/\/www.intoscana.it\/it\/","name":"intoscana","description":"","potentialAction":[{"@type":"SearchAction","target":{"@type":"EntryPoint","urlTemplate":"https:\/\/www.intoscana.it\/it\/?s={search_term_string}"},"query-input":{"@type":"PropertyValueSpecification","valueRequired":true,"valueName":"search_term_string"}}],"inLanguage":"it-IT"},{"@type":"Person","@id":"https:\/\/www.intoscana.it\/it\/#\/schema\/person\/9223810753230f20bd670fdd322661f8","name":"Redazione","url":"https:\/\/www.intoscana.it\/it\/author\/redazione\/"}]}},"_links":{"self":[{"href":"https:\/\/www.intoscana.it\/it\/wp-json\/wp\/v2\/posts\/333373","targetHints":{"allow":["GET"]}}],"collection":[{"href":"https:\/\/www.intoscana.it\/it\/wp-json\/wp\/v2\/posts"}],"about":[{"href":"https:\/\/www.intoscana.it\/it\/wp-json\/wp\/v2\/types\/post"}],"author":[{"embeddable":true,"href":"https:\/\/www.intoscana.it\/it\/wp-json\/wp\/v2\/users\/525"}],"replies":[{"embeddable":true,"href":"https:\/\/www.intoscana.it\/it\/wp-json\/wp\/v2\/comments?post=333373"}],"version-history":[{"count":2,"href":"https:\/\/www.intoscana.it\/it\/wp-json\/wp\/v2\/posts\/333373\/revisions"}],"predecessor-version":[{"id":333375,"href":"https:\/\/www.intoscana.it\/it\/wp-json\/wp\/v2\/posts\/333373\/revisions\/333375"}],"wp:featuredmedia":[{"embeddable":true,"href":"https:\/\/www.intoscana.it\/it\/wp-json\/wp\/v2\/media\/260000"}],"wp:attachment":[{"href":"https:\/\/www.intoscana.it\/it\/wp-json\/wp\/v2\/media?parent=333373"}],"wp:term":[{"taxonomy":"category","embeddable":true,"href":"https:\/\/www.intoscana.it\/it\/wp-json\/wp\/v2\/categories?post=333373"},{"taxonomy":"post_tag","embeddable":true,"href":"https:\/\/www.intoscana.it\/it\/wp-json\/wp\/v2\/tags?post=333373"}],"curies":[{"name":"wp","href":"https:\/\/api.w.org\/{rel}","templated":true}]}}