{"id":333386,"date":"2024-03-27T16:03:32","date_gmt":"2024-03-27T15:03:32","guid":{"rendered":"https:\/\/www.intoscana.it\/it\/?p=333386"},"modified":"2024-03-28T09:49:02","modified_gmt":"2024-03-28T08:49:02","slug":"progetto-conciliazione-vita-lavoro","status":"publish","type":"post","link":"https:\/\/www.intoscana.it\/it\/progetto-conciliazione-vita-lavoro\/","title":{"rendered":"Business Life Balance, il progetto rivolto alle donne e alla conciliazione vita-lavoro"},"content":{"rendered":"<p><strong>\u2018Business Life Balance\u2019<\/strong> \u00e8 il progetto formativo <mark>rivolto alle imprenditrici del terziario toscano per aiutarle e conciliare al meglio vita privata e lavoro in azienda<\/mark>. A realizzarlo, con il sostegno della <strong>Regione<\/strong> che lo ha finanziato nell\u2019ambito dell\u2019Avviso pubblico Pr Fse+ 2021-2027. Priorit\u00e0 1 \u2018Occupazione\u2019, sar\u00e0 <strong>Confcommercio Toscana<\/strong> attraverso le proprie agenzie formative provinciali di Pistoia e Prato, Firenze e Arezzo, Lucca e Massa Carrara, Pisa e Livorno, con l\u2019appoggio del gruppo Terziario Donna regionale.<\/p>\n<h3>I percorsi formativi<\/h3>\n<p>Nei territori coinvolti, a breve, partiranno quattro percorsi formativi di 30 ore rivolti a 70 donne imprenditrici che abbiano avviato da non pi\u00f9 di 5 anni la propria attivit\u00e0. L\u2019iniziativa le aiuter\u00e0 ad acquisire gli strumenti scientifici utili ad innovare il proprio stile di management, pianificando nei dettagli agenda, progetti e gestione dei propri collaboratori, in modo da liberare tempo per la propria vita, che si tratti di oneri di cura verso la famiglia, studio, hobby o qualsiasi altro impegno o interesse estraneo al lavoro.<\/p>\n<p><strong>L\u2019obiettivo<\/strong> \u00e8 <mark>aiutare le donne a sviluppare competenze e abilit\u00e0 in ambito trasversale per ottimizzare la conduzione della propria attivit\u00e0 e aprire spazio alla conciliazione vita lavoro <\/mark>.<\/p>\n<p>Secondo il presidente <strong>Eugenio Giani<\/strong> \u201cquesta iniziativa si accompagna ad altri interventi che la Regione ha curato. <mark>Oltre a facilitare i servizi per l\u2019infanzia con Nidi Gratis e Nidi qualit\u00e0, abbiamo attivato un percorso sperimentale con l\u2019avviso Piani di welfare e altre misure per la conciliazione vita-lavoro, rivolto a imprese e pi\u00f9 in generale a tutti i datori di lavoro, per promuovere una partecipazione equilibrata di donne e uomini al mercato del lavoro <\/mark>, parit\u00e0 di condizioni di lavoro e un migliore equilibrio tra vita professionale e vita privata, anche attraverso misure di welfare di conciliazione al fine di favorire un miglior equilibrio tra vita lavorativa e cure familiari e sostenere la corresponsabilit\u00e0 dei compiti di cura e la partecipazione delle donne nel mondo del lavoro. Nei prossimi mesi sar\u00e0 attivato, con 2,5 mln di FSE+ 2021-27, un avviso per promuovere misure di conciliazione a sostegno delle lavoratrici indipendenti (titolari di impresa, libere professioniste, lavoratrici autonome)\u201d.<\/p>\n<p>Giani ha poi concluso ricordando che <mark><\/mark>\u201cpermangono nel mondo del lavoro ancora importanti divari di genere, in termini di partecipazione, modalit\u00e0 di occupazione, pervasivit\u00e0 della presenza femminile e percorsi di carriera. Per risolvere il nodo del problema dell\u2019occupazione femminile e della conciliazione lavoro-famiglia il cambiamento pi\u00f9 importante resta quello culturale\u201d.[7mark]<\/p>\n<p>\u201cQuando vengono adottati progetti ed iniziative che incidono positivamente o che servono come stimolo alle politiche di genere \u2013 commenta <strong>l\u2019assessore all\u2019economia Leonardo Marras<\/strong> -, i vantaggi sono per tutta la societ\u00e0 e non soltanto per le donne coinvolte. Non ci possiamo pi\u00f9 limitare ad enunciare questa parit\u00e0, occorrono iniziative concrete che permettano a coloro che vogliono intraprendere percorsi lavorativi di poterlo fare. A livello europeo il nostro Paese sconta ancora un ritardo rilevante sotto questo profilo. Progetti come questo promosso da Confcommercio vanno incentivati per formare donne consapevoli dei propri diritti e prerogative verso un equilibrio tangibile tra impegni familiari e professionali\u201d.<\/p>\n<p>\u201cIl nostro obiettivo \u00e8 incoraggiare la crescita professionale e personale delle donne imprenditrici e innalzare la loro qualit\u00e0 di vita, rendendole libere di assecondare la propria legittima ambizione lavorativa senza dover rinunciare a se stesse e ad una esistenza ricca di interessi e relazioni affettive\u201d, ha spiegato la presidente di Terziario <strong>Donna Confcommercio Toscana Donatella Moica<\/strong>. \u201cFino a che la parit\u00e0 di genere non diventer\u00e0 un valore condiviso da tutti anche nella distribuzione dei carichi di cura familiare, dobbiamo agire per via di sottrazione, togliendo dalle spalle delle donne almeno i pesi inutili. Ad esempio, aumentando la propensione alla delega, migliorando la pianificazione, insomma agendo sulle leve che ottimizzano la gestione del tempo sul lavoro. Cos\u00ec si libera tempo per la vita\u201d. \u201c\u00c8 \u00a0indispensabile \u2013 conclude &#8211; stringere un patto tra le generazioni per fondare un nuovo modello di economia pi\u00f9 sostenibile in ogni senso, anche in quello della conciliazione tra vita e lavoro. Con questa viene applicato un concetto che ci sta particolarmente a cuore, quello di \u2018impresa generativa\u2019, che si occupa del contesto e delle persone nell&#8217;ottica di lasciare un&#8217;eredit\u00e0, generando nuove strategie e nuove dialettiche\u201d.<\/p>\n<p>Il progetto prevede l\u2019erogazione di un monte complessivo di <strong>2.100 ore di formazione<\/strong> attraverso l\u2019impiego di metodologie particolarmente innovative. Saranno messe a sistema le esperienze di altre donne e coinvolte alcune imprenditrici ormai affermate nel ruolo di mentor, dotate di maggiore consapevolezza e autostima professionale.<\/p>\n<p>Tra gli argomenti che saranno affrontati durante le lezioni ci sono la <strong>leadership femminile<\/strong>, l\u2019<strong>organizzazione aziendale<\/strong>, la <strong>transizione digitale<\/strong>, la <strong>gestione del tempo<\/strong>, la <strong>parit\u00e0 di genere<\/strong> e il <strong>marketing management.<\/strong><\/p>\n<p>&nbsp;<\/p>\n","protected":false},"excerpt":{"rendered":"<p>A realizzarlo, con il sostegno della Regione che lo ha finanziato, sar\u00e0 Confcommercio Toscana attraverso le proprie agenzie formative provinciali<\/p>\n","protected":false},"author":525,"featured_media":270918,"comment_status":"open","ping_status":"open","sticky":false,"template":"","format":"standard","meta":{"_acf_changed":false,"footnotes":""},"categories":[9],"tags":[5744,411,260,5641],"class_list":["post-333386","post","type-post","status-publish","format-standard","has-post-thumbnail","hentry","category-made-in-toscana","tag-confcommercio","tag-donne","tag-lavoro","tag-pari-opportunita"],"acf":[],"yoast_head":"<!-- This site is optimized with the Yoast SEO Premium plugin v24.2 (Yoast SEO v25.6) - https:\/\/yoast.com\/wordpress\/plugins\/seo\/ -->\n<title>Business Life Balance, il progetto rivolto alle donne e alla conciliazione vita-lavoro - intoscana<\/title>\n<meta name=\"description\" content=\"A realizzarlo, con il sostegno della Regione, sar\u00e0 Confcommercio Toscana attraverso le proprie agenzie formative provinciali\" \/>\n<meta name=\"robots\" content=\"index, follow, max-snippet:-1, max-image-preview:large, max-video-preview:-1\" \/>\n<link rel=\"canonical\" href=\"https:\/\/www.intoscana.it\/it\/progetto-conciliazione-vita-lavoro\/\" \/>\n<meta property=\"og:locale\" content=\"it_IT\" \/>\n<meta property=\"og:type\" content=\"article\" \/>\n<meta property=\"og:title\" content=\"Business Life Balance, il progetto rivolto alle donne e alla conciliazione vita-lavoro\" \/>\n<meta property=\"og:description\" content=\"A realizzarlo, con il sostegno della Regione, sar\u00e0 Confcommercio Toscana attraverso le proprie agenzie formative provinciali\" \/>\n<meta property=\"og:url\" content=\"https:\/\/www.intoscana.it\/it\/progetto-conciliazione-vita-lavoro\/\" \/>\n<meta property=\"og:site_name\" content=\"intoscana\" \/>\n<meta property=\"article:publisher\" content=\"https:\/\/www.facebook.com\/intoscana.it\" \/>\n<meta property=\"article:published_time\" content=\"2024-03-27T15:03:32+00:00\" \/>\n<meta property=\"article:modified_time\" content=\"2024-03-28T08:49:02+00:00\" \/>\n<meta property=\"og:image\" content=\"https:\/\/www.intoscana.it\/wp-content\/uploads\/imprenditrici-scaled.jpeg\" \/>\n\t<meta property=\"og:image:width\" content=\"2048\" \/>\n\t<meta property=\"og:image:height\" content=\"1366\" \/>\n\t<meta property=\"og:image:type\" content=\"image\/jpeg\" \/>\n<meta name=\"author\" content=\"Redazione\" \/>\n<meta name=\"twitter:card\" content=\"summary_large_image\" \/>\n<meta name=\"twitter:creator\" content=\"@intoscana\" \/>\n<meta name=\"twitter:site\" content=\"@intoscana\" \/>\n<meta name=\"twitter:label1\" content=\"Written by\" \/>\n\t<meta name=\"twitter:data1\" content=\"Redazione\" \/>\n\t<meta name=\"twitter:label2\" content=\"Est. reading time\" \/>\n\t<meta name=\"twitter:data2\" content=\"5 minuti\" \/>\n<script type=\"application\/ld+json\" class=\"yoast-schema-graph\">{\"@context\":\"https:\/\/schema.org\",\"@graph\":[{\"@type\":\"WebPage\",\"@id\":\"https:\/\/www.intoscana.it\/it\/progetto-conciliazione-vita-lavoro\/\",\"url\":\"https:\/\/www.intoscana.it\/it\/progetto-conciliazione-vita-lavoro\/\",\"name\":\"Business Life Balance, il progetto rivolto alle donne e alla conciliazione vita-lavoro - intoscana\",\"isPartOf\":{\"@id\":\"https:\/\/www.intoscana.it\/it\/#website\"},\"primaryImageOfPage\":{\"@id\":\"https:\/\/www.intoscana.it\/it\/progetto-conciliazione-vita-lavoro\/#primaryimage\"},\"image\":{\"@id\":\"https:\/\/www.intoscana.it\/it\/progetto-conciliazione-vita-lavoro\/#primaryimage\"},\"thumbnailUrl\":\"https:\/\/www.intoscana.it\/wp-content\/uploads\/imprenditrici-scaled.jpeg\",\"datePublished\":\"2024-03-27T15:03:32+00:00\",\"dateModified\":\"2024-03-28T08:49:02+00:00\",\"author\":{\"@id\":\"https:\/\/www.intoscana.it\/it\/#\/schema\/person\/9223810753230f20bd670fdd322661f8\"},\"description\":\"A realizzarlo, con il sostegno della Regione, sar\u00e0 Confcommercio Toscana attraverso le proprie agenzie formative provinciali\",\"breadcrumb\":{\"@id\":\"https:\/\/www.intoscana.it\/it\/progetto-conciliazione-vita-lavoro\/#breadcrumb\"},\"inLanguage\":\"it-IT\",\"potentialAction\":[{\"@type\":\"ReadAction\",\"target\":[\"https:\/\/www.intoscana.it\/it\/progetto-conciliazione-vita-lavoro\/\"]}]},{\"@type\":\"ImageObject\",\"inLanguage\":\"it-IT\",\"@id\":\"https:\/\/www.intoscana.it\/it\/progetto-conciliazione-vita-lavoro\/#primaryimage\",\"url\":\"https:\/\/www.intoscana.it\/wp-content\/uploads\/imprenditrici-scaled.jpeg\",\"contentUrl\":\"https:\/\/www.intoscana.it\/wp-content\/uploads\/imprenditrici-scaled.jpeg\",\"width\":2048,\"height\":1366,\"caption\":\"Donne e lavoro\"},{\"@type\":\"BreadcrumbList\",\"@id\":\"https:\/\/www.intoscana.it\/it\/progetto-conciliazione-vita-lavoro\/#breadcrumb\",\"itemListElement\":[{\"@type\":\"ListItem\",\"position\":1,\"name\":\"Home\",\"item\":\"https:\/\/www.intoscana.it\/it\/\"},{\"@type\":\"ListItem\",\"position\":2,\"name\":\"Business Life Balance, il progetto rivolto alle donne e alla conciliazione vita-lavoro\"}]},{\"@type\":\"WebSite\",\"@id\":\"https:\/\/www.intoscana.it\/it\/#website\",\"url\":\"https:\/\/www.intoscana.it\/it\/\",\"name\":\"intoscana\",\"description\":\"\",\"potentialAction\":[{\"@type\":\"SearchAction\",\"target\":{\"@type\":\"EntryPoint\",\"urlTemplate\":\"https:\/\/www.intoscana.it\/it\/?s={search_term_string}\"},\"query-input\":{\"@type\":\"PropertyValueSpecification\",\"valueRequired\":true,\"valueName\":\"search_term_string\"}}],\"inLanguage\":\"it-IT\"},{\"@type\":\"Person\",\"@id\":\"https:\/\/www.intoscana.it\/it\/#\/schema\/person\/9223810753230f20bd670fdd322661f8\",\"name\":\"Redazione\",\"url\":\"https:\/\/www.intoscana.it\/it\/author\/redazione\/\"}]}<\/script>\n<!-- \/ Yoast SEO Premium plugin. -->","yoast_head_json":{"title":"Business Life Balance, il progetto rivolto alle donne e alla conciliazione vita-lavoro - intoscana","description":"A realizzarlo, con il sostegno della Regione, sar\u00e0 Confcommercio Toscana attraverso le proprie agenzie formative provinciali","robots":{"index":"index","follow":"follow","max-snippet":"max-snippet:-1","max-image-preview":"max-image-preview:large","max-video-preview":"max-video-preview:-1"},"canonical":"https:\/\/www.intoscana.it\/it\/progetto-conciliazione-vita-lavoro\/","og_locale":"it_IT","og_type":"article","og_title":"Business Life Balance, il progetto rivolto alle donne e alla conciliazione vita-lavoro","og_description":"A realizzarlo, con il sostegno della Regione, sar\u00e0 Confcommercio Toscana attraverso le proprie agenzie formative provinciali","og_url":"https:\/\/www.intoscana.it\/it\/progetto-conciliazione-vita-lavoro\/","og_site_name":"intoscana","article_publisher":"https:\/\/www.facebook.com\/intoscana.it","article_published_time":"2024-03-27T15:03:32+00:00","article_modified_time":"2024-03-28T08:49:02+00:00","og_image":[{"width":2048,"height":1366,"url":"https:\/\/www.intoscana.it\/wp-content\/uploads\/imprenditrici-scaled.jpeg","type":"image\/jpeg"}],"author":"Redazione","twitter_card":"summary_large_image","twitter_creator":"@intoscana","twitter_site":"@intoscana","twitter_misc":{"Written by":"Redazione","Est. reading time":"5 minuti"},"schema":{"@context":"https:\/\/schema.org","@graph":[{"@type":"WebPage","@id":"https:\/\/www.intoscana.it\/it\/progetto-conciliazione-vita-lavoro\/","url":"https:\/\/www.intoscana.it\/it\/progetto-conciliazione-vita-lavoro\/","name":"Business Life Balance, il progetto rivolto alle donne e alla conciliazione vita-lavoro - intoscana","isPartOf":{"@id":"https:\/\/www.intoscana.it\/it\/#website"},"primaryImageOfPage":{"@id":"https:\/\/www.intoscana.it\/it\/progetto-conciliazione-vita-lavoro\/#primaryimage"},"image":{"@id":"https:\/\/www.intoscana.it\/it\/progetto-conciliazione-vita-lavoro\/#primaryimage"},"thumbnailUrl":"https:\/\/www.intoscana.it\/wp-content\/uploads\/imprenditrici-scaled.jpeg","datePublished":"2024-03-27T15:03:32+00:00","dateModified":"2024-03-28T08:49:02+00:00","author":{"@id":"https:\/\/www.intoscana.it\/it\/#\/schema\/person\/9223810753230f20bd670fdd322661f8"},"description":"A realizzarlo, con il sostegno della Regione, sar\u00e0 Confcommercio Toscana attraverso le proprie agenzie formative provinciali","breadcrumb":{"@id":"https:\/\/www.intoscana.it\/it\/progetto-conciliazione-vita-lavoro\/#breadcrumb"},"inLanguage":"it-IT","potentialAction":[{"@type":"ReadAction","target":["https:\/\/www.intoscana.it\/it\/progetto-conciliazione-vita-lavoro\/"]}]},{"@type":"ImageObject","inLanguage":"it-IT","@id":"https:\/\/www.intoscana.it\/it\/progetto-conciliazione-vita-lavoro\/#primaryimage","url":"https:\/\/www.intoscana.it\/wp-content\/uploads\/imprenditrici-scaled.jpeg","contentUrl":"https:\/\/www.intoscana.it\/wp-content\/uploads\/imprenditrici-scaled.jpeg","width":2048,"height":1366,"caption":"Donne e lavoro"},{"@type":"BreadcrumbList","@id":"https:\/\/www.intoscana.it\/it\/progetto-conciliazione-vita-lavoro\/#breadcrumb","itemListElement":[{"@type":"ListItem","position":1,"name":"Home","item":"https:\/\/www.intoscana.it\/it\/"},{"@type":"ListItem","position":2,"name":"Business Life Balance, il progetto rivolto alle donne e alla conciliazione vita-lavoro"}]},{"@type":"WebSite","@id":"https:\/\/www.intoscana.it\/it\/#website","url":"https:\/\/www.intoscana.it\/it\/","name":"intoscana","description":"","potentialAction":[{"@type":"SearchAction","target":{"@type":"EntryPoint","urlTemplate":"https:\/\/www.intoscana.it\/it\/?s={search_term_string}"},"query-input":{"@type":"PropertyValueSpecification","valueRequired":true,"valueName":"search_term_string"}}],"inLanguage":"it-IT"},{"@type":"Person","@id":"https:\/\/www.intoscana.it\/it\/#\/schema\/person\/9223810753230f20bd670fdd322661f8","name":"Redazione","url":"https:\/\/www.intoscana.it\/it\/author\/redazione\/"}]}},"_links":{"self":[{"href":"https:\/\/www.intoscana.it\/it\/wp-json\/wp\/v2\/posts\/333386","targetHints":{"allow":["GET"]}}],"collection":[{"href":"https:\/\/www.intoscana.it\/it\/wp-json\/wp\/v2\/posts"}],"about":[{"href":"https:\/\/www.intoscana.it\/it\/wp-json\/wp\/v2\/types\/post"}],"author":[{"embeddable":true,"href":"https:\/\/www.intoscana.it\/it\/wp-json\/wp\/v2\/users\/525"}],"replies":[{"embeddable":true,"href":"https:\/\/www.intoscana.it\/it\/wp-json\/wp\/v2\/comments?post=333386"}],"version-history":[{"count":3,"href":"https:\/\/www.intoscana.it\/it\/wp-json\/wp\/v2\/posts\/333386\/revisions"}],"predecessor-version":[{"id":333395,"href":"https:\/\/www.intoscana.it\/it\/wp-json\/wp\/v2\/posts\/333386\/revisions\/333395"}],"wp:featuredmedia":[{"embeddable":true,"href":"https:\/\/www.intoscana.it\/it\/wp-json\/wp\/v2\/media\/270918"}],"wp:attachment":[{"href":"https:\/\/www.intoscana.it\/it\/wp-json\/wp\/v2\/media?parent=333386"}],"wp:term":[{"taxonomy":"category","embeddable":true,"href":"https:\/\/www.intoscana.it\/it\/wp-json\/wp\/v2\/categories?post=333386"},{"taxonomy":"post_tag","embeddable":true,"href":"https:\/\/www.intoscana.it\/it\/wp-json\/wp\/v2\/tags?post=333386"}],"curies":[{"name":"wp","href":"https:\/\/api.w.org\/{rel}","templated":true}]}}