{"id":333427,"date":"2024-03-28T09:24:10","date_gmt":"2024-03-28T08:24:10","guid":{"rendered":"https:\/\/www.intoscana.it\/it\/?p=333427"},"modified":"2024-04-03T17:34:56","modified_gmt":"2024-04-03T15:34:56","slug":"un-archivio-digitale-con-tutte-le-opere-di-sergio-staino-al-via-il-crowdfunding","status":"publish","type":"post","link":"https:\/\/www.intoscana.it\/it\/un-archivio-digitale-con-tutte-le-opere-di-sergio-staino-al-via-il-crowdfunding\/","title":{"rendered":"Un archivio digitale con tutte le opere di Sergio Staino: al via il crowdfunding"},"content":{"rendered":"<p>\u00c8 stato presentato <strong>mercoled\u00ec 27 marzo<\/strong> a Firenze, nella sede della <strong>Regione Toscana<\/strong>, il progetto di un <strong>portale online completamente libero e accessibile<\/strong> che raccolga <strong>tutte le opere di Sergio Staino, <\/strong>un corpus che racconta mezzo secolo della <strong>storia dell&#8217;Italia.<\/strong><p><span class=\"citazione\">Sergio Staino rappresenta l\u2019espressione autentica di una creativit\u00e0 e di una capacit\u00e0 uniche. Il padre di Bobo, \u00e8 una delle espressioni pi\u00f9 autentiche della satira toscana<\/span><\/p><\/p>\n<p>Per realizzarlo \u00e8 stata lanciata<strong> una campagna di raccolta fondi<\/strong> alla presenza del <strong>presidente della regione Eugenio Giani<\/strong> durante una conferenza stampa alla quale erano presenti <strong>la moglie e i figli di Sergio Staino, Bruna, Ilaria e Michele, Paolo Hendel e David Rondino,<\/strong> <strong>Emanuele Vietina, direttore di<a href=\"https:\/\/www.luccacomicsandgames.com\/it\/\" target=\"_blank\" rel=\"noopener\" class=\"broken_link\"> Lucca Comics &amp; Games<\/a><\/strong> e direttore generale di <strong>Lucca Crea<\/strong>, e<strong> Sandro Fallani, sindaco di Scandicci.<\/strong><\/p>\n<p><em>\u201cSergio Staino \u2013 <\/em><strong>ha detto il presidente della Regione Toscana Eugenio Giani <\/strong><em>&#8211; rappresenta l\u2019espressione autentica di una creativit\u00e0 e di una capacit\u00e0 uniche, riscontrabili attraverso il suo modo di comunicare, carico di ironia. <strong>Il padre di Bobo, \u00e8 una delle espressioni pi\u00f9 autentiche della satira toscana<\/strong> e, come possiamo vedere anche oggi, ha raccolto attorno a s\u00e9 tanti amici, tanti affezioni estimatori, rappresentando l\u2019animo in cui non solo i toscani ma molti italiani e molti stranieri, si sono riconosciuti. E\u2019 perci\u00f2 importantissimo non disperdere il suo patrimonio, un giacimento culturale di grande valore che sar\u00e0 a disposizione di tutti e soprattutto delle nuove generazioni che potranno apprezzare l\u2019essenza di un uomo, di un artista, che sapeva comunicare i nostri valori attraverso il sorriso\u201d.<\/em><\/p>\n<figure id=\"post-333415 media-333415\" class=\"align-none\"><img decoding=\"async\" src=\"https:\/\/www.intoscana.it\/wp-content\/uploads\/unnamed-15-7.jpg\" alt=\"\" \/><\/figure>\n<h3>Il progetto dell&#8217;archivio digitale<\/h3>\n<p>Il <strong>progetto<\/strong> <strong>del portale<\/strong> nasce da un\u2019iniziativa di <strong>Bruna, Ilaria e Michele Staino<\/strong> insieme all\u2019<strong>Associazione Culturale Bobo e Dintorni<\/strong> e agli amici di <a href=\"https:\/\/www.intoscana.it\/it\/addio-a-sergio-staino-il-papa-di-bobo\/\" target=\"_blank\" rel=\"noopener\"><strong>Sergio Staino<\/strong>,<\/a> con la collaborazione di <strong>Eppela e Lucca Comics &amp; Games<\/strong> e il sostegno della <strong>Fondazione Cassa di Risparmio di Firenze.<\/strong><p><span class=\"citazione\">Era il 2019 quando mio padre mi ha chiesto per la prima volta di occuparmi di questo archivio: aveva paura di andarsene lasciando tutto quello che aveva disegnato, immaginato, costruito e sognato senza un contenitore<\/span><\/p><\/p>\n<p>Ha un costo complessivo che supera i <strong>150.000 euro<\/strong> e coinvolger\u00e0 professionisti specializzati, che ricostruiranno la sua opera e realizzeranno l\u2019<strong>archivio digitale.<\/strong><\/p>\n<p><em>\u201cEra il 2019 quando mio padre mi ha chiesto per la prima volta di occuparmi di questo archivio: aveva paura di andarsene lasciando tutto quello che aveva disegnato, immaginato, costruito e sognato senza un contenitore. Oggi vogliamo &#8211; e dobbiamo &#8211; portare avanti questo progetto\u201d &#8211; <\/em><strong>ricorda Ilaria Staino <\/strong><em>&#8211; Non sar\u00e0 semplicissimo raccogliere tutte le sue opere che a casa nostra continuano a spuntare da ogni cassetto, sono ovunque. Sono oltre 20mila solo quelle cartacee, a cui poi vanno aggiunti quadri, gli storyboard, i bozzetti in digitale perch\u00e9 nostro padre lavorava molto anche sul computer. Siamo felici adesso di metterle a disposizione della collettivit\u00e0, per tutti, gratuitamente, come lui sognava\u201d.<\/em><\/p>\n<p><strong>Il cantiere \u00e8 gi\u00e0 aperto da un anno<\/strong> e sono stati affrontati i primi costi, pi\u00f9 di <strong>40.000 euro, sostenuti dalla famiglia e dagli amici<\/strong>.<\/p>\n<p>Sono state gi\u00e0 <strong>raccolte e censite oltre 20.000 opere<\/strong>, attualmente in corso di digitalizzazione, ma potrebbero essere molte di pi\u00f9.<\/p>\n<p><strong>Il prossimo passo prevede la \u2018schedatura\u2019,<\/strong> l&#8217;aggancio delle schede alle immagini e il loro caricamento sulla piattaforma, utilizzando un software espressamente elaborato a questo scopo.<\/p>\n<p><strong>Mancano quindi 110.000 euro<\/strong> per concludere l\u2019opera. Un traguardo raggiungibile e strutturato con obiettivi intermedi: un primo obiettivo di <strong>75.000 euro<\/strong> con i quali sar\u00e0 possibile <strong>concludere la digitalizzazione<\/strong> e la realizzazione del software. I successivi <strong>35.000 euro<\/strong> serviranno a finalizzare il lavoro.<\/p>\n<p>In questo modo <strong>il portale potrebbe essere pronto entro la fine del 2025,<\/strong> accessibile gratuitamente a chiunque, e successivamente una parte dell\u2019archivio potr\u00e0 essere consultabile anche fisicamente a Scandicci.<\/p>\n<figure id=\"post-318980 media-318980\" class=\"align-none\"><img decoding=\"async\" src=\"https:\/\/www.intoscana.it\/wp-content\/uploads\/SERGIO-STAINO-con-la-figlia-Ilaria-Staino-2.jpg\" alt=\"\" \/><\/figure>\n<div class=\"titleimg\">Sergio Staino con la figlia Ilaria Staino<\/div>\n","protected":false},"excerpt":{"rendered":"<p>Il portale potrebbe essere pronto entro la fine del 2025 accessibile gratuitamente a chiunque, successivamente una parte dell\u2019archivio potr\u00e0 essere consultabile anche fisicamente a Scandicci<\/p>\n","protected":false},"author":525,"featured_media":213316,"comment_status":"open","ping_status":"open","sticky":false,"template":"","format":"standard","meta":{"_acf_changed":false,"footnotes":""},"categories":[493],"tags":[158,151,401],"class_list":["post-333427","post","type-post","status-publish","format-standard","has-post-thumbnail","hentry","category-cultura","tag-eugenio-giani","tag-regione-toscana","tag-scandicci"],"acf":[],"yoast_head":"<!-- This site is optimized with the Yoast SEO Premium plugin v24.2 (Yoast SEO v25.6) - https:\/\/yoast.com\/wordpress\/plugins\/seo\/ -->\n<title>Un archivio digitale con tutte le opere di Sergio Staino: al via il crowdfunding - intoscana<\/title>\n<meta name=\"description\" content=\"Il portale dedicato all&#039;illustratore Sergio Staino potrebbe essere pronto entro la fine del 2025, accessibile gratuitamente a chiunque\" \/>\n<meta name=\"robots\" content=\"index, follow, max-snippet:-1, max-image-preview:large, max-video-preview:-1\" \/>\n<link rel=\"canonical\" href=\"https:\/\/www.intoscana.it\/it\/un-archivio-digitale-con-tutte-le-opere-di-sergio-staino-al-via-il-crowdfunding\/\" \/>\n<meta property=\"og:locale\" content=\"it_IT\" \/>\n<meta property=\"og:type\" content=\"article\" \/>\n<meta property=\"og:title\" content=\"Un archivio digitale con tutte le opere di Sergio Staino: al via il crowdfunding\" \/>\n<meta property=\"og:description\" content=\"Il portale dedicato all&#039;illustratore Sergio Staino potrebbe essere pronto entro la fine del 2025, accessibile gratuitamente a chiunque\" \/>\n<meta property=\"og:url\" content=\"https:\/\/www.intoscana.it\/it\/un-archivio-digitale-con-tutte-le-opere-di-sergio-staino-al-via-il-crowdfunding\/\" \/>\n<meta property=\"og:site_name\" content=\"intoscana\" \/>\n<meta property=\"article:publisher\" content=\"https:\/\/www.facebook.com\/intoscana.it\" \/>\n<meta property=\"article:published_time\" content=\"2024-03-28T08:24:10+00:00\" \/>\n<meta property=\"article:modified_time\" content=\"2024-04-03T15:34:56+00:00\" \/>\n<meta property=\"og:image\" content=\"https:\/\/www.intoscana.it\/wp-content\/uploads\/Staino_Concerto-per-matita-e-orchestra-1.jpg\" \/>\n\t<meta property=\"og:image:width\" content=\"1679\" \/>\n\t<meta property=\"og:image:height\" content=\"1128\" \/>\n\t<meta property=\"og:image:type\" content=\"image\/jpeg\" \/>\n<meta name=\"author\" content=\"Redazione\" \/>\n<meta name=\"twitter:card\" content=\"summary_large_image\" \/>\n<meta name=\"twitter:creator\" content=\"@intoscana\" \/>\n<meta name=\"twitter:site\" content=\"@intoscana\" \/>\n<meta name=\"twitter:label1\" content=\"Written by\" \/>\n\t<meta name=\"twitter:data1\" content=\"Redazione\" \/>\n\t<meta name=\"twitter:label2\" content=\"Est. reading time\" \/>\n\t<meta name=\"twitter:data2\" content=\"4 minuti\" \/>\n<script type=\"application\/ld+json\" class=\"yoast-schema-graph\">{\"@context\":\"https:\/\/schema.org\",\"@graph\":[{\"@type\":\"WebPage\",\"@id\":\"https:\/\/www.intoscana.it\/it\/un-archivio-digitale-con-tutte-le-opere-di-sergio-staino-al-via-il-crowdfunding\/\",\"url\":\"https:\/\/www.intoscana.it\/it\/un-archivio-digitale-con-tutte-le-opere-di-sergio-staino-al-via-il-crowdfunding\/\",\"name\":\"Un archivio digitale con tutte le opere di Sergio Staino: al via il crowdfunding - intoscana\",\"isPartOf\":{\"@id\":\"https:\/\/www.intoscana.it\/it\/#website\"},\"primaryImageOfPage\":{\"@id\":\"https:\/\/www.intoscana.it\/it\/un-archivio-digitale-con-tutte-le-opere-di-sergio-staino-al-via-il-crowdfunding\/#primaryimage\"},\"image\":{\"@id\":\"https:\/\/www.intoscana.it\/it\/un-archivio-digitale-con-tutte-le-opere-di-sergio-staino-al-via-il-crowdfunding\/#primaryimage\"},\"thumbnailUrl\":\"https:\/\/www.intoscana.it\/wp-content\/uploads\/Staino_Concerto-per-matita-e-orchestra-1.jpg\",\"datePublished\":\"2024-03-28T08:24:10+00:00\",\"dateModified\":\"2024-04-03T15:34:56+00:00\",\"author\":{\"@id\":\"https:\/\/www.intoscana.it\/it\/#\/schema\/person\/9223810753230f20bd670fdd322661f8\"},\"description\":\"Il portale dedicato all'illustratore Sergio Staino potrebbe essere pronto entro la fine del 2025, accessibile gratuitamente a chiunque\",\"breadcrumb\":{\"@id\":\"https:\/\/www.intoscana.it\/it\/un-archivio-digitale-con-tutte-le-opere-di-sergio-staino-al-via-il-crowdfunding\/#breadcrumb\"},\"inLanguage\":\"it-IT\",\"potentialAction\":[{\"@type\":\"ReadAction\",\"target\":[\"https:\/\/www.intoscana.it\/it\/un-archivio-digitale-con-tutte-le-opere-di-sergio-staino-al-via-il-crowdfunding\/\"]}]},{\"@type\":\"ImageObject\",\"inLanguage\":\"it-IT\",\"@id\":\"https:\/\/www.intoscana.it\/it\/un-archivio-digitale-con-tutte-le-opere-di-sergio-staino-al-via-il-crowdfunding\/#primaryimage\",\"url\":\"https:\/\/www.intoscana.it\/wp-content\/uploads\/Staino_Concerto-per-matita-e-orchestra-1.jpg\",\"contentUrl\":\"https:\/\/www.intoscana.it\/wp-content\/uploads\/Staino_Concerto-per-matita-e-orchestra-1.jpg\",\"width\":1679,\"height\":1128},{\"@type\":\"BreadcrumbList\",\"@id\":\"https:\/\/www.intoscana.it\/it\/un-archivio-digitale-con-tutte-le-opere-di-sergio-staino-al-via-il-crowdfunding\/#breadcrumb\",\"itemListElement\":[{\"@type\":\"ListItem\",\"position\":1,\"name\":\"Home\",\"item\":\"https:\/\/www.intoscana.it\/it\/\"},{\"@type\":\"ListItem\",\"position\":2,\"name\":\"Un archivio digitale con tutte le opere di Sergio Staino: al via il crowdfunding\"}]},{\"@type\":\"WebSite\",\"@id\":\"https:\/\/www.intoscana.it\/it\/#website\",\"url\":\"https:\/\/www.intoscana.it\/it\/\",\"name\":\"intoscana\",\"description\":\"\",\"potentialAction\":[{\"@type\":\"SearchAction\",\"target\":{\"@type\":\"EntryPoint\",\"urlTemplate\":\"https:\/\/www.intoscana.it\/it\/?s={search_term_string}\"},\"query-input\":{\"@type\":\"PropertyValueSpecification\",\"valueRequired\":true,\"valueName\":\"search_term_string\"}}],\"inLanguage\":\"it-IT\"},{\"@type\":\"Person\",\"@id\":\"https:\/\/www.intoscana.it\/it\/#\/schema\/person\/9223810753230f20bd670fdd322661f8\",\"name\":\"Redazione\",\"url\":\"https:\/\/www.intoscana.it\/it\/author\/redazione\/\"}]}<\/script>\n<!-- \/ Yoast SEO Premium plugin. -->","yoast_head_json":{"title":"Un archivio digitale con tutte le opere di Sergio Staino: al via il crowdfunding - intoscana","description":"Il portale dedicato all'illustratore Sergio Staino potrebbe essere pronto entro la fine del 2025, accessibile gratuitamente a chiunque","robots":{"index":"index","follow":"follow","max-snippet":"max-snippet:-1","max-image-preview":"max-image-preview:large","max-video-preview":"max-video-preview:-1"},"canonical":"https:\/\/www.intoscana.it\/it\/un-archivio-digitale-con-tutte-le-opere-di-sergio-staino-al-via-il-crowdfunding\/","og_locale":"it_IT","og_type":"article","og_title":"Un archivio digitale con tutte le opere di Sergio Staino: al via il crowdfunding","og_description":"Il portale dedicato all'illustratore Sergio Staino potrebbe essere pronto entro la fine del 2025, accessibile gratuitamente a chiunque","og_url":"https:\/\/www.intoscana.it\/it\/un-archivio-digitale-con-tutte-le-opere-di-sergio-staino-al-via-il-crowdfunding\/","og_site_name":"intoscana","article_publisher":"https:\/\/www.facebook.com\/intoscana.it","article_published_time":"2024-03-28T08:24:10+00:00","article_modified_time":"2024-04-03T15:34:56+00:00","og_image":[{"width":1679,"height":1128,"url":"https:\/\/www.intoscana.it\/wp-content\/uploads\/Staino_Concerto-per-matita-e-orchestra-1.jpg","type":"image\/jpeg"}],"author":"Redazione","twitter_card":"summary_large_image","twitter_creator":"@intoscana","twitter_site":"@intoscana","twitter_misc":{"Written by":"Redazione","Est. reading time":"4 minuti"},"schema":{"@context":"https:\/\/schema.org","@graph":[{"@type":"WebPage","@id":"https:\/\/www.intoscana.it\/it\/un-archivio-digitale-con-tutte-le-opere-di-sergio-staino-al-via-il-crowdfunding\/","url":"https:\/\/www.intoscana.it\/it\/un-archivio-digitale-con-tutte-le-opere-di-sergio-staino-al-via-il-crowdfunding\/","name":"Un archivio digitale con tutte le opere di Sergio Staino: al via il crowdfunding - intoscana","isPartOf":{"@id":"https:\/\/www.intoscana.it\/it\/#website"},"primaryImageOfPage":{"@id":"https:\/\/www.intoscana.it\/it\/un-archivio-digitale-con-tutte-le-opere-di-sergio-staino-al-via-il-crowdfunding\/#primaryimage"},"image":{"@id":"https:\/\/www.intoscana.it\/it\/un-archivio-digitale-con-tutte-le-opere-di-sergio-staino-al-via-il-crowdfunding\/#primaryimage"},"thumbnailUrl":"https:\/\/www.intoscana.it\/wp-content\/uploads\/Staino_Concerto-per-matita-e-orchestra-1.jpg","datePublished":"2024-03-28T08:24:10+00:00","dateModified":"2024-04-03T15:34:56+00:00","author":{"@id":"https:\/\/www.intoscana.it\/it\/#\/schema\/person\/9223810753230f20bd670fdd322661f8"},"description":"Il portale dedicato all'illustratore Sergio Staino potrebbe essere pronto entro la fine del 2025, accessibile gratuitamente a chiunque","breadcrumb":{"@id":"https:\/\/www.intoscana.it\/it\/un-archivio-digitale-con-tutte-le-opere-di-sergio-staino-al-via-il-crowdfunding\/#breadcrumb"},"inLanguage":"it-IT","potentialAction":[{"@type":"ReadAction","target":["https:\/\/www.intoscana.it\/it\/un-archivio-digitale-con-tutte-le-opere-di-sergio-staino-al-via-il-crowdfunding\/"]}]},{"@type":"ImageObject","inLanguage":"it-IT","@id":"https:\/\/www.intoscana.it\/it\/un-archivio-digitale-con-tutte-le-opere-di-sergio-staino-al-via-il-crowdfunding\/#primaryimage","url":"https:\/\/www.intoscana.it\/wp-content\/uploads\/Staino_Concerto-per-matita-e-orchestra-1.jpg","contentUrl":"https:\/\/www.intoscana.it\/wp-content\/uploads\/Staino_Concerto-per-matita-e-orchestra-1.jpg","width":1679,"height":1128},{"@type":"BreadcrumbList","@id":"https:\/\/www.intoscana.it\/it\/un-archivio-digitale-con-tutte-le-opere-di-sergio-staino-al-via-il-crowdfunding\/#breadcrumb","itemListElement":[{"@type":"ListItem","position":1,"name":"Home","item":"https:\/\/www.intoscana.it\/it\/"},{"@type":"ListItem","position":2,"name":"Un archivio digitale con tutte le opere di Sergio Staino: al via il crowdfunding"}]},{"@type":"WebSite","@id":"https:\/\/www.intoscana.it\/it\/#website","url":"https:\/\/www.intoscana.it\/it\/","name":"intoscana","description":"","potentialAction":[{"@type":"SearchAction","target":{"@type":"EntryPoint","urlTemplate":"https:\/\/www.intoscana.it\/it\/?s={search_term_string}"},"query-input":{"@type":"PropertyValueSpecification","valueRequired":true,"valueName":"search_term_string"}}],"inLanguage":"it-IT"},{"@type":"Person","@id":"https:\/\/www.intoscana.it\/it\/#\/schema\/person\/9223810753230f20bd670fdd322661f8","name":"Redazione","url":"https:\/\/www.intoscana.it\/it\/author\/redazione\/"}]}},"_links":{"self":[{"href":"https:\/\/www.intoscana.it\/it\/wp-json\/wp\/v2\/posts\/333427","targetHints":{"allow":["GET"]}}],"collection":[{"href":"https:\/\/www.intoscana.it\/it\/wp-json\/wp\/v2\/posts"}],"about":[{"href":"https:\/\/www.intoscana.it\/it\/wp-json\/wp\/v2\/types\/post"}],"author":[{"embeddable":true,"href":"https:\/\/www.intoscana.it\/it\/wp-json\/wp\/v2\/users\/525"}],"replies":[{"embeddable":true,"href":"https:\/\/www.intoscana.it\/it\/wp-json\/wp\/v2\/comments?post=333427"}],"version-history":[{"count":10,"href":"https:\/\/www.intoscana.it\/it\/wp-json\/wp\/v2\/posts\/333427\/revisions"}],"predecessor-version":[{"id":333513,"href":"https:\/\/www.intoscana.it\/it\/wp-json\/wp\/v2\/posts\/333427\/revisions\/333513"}],"wp:featuredmedia":[{"embeddable":true,"href":"https:\/\/www.intoscana.it\/it\/wp-json\/wp\/v2\/media\/213316"}],"wp:attachment":[{"href":"https:\/\/www.intoscana.it\/it\/wp-json\/wp\/v2\/media?parent=333427"}],"wp:term":[{"taxonomy":"category","embeddable":true,"href":"https:\/\/www.intoscana.it\/it\/wp-json\/wp\/v2\/categories?post=333427"},{"taxonomy":"post_tag","embeddable":true,"href":"https:\/\/www.intoscana.it\/it\/wp-json\/wp\/v2\/tags?post=333427"}],"curies":[{"name":"wp","href":"https:\/\/api.w.org\/{rel}","templated":true}]}}