{"id":333485,"date":"2024-03-28T14:48:33","date_gmt":"2024-03-28T13:48:33","guid":{"rendered":"https:\/\/www.intoscana.it\/it\/?p=333485"},"modified":"2024-03-28T14:53:50","modified_gmt":"2024-03-28T13:53:50","slug":"pasqua-e-pasquetta-al-museo-tutti-i-luoghi-dellarte-aperti-in-toscana","status":"publish","type":"post","link":"https:\/\/www.intoscana.it\/it\/pasqua-e-pasquetta-al-museo-tutti-i-luoghi-dellarte-aperti-in-toscana\/","title":{"rendered":"Pasqua e Pasquetta al museo (e non solo): tutti i luoghi d&#8217;arte aperti in Toscana"},"content":{"rendered":"<p>Sono molti i<strong> luoghi d&#8217;arte<\/strong> straordinariamente aperti in tutta la Toscana <strong>a Pasqua e a Pasquetta<\/strong>, spostando in alcuni casi il giorno di chiusura settimanale.<\/p>\n<p>A<strong> Firenze<\/strong> al <strong>Museo di San Marco,<\/strong> aperto entrambi i giorni festivi, sar\u00e0 possibile ammirare nella <strong>Sala del Beato Angelico<\/strong> anche il grande dipinto della <strong>Tebaide. <\/strong>L&#8217;itinerario del sacro prosegure con gli affreschi monumentali dell&#8217;<strong>Ultima cena di Andrea del Castagno e di Andrea del Sarto<\/strong>, nei <strong>Cenacoli di Sant&#8217;Apollonia e di San Salvi,<\/strong> aperti come sempre a <strong>ingresso gratuito.<\/strong><\/p>\n<p>Tante aperture per le festivit\u00e0 alle<strong> Gallerie degli Uffizi<\/strong>. Le pi\u00f9 imminenti sono quella ordinaria, per tutto il complesso museale (<strong>Uffizi, Palazzo Pitti, Giardino di Boboli<\/strong>) prevista per la<strong> domenica di Pasqua, 31 marzo,<\/strong> e quella, straordinaria, del <strong>lunedi di Pasquetta, 1 aprile<\/strong>, che riguarder\u00e0 solo <strong>Galleria degli Uffizi e Giardino di Boboli.\u00a0<\/strong><\/p>\n<p>Arriva la Pasqua anche nei <strong>Musei civici fiorentini.<\/strong>\u00a0In Palazzo Vecchio saranno fruibili le <strong><em>Visite a palazzo<\/em><\/strong>, con accesso esclusivo al Camerino di <strong>Bianca Cappello<\/strong>, gli intramontabili <strong>Percorsi segreti,<\/strong> le proposte per famiglie <strong><em>Vita di corte, Per fare una citt\u00e0 ci vuole un fiore, Favola della tartaruga con la vela<\/em><\/strong>, oltre all&#8217;evento speciale legato alla tradizione fiorentina dello <strong>Scoppio del carro nel giorno di Pasqua<\/strong>: i bambini e le loro famiglie potranno infatti partecipare all&#8217;attivit\u00e0 <strong>Lo scoppio del carro.<\/strong><\/p>\n<p>La mattina di sabato 30 \u00e8 in programma la<strong> lettura teatralizzata della Vita di Masaccio<\/strong> (h11.45), mentre sia sabato 30 sia domenica 31 sar\u00e0 possibile visitare il palazzo sotto la <strong>guida di Giorgio Vasari in persona<\/strong> (sabato h10, domenica h10 e h11.30). <strong>Luned\u00ec 1\u00b0 aprile e marted\u00ec 2,<\/strong> poi, per i bambini e i loro accompagnatori si terr\u00e0 l&#8217;attivit\u00e0 dedicata alla storia del cioccolato <strong>Squisita scoperta. Il Granducato di Toscana e la via del cioccolato<\/strong> (h11).<\/p>\n<p>In <strong>Palazzo Medici Riccardi<\/strong> sono previste le visite guidate alle bellezze del museo (sabato e domenica h16.30, marted\u00ec h9.45 e h11), alla mostra <a href=\"https:\/\/www.intoscana.it\/it\/lincanto-di-orfeo-a-palazzo-medici-riccardi-60-opere-dallantichita-ai-giorni-nostri\/\" target=\"_blank\" rel=\"noopener\"><strong><em>L&#8217;incanto di Orfeo,<\/em> <\/strong><\/a>appena aperta al pubblico (sabato e domenica h15) e anche all&#8217;esposizione <strong><em>Roberto Innocenti. Illustrare il tempo<\/em><\/strong> (sabato h10 e h11.30); per i bambini sono inoltre attivi i percorsi animati Un nuovo canto per Orfeo (domenica h10.30) e Casa Medici (domenica h12).<\/p>\n<p>Presso il <strong>Museo Novecento<\/strong> sono in programma le visite al museo (venerd\u00ec h15 e h16.30), alla mostra<a href=\"https:\/\/www.intoscana.it\/it\/il-museo-novecento-festeggia-10-anni-con-ritorni-in-mostra-opere-da-modigliani-a-morandi\/\" target=\"_blank\" rel=\"noopener\"><strong><em> Ritorni. Da Modigliani a Morandi<\/em><\/strong><\/a>, e alle esposizioni dedicate ad <strong>Andr\u00e9 Butzer e a Jannis Kounellis<\/strong> (sabato e domenica h15 e h16.30, marted\u00ec h9.45 e h11), cos\u00ec come sar\u00e0 possibile partecipare alle visite per giovani e adulti al <strong>Museo Sefano Bardini<\/strong> (venerd\u00ec, sabato e luned\u00ec h14 e h15.30), a <strong>Santa Maria Novella<\/strong> (domenica h14 e h15.30, luned\u00ec h9.45 e h11), al <strong>Memoriale delle deportazioni<\/strong> (sabato, domenica e luned\u00ec h10 e h11.30), ai depositi delle collezioni civiche fiorentine (sabato h10, h11, h12), al <strong>Murate Art District <\/strong>\u00a0(venerd\u00ec h9.45 e h11, domenica h10 e h11.30).<\/p>\n<figure id=\"post-264199 media-264199\" class=\"align-none\"><img decoding=\"async\" src=\"https:\/\/www.intoscana.it\/wp-content\/uploads\/Firenze-Villa-medicea-della-Petraia-1.jpg\" alt=\"\" \/><\/figure>\n<div class=\"titleimg\">Villa medicea della Petraia<\/div>\n<p>Visitabili a <strong>Pasqua e Pasquetta<\/strong>\u00a0le<strong> Ville medicee<\/strong>: dal parco di <strong>Villa il Ventaglio<\/strong> al parco romantico della <strong>Villa medicea della Petraia<\/strong> e il Giardino della <a href=\"https:\/\/www.intoscana.it\/it\/grotta-degli-animali-villa-medicea-castello-restaurata\/\" target=\"_blank\" rel=\"noopener\"><strong>Villa medicea di Castello con i magnifici giochi d&#8217;acqua<\/strong><\/a> restaurati. A Pasqua e Pasquetta aperture sempre gratuite anche per le <strong>Ville medicee di Poggio a Caiano e di Cerreto Guidi.<\/strong><\/p>\n<p>Aperti per entrambe le festivit\u00e0 anche i <strong>Tumuli di Montefortini e Boschetti a Comeana<\/strong> (Prato), il <strong>Museo archeologico nazionale di Castiglioncello<\/strong> e nella provincia di Grosseto le aree archeologiche di <strong>Roselle, Vetulonia e dell&#8217;antica Citt\u00e0 di Cosa<\/strong>. Il <strong>tumulo del Sodo a Cortona<\/strong> (Arezzo) sar\u00e0 aperto solo il giorno di Pasqua.<\/p>\n<p>Ad <strong>Arezzo<\/strong> e provincia visitabili la <strong>Basilica di San Francesco, il Museo archeologico nazionale Gaio Cilnio Mecenate e l&#8217;Anfiteatro romano, il Museo Nazionale d&#8217;Arte Medievale e Moderna<\/strong> (chiuso a Pasqua), il <strong>Museo di Casa Vasari e il Museo delle Arti e Tradizioni Popolari<\/strong> dell&#8217;Alta Valle del Tevere &#8211; Palazzo Taglieschi di Anghiari, aperto solo a Pasquetta.\u00a0<div class=\"focuson\"><a href=\"https:\/\/www.intoscana.it\/it\/mostre-primavera-toscana-2024\/\"><img decoding=\"async\" class=\"lazy\" src=\"https:\/\/www.intoscana.it\/wp-content\/uploads\/07DS_07823\u00a9photoElaBialkowskaOKNOstudio-2.jpg\" style=\"\">\n                <div class=\"cat\">Primavera d'arte<\/div>\n                <h4>Le mostre imperdibili<\/h4><\/a>\n              <\/div><\/p>\n<p>A <strong>Lucca<\/strong> saranno aperti i due musei nazionali di <strong>Villa Guinigi e Palazzo Mansi<\/strong> sia la domenica di Pasqua che il luned\u00ec dell&#8217;Angelo. All&#8217;<strong>isola d&#8217;Elba<\/strong> aperte le due residenze napoleoniche di <strong>Villa san Martino e della Palazzina dei Mulini.<\/strong><\/p>\n<p>A <strong>Pisa<\/strong> aperti sia il <strong>Museo nazionale di San Matteo che il Museo nazionale di Palazzo Reale.<\/strong> Il<strong> museo delle Navi di Pisa<\/strong> sar\u00e0 aperto solo luned\u00ec 1 aprile. Visitabile anche la <strong>Certosa monumentale di Calci.<\/strong><\/p>\n<p>A <strong>Pistoia<\/strong> saranno aperti entrambi i giorni la <strong>Fortezza di Santa Barbara e l&#8217;Oratorio di San Desiderio e l&#8217;ex Chiesa del Tau.<\/strong> A <strong>Monsummano Terme<\/strong> si potranno attraversare con visite accompagnate le stanze della<strong> casa museo del poeta Giuseppe Giusti.<\/strong><\/p>\n<p>In provincia di Siena aperto entrambi i giorni il <strong>Museo nazionale Etrusco di Chiusi.<\/strong><\/p>\n<figure id=\"post-264195 media-264195\" class=\"align-none\"><img decoding=\"async\" src=\"https:\/\/www.intoscana.it\/wp-content\/uploads\/Calci-PI-Certosa-monumentale-1.jpg\" alt=\"\" \/><\/figure>\n<div class=\"titleimg\">Calci (PI) \u2013 Certosa monumentale<\/div>\n","protected":false},"excerpt":{"rendered":"<p>Sono molti i luoghi d&#8217;arte straordinariamente aperti in tutta la Toscana a Pasqua e a Pasquetta, dalle Gallerie degli Uffizi alle ville e i giardini medicei<\/p>\n","protected":false},"author":525,"featured_media":143598,"comment_status":"open","ping_status":"open","sticky":false,"template":"","format":"standard","meta":{"_acf_changed":false,"footnotes":""},"categories":[493],"tags":[174,222,226,5742],"class_list":["post-333485","post","type-post","status-publish","format-standard","has-post-thumbnail","hentry","category-cultura","tag-arte","tag-mostre","tag-musei","tag-pasqua"],"acf":[],"yoast_head":"<!-- This site is optimized with the Yoast SEO Premium plugin v24.2 (Yoast SEO v25.6) - https:\/\/yoast.com\/wordpress\/plugins\/seo\/ -->\n<title>Pasqua e Pasquetta al museo (e non solo): tutti i luoghi d&#039;arte aperti in Toscana - intoscana<\/title>\n<meta name=\"description\" content=\"Sono molti i luoghi d&#039;arte straordinariamente aperti in tutta la Toscana a Pasqua e a Pasquetta, dagli Uffizi alle ville medicee\" \/>\n<meta name=\"robots\" content=\"index, follow, max-snippet:-1, max-image-preview:large, max-video-preview:-1\" \/>\n<link rel=\"canonical\" href=\"https:\/\/www.intoscana.it\/it\/pasqua-e-pasquetta-al-museo-tutti-i-luoghi-dellarte-aperti-in-toscana\/\" \/>\n<meta property=\"og:locale\" content=\"it_IT\" \/>\n<meta property=\"og:type\" content=\"article\" \/>\n<meta property=\"og:title\" content=\"Pasqua e Pasquetta al museo (e non solo): tutti i luoghi d&#039;arte aperti in Toscana\" \/>\n<meta property=\"og:description\" content=\"Sono molti i luoghi d&#039;arte straordinariamente aperti in tutta la Toscana a Pasqua e a Pasquetta, dagli Uffizi alle ville medicee\" \/>\n<meta property=\"og:url\" content=\"https:\/\/www.intoscana.it\/it\/pasqua-e-pasquetta-al-museo-tutti-i-luoghi-dellarte-aperti-in-toscana\/\" \/>\n<meta property=\"og:site_name\" content=\"intoscana\" \/>\n<meta property=\"article:publisher\" content=\"https:\/\/www.facebook.com\/intoscana.it\" \/>\n<meta property=\"article:published_time\" content=\"2024-03-28T13:48:33+00:00\" \/>\n<meta property=\"article:modified_time\" content=\"2024-03-28T13:53:50+00:00\" \/>\n<meta property=\"og:image\" content=\"https:\/\/www.intoscana.it\/wp-content\/uploads\/Venus_botticelli_detail-2.jpg\" \/>\n\t<meta property=\"og:image:width\" content=\"1000\" \/>\n\t<meta property=\"og:image:height\" content=\"768\" \/>\n\t<meta property=\"og:image:type\" content=\"image\/jpeg\" \/>\n<meta name=\"author\" content=\"Redazione\" \/>\n<meta name=\"twitter:card\" content=\"summary_large_image\" \/>\n<meta name=\"twitter:creator\" content=\"@intoscana\" \/>\n<meta name=\"twitter:site\" content=\"@intoscana\" \/>\n<meta name=\"twitter:label1\" content=\"Written by\" \/>\n\t<meta name=\"twitter:data1\" content=\"Redazione\" \/>\n\t<meta name=\"twitter:label2\" content=\"Est. reading time\" \/>\n\t<meta name=\"twitter:data2\" content=\"5 minuti\" \/>\n<script type=\"application\/ld+json\" class=\"yoast-schema-graph\">{\"@context\":\"https:\/\/schema.org\",\"@graph\":[{\"@type\":\"WebPage\",\"@id\":\"https:\/\/www.intoscana.it\/it\/pasqua-e-pasquetta-al-museo-tutti-i-luoghi-dellarte-aperti-in-toscana\/\",\"url\":\"https:\/\/www.intoscana.it\/it\/pasqua-e-pasquetta-al-museo-tutti-i-luoghi-dellarte-aperti-in-toscana\/\",\"name\":\"Pasqua e Pasquetta al museo (e non solo): tutti i luoghi d'arte aperti in Toscana - intoscana\",\"isPartOf\":{\"@id\":\"https:\/\/www.intoscana.it\/it\/#website\"},\"primaryImageOfPage\":{\"@id\":\"https:\/\/www.intoscana.it\/it\/pasqua-e-pasquetta-al-museo-tutti-i-luoghi-dellarte-aperti-in-toscana\/#primaryimage\"},\"image\":{\"@id\":\"https:\/\/www.intoscana.it\/it\/pasqua-e-pasquetta-al-museo-tutti-i-luoghi-dellarte-aperti-in-toscana\/#primaryimage\"},\"thumbnailUrl\":\"https:\/\/www.intoscana.it\/wp-content\/uploads\/Venus_botticelli_detail-2.jpg\",\"datePublished\":\"2024-03-28T13:48:33+00:00\",\"dateModified\":\"2024-03-28T13:53:50+00:00\",\"author\":{\"@id\":\"https:\/\/www.intoscana.it\/it\/#\/schema\/person\/9223810753230f20bd670fdd322661f8\"},\"description\":\"Sono molti i luoghi d'arte straordinariamente aperti in tutta la Toscana a Pasqua e a Pasquetta, dagli Uffizi alle ville medicee\",\"breadcrumb\":{\"@id\":\"https:\/\/www.intoscana.it\/it\/pasqua-e-pasquetta-al-museo-tutti-i-luoghi-dellarte-aperti-in-toscana\/#breadcrumb\"},\"inLanguage\":\"it-IT\",\"potentialAction\":[{\"@type\":\"ReadAction\",\"target\":[\"https:\/\/www.intoscana.it\/it\/pasqua-e-pasquetta-al-museo-tutti-i-luoghi-dellarte-aperti-in-toscana\/\"]}]},{\"@type\":\"ImageObject\",\"inLanguage\":\"it-IT\",\"@id\":\"https:\/\/www.intoscana.it\/it\/pasqua-e-pasquetta-al-museo-tutti-i-luoghi-dellarte-aperti-in-toscana\/#primaryimage\",\"url\":\"https:\/\/www.intoscana.it\/wp-content\/uploads\/Venus_botticelli_detail-2.jpg\",\"contentUrl\":\"https:\/\/www.intoscana.it\/wp-content\/uploads\/Venus_botticelli_detail-2.jpg\",\"width\":1000,\"height\":768},{\"@type\":\"BreadcrumbList\",\"@id\":\"https:\/\/www.intoscana.it\/it\/pasqua-e-pasquetta-al-museo-tutti-i-luoghi-dellarte-aperti-in-toscana\/#breadcrumb\",\"itemListElement\":[{\"@type\":\"ListItem\",\"position\":1,\"name\":\"Home\",\"item\":\"https:\/\/www.intoscana.it\/it\/\"},{\"@type\":\"ListItem\",\"position\":2,\"name\":\"Pasqua e Pasquetta al museo (e non solo): tutti i luoghi d&#8217;arte aperti in Toscana\"}]},{\"@type\":\"WebSite\",\"@id\":\"https:\/\/www.intoscana.it\/it\/#website\",\"url\":\"https:\/\/www.intoscana.it\/it\/\",\"name\":\"intoscana\",\"description\":\"\",\"potentialAction\":[{\"@type\":\"SearchAction\",\"target\":{\"@type\":\"EntryPoint\",\"urlTemplate\":\"https:\/\/www.intoscana.it\/it\/?s={search_term_string}\"},\"query-input\":{\"@type\":\"PropertyValueSpecification\",\"valueRequired\":true,\"valueName\":\"search_term_string\"}}],\"inLanguage\":\"it-IT\"},{\"@type\":\"Person\",\"@id\":\"https:\/\/www.intoscana.it\/it\/#\/schema\/person\/9223810753230f20bd670fdd322661f8\",\"name\":\"Redazione\",\"url\":\"https:\/\/www.intoscana.it\/it\/author\/redazione\/\"}]}<\/script>\n<!-- \/ Yoast SEO Premium plugin. -->","yoast_head_json":{"title":"Pasqua e Pasquetta al museo (e non solo): tutti i luoghi d'arte aperti in Toscana - intoscana","description":"Sono molti i luoghi d'arte straordinariamente aperti in tutta la Toscana a Pasqua e a Pasquetta, dagli Uffizi alle ville medicee","robots":{"index":"index","follow":"follow","max-snippet":"max-snippet:-1","max-image-preview":"max-image-preview:large","max-video-preview":"max-video-preview:-1"},"canonical":"https:\/\/www.intoscana.it\/it\/pasqua-e-pasquetta-al-museo-tutti-i-luoghi-dellarte-aperti-in-toscana\/","og_locale":"it_IT","og_type":"article","og_title":"Pasqua e Pasquetta al museo (e non solo): tutti i luoghi d'arte aperti in Toscana","og_description":"Sono molti i luoghi d'arte straordinariamente aperti in tutta la Toscana a Pasqua e a Pasquetta, dagli Uffizi alle ville medicee","og_url":"https:\/\/www.intoscana.it\/it\/pasqua-e-pasquetta-al-museo-tutti-i-luoghi-dellarte-aperti-in-toscana\/","og_site_name":"intoscana","article_publisher":"https:\/\/www.facebook.com\/intoscana.it","article_published_time":"2024-03-28T13:48:33+00:00","article_modified_time":"2024-03-28T13:53:50+00:00","og_image":[{"width":1000,"height":768,"url":"https:\/\/www.intoscana.it\/wp-content\/uploads\/Venus_botticelli_detail-2.jpg","type":"image\/jpeg"}],"author":"Redazione","twitter_card":"summary_large_image","twitter_creator":"@intoscana","twitter_site":"@intoscana","twitter_misc":{"Written by":"Redazione","Est. reading time":"5 minuti"},"schema":{"@context":"https:\/\/schema.org","@graph":[{"@type":"WebPage","@id":"https:\/\/www.intoscana.it\/it\/pasqua-e-pasquetta-al-museo-tutti-i-luoghi-dellarte-aperti-in-toscana\/","url":"https:\/\/www.intoscana.it\/it\/pasqua-e-pasquetta-al-museo-tutti-i-luoghi-dellarte-aperti-in-toscana\/","name":"Pasqua e Pasquetta al museo (e non solo): tutti i luoghi d'arte aperti in Toscana - intoscana","isPartOf":{"@id":"https:\/\/www.intoscana.it\/it\/#website"},"primaryImageOfPage":{"@id":"https:\/\/www.intoscana.it\/it\/pasqua-e-pasquetta-al-museo-tutti-i-luoghi-dellarte-aperti-in-toscana\/#primaryimage"},"image":{"@id":"https:\/\/www.intoscana.it\/it\/pasqua-e-pasquetta-al-museo-tutti-i-luoghi-dellarte-aperti-in-toscana\/#primaryimage"},"thumbnailUrl":"https:\/\/www.intoscana.it\/wp-content\/uploads\/Venus_botticelli_detail-2.jpg","datePublished":"2024-03-28T13:48:33+00:00","dateModified":"2024-03-28T13:53:50+00:00","author":{"@id":"https:\/\/www.intoscana.it\/it\/#\/schema\/person\/9223810753230f20bd670fdd322661f8"},"description":"Sono molti i luoghi d'arte straordinariamente aperti in tutta la Toscana a Pasqua e a Pasquetta, dagli Uffizi alle ville medicee","breadcrumb":{"@id":"https:\/\/www.intoscana.it\/it\/pasqua-e-pasquetta-al-museo-tutti-i-luoghi-dellarte-aperti-in-toscana\/#breadcrumb"},"inLanguage":"it-IT","potentialAction":[{"@type":"ReadAction","target":["https:\/\/www.intoscana.it\/it\/pasqua-e-pasquetta-al-museo-tutti-i-luoghi-dellarte-aperti-in-toscana\/"]}]},{"@type":"ImageObject","inLanguage":"it-IT","@id":"https:\/\/www.intoscana.it\/it\/pasqua-e-pasquetta-al-museo-tutti-i-luoghi-dellarte-aperti-in-toscana\/#primaryimage","url":"https:\/\/www.intoscana.it\/wp-content\/uploads\/Venus_botticelli_detail-2.jpg","contentUrl":"https:\/\/www.intoscana.it\/wp-content\/uploads\/Venus_botticelli_detail-2.jpg","width":1000,"height":768},{"@type":"BreadcrumbList","@id":"https:\/\/www.intoscana.it\/it\/pasqua-e-pasquetta-al-museo-tutti-i-luoghi-dellarte-aperti-in-toscana\/#breadcrumb","itemListElement":[{"@type":"ListItem","position":1,"name":"Home","item":"https:\/\/www.intoscana.it\/it\/"},{"@type":"ListItem","position":2,"name":"Pasqua e Pasquetta al museo (e non solo): tutti i luoghi d&#8217;arte aperti in Toscana"}]},{"@type":"WebSite","@id":"https:\/\/www.intoscana.it\/it\/#website","url":"https:\/\/www.intoscana.it\/it\/","name":"intoscana","description":"","potentialAction":[{"@type":"SearchAction","target":{"@type":"EntryPoint","urlTemplate":"https:\/\/www.intoscana.it\/it\/?s={search_term_string}"},"query-input":{"@type":"PropertyValueSpecification","valueRequired":true,"valueName":"search_term_string"}}],"inLanguage":"it-IT"},{"@type":"Person","@id":"https:\/\/www.intoscana.it\/it\/#\/schema\/person\/9223810753230f20bd670fdd322661f8","name":"Redazione","url":"https:\/\/www.intoscana.it\/it\/author\/redazione\/"}]}},"_links":{"self":[{"href":"https:\/\/www.intoscana.it\/it\/wp-json\/wp\/v2\/posts\/333485","targetHints":{"allow":["GET"]}}],"collection":[{"href":"https:\/\/www.intoscana.it\/it\/wp-json\/wp\/v2\/posts"}],"about":[{"href":"https:\/\/www.intoscana.it\/it\/wp-json\/wp\/v2\/types\/post"}],"author":[{"embeddable":true,"href":"https:\/\/www.intoscana.it\/it\/wp-json\/wp\/v2\/users\/525"}],"replies":[{"embeddable":true,"href":"https:\/\/www.intoscana.it\/it\/wp-json\/wp\/v2\/comments?post=333485"}],"version-history":[{"count":7,"href":"https:\/\/www.intoscana.it\/it\/wp-json\/wp\/v2\/posts\/333485\/revisions"}],"predecessor-version":[{"id":333502,"href":"https:\/\/www.intoscana.it\/it\/wp-json\/wp\/v2\/posts\/333485\/revisions\/333502"}],"wp:featuredmedia":[{"embeddable":true,"href":"https:\/\/www.intoscana.it\/it\/wp-json\/wp\/v2\/media\/143598"}],"wp:attachment":[{"href":"https:\/\/www.intoscana.it\/it\/wp-json\/wp\/v2\/media?parent=333485"}],"wp:term":[{"taxonomy":"category","embeddable":true,"href":"https:\/\/www.intoscana.it\/it\/wp-json\/wp\/v2\/categories?post=333485"},{"taxonomy":"post_tag","embeddable":true,"href":"https:\/\/www.intoscana.it\/it\/wp-json\/wp\/v2\/tags?post=333485"}],"curies":[{"name":"wp","href":"https:\/\/api.w.org\/{rel}","templated":true}]}}