{"id":333551,"date":"2024-03-28T16:58:45","date_gmt":"2024-03-28T15:58:45","guid":{"rendered":"https:\/\/www.intoscana.it\/it\/?p=333551"},"modified":"2024-04-03T15:58:14","modified_gmt":"2024-04-03T13:58:14","slug":"un-nuovo-modello-di-sanita-sempre-piu-diffusa-e-vicina-ai-cittadini-giani-vogliamo-alzare-lasticella","status":"publish","type":"post","link":"https:\/\/www.intoscana.it\/it\/un-nuovo-modello-di-sanita-sempre-piu-diffusa-e-vicina-ai-cittadini-giani-vogliamo-alzare-lasticella\/","title":{"rendered":"Un nuovo modello di sanit\u00e0 sempre pi\u00f9 diffusa e vicina ai cittadini, Giani: &#8220;Vogliamo alzare l&#8217;asticella&#8221;"},"content":{"rendered":"<p>Gioved\u00ec 28 marzo nel corso di un convegno presso il <strong>Campus Meyer di Firenze<\/strong> la Regione ha fatto il punto sulla situazione della <strong>sanit\u00e0 toscana<\/strong> a partire dal<strong>\u00a0decreto ministeriale 77 del 2022,<\/strong> che volle recepire poco pi\u00f9 di un anno fa non solo da un punto di vista burocratico ma arricchendo la riforma con un pensiero, che viene dalla storia della Toscana, e valorizzando le <strong>esperienze e sperimentazioni portate avanti negli ultimi quindici anni<\/strong>, in parte prese a modello dal decreto stesso.<\/p>\n<p><strong>Tra gli anni Novanta e i primi del Duemila<\/strong> la sfida maggiore fu la riorganizzazione della rete ospedaliera. <em>\u201cOra la priorit\u00e0 \u2013 <\/em><strong>sottolinea l\u2019assessore al diritto alla salute, Simone Bezzini<\/strong><em> \u2013 \u00e8 la nuova organizzazione dell\u2019assistenza territoriale: dobbiamo prendere per mano i cittadini ed accompagnarli nel sistema anzich\u00e9 farli continuamente entrare ed uscire. Dobbiamo farlo soprattutto con gli anziani, i malati cronici e i pi\u00f9 fragili\u201d. \u201cE dobbiamo farlo \u2013<\/em> aggiunge &#8211;<em> tenendo assieme nuovi bisogni, qualit\u00e0 e quantit\u00e0 dei servizi offerti, sostenibilit\u00e0 del sistema\u201d.<\/em><\/p>\n<p>Nei prossimi due anni <strong>case ed ospedali di comunit\u00e0 finanziati con il Pnrr saranno terminati<\/strong> e per allora deve essere definito come dovranno funzionare, come la loro attivit\u00e0 si integrer\u00e0 con l\u2019assistenza a domicilio, la telemedicina e l\u2019investimento in tecnologia fatto in questi mesi. E poi la sfida nella sfida: far parlare tra loro, sempre di pi\u00f9 e meglio, servizi sanitari e servizi sociali.<\/p>\n<p><em>\u201cSiamo ripartiti ad esempio \u2013 <\/em><strong>spiega l\u2019assessora alle politiche sociali, Serena Spinelli <\/strong><em>&#8211; da quello che gi\u00e0 questa Regione aveva definito, come la creazione degli ambiti territoriali, i &#8216;Punti Insieme&#8221; diffusi nei territori per l\u2019accesso unico ai servizi, le unit\u00e0 di valutazione multidimensionale. Il precedente governo l\u2019aveva ribadito come elemento strategico: un modo per dire ai due mondi di parlarsi e di connettersi e un deciso passo in avanti&#8221;.<\/em><\/p>\n<p><strong>Era il dicembre 2022 quando la giunta regionale recep\u00ec il decreto 77,<\/strong> delineando l\u2019architettura del <strong>nuovo modello socio-sanitario integrato<\/strong> e definendone i punti focali.<\/p>\n<p>Un modello che, tra l\u2019altro, far\u00e0 perno su <strong>77 case di comunit\u00e0,<\/strong> sulla cui realizzazione sono stati investiti<strong> 128 milioni, su ventitr\u00e9 ospedali di comunit\u00e0<\/strong> (finanziati con 64 milioni) e <strong>37 Cot, centrali operative territoriale<\/strong> (134 milioni) la cui funzione sar\u00e0 determinante, perch\u00e9 dovranno \u2018traghettare\u2019 i cittadini che escono dall\u2019ospedale ma continuano ad avere bisogno di assistenza sul territorio e guidare altri che nel territorio devono trovare i loro percorsi di assistenza. <strong>Dal primo di marzo sono gi\u00e0 attive le prime Cot.<\/strong><\/p>\n<p>Non meno importante sar\u00e0 il <strong>passaggio da case della salute a case della comunit\u00e0,<\/strong> che dovranno essere luoghi dove professionisti con ruoli e di discipline diverse si interfacciano per prendere al meglio in carico i pazienti. \u201c<em>Dovranno lavorare assieme &#8211; <\/em><strong>spiega l\u2019assessore Bezzini <\/strong><em>&#8211; i medici di famiglia, con cui abbiamo stretto le prime intese, e gli infermieri di comunit\u00e0, gli specialisti, gli assistenti sociali ma anche gli amministrativi chiamati a gestire i percorsi dei paziente evitando fastidi e complicazioni burocratiche alle persone che hanno bisogno\u201d.<\/em><\/p>\n<p>Della riforma <strong>fissa obiettivi e priorit\u00e0 il presidente Giani.<\/strong> \u201c<em>La Toscana non parte da zero. La prima sfida ed obiettivo che abbiamo di fronte \u00e8 armonizzare adesso modelli di assistenza territoriale e servizi nati nei territori in modo spontaneo o sperimentale, per avere la stessa offerta ovunque, senza cittadini di serie A, quelli che vivono magari nelle citt\u00e0, e cittadini di serie B, che risiedono nelle aree interne, nelle campagne o in montagna. Vogliamo alzare ulteriormente l\u2019asticella e farlo in maniera uniforme\u201d. <\/em><\/p>\n<p>Un\u2019altra declinazione, socio-sanitaria in questo caso, della <strong>Toscana diffusa<\/strong>. Un ruolo importante l\u2019avranno <strong>l\u2019innovazione e i servizi digitalizzati, la telemedicina e il telemonitoraggio,<\/strong> ma anche lo sviluppo della sanit\u00e0 di iniziativa, ovvero <strong>percorsi di prevenzione per gestire meglio le malattie croniche. <\/strong><\/p>\n","protected":false},"excerpt":{"rendered":"<p>Il nuovo modello socio-sanitario integrato far\u00e0 perno su 77 case di comunit\u00e0, sulla cui realizzazione sono stati investiti 128 milioni, su ventitr\u00e9 ospedali di comunit\u00e0 e 37 Cot, centrali operative territoriale<\/p>\n","protected":false},"author":525,"featured_media":330890,"comment_status":"open","ping_status":"open","sticky":false,"template":"","format":"standard","meta":{"_acf_changed":false,"footnotes":""},"categories":[18],"tags":[6296,151,134,349],"class_list":["post-333551","post","type-post","status-publish","format-standard","has-post-thumbnail","hentry","category-salute","tag-pnrr","tag-regione-toscana","tag-salute","tag-sanita"],"acf":[],"yoast_head":"<!-- This site is optimized with the Yoast SEO Premium plugin v24.2 (Yoast SEO v25.6) - https:\/\/yoast.com\/wordpress\/plugins\/seo\/ -->\n<title>Un nuovo modello di sanit\u00e0 sempre pi\u00f9 diffusa e vicina ai cittadini, Giani: &quot;Vogliamo alzare l&#039;asticella&quot; - intoscana<\/title>\n<meta name=\"description\" content=\"Il nuovo modello socio-sanitario integrato far\u00e0 perno su 77 case di comunit\u00e0, sulla cui realizzazione sono stati investiti 128 milioni\" \/>\n<meta name=\"robots\" content=\"index, follow, max-snippet:-1, max-image-preview:large, max-video-preview:-1\" \/>\n<link rel=\"canonical\" href=\"https:\/\/www.intoscana.it\/it\/un-nuovo-modello-di-sanita-sempre-piu-diffusa-e-vicina-ai-cittadini-giani-vogliamo-alzare-lasticella\/\" \/>\n<meta property=\"og:locale\" content=\"it_IT\" \/>\n<meta property=\"og:type\" content=\"article\" \/>\n<meta property=\"og:title\" content=\"Un nuovo modello di sanit\u00e0 sempre pi\u00f9 diffusa e vicina ai cittadini, Giani: &quot;Vogliamo alzare l&#039;asticella&quot;\" \/>\n<meta property=\"og:description\" content=\"Il nuovo modello socio-sanitario integrato far\u00e0 perno su 77 case di comunit\u00e0, sulla cui realizzazione sono stati investiti 128 milioni\" \/>\n<meta property=\"og:url\" content=\"https:\/\/www.intoscana.it\/it\/un-nuovo-modello-di-sanita-sempre-piu-diffusa-e-vicina-ai-cittadini-giani-vogliamo-alzare-lasticella\/\" \/>\n<meta property=\"og:site_name\" content=\"intoscana\" \/>\n<meta property=\"article:publisher\" content=\"https:\/\/www.facebook.com\/intoscana.it\" \/>\n<meta property=\"article:published_time\" content=\"2024-03-28T15:58:45+00:00\" \/>\n<meta property=\"article:modified_time\" content=\"2024-04-03T13:58:14+00:00\" \/>\n<meta property=\"og:image\" content=\"https:\/\/www.intoscana.it\/wp-content\/uploads\/AdobeStock_281579546.jpeg\" \/>\n\t<meta property=\"og:image:width\" content=\"1920\" \/>\n\t<meta property=\"og:image:height\" content=\"1027\" \/>\n\t<meta property=\"og:image:type\" content=\"image\/jpeg\" \/>\n<meta name=\"author\" content=\"Redazione\" \/>\n<meta name=\"twitter:card\" content=\"summary_large_image\" \/>\n<meta name=\"twitter:creator\" content=\"@intoscana\" \/>\n<meta name=\"twitter:site\" content=\"@intoscana\" \/>\n<meta name=\"twitter:label1\" content=\"Written by\" \/>\n\t<meta name=\"twitter:data1\" content=\"Redazione\" \/>\n\t<meta name=\"twitter:label2\" content=\"Est. reading time\" \/>\n\t<meta name=\"twitter:data2\" content=\"4 minuti\" \/>\n<script type=\"application\/ld+json\" class=\"yoast-schema-graph\">{\"@context\":\"https:\/\/schema.org\",\"@graph\":[{\"@type\":\"WebPage\",\"@id\":\"https:\/\/www.intoscana.it\/it\/un-nuovo-modello-di-sanita-sempre-piu-diffusa-e-vicina-ai-cittadini-giani-vogliamo-alzare-lasticella\/\",\"url\":\"https:\/\/www.intoscana.it\/it\/un-nuovo-modello-di-sanita-sempre-piu-diffusa-e-vicina-ai-cittadini-giani-vogliamo-alzare-lasticella\/\",\"name\":\"Un nuovo modello di sanit\u00e0 sempre pi\u00f9 diffusa e vicina ai cittadini, Giani: \\\"Vogliamo alzare l'asticella\\\" - intoscana\",\"isPartOf\":{\"@id\":\"https:\/\/www.intoscana.it\/it\/#website\"},\"primaryImageOfPage\":{\"@id\":\"https:\/\/www.intoscana.it\/it\/un-nuovo-modello-di-sanita-sempre-piu-diffusa-e-vicina-ai-cittadini-giani-vogliamo-alzare-lasticella\/#primaryimage\"},\"image\":{\"@id\":\"https:\/\/www.intoscana.it\/it\/un-nuovo-modello-di-sanita-sempre-piu-diffusa-e-vicina-ai-cittadini-giani-vogliamo-alzare-lasticella\/#primaryimage\"},\"thumbnailUrl\":\"https:\/\/www.intoscana.it\/wp-content\/uploads\/AdobeStock_281579546.jpeg\",\"datePublished\":\"2024-03-28T15:58:45+00:00\",\"dateModified\":\"2024-04-03T13:58:14+00:00\",\"author\":{\"@id\":\"https:\/\/www.intoscana.it\/it\/#\/schema\/person\/9223810753230f20bd670fdd322661f8\"},\"description\":\"Il nuovo modello socio-sanitario integrato far\u00e0 perno su 77 case di comunit\u00e0, sulla cui realizzazione sono stati investiti 128 milioni\",\"breadcrumb\":{\"@id\":\"https:\/\/www.intoscana.it\/it\/un-nuovo-modello-di-sanita-sempre-piu-diffusa-e-vicina-ai-cittadini-giani-vogliamo-alzare-lasticella\/#breadcrumb\"},\"inLanguage\":\"it-IT\",\"potentialAction\":[{\"@type\":\"ReadAction\",\"target\":[\"https:\/\/www.intoscana.it\/it\/un-nuovo-modello-di-sanita-sempre-piu-diffusa-e-vicina-ai-cittadini-giani-vogliamo-alzare-lasticella\/\"]}]},{\"@type\":\"ImageObject\",\"inLanguage\":\"it-IT\",\"@id\":\"https:\/\/www.intoscana.it\/it\/un-nuovo-modello-di-sanita-sempre-piu-diffusa-e-vicina-ai-cittadini-giani-vogliamo-alzare-lasticella\/#primaryimage\",\"url\":\"https:\/\/www.intoscana.it\/wp-content\/uploads\/AdobeStock_281579546.jpeg\",\"contentUrl\":\"https:\/\/www.intoscana.it\/wp-content\/uploads\/AdobeStock_281579546.jpeg\",\"width\":1920,\"height\":1027,\"caption\":\"Medico in ospedale\"},{\"@type\":\"BreadcrumbList\",\"@id\":\"https:\/\/www.intoscana.it\/it\/un-nuovo-modello-di-sanita-sempre-piu-diffusa-e-vicina-ai-cittadini-giani-vogliamo-alzare-lasticella\/#breadcrumb\",\"itemListElement\":[{\"@type\":\"ListItem\",\"position\":1,\"name\":\"Home\",\"item\":\"https:\/\/www.intoscana.it\/it\/\"},{\"@type\":\"ListItem\",\"position\":2,\"name\":\"Un nuovo modello di sanit\u00e0 sempre pi\u00f9 diffusa e vicina ai cittadini, Giani: &#8220;Vogliamo alzare l&#8217;asticella&#8221;\"}]},{\"@type\":\"WebSite\",\"@id\":\"https:\/\/www.intoscana.it\/it\/#website\",\"url\":\"https:\/\/www.intoscana.it\/it\/\",\"name\":\"intoscana\",\"description\":\"\",\"potentialAction\":[{\"@type\":\"SearchAction\",\"target\":{\"@type\":\"EntryPoint\",\"urlTemplate\":\"https:\/\/www.intoscana.it\/it\/?s={search_term_string}\"},\"query-input\":{\"@type\":\"PropertyValueSpecification\",\"valueRequired\":true,\"valueName\":\"search_term_string\"}}],\"inLanguage\":\"it-IT\"},{\"@type\":\"Person\",\"@id\":\"https:\/\/www.intoscana.it\/it\/#\/schema\/person\/9223810753230f20bd670fdd322661f8\",\"name\":\"Redazione\",\"url\":\"https:\/\/www.intoscana.it\/it\/author\/redazione\/\"}]}<\/script>\n<!-- \/ Yoast SEO Premium plugin. -->","yoast_head_json":{"title":"Un nuovo modello di sanit\u00e0 sempre pi\u00f9 diffusa e vicina ai cittadini, Giani: \"Vogliamo alzare l'asticella\" - intoscana","description":"Il nuovo modello socio-sanitario integrato far\u00e0 perno su 77 case di comunit\u00e0, sulla cui realizzazione sono stati investiti 128 milioni","robots":{"index":"index","follow":"follow","max-snippet":"max-snippet:-1","max-image-preview":"max-image-preview:large","max-video-preview":"max-video-preview:-1"},"canonical":"https:\/\/www.intoscana.it\/it\/un-nuovo-modello-di-sanita-sempre-piu-diffusa-e-vicina-ai-cittadini-giani-vogliamo-alzare-lasticella\/","og_locale":"it_IT","og_type":"article","og_title":"Un nuovo modello di sanit\u00e0 sempre pi\u00f9 diffusa e vicina ai cittadini, Giani: \"Vogliamo alzare l'asticella\"","og_description":"Il nuovo modello socio-sanitario integrato far\u00e0 perno su 77 case di comunit\u00e0, sulla cui realizzazione sono stati investiti 128 milioni","og_url":"https:\/\/www.intoscana.it\/it\/un-nuovo-modello-di-sanita-sempre-piu-diffusa-e-vicina-ai-cittadini-giani-vogliamo-alzare-lasticella\/","og_site_name":"intoscana","article_publisher":"https:\/\/www.facebook.com\/intoscana.it","article_published_time":"2024-03-28T15:58:45+00:00","article_modified_time":"2024-04-03T13:58:14+00:00","og_image":[{"width":1920,"height":1027,"url":"https:\/\/www.intoscana.it\/wp-content\/uploads\/AdobeStock_281579546.jpeg","type":"image\/jpeg"}],"author":"Redazione","twitter_card":"summary_large_image","twitter_creator":"@intoscana","twitter_site":"@intoscana","twitter_misc":{"Written by":"Redazione","Est. reading time":"4 minuti"},"schema":{"@context":"https:\/\/schema.org","@graph":[{"@type":"WebPage","@id":"https:\/\/www.intoscana.it\/it\/un-nuovo-modello-di-sanita-sempre-piu-diffusa-e-vicina-ai-cittadini-giani-vogliamo-alzare-lasticella\/","url":"https:\/\/www.intoscana.it\/it\/un-nuovo-modello-di-sanita-sempre-piu-diffusa-e-vicina-ai-cittadini-giani-vogliamo-alzare-lasticella\/","name":"Un nuovo modello di sanit\u00e0 sempre pi\u00f9 diffusa e vicina ai cittadini, Giani: \"Vogliamo alzare l'asticella\" - intoscana","isPartOf":{"@id":"https:\/\/www.intoscana.it\/it\/#website"},"primaryImageOfPage":{"@id":"https:\/\/www.intoscana.it\/it\/un-nuovo-modello-di-sanita-sempre-piu-diffusa-e-vicina-ai-cittadini-giani-vogliamo-alzare-lasticella\/#primaryimage"},"image":{"@id":"https:\/\/www.intoscana.it\/it\/un-nuovo-modello-di-sanita-sempre-piu-diffusa-e-vicina-ai-cittadini-giani-vogliamo-alzare-lasticella\/#primaryimage"},"thumbnailUrl":"https:\/\/www.intoscana.it\/wp-content\/uploads\/AdobeStock_281579546.jpeg","datePublished":"2024-03-28T15:58:45+00:00","dateModified":"2024-04-03T13:58:14+00:00","author":{"@id":"https:\/\/www.intoscana.it\/it\/#\/schema\/person\/9223810753230f20bd670fdd322661f8"},"description":"Il nuovo modello socio-sanitario integrato far\u00e0 perno su 77 case di comunit\u00e0, sulla cui realizzazione sono stati investiti 128 milioni","breadcrumb":{"@id":"https:\/\/www.intoscana.it\/it\/un-nuovo-modello-di-sanita-sempre-piu-diffusa-e-vicina-ai-cittadini-giani-vogliamo-alzare-lasticella\/#breadcrumb"},"inLanguage":"it-IT","potentialAction":[{"@type":"ReadAction","target":["https:\/\/www.intoscana.it\/it\/un-nuovo-modello-di-sanita-sempre-piu-diffusa-e-vicina-ai-cittadini-giani-vogliamo-alzare-lasticella\/"]}]},{"@type":"ImageObject","inLanguage":"it-IT","@id":"https:\/\/www.intoscana.it\/it\/un-nuovo-modello-di-sanita-sempre-piu-diffusa-e-vicina-ai-cittadini-giani-vogliamo-alzare-lasticella\/#primaryimage","url":"https:\/\/www.intoscana.it\/wp-content\/uploads\/AdobeStock_281579546.jpeg","contentUrl":"https:\/\/www.intoscana.it\/wp-content\/uploads\/AdobeStock_281579546.jpeg","width":1920,"height":1027,"caption":"Medico in ospedale"},{"@type":"BreadcrumbList","@id":"https:\/\/www.intoscana.it\/it\/un-nuovo-modello-di-sanita-sempre-piu-diffusa-e-vicina-ai-cittadini-giani-vogliamo-alzare-lasticella\/#breadcrumb","itemListElement":[{"@type":"ListItem","position":1,"name":"Home","item":"https:\/\/www.intoscana.it\/it\/"},{"@type":"ListItem","position":2,"name":"Un nuovo modello di sanit\u00e0 sempre pi\u00f9 diffusa e vicina ai cittadini, Giani: &#8220;Vogliamo alzare l&#8217;asticella&#8221;"}]},{"@type":"WebSite","@id":"https:\/\/www.intoscana.it\/it\/#website","url":"https:\/\/www.intoscana.it\/it\/","name":"intoscana","description":"","potentialAction":[{"@type":"SearchAction","target":{"@type":"EntryPoint","urlTemplate":"https:\/\/www.intoscana.it\/it\/?s={search_term_string}"},"query-input":{"@type":"PropertyValueSpecification","valueRequired":true,"valueName":"search_term_string"}}],"inLanguage":"it-IT"},{"@type":"Person","@id":"https:\/\/www.intoscana.it\/it\/#\/schema\/person\/9223810753230f20bd670fdd322661f8","name":"Redazione","url":"https:\/\/www.intoscana.it\/it\/author\/redazione\/"}]}},"_links":{"self":[{"href":"https:\/\/www.intoscana.it\/it\/wp-json\/wp\/v2\/posts\/333551","targetHints":{"allow":["GET"]}}],"collection":[{"href":"https:\/\/www.intoscana.it\/it\/wp-json\/wp\/v2\/posts"}],"about":[{"href":"https:\/\/www.intoscana.it\/it\/wp-json\/wp\/v2\/types\/post"}],"author":[{"embeddable":true,"href":"https:\/\/www.intoscana.it\/it\/wp-json\/wp\/v2\/users\/525"}],"replies":[{"embeddable":true,"href":"https:\/\/www.intoscana.it\/it\/wp-json\/wp\/v2\/comments?post=333551"}],"version-history":[{"count":2,"href":"https:\/\/www.intoscana.it\/it\/wp-json\/wp\/v2\/posts\/333551\/revisions"}],"predecessor-version":[{"id":333752,"href":"https:\/\/www.intoscana.it\/it\/wp-json\/wp\/v2\/posts\/333551\/revisions\/333752"}],"wp:featuredmedia":[{"embeddable":true,"href":"https:\/\/www.intoscana.it\/it\/wp-json\/wp\/v2\/media\/330890"}],"wp:attachment":[{"href":"https:\/\/www.intoscana.it\/it\/wp-json\/wp\/v2\/media?parent=333551"}],"wp:term":[{"taxonomy":"category","embeddable":true,"href":"https:\/\/www.intoscana.it\/it\/wp-json\/wp\/v2\/categories?post=333551"},{"taxonomy":"post_tag","embeddable":true,"href":"https:\/\/www.intoscana.it\/it\/wp-json\/wp\/v2\/tags?post=333551"}],"curies":[{"name":"wp","href":"https:\/\/api.w.org\/{rel}","templated":true}]}}